{"id":26505,"date":"2024-12-03T18:04:47","date_gmt":"2024-12-04T00:04:47","guid":{"rendered":"https:\/\/thepueblatimes.mx\/?p=26505"},"modified":"2024-12-03T18:04:47","modified_gmt":"2024-12-04T00:04:47","slug":"llega-a-puebla-el-festival-navideno-por-amor-a-puebla","status":"publish","type":"post","link":"https:\/\/thepueblatimes.mx\/index.php\/2024\/12\/03\/llega-a-puebla-el-festival-navideno-por-amor-a-puebla\/","title":{"rendered":"\u00a1Llega a Puebla el Festival Navide\u00f1o \u00abPor Amor a Puebla\u00bb!"},"content":{"rendered":"<p>-Familias de comunidades y municipios de todo el estado disfrutar\u00e1n de los espect\u00e1culos.<\/p>\n<p>Puebla, Pue. Del 15 de diciembre al 6 de enero, la magia de la Navidad brillar\u00e1 intensamente en los emblem\u00e1ticos Fuertes de Loreto con el esperado Festival Navide\u00f1o \u00abPor Amor a Puebla\u00bb. Este evento, dise\u00f1ado para toda la familia, ser\u00e1 encabezado por el gobernador electo, Alejandro Armenta, y estar\u00e1 a cargo de la Direcci\u00f3n de Parques y Convenciones del Estado, presidida por Michelle Talavera Herrera.<\/p>\n<p>El festival no s\u00f3lo busca brindar momentos de alegr\u00eda, sino tambi\u00e9n ser un espacio inclusivo para todas y todos los poblanos. Gracias a la colaboraci\u00f3n de los DIF municipales, familias de municipios del interior del estado disfrutar\u00e1n de este festival, especialmente desde comunidades alejadas de la capital poblana, que pocas veces tienen acceso a este tipo de espect\u00e1culos.<\/p>\n<p>Entre las atracciones destacadas se incluyen:<\/p>\n<p>Gran Recorrido Iluminado.<\/p>\n<p>Pista de Hielo y Tobog\u00e1n de Hielo.<\/p>\n<p>Pueblo de Santa y Reyes.<\/p>\n<p>Encendido del \u00c1rbol de Navidad.<\/p>\n<p>Venta de art\u00edculos y alimentos navide\u00f1os elaborados por artesanos poblanos, quienes ser\u00e1n beneficiados con stands gratuitos.<\/p>\n<p>Espect\u00e1culos culturales y art\u00edsticos, con participantes locales que se presentar\u00e1n en el Centro Expositor.<\/p>\n<p>Adem\u00e1s, este evento busca rescatar las tradiciones, celebrar el origen pluricultural de Puebla y apoyar a las y los artesanos, as\u00ed como a las y los productores del estado, quienes tendr\u00e1n la oportunidad de generar ingresos en esta temporada.<\/p>\n<p>Horarios:<\/p>\n<p>Lunes a jueves: 6:00 PM &#8211; 11:00 PM.<\/p>\n<p>Viernes a domingo: 6:00 PM &#8211; 12:00 AM.<\/p>\n<p>Un llamado a la uni\u00f3n y celebraci\u00f3n familiar<br \/>\n\u00abEl Festival Navide\u00f1o &#8216;Por Amor a Puebla&#8217; es un momento de esp\u00edritu navide\u00f1o para quienes viven en la ciudad y una oportunidad para integrar a municipios alejados que pocas veces tienen acceso a estos espect\u00e1culos\u00bb, afirm\u00f3 el gobernador electo, Alejandro Armenta.<\/p>\n<p>\u00a1Vive la Navidad como nunca antes y acomp\u00e1\u00f1anos en esta gran celebraci\u00f3n pensada para todas las familias poblanas!<\/p>\n","protected":false},"excerpt":{"rendered":"<p>-Familias de comunidades y municipios de todo el estado disfrutar\u00e1n de los espect\u00e1culos. Puebla, Pue. Del 15 de diciembre al 6 de enero, la magia de la Navidad brillar\u00e1 intensamente en los emblem\u00e1ticos Fuertes de Loreto con el esperado Festival Navide\u00f1o \u00abPor Amor a Puebla\u00bb. Este evento, dise\u00f1ado para toda la familia, ser\u00e1 encabezado por&#8230;<\/p>\n","protected":false},"author":16,"featured_media":26506,"comment_status":"closed","ping_status":"closed","sticky":false,"template":"","format":"standard","meta":[],"categories":[3],"tags":[1651,49],"yoast_head":"<!-- This site is optimized with the Yoast SEO plugin v20.8 - https:\/\/yoast.com\/wordpress\/plugins\/seo\/ -->\n<title>\u00a1Llega a Puebla el Festival Navide\u00f1o &quot;Por Amor a Puebla&quot;! - The Puebla Times<\/title>\n<meta name=\"robots\" content=\"index, follow, max-snippet:-1, max-image-preview:large, max-video-preview:-1\" \/>\n<link rel=\"canonical\" href=\"https:\/\/thepueblatimes.mx\/index.php\/2024\/12\/03\/llega-a-puebla-el-festival-navideno-por-amor-a-puebla\/\" \/>\n<meta property=\"og:locale\" content=\"es_ES\" \/>\n<meta property=\"og:type\" content=\"article\" \/>\n<meta property=\"og:title\" content=\"\u00a1Llega a Puebla el Festival Navide\u00f1o &quot;Por Amor a Puebla&quot;! - The Puebla Times\" \/>\n<meta property=\"og:description\" content=\"-Familias de comunidades y municipios de todo el estado disfrutar\u00e1n de los espect\u00e1culos. Puebla, Pue. Del 15 de diciembre al 6 de enero, la magia de la Navidad brillar\u00e1 intensamente en los emblem\u00e1ticos Fuertes de Loreto con el esperado Festival Navide\u00f1o \u00abPor Amor a Puebla\u00bb. Este evento, dise\u00f1ado para toda la familia, ser\u00e1 encabezado por...\" \/>\n<meta property=\"og:url\" content=\"https:\/\/thepueblatimes.mx\/index.php\/2024\/12\/03\/llega-a-puebla-el-festival-navideno-por-amor-a-puebla\/\" \/>\n<meta property=\"og:site_name\" content=\"The Puebla Times\" \/>\n<meta property=\"article:published_time\" content=\"2024-12-04T00:04:47+00:00\" \/>\n<meta property=\"og:image\" content=\"https:\/\/thepueblatimes.mx\/wp-content\/uploads\/2024\/12\/468915308_1178654640927246_6216619277715266306_n.jpg\" \/>\n\t<meta property=\"og:image:width\" content=\"1275\" \/>\n\t<meta property=\"og:image:height\" content=\"826\" \/>\n\t<meta property=\"og:image:type\" content=\"image\/jpeg\" \/>\n<meta name=\"author\" content=\"Sa\u00fal Hern\u00e1ndez\" \/>\n<meta name=\"twitter:card\" content=\"summary_large_image\" \/>\n<meta name=\"twitter:label1\" content=\"Escrito por\" \/>\n\t<meta name=\"twitter:data1\" content=\"Sa\u00fal Hern\u00e1ndez\" \/>\n\t<meta name=\"twitter:label2\" content=\"Tiempo de lectura\" \/>\n\t<meta name=\"twitter:data2\" content=\"2 minutos\" \/>\n<script type=\"application\/ld+json\" class=\"yoast-schema-graph\">{\"@context\":\"https:\/\/schema.org\",\"@graph\":[{\"@type\":\"WebPage\",\"@id\":\"https:\/\/thepueblatimes.mx\/index.php\/2024\/12\/03\/llega-a-puebla-el-festival-navideno-por-amor-a-puebla\/\",\"url\":\"https:\/\/thepueblatimes.mx\/index.php\/2024\/12\/03\/llega-a-puebla-el-festival-navideno-por-amor-a-puebla\/\",\"name\":\"\u00a1Llega a Puebla el Festival Navide\u00f1o \\\"Por Amor a Puebla\\\"! - The Puebla Times\",\"isPartOf\":{\"@id\":\"https:\/\/thepueblatimes.mx\/#website\"},\"datePublished\":\"2024-12-04T00:04:47+00:00\",\"dateModified\":\"2024-12-04T00:04:47+00:00\",\"author\":{\"@id\":\"https:\/\/thepueblatimes.mx\/#\/schema\/person\/1664894c2f65ce2c7a08d8f5f905c13c\"},\"breadcrumb\":{\"@id\":\"https:\/\/thepueblatimes.mx\/index.php\/2024\/12\/03\/llega-a-puebla-el-festival-navideno-por-amor-a-puebla\/#breadcrumb\"},\"inLanguage\":\"es\",\"potentialAction\":[{\"@type\":\"ReadAction\",\"target\":[\"https:\/\/thepueblatimes.mx\/index.php\/2024\/12\/03\/llega-a-puebla-el-festival-navideno-por-amor-a-puebla\/\"]}]},{\"@type\":\"BreadcrumbList\",\"@id\":\"https:\/\/thepueblatimes.mx\/index.php\/2024\/12\/03\/llega-a-puebla-el-festival-navideno-por-amor-a-puebla\/#breadcrumb\",\"itemListElement\":[{\"@type\":\"ListItem\",\"position\":1,\"name\":\"Portada\",\"item\":\"https:\/\/thepueblatimes.mx\/\"},{\"@type\":\"ListItem\",\"position\":2,\"name\":\"\u00a1Llega a Puebla el Festival Navide\u00f1o \u00abPor Amor a Puebla\u00bb!\"}]},{\"@type\":\"WebSite\",\"@id\":\"https:\/\/thepueblatimes.mx\/#website\",\"url\":\"https:\/\/thepueblatimes.mx\/\",\"name\":\"The Puebla Times\",\"description\":\"Noticias del Estado de Puebla\",\"potentialAction\":[{\"@type\":\"SearchAction\",\"target\":{\"@type\":\"EntryPoint\",\"urlTemplate\":\"https:\/\/thepueblatimes.mx\/?s={search_term_string}\"},\"query-input\":\"required name=search_term_string\"}],\"inLanguage\":\"es\"},{\"@type\":\"Person\",\"@id\":\"https:\/\/thepueblatimes.mx\/#\/schema\/person\/1664894c2f65ce2c7a08d8f5f905c13c\",\"name\":\"Sa\u00fal Hern\u00e1ndez\",\"image\":{\"@type\":\"ImageObject\",\"inLanguage\":\"es\",\"@id\":\"https:\/\/thepueblatimes.mx\/#\/schema\/person\/image\/\",\"url\":\"https:\/\/secure.gravatar.com\/avatar\/11be338693f243309532caad8f10c930?s=96&d=mm&r=g\",\"contentUrl\":\"https:\/\/secure.gravatar.com\/avatar\/11be338693f243309532caad8f10c930?s=96&d=mm&r=g\",\"caption\":\"Sa\u00fal Hern\u00e1ndez\"},\"url\":\"https:\/\/thepueblatimes.mx\/index.php\/author\/saulhernandez\/\"}]}<\/script>\n<!-- \/ Yoast SEO plugin. -->","yoast_head_json":{"title":"\u00a1Llega a Puebla el Festival Navide\u00f1o \"Por Amor a Puebla\"! - The Puebla Times","robots":{"index":"index","follow":"follow","max-snippet":"max-snippet:-1","max-image-preview":"max-image-preview:large","max-video-preview":"max-video-preview:-1"},"canonical":"https:\/\/thepueblatimes.mx\/index.php\/2024\/12\/03\/llega-a-puebla-el-festival-navideno-por-amor-a-puebla\/","og_locale":"es_ES","og_type":"article","og_title":"\u00a1Llega a Puebla el Festival Navide\u00f1o \"Por Amor a Puebla\"! - The Puebla Times","og_description":"-Familias de comunidades y municipios de todo el estado disfrutar\u00e1n de los espect\u00e1culos. Puebla, Pue. Del 15 de diciembre al 6 de enero, la magia de la Navidad brillar\u00e1 intensamente en los emblem\u00e1ticos Fuertes de Loreto con el esperado Festival Navide\u00f1o \u00abPor Amor a Puebla\u00bb. Este evento, dise\u00f1ado para toda la familia, ser\u00e1 encabezado por...","og_url":"https:\/\/thepueblatimes.mx\/index.php\/2024\/12\/03\/llega-a-puebla-el-festival-navideno-por-amor-a-puebla\/","og_site_name":"The Puebla Times","article_published_time":"2024-12-04T00:04:47+00:00","og_image":[{"width":1275,"height":826,"url":"https:\/\/thepueblatimes.mx\/wp-content\/uploads\/2024\/12\/468915308_1178654640927246_6216619277715266306_n.jpg","type":"image\/jpeg"}],"author":"Sa\u00fal Hern\u00e1ndez","twitter_card":"summary_large_image","twitter_misc":{"Escrito por":"Sa\u00fal Hern\u00e1ndez","Tiempo de lectura":"2 minutos"},"schema":{"@context":"https:\/\/schema.org","@graph":[{"@type":"WebPage","@id":"https:\/\/thepueblatimes.mx\/index.php\/2024\/12\/03\/llega-a-puebla-el-festival-navideno-por-amor-a-puebla\/","url":"https:\/\/thepueblatimes.mx\/index.php\/2024\/12\/03\/llega-a-puebla-el-festival-navideno-por-amor-a-puebla\/","name":"\u00a1Llega a Puebla el Festival Navide\u00f1o \"Por Amor a Puebla\"! - The Puebla Times","isPartOf":{"@id":"https:\/\/thepueblatimes.mx\/#website"},"datePublished":"2024-12-04T00:04:47+00:00","dateModified":"2024-12-04T00:04:47+00:00","author":{"@id":"https:\/\/thepueblatimes.mx\/#\/schema\/person\/1664894c2f65ce2c7a08d8f5f905c13c"},"breadcrumb":{"@id":"https:\/\/thepueblatimes.mx\/index.php\/2024\/12\/03\/llega-a-puebla-el-festival-navideno-por-amor-a-puebla\/#breadcrumb"},"inLanguage":"es","potentialAction":[{"@type":"ReadAction","target":["https:\/\/thepueblatimes.mx\/index.php\/2024\/12\/03\/llega-a-puebla-el-festival-navideno-por-amor-a-puebla\/"]}]},{"@type":"BreadcrumbList","@id":"https:\/\/thepueblatimes.mx\/index.php\/2024\/12\/03\/llega-a-puebla-el-festival-navideno-por-amor-a-puebla\/#breadcrumb","itemListElement":[{"@type":"ListItem","position":1,"name":"Portada","item":"https:\/\/thepueblatimes.mx\/"},{"@type":"ListItem","position":2,"name":"\u00a1Llega a Puebla el Festival Navide\u00f1o \u00abPor Amor a Puebla\u00bb!"}]},{"@type":"WebSite","@id":"https:\/\/thepueblatimes.mx\/#website","url":"https:\/\/thepueblatimes.mx\/","name":"The Puebla Times","description":"Noticias del Estado de Puebla","potentialAction":[{"@type":"SearchAction","target":{"@type":"EntryPoint","urlTemplate":"https:\/\/thepueblatimes.mx\/?s={search_term_string}"},"query-input":"required name=search_term_string"}],"inLanguage":"es"},{"@type":"Person","@id":"https:\/\/thepueblatimes.mx\/#\/schema\/person\/1664894c2f65ce2c7a08d8f5f905c13c","name":"Sa\u00fal Hern\u00e1ndez","image":{"@type":"ImageObject","inLanguage":"es","@id":"https:\/\/thepueblatimes.mx\/#\/schema\/person\/image\/","url":"https:\/\/secure.gravatar.com\/avatar\/11be338693f243309532caad8f10c930?s=96&d=mm&r=g","contentUrl":"https:\/\/secure.gravatar.com\/avatar\/11be338693f243309532caad8f10c930?s=96&d=mm&r=g","caption":"Sa\u00fal Hern\u00e1ndez"},"url":"https:\/\/thepueblatimes.mx\/index.php\/author\/saulhernandez\/"}]}},"jetpack_featured_media_url":"https:\/\/thepueblatimes.mx\/wp-content\/uploads\/2024\/12\/468915308_1178654640927246_6216619277715266306_n.jpg","_links":{"self":[{"href":"https:\/\/thepueblatimes.mx\/index.php\/wp-json\/wp\/v2\/posts\/26505"}],"collection":[{"href":"https:\/\/thepueblatimes.mx\/index.php\/wp-json\/wp\/v2\/posts"}],"about":[{"href":"https:\/\/thepueblatimes.mx\/index.php\/wp-json\/wp\/v2\/types\/post"}],"author":[{"embeddable":true,"href":"https:\/\/thepueblatimes.mx\/index.php\/wp-json\/wp\/v2\/users\/16"}],"replies":[{"embeddable":true,"href":"https:\/\/thepueblatimes.mx\/index.php\/wp-json\/wp\/v2\/comments?post=26505"}],"version-history":[{"count":1,"href":"https:\/\/thepueblatimes.mx\/index.php\/wp-json\/wp\/v2\/posts\/26505\/revisions"}],"predecessor-version":[{"id":26507,"href":"https:\/\/thepueblatimes.mx\/index.php\/wp-json\/wp\/v2\/posts\/26505\/revisions\/26507"}],"wp:featuredmedia":[{"embeddable":true,"href":"https:\/\/thepueblatimes.mx\/index.php\/wp-json\/wp\/v2\/media\/26506"}],"wp:attachment":[{"href":"https:\/\/thepueblatimes.mx\/index.php\/wp-json\/wp\/v2\/media?parent=26505"}],"wp:term":[{"taxonomy":"category","embeddable":true,"href":"https:\/\/thepueblatimes.mx\/index.php\/wp-json\/wp\/v2\/categories?post=26505"},{"taxonomy":"post_tag","embeddable":true,"href":"https:\/\/thepueblatimes.mx\/index.php\/wp-json\/wp\/v2\/tags?post=26505"}],"curies":[{"name":"wp","href":"https:\/\/api.w.org\/{rel}","templated":true}]}}