{"id":26456,"date":"2024-11-30T12:11:32","date_gmt":"2024-11-30T18:11:32","guid":{"rendered":"https:\/\/thepueblatimes.mx\/?p=26456"},"modified":"2024-11-30T12:41:02","modified_gmt":"2024-11-30T18:41:02","slug":"un-elemento-de-la-fgr-murio-tras-ser-baleado-en-cuautlancingo-pero-el-presidente-municipal-al-parecer-no-se-ha-enterado","status":"publish","type":"post","link":"https:\/\/thepueblatimes.mx\/index.php\/2024\/11\/30\/un-elemento-de-la-fgr-murio-tras-ser-baleado-en-cuautlancingo-pero-el-presidente-municipal-al-parecer-no-se-ha-enterado\/","title":{"rendered":"Un elemento de la FGR muri\u00f3 tras ser baleado en Cuautlancingo, pero el presidente municipal al parecer no se ha enterado"},"content":{"rendered":"<p>POR FRED ESTRADA<\/p>\n<p>Independientemente de que le competa o no, el hecho de que un elemento de la FGR haya sido baleado y asesinado en su territorio debiera merecer al menos una menci\u00f3n por parte del presidente municipal, de Cuautlancingo, Omar Mu\u00f1oz.<\/p>\n<p>Pero al parecer, no se ha enterado o bien prefiere restarle importancia a un hecho delictivo tan grave que tuvo lugar en el territorio que gobierna, y que en primera instancia debi\u00f3 ser atendido por elementos de la polic\u00eda municipal.<\/p>\n<p>Con esa actitud se pone en duda el compromiso con la inseguridad que asegur\u00f3 tener al asumir el cargo.<\/p>\n<p>En general, Pedro R, el agente de la Fiscal\u00eda General de la Rep\u00fablica (FGR) que fue atacado a balazos el pasado 26 de noviembre mientras se encontraba afuera de una cafeter\u00eda en el municipio de Cuautlancingo, perdi\u00f3 la vida en el Hospital de Traumatolog\u00eda y Ortopedia.<\/p>\n<p>As\u00ed lo confirm\u00f3 el fiscal general Gilberto Higuera Bernal, quien indic\u00f3 que el ataque fue perpetrado por dos sujetos.<\/p>\n<p>Dijo que al ser un agente de la FGR es ese \u00f3rgano el que lleva a cargo las investigaciones sobre el ataque armado que sufri\u00f3.<\/p>\n<p>La FGE solo apoy\u00f3 con el levantamiento del cad\u00e1ver y la necropsia, pero no dio cuenta de la participaci\u00f3n del Ayuntamiento.<\/p>\n<p>Sin embargo, el hecho se plasmar\u00e1 en los registros de hechos delictivos que realiza la FGE y que al cerrarse el mes de noviembre permitir\u00e1 ver la forma en que se comport\u00f3 la delincuencia en el municipio que gobierna Omar Mu\u00f1oz.<\/p>\n","protected":false},"excerpt":{"rendered":"<p>POR FRED ESTRADA Independientemente de que le competa o no, el hecho de que un elemento de la FGR haya sido baleado y asesinado en su territorio debiera merecer al menos una menci\u00f3n por parte del presidente municipal, de Cuautlancingo, Omar Mu\u00f1oz. Pero al parecer, no se ha enterado o bien prefiere restarle importancia a&#8230;<\/p>\n","protected":false},"author":16,"featured_media":26457,"comment_status":"closed","ping_status":"closed","sticky":false,"template":"","format":"standard","meta":[],"categories":[7],"tags":[343,2579,2578,2541],"yoast_head":"<!-- This site is optimized with the Yoast SEO plugin v20.8 - https:\/\/yoast.com\/wordpress\/plugins\/seo\/ -->\n<title>Un elemento de la FGR muri\u00f3 tras ser baleado en Cuautlancingo, pero el presidente municipal al parecer no se ha enterado - The Puebla Times<\/title>\n<meta name=\"robots\" content=\"index, follow, max-snippet:-1, max-image-preview:large, max-video-preview:-1\" \/>\n<link rel=\"canonical\" href=\"https:\/\/thepueblatimes.mx\/index.php\/2024\/11\/30\/un-elemento-de-la-fgr-murio-tras-ser-baleado-en-cuautlancingo-pero-el-presidente-municipal-al-parecer-no-se-ha-enterado\/\" \/>\n<meta property=\"og:locale\" content=\"es_ES\" \/>\n<meta property=\"og:type\" content=\"article\" \/>\n<meta property=\"og:title\" content=\"Un elemento de la FGR muri\u00f3 tras ser baleado en Cuautlancingo, pero el presidente municipal al parecer no se ha enterado - The Puebla Times\" \/>\n<meta property=\"og:description\" content=\"POR FRED ESTRADA Independientemente de que le competa o no, el hecho de que un elemento de la FGR haya sido baleado y asesinado en su territorio debiera merecer al menos una menci\u00f3n por parte del presidente municipal, de Cuautlancingo, Omar Mu\u00f1oz. Pero al parecer, no se ha enterado o bien prefiere restarle importancia a...\" \/>\n<meta property=\"og:url\" content=\"https:\/\/thepueblatimes.mx\/index.php\/2024\/11\/30\/un-elemento-de-la-fgr-murio-tras-ser-baleado-en-cuautlancingo-pero-el-presidente-municipal-al-parecer-no-se-ha-enterado\/\" \/>\n<meta property=\"og:site_name\" content=\"The Puebla Times\" \/>\n<meta property=\"article:published_time\" content=\"2024-11-30T18:11:32+00:00\" \/>\n<meta property=\"article:modified_time\" content=\"2024-11-30T18:41:02+00:00\" \/>\n<meta property=\"og:image\" content=\"https:\/\/thepueblatimes.mx\/wp-content\/uploads\/2024\/11\/Un-hombre-fue-asesinado-la-madrugada-de-este-27-de-noviembre-en-el-bar-La-Casita-ubicado-en-la-colonia-Universidades.jpg\" \/>\n\t<meta property=\"og:image:width\" content=\"768\" \/>\n\t<meta property=\"og:image:height\" content=\"479\" \/>\n\t<meta property=\"og:image:type\" content=\"image\/jpeg\" \/>\n<meta name=\"author\" content=\"Sa\u00fal Hern\u00e1ndez\" \/>\n<meta name=\"twitter:card\" content=\"summary_large_image\" \/>\n<meta name=\"twitter:label1\" content=\"Escrito por\" \/>\n\t<meta name=\"twitter:data1\" content=\"Sa\u00fal Hern\u00e1ndez\" \/>\n\t<meta name=\"twitter:label2\" content=\"Tiempo de lectura\" \/>\n\t<meta name=\"twitter:data2\" content=\"2 minutos\" \/>\n<script type=\"application\/ld+json\" class=\"yoast-schema-graph\">{\"@context\":\"https:\/\/schema.org\",\"@graph\":[{\"@type\":\"WebPage\",\"@id\":\"https:\/\/thepueblatimes.mx\/index.php\/2024\/11\/30\/un-elemento-de-la-fgr-murio-tras-ser-baleado-en-cuautlancingo-pero-el-presidente-municipal-al-parecer-no-se-ha-enterado\/\",\"url\":\"https:\/\/thepueblatimes.mx\/index.php\/2024\/11\/30\/un-elemento-de-la-fgr-murio-tras-ser-baleado-en-cuautlancingo-pero-el-presidente-municipal-al-parecer-no-se-ha-enterado\/\",\"name\":\"Un elemento de la FGR muri\u00f3 tras ser baleado en Cuautlancingo, pero el presidente municipal al parecer no se ha enterado - The Puebla Times\",\"isPartOf\":{\"@id\":\"https:\/\/thepueblatimes.mx\/#website\"},\"datePublished\":\"2024-11-30T18:11:32+00:00\",\"dateModified\":\"2024-11-30T18:41:02+00:00\",\"author\":{\"@id\":\"https:\/\/thepueblatimes.mx\/#\/schema\/person\/1664894c2f65ce2c7a08d8f5f905c13c\"},\"breadcrumb\":{\"@id\":\"https:\/\/thepueblatimes.mx\/index.php\/2024\/11\/30\/un-elemento-de-la-fgr-murio-tras-ser-baleado-en-cuautlancingo-pero-el-presidente-municipal-al-parecer-no-se-ha-enterado\/#breadcrumb\"},\"inLanguage\":\"es\",\"potentialAction\":[{\"@type\":\"ReadAction\",\"target\":[\"https:\/\/thepueblatimes.mx\/index.php\/2024\/11\/30\/un-elemento-de-la-fgr-murio-tras-ser-baleado-en-cuautlancingo-pero-el-presidente-municipal-al-parecer-no-se-ha-enterado\/\"]}]},{\"@type\":\"BreadcrumbList\",\"@id\":\"https:\/\/thepueblatimes.mx\/index.php\/2024\/11\/30\/un-elemento-de-la-fgr-murio-tras-ser-baleado-en-cuautlancingo-pero-el-presidente-municipal-al-parecer-no-se-ha-enterado\/#breadcrumb\",\"itemListElement\":[{\"@type\":\"ListItem\",\"position\":1,\"name\":\"Portada\",\"item\":\"https:\/\/thepueblatimes.mx\/\"},{\"@type\":\"ListItem\",\"position\":2,\"name\":\"Un elemento de la FGR muri\u00f3 tras ser baleado en Cuautlancingo, pero el presidente municipal al parecer no se ha enterado\"}]},{\"@type\":\"WebSite\",\"@id\":\"https:\/\/thepueblatimes.mx\/#website\",\"url\":\"https:\/\/thepueblatimes.mx\/\",\"name\":\"The Puebla Times\",\"description\":\"Noticias del Estado de Puebla\",\"potentialAction\":[{\"@type\":\"SearchAction\",\"target\":{\"@type\":\"EntryPoint\",\"urlTemplate\":\"https:\/\/thepueblatimes.mx\/?s={search_term_string}\"},\"query-input\":\"required name=search_term_string\"}],\"inLanguage\":\"es\"},{\"@type\":\"Person\",\"@id\":\"https:\/\/thepueblatimes.mx\/#\/schema\/person\/1664894c2f65ce2c7a08d8f5f905c13c\",\"name\":\"Sa\u00fal Hern\u00e1ndez\",\"image\":{\"@type\":\"ImageObject\",\"inLanguage\":\"es\",\"@id\":\"https:\/\/thepueblatimes.mx\/#\/schema\/person\/image\/\",\"url\":\"https:\/\/secure.gravatar.com\/avatar\/11be338693f243309532caad8f10c930?s=96&d=mm&r=g\",\"contentUrl\":\"https:\/\/secure.gravatar.com\/avatar\/11be338693f243309532caad8f10c930?s=96&d=mm&r=g\",\"caption\":\"Sa\u00fal Hern\u00e1ndez\"},\"url\":\"https:\/\/thepueblatimes.mx\/index.php\/author\/saulhernandez\/\"}]}<\/script>\n<!-- \/ Yoast SEO plugin. -->","yoast_head_json":{"title":"Un elemento de la FGR muri\u00f3 tras ser baleado en Cuautlancingo, pero el presidente municipal al parecer no se ha enterado - The Puebla Times","robots":{"index":"index","follow":"follow","max-snippet":"max-snippet:-1","max-image-preview":"max-image-preview:large","max-video-preview":"max-video-preview:-1"},"canonical":"https:\/\/thepueblatimes.mx\/index.php\/2024\/11\/30\/un-elemento-de-la-fgr-murio-tras-ser-baleado-en-cuautlancingo-pero-el-presidente-municipal-al-parecer-no-se-ha-enterado\/","og_locale":"es_ES","og_type":"article","og_title":"Un elemento de la FGR muri\u00f3 tras ser baleado en Cuautlancingo, pero el presidente municipal al parecer no se ha enterado - The Puebla Times","og_description":"POR FRED ESTRADA Independientemente de que le competa o no, el hecho de que un elemento de la FGR haya sido baleado y asesinado en su territorio debiera merecer al menos una menci\u00f3n por parte del presidente municipal, de Cuautlancingo, Omar Mu\u00f1oz. Pero al parecer, no se ha enterado o bien prefiere restarle importancia a...","og_url":"https:\/\/thepueblatimes.mx\/index.php\/2024\/11\/30\/un-elemento-de-la-fgr-murio-tras-ser-baleado-en-cuautlancingo-pero-el-presidente-municipal-al-parecer-no-se-ha-enterado\/","og_site_name":"The Puebla Times","article_published_time":"2024-11-30T18:11:32+00:00","article_modified_time":"2024-11-30T18:41:02+00:00","og_image":[{"width":768,"height":479,"url":"https:\/\/thepueblatimes.mx\/wp-content\/uploads\/2024\/11\/Un-hombre-fue-asesinado-la-madrugada-de-este-27-de-noviembre-en-el-bar-La-Casita-ubicado-en-la-colonia-Universidades.jpg","type":"image\/jpeg"}],"author":"Sa\u00fal Hern\u00e1ndez","twitter_card":"summary_large_image","twitter_misc":{"Escrito por":"Sa\u00fal Hern\u00e1ndez","Tiempo de lectura":"2 minutos"},"schema":{"@context":"https:\/\/schema.org","@graph":[{"@type":"WebPage","@id":"https:\/\/thepueblatimes.mx\/index.php\/2024\/11\/30\/un-elemento-de-la-fgr-murio-tras-ser-baleado-en-cuautlancingo-pero-el-presidente-municipal-al-parecer-no-se-ha-enterado\/","url":"https:\/\/thepueblatimes.mx\/index.php\/2024\/11\/30\/un-elemento-de-la-fgr-murio-tras-ser-baleado-en-cuautlancingo-pero-el-presidente-municipal-al-parecer-no-se-ha-enterado\/","name":"Un elemento de la FGR muri\u00f3 tras ser baleado en Cuautlancingo, pero el presidente municipal al parecer no se ha enterado - The Puebla Times","isPartOf":{"@id":"https:\/\/thepueblatimes.mx\/#website"},"datePublished":"2024-11-30T18:11:32+00:00","dateModified":"2024-11-30T18:41:02+00:00","author":{"@id":"https:\/\/thepueblatimes.mx\/#\/schema\/person\/1664894c2f65ce2c7a08d8f5f905c13c"},"breadcrumb":{"@id":"https:\/\/thepueblatimes.mx\/index.php\/2024\/11\/30\/un-elemento-de-la-fgr-murio-tras-ser-baleado-en-cuautlancingo-pero-el-presidente-municipal-al-parecer-no-se-ha-enterado\/#breadcrumb"},"inLanguage":"es","potentialAction":[{"@type":"ReadAction","target":["https:\/\/thepueblatimes.mx\/index.php\/2024\/11\/30\/un-elemento-de-la-fgr-murio-tras-ser-baleado-en-cuautlancingo-pero-el-presidente-municipal-al-parecer-no-se-ha-enterado\/"]}]},{"@type":"BreadcrumbList","@id":"https:\/\/thepueblatimes.mx\/index.php\/2024\/11\/30\/un-elemento-de-la-fgr-murio-tras-ser-baleado-en-cuautlancingo-pero-el-presidente-municipal-al-parecer-no-se-ha-enterado\/#breadcrumb","itemListElement":[{"@type":"ListItem","position":1,"name":"Portada","item":"https:\/\/thepueblatimes.mx\/"},{"@type":"ListItem","position":2,"name":"Un elemento de la FGR muri\u00f3 tras ser baleado en Cuautlancingo, pero el presidente municipal al parecer no se ha enterado"}]},{"@type":"WebSite","@id":"https:\/\/thepueblatimes.mx\/#website","url":"https:\/\/thepueblatimes.mx\/","name":"The Puebla Times","description":"Noticias del Estado de Puebla","potentialAction":[{"@type":"SearchAction","target":{"@type":"EntryPoint","urlTemplate":"https:\/\/thepueblatimes.mx\/?s={search_term_string}"},"query-input":"required name=search_term_string"}],"inLanguage":"es"},{"@type":"Person","@id":"https:\/\/thepueblatimes.mx\/#\/schema\/person\/1664894c2f65ce2c7a08d8f5f905c13c","name":"Sa\u00fal Hern\u00e1ndez","image":{"@type":"ImageObject","inLanguage":"es","@id":"https:\/\/thepueblatimes.mx\/#\/schema\/person\/image\/","url":"https:\/\/secure.gravatar.com\/avatar\/11be338693f243309532caad8f10c930?s=96&d=mm&r=g","contentUrl":"https:\/\/secure.gravatar.com\/avatar\/11be338693f243309532caad8f10c930?s=96&d=mm&r=g","caption":"Sa\u00fal Hern\u00e1ndez"},"url":"https:\/\/thepueblatimes.mx\/index.php\/author\/saulhernandez\/"}]}},"jetpack_featured_media_url":"https:\/\/thepueblatimes.mx\/wp-content\/uploads\/2024\/11\/Un-hombre-fue-asesinado-la-madrugada-de-este-27-de-noviembre-en-el-bar-La-Casita-ubicado-en-la-colonia-Universidades.jpg","_links":{"self":[{"href":"https:\/\/thepueblatimes.mx\/index.php\/wp-json\/wp\/v2\/posts\/26456"}],"collection":[{"href":"https:\/\/thepueblatimes.mx\/index.php\/wp-json\/wp\/v2\/posts"}],"about":[{"href":"https:\/\/thepueblatimes.mx\/index.php\/wp-json\/wp\/v2\/types\/post"}],"author":[{"embeddable":true,"href":"https:\/\/thepueblatimes.mx\/index.php\/wp-json\/wp\/v2\/users\/16"}],"replies":[{"embeddable":true,"href":"https:\/\/thepueblatimes.mx\/index.php\/wp-json\/wp\/v2\/comments?post=26456"}],"version-history":[{"count":1,"href":"https:\/\/thepueblatimes.mx\/index.php\/wp-json\/wp\/v2\/posts\/26456\/revisions"}],"predecessor-version":[{"id":26458,"href":"https:\/\/thepueblatimes.mx\/index.php\/wp-json\/wp\/v2\/posts\/26456\/revisions\/26458"}],"wp:featuredmedia":[{"embeddable":true,"href":"https:\/\/thepueblatimes.mx\/index.php\/wp-json\/wp\/v2\/media\/26457"}],"wp:attachment":[{"href":"https:\/\/thepueblatimes.mx\/index.php\/wp-json\/wp\/v2\/media?parent=26456"}],"wp:term":[{"taxonomy":"category","embeddable":true,"href":"https:\/\/thepueblatimes.mx\/index.php\/wp-json\/wp\/v2\/categories?post=26456"},{"taxonomy":"post_tag","embeddable":true,"href":"https:\/\/thepueblatimes.mx\/index.php\/wp-json\/wp\/v2\/tags?post=26456"}],"curies":[{"name":"wp","href":"https:\/\/api.w.org\/{rel}","templated":true}]}}