{"id":26439,"date":"2024-11-29T10:01:23","date_gmt":"2024-11-29T16:01:23","guid":{"rendered":"https:\/\/thepueblatimes.mx\/?p=26439"},"modified":"2024-11-29T10:01:23","modified_gmt":"2024-11-29T16:01:23","slug":"promueven-turismo-y-atlixco-el-festival-de-la-nochebuena","status":"publish","type":"post","link":"https:\/\/thepueblatimes.mx\/index.php\/2024\/11\/29\/promueven-turismo-y-atlixco-el-festival-de-la-nochebuena\/","title":{"rendered":"Promueven Turismo y Atlixco el Festival de la Nochebuena"},"content":{"rendered":"<h3><em>-Este evento concluir\u00e1 el 15 de diciembre; las personas pueden adquirir plantas desde 25 y hasta 500 pesos<\/em><\/h3>\n<p><strong>CIUDAD DE PUEBLA, Pue.-<\/strong>\u00a0Para incentivar la econom\u00eda y fomentar la llegada de visitantes a los Pueblos M\u00e1gicos en esta temporada decembrina, el gobierno presente de Sergio Salom\u00f3n, a trav\u00e9s de la Secretar\u00eda de Turismo, y las autoridades municipales de Atlixco, invitaron a las y los poblanos al Festival de la Nochebuena, que se lleva a cabo desde hace unos d\u00edas y concluir\u00e1 el 15 de diciembre pr\u00f3ximo.<\/p>\n<p>En esta ocasi\u00f3n participan al menos 15 productores de la colonia Cabrera, quienes ofrecer\u00e1n esta tradicional planta de temporada desde 25 y hasta 500 pesos la pieza, en m\u00e1s de 25 variedades, inform\u00f3 la regidora de Arte y Pueblos Originarios de Atlixco, Valerie Bartsch Aburto, quien record\u00f3 que este municipio ofrece diversos atractivos en este fin de a\u00f1o como la Villa Iluminada, la Feria del Aguacate, el mercado gastron\u00f3mico, el Mirador de Cristal y el Centro Hist\u00f3rico, entre otros.<\/p>\n<p>En rueda de prensa, los productores Francisco Santiago Cruz y Vicente Cruz Torres detallaron que Atlixco es el segundo productor nacional y el primero en Puebla de flor de Nochebuena con una producci\u00f3n superior a los 2 millones de plantas, de las cuales el 60 por ciento se destina al mercado local y el resto para diversas partes del pa\u00eds como Tlaxcala, Quer\u00e9taro, Veracruz, Tabasco, Quintana Roo, Yucat\u00e1n y Baja California Sur.<\/p>\n<p>Finalmente, el director general de Promoci\u00f3n Tur\u00edstica, Juan Ram\u00f3n \u00c1lvarez Cuspinera, en representaci\u00f3n de la secretaria de Turismo, Marta Ornelas Guerrero, hizo un llamado para que las y los poblanos consuman este producto que da identidad a Atlixco, con el fin de incentivar la econom\u00eda de las familias y mantener dicho dinamismo en esta temporada de fin de a\u00f1o.<\/p>\n","protected":false},"excerpt":{"rendered":"<p>-Este evento concluir\u00e1 el 15 de diciembre; las personas pueden adquirir plantas desde 25 y hasta 500 pesos CIUDAD DE PUEBLA, Pue.-\u00a0Para incentivar la econom\u00eda y fomentar la llegada de visitantes a los Pueblos M\u00e1gicos en esta temporada decembrina, el gobierno presente de Sergio Salom\u00f3n, a trav\u00e9s de la Secretar\u00eda de Turismo, y las autoridades&#8230;<\/p>\n","protected":false},"author":16,"featured_media":26440,"comment_status":"closed","ping_status":"closed","sticky":false,"template":"","format":"standard","meta":[],"categories":[3],"tags":[45,2571,49],"yoast_head":"<!-- This site is optimized with the Yoast SEO plugin v20.8 - https:\/\/yoast.com\/wordpress\/plugins\/seo\/ -->\n<title>Promueven Turismo y Atlixco el Festival de la Nochebuena - The Puebla Times<\/title>\n<meta name=\"robots\" content=\"index, follow, max-snippet:-1, max-image-preview:large, max-video-preview:-1\" \/>\n<link rel=\"canonical\" href=\"https:\/\/thepueblatimes.mx\/index.php\/2024\/11\/29\/promueven-turismo-y-atlixco-el-festival-de-la-nochebuena\/\" \/>\n<meta property=\"og:locale\" content=\"es_ES\" \/>\n<meta property=\"og:type\" content=\"article\" \/>\n<meta property=\"og:title\" content=\"Promueven Turismo y Atlixco el Festival de la Nochebuena - The Puebla Times\" \/>\n<meta property=\"og:description\" content=\"-Este evento concluir\u00e1 el 15 de diciembre; las personas pueden adquirir plantas desde 25 y hasta 500 pesos CIUDAD DE PUEBLA, Pue.-\u00a0Para incentivar la econom\u00eda y fomentar la llegada de visitantes a los Pueblos M\u00e1gicos en esta temporada decembrina, el gobierno presente de Sergio Salom\u00f3n, a trav\u00e9s de la Secretar\u00eda de Turismo, y las autoridades...\" \/>\n<meta property=\"og:url\" content=\"https:\/\/thepueblatimes.mx\/index.php\/2024\/11\/29\/promueven-turismo-y-atlixco-el-festival-de-la-nochebuena\/\" \/>\n<meta property=\"og:site_name\" content=\"The Puebla Times\" \/>\n<meta property=\"article:published_time\" content=\"2024-11-29T16:01:23+00:00\" \/>\n<meta property=\"og:image\" content=\"https:\/\/thepueblatimes.mx\/wp-content\/uploads\/2024\/11\/4_RP_FERIA_NOCHEBUENA_ATLIXCO_28112024.jpeg\" \/>\n\t<meta property=\"og:image:width\" content=\"2560\" \/>\n\t<meta property=\"og:image:height\" content=\"1702\" \/>\n\t<meta property=\"og:image:type\" content=\"image\/jpeg\" \/>\n<meta name=\"author\" content=\"Sa\u00fal Hern\u00e1ndez\" \/>\n<meta name=\"twitter:card\" content=\"summary_large_image\" \/>\n<meta name=\"twitter:label1\" content=\"Escrito por\" \/>\n\t<meta name=\"twitter:data1\" content=\"Sa\u00fal Hern\u00e1ndez\" \/>\n\t<meta name=\"twitter:label2\" content=\"Tiempo de lectura\" \/>\n\t<meta name=\"twitter:data2\" content=\"2 minutos\" \/>\n<script type=\"application\/ld+json\" class=\"yoast-schema-graph\">{\"@context\":\"https:\/\/schema.org\",\"@graph\":[{\"@type\":\"WebPage\",\"@id\":\"https:\/\/thepueblatimes.mx\/index.php\/2024\/11\/29\/promueven-turismo-y-atlixco-el-festival-de-la-nochebuena\/\",\"url\":\"https:\/\/thepueblatimes.mx\/index.php\/2024\/11\/29\/promueven-turismo-y-atlixco-el-festival-de-la-nochebuena\/\",\"name\":\"Promueven Turismo y Atlixco el Festival de la Nochebuena - The Puebla Times\",\"isPartOf\":{\"@id\":\"https:\/\/thepueblatimes.mx\/#website\"},\"datePublished\":\"2024-11-29T16:01:23+00:00\",\"dateModified\":\"2024-11-29T16:01:23+00:00\",\"author\":{\"@id\":\"https:\/\/thepueblatimes.mx\/#\/schema\/person\/1664894c2f65ce2c7a08d8f5f905c13c\"},\"breadcrumb\":{\"@id\":\"https:\/\/thepueblatimes.mx\/index.php\/2024\/11\/29\/promueven-turismo-y-atlixco-el-festival-de-la-nochebuena\/#breadcrumb\"},\"inLanguage\":\"es\",\"potentialAction\":[{\"@type\":\"ReadAction\",\"target\":[\"https:\/\/thepueblatimes.mx\/index.php\/2024\/11\/29\/promueven-turismo-y-atlixco-el-festival-de-la-nochebuena\/\"]}]},{\"@type\":\"BreadcrumbList\",\"@id\":\"https:\/\/thepueblatimes.mx\/index.php\/2024\/11\/29\/promueven-turismo-y-atlixco-el-festival-de-la-nochebuena\/#breadcrumb\",\"itemListElement\":[{\"@type\":\"ListItem\",\"position\":1,\"name\":\"Portada\",\"item\":\"https:\/\/thepueblatimes.mx\/\"},{\"@type\":\"ListItem\",\"position\":2,\"name\":\"Promueven Turismo y Atlixco el Festival de la Nochebuena\"}]},{\"@type\":\"WebSite\",\"@id\":\"https:\/\/thepueblatimes.mx\/#website\",\"url\":\"https:\/\/thepueblatimes.mx\/\",\"name\":\"The Puebla Times\",\"description\":\"Noticias del Estado de Puebla\",\"potentialAction\":[{\"@type\":\"SearchAction\",\"target\":{\"@type\":\"EntryPoint\",\"urlTemplate\":\"https:\/\/thepueblatimes.mx\/?s={search_term_string}\"},\"query-input\":\"required name=search_term_string\"}],\"inLanguage\":\"es\"},{\"@type\":\"Person\",\"@id\":\"https:\/\/thepueblatimes.mx\/#\/schema\/person\/1664894c2f65ce2c7a08d8f5f905c13c\",\"name\":\"Sa\u00fal Hern\u00e1ndez\",\"image\":{\"@type\":\"ImageObject\",\"inLanguage\":\"es\",\"@id\":\"https:\/\/thepueblatimes.mx\/#\/schema\/person\/image\/\",\"url\":\"https:\/\/secure.gravatar.com\/avatar\/11be338693f243309532caad8f10c930?s=96&d=mm&r=g\",\"contentUrl\":\"https:\/\/secure.gravatar.com\/avatar\/11be338693f243309532caad8f10c930?s=96&d=mm&r=g\",\"caption\":\"Sa\u00fal Hern\u00e1ndez\"},\"url\":\"https:\/\/thepueblatimes.mx\/index.php\/author\/saulhernandez\/\"}]}<\/script>\n<!-- \/ Yoast SEO plugin. -->","yoast_head_json":{"title":"Promueven Turismo y Atlixco el Festival de la Nochebuena - The Puebla Times","robots":{"index":"index","follow":"follow","max-snippet":"max-snippet:-1","max-image-preview":"max-image-preview:large","max-video-preview":"max-video-preview:-1"},"canonical":"https:\/\/thepueblatimes.mx\/index.php\/2024\/11\/29\/promueven-turismo-y-atlixco-el-festival-de-la-nochebuena\/","og_locale":"es_ES","og_type":"article","og_title":"Promueven Turismo y Atlixco el Festival de la Nochebuena - The Puebla Times","og_description":"-Este evento concluir\u00e1 el 15 de diciembre; las personas pueden adquirir plantas desde 25 y hasta 500 pesos CIUDAD DE PUEBLA, Pue.-\u00a0Para incentivar la econom\u00eda y fomentar la llegada de visitantes a los Pueblos M\u00e1gicos en esta temporada decembrina, el gobierno presente de Sergio Salom\u00f3n, a trav\u00e9s de la Secretar\u00eda de Turismo, y las autoridades...","og_url":"https:\/\/thepueblatimes.mx\/index.php\/2024\/11\/29\/promueven-turismo-y-atlixco-el-festival-de-la-nochebuena\/","og_site_name":"The Puebla Times","article_published_time":"2024-11-29T16:01:23+00:00","og_image":[{"width":2560,"height":1702,"url":"https:\/\/thepueblatimes.mx\/wp-content\/uploads\/2024\/11\/4_RP_FERIA_NOCHEBUENA_ATLIXCO_28112024.jpeg","type":"image\/jpeg"}],"author":"Sa\u00fal Hern\u00e1ndez","twitter_card":"summary_large_image","twitter_misc":{"Escrito por":"Sa\u00fal Hern\u00e1ndez","Tiempo de lectura":"2 minutos"},"schema":{"@context":"https:\/\/schema.org","@graph":[{"@type":"WebPage","@id":"https:\/\/thepueblatimes.mx\/index.php\/2024\/11\/29\/promueven-turismo-y-atlixco-el-festival-de-la-nochebuena\/","url":"https:\/\/thepueblatimes.mx\/index.php\/2024\/11\/29\/promueven-turismo-y-atlixco-el-festival-de-la-nochebuena\/","name":"Promueven Turismo y Atlixco el Festival de la Nochebuena - The Puebla Times","isPartOf":{"@id":"https:\/\/thepueblatimes.mx\/#website"},"datePublished":"2024-11-29T16:01:23+00:00","dateModified":"2024-11-29T16:01:23+00:00","author":{"@id":"https:\/\/thepueblatimes.mx\/#\/schema\/person\/1664894c2f65ce2c7a08d8f5f905c13c"},"breadcrumb":{"@id":"https:\/\/thepueblatimes.mx\/index.php\/2024\/11\/29\/promueven-turismo-y-atlixco-el-festival-de-la-nochebuena\/#breadcrumb"},"inLanguage":"es","potentialAction":[{"@type":"ReadAction","target":["https:\/\/thepueblatimes.mx\/index.php\/2024\/11\/29\/promueven-turismo-y-atlixco-el-festival-de-la-nochebuena\/"]}]},{"@type":"BreadcrumbList","@id":"https:\/\/thepueblatimes.mx\/index.php\/2024\/11\/29\/promueven-turismo-y-atlixco-el-festival-de-la-nochebuena\/#breadcrumb","itemListElement":[{"@type":"ListItem","position":1,"name":"Portada","item":"https:\/\/thepueblatimes.mx\/"},{"@type":"ListItem","position":2,"name":"Promueven Turismo y Atlixco el Festival de la Nochebuena"}]},{"@type":"WebSite","@id":"https:\/\/thepueblatimes.mx\/#website","url":"https:\/\/thepueblatimes.mx\/","name":"The Puebla Times","description":"Noticias del Estado de Puebla","potentialAction":[{"@type":"SearchAction","target":{"@type":"EntryPoint","urlTemplate":"https:\/\/thepueblatimes.mx\/?s={search_term_string}"},"query-input":"required name=search_term_string"}],"inLanguage":"es"},{"@type":"Person","@id":"https:\/\/thepueblatimes.mx\/#\/schema\/person\/1664894c2f65ce2c7a08d8f5f905c13c","name":"Sa\u00fal Hern\u00e1ndez","image":{"@type":"ImageObject","inLanguage":"es","@id":"https:\/\/thepueblatimes.mx\/#\/schema\/person\/image\/","url":"https:\/\/secure.gravatar.com\/avatar\/11be338693f243309532caad8f10c930?s=96&d=mm&r=g","contentUrl":"https:\/\/secure.gravatar.com\/avatar\/11be338693f243309532caad8f10c930?s=96&d=mm&r=g","caption":"Sa\u00fal Hern\u00e1ndez"},"url":"https:\/\/thepueblatimes.mx\/index.php\/author\/saulhernandez\/"}]}},"jetpack_featured_media_url":"https:\/\/thepueblatimes.mx\/wp-content\/uploads\/2024\/11\/4_RP_FERIA_NOCHEBUENA_ATLIXCO_28112024.jpeg","_links":{"self":[{"href":"https:\/\/thepueblatimes.mx\/index.php\/wp-json\/wp\/v2\/posts\/26439"}],"collection":[{"href":"https:\/\/thepueblatimes.mx\/index.php\/wp-json\/wp\/v2\/posts"}],"about":[{"href":"https:\/\/thepueblatimes.mx\/index.php\/wp-json\/wp\/v2\/types\/post"}],"author":[{"embeddable":true,"href":"https:\/\/thepueblatimes.mx\/index.php\/wp-json\/wp\/v2\/users\/16"}],"replies":[{"embeddable":true,"href":"https:\/\/thepueblatimes.mx\/index.php\/wp-json\/wp\/v2\/comments?post=26439"}],"version-history":[{"count":1,"href":"https:\/\/thepueblatimes.mx\/index.php\/wp-json\/wp\/v2\/posts\/26439\/revisions"}],"predecessor-version":[{"id":26441,"href":"https:\/\/thepueblatimes.mx\/index.php\/wp-json\/wp\/v2\/posts\/26439\/revisions\/26441"}],"wp:featuredmedia":[{"embeddable":true,"href":"https:\/\/thepueblatimes.mx\/index.php\/wp-json\/wp\/v2\/media\/26440"}],"wp:attachment":[{"href":"https:\/\/thepueblatimes.mx\/index.php\/wp-json\/wp\/v2\/media?parent=26439"}],"wp:term":[{"taxonomy":"category","embeddable":true,"href":"https:\/\/thepueblatimes.mx\/index.php\/wp-json\/wp\/v2\/categories?post=26439"},{"taxonomy":"post_tag","embeddable":true,"href":"https:\/\/thepueblatimes.mx\/index.php\/wp-json\/wp\/v2\/tags?post=26439"}],"curies":[{"name":"wp","href":"https:\/\/api.w.org\/{rel}","templated":true}]}}