{"id":26393,"date":"2024-11-27T18:02:20","date_gmt":"2024-11-28T00:02:20","guid":{"rendered":"https:\/\/thepueblatimes.mx\/?p=26393"},"modified":"2024-11-27T18:02:20","modified_gmt":"2024-11-28T00:02:20","slug":"reporta-salud-25-personas-hospitalizadas-por-dengue","status":"publish","type":"post","link":"https:\/\/thepueblatimes.mx\/index.php\/2024\/11\/27\/reporta-salud-25-personas-hospitalizadas-por-dengue\/","title":{"rendered":"Reporta Salud 25 personas hospitalizadas por dengue"},"content":{"rendered":"<h3><em>-En las \u00faltimas 24 horas, hubo 18 nuevos contagios de esta enfermedad<\/em><\/h3>\n<p><strong>CIUDAD DE PUEBLA, Pue.-\u00a0<\/strong>En las \u00faltimas 24 horas, 25 personas fueron hospitalizadas a causa del dengue, informa la Secretar\u00eda de Salud.<\/p>\n<p>La titular de la dependencia, Araceli Soria C\u00f3rdoba agreg\u00f3 que al corte del 26 de noviembre hubo 18 nuevos casos confirmados, por lo que el n\u00famero de acumulados es de 4 mil 504.<\/p>\n<p>En ese sentido, destac\u00f3 que 80 municipios tienen casos notificados de esta enfermedad. Asimismo, preciso que no se registraron nuevas defunciones en el estado.<\/p>\n<p>Ante este panorama, Soria C\u00f3rdoba refrend\u00f3 el llamado a la poblaci\u00f3n para que sigan las recomendaciones de las autoridades sanitarias, principalmente con la limpieza de patios y azoteas, as\u00ed como el uso de repelente y prendas de manga larga para evitar la picadura del mosquito que provoca este padecimiento.<\/p>\n","protected":false},"excerpt":{"rendered":"<p>-En las \u00faltimas 24 horas, hubo 18 nuevos contagios de esta enfermedad CIUDAD DE PUEBLA, Pue.-\u00a0En las \u00faltimas 24 horas, 25 personas fueron hospitalizadas a causa del dengue, informa la Secretar\u00eda de Salud. La titular de la dependencia, Araceli Soria C\u00f3rdoba agreg\u00f3 que al corte del 26 de noviembre hubo 18 nuevos casos confirmados, por&#8230;<\/p>\n","protected":false},"author":16,"featured_media":26394,"comment_status":"closed","ping_status":"closed","sticky":false,"template":"","format":"standard","meta":[],"categories":[3],"tags":[1391,49],"yoast_head":"<!-- This site is optimized with the Yoast SEO plugin v20.8 - https:\/\/yoast.com\/wordpress\/plugins\/seo\/ -->\n<title>Reporta Salud 25 personas hospitalizadas por dengue - The Puebla Times<\/title>\n<meta name=\"robots\" content=\"index, follow, max-snippet:-1, max-image-preview:large, max-video-preview:-1\" \/>\n<link rel=\"canonical\" href=\"https:\/\/thepueblatimes.mx\/index.php\/2024\/11\/27\/reporta-salud-25-personas-hospitalizadas-por-dengue\/\" \/>\n<meta property=\"og:locale\" content=\"es_ES\" \/>\n<meta property=\"og:type\" content=\"article\" \/>\n<meta property=\"og:title\" content=\"Reporta Salud 25 personas hospitalizadas por dengue - The Puebla Times\" \/>\n<meta property=\"og:description\" content=\"-En las \u00faltimas 24 horas, hubo 18 nuevos contagios de esta enfermedad CIUDAD DE PUEBLA, Pue.-\u00a0En las \u00faltimas 24 horas, 25 personas fueron hospitalizadas a causa del dengue, informa la Secretar\u00eda de Salud. La titular de la dependencia, Araceli Soria C\u00f3rdoba agreg\u00f3 que al corte del 26 de noviembre hubo 18 nuevos casos confirmados, por...\" \/>\n<meta property=\"og:url\" content=\"https:\/\/thepueblatimes.mx\/index.php\/2024\/11\/27\/reporta-salud-25-personas-hospitalizadas-por-dengue\/\" \/>\n<meta property=\"og:site_name\" content=\"The Puebla Times\" \/>\n<meta property=\"article:published_time\" content=\"2024-11-28T00:02:20+00:00\" \/>\n<meta property=\"og:image\" content=\"https:\/\/thepueblatimes.mx\/wp-content\/uploads\/2024\/11\/25_2_1-scaled.jpg\" \/>\n\t<meta property=\"og:image:width\" content=\"2560\" \/>\n\t<meta property=\"og:image:height\" content=\"1707\" \/>\n\t<meta property=\"og:image:type\" content=\"image\/jpeg\" \/>\n<meta name=\"author\" content=\"Sa\u00fal Hern\u00e1ndez\" \/>\n<meta name=\"twitter:card\" content=\"summary_large_image\" \/>\n<meta name=\"twitter:label1\" content=\"Escrito por\" \/>\n\t<meta name=\"twitter:data1\" content=\"Sa\u00fal Hern\u00e1ndez\" \/>\n\t<meta name=\"twitter:label2\" content=\"Tiempo de lectura\" \/>\n\t<meta name=\"twitter:data2\" content=\"1 minuto\" \/>\n<script type=\"application\/ld+json\" class=\"yoast-schema-graph\">{\"@context\":\"https:\/\/schema.org\",\"@graph\":[{\"@type\":\"WebPage\",\"@id\":\"https:\/\/thepueblatimes.mx\/index.php\/2024\/11\/27\/reporta-salud-25-personas-hospitalizadas-por-dengue\/\",\"url\":\"https:\/\/thepueblatimes.mx\/index.php\/2024\/11\/27\/reporta-salud-25-personas-hospitalizadas-por-dengue\/\",\"name\":\"Reporta Salud 25 personas hospitalizadas por dengue - The Puebla Times\",\"isPartOf\":{\"@id\":\"https:\/\/thepueblatimes.mx\/#website\"},\"datePublished\":\"2024-11-28T00:02:20+00:00\",\"dateModified\":\"2024-11-28T00:02:20+00:00\",\"author\":{\"@id\":\"https:\/\/thepueblatimes.mx\/#\/schema\/person\/1664894c2f65ce2c7a08d8f5f905c13c\"},\"breadcrumb\":{\"@id\":\"https:\/\/thepueblatimes.mx\/index.php\/2024\/11\/27\/reporta-salud-25-personas-hospitalizadas-por-dengue\/#breadcrumb\"},\"inLanguage\":\"es\",\"potentialAction\":[{\"@type\":\"ReadAction\",\"target\":[\"https:\/\/thepueblatimes.mx\/index.php\/2024\/11\/27\/reporta-salud-25-personas-hospitalizadas-por-dengue\/\"]}]},{\"@type\":\"BreadcrumbList\",\"@id\":\"https:\/\/thepueblatimes.mx\/index.php\/2024\/11\/27\/reporta-salud-25-personas-hospitalizadas-por-dengue\/#breadcrumb\",\"itemListElement\":[{\"@type\":\"ListItem\",\"position\":1,\"name\":\"Portada\",\"item\":\"https:\/\/thepueblatimes.mx\/\"},{\"@type\":\"ListItem\",\"position\":2,\"name\":\"Reporta Salud 25 personas hospitalizadas por dengue\"}]},{\"@type\":\"WebSite\",\"@id\":\"https:\/\/thepueblatimes.mx\/#website\",\"url\":\"https:\/\/thepueblatimes.mx\/\",\"name\":\"The Puebla Times\",\"description\":\"Noticias del Estado de Puebla\",\"potentialAction\":[{\"@type\":\"SearchAction\",\"target\":{\"@type\":\"EntryPoint\",\"urlTemplate\":\"https:\/\/thepueblatimes.mx\/?s={search_term_string}\"},\"query-input\":\"required name=search_term_string\"}],\"inLanguage\":\"es\"},{\"@type\":\"Person\",\"@id\":\"https:\/\/thepueblatimes.mx\/#\/schema\/person\/1664894c2f65ce2c7a08d8f5f905c13c\",\"name\":\"Sa\u00fal Hern\u00e1ndez\",\"image\":{\"@type\":\"ImageObject\",\"inLanguage\":\"es\",\"@id\":\"https:\/\/thepueblatimes.mx\/#\/schema\/person\/image\/\",\"url\":\"https:\/\/secure.gravatar.com\/avatar\/11be338693f243309532caad8f10c930?s=96&d=mm&r=g\",\"contentUrl\":\"https:\/\/secure.gravatar.com\/avatar\/11be338693f243309532caad8f10c930?s=96&d=mm&r=g\",\"caption\":\"Sa\u00fal Hern\u00e1ndez\"},\"url\":\"https:\/\/thepueblatimes.mx\/index.php\/author\/saulhernandez\/\"}]}<\/script>\n<!-- \/ Yoast SEO plugin. -->","yoast_head_json":{"title":"Reporta Salud 25 personas hospitalizadas por dengue - The Puebla Times","robots":{"index":"index","follow":"follow","max-snippet":"max-snippet:-1","max-image-preview":"max-image-preview:large","max-video-preview":"max-video-preview:-1"},"canonical":"https:\/\/thepueblatimes.mx\/index.php\/2024\/11\/27\/reporta-salud-25-personas-hospitalizadas-por-dengue\/","og_locale":"es_ES","og_type":"article","og_title":"Reporta Salud 25 personas hospitalizadas por dengue - The Puebla Times","og_description":"-En las \u00faltimas 24 horas, hubo 18 nuevos contagios de esta enfermedad CIUDAD DE PUEBLA, Pue.-\u00a0En las \u00faltimas 24 horas, 25 personas fueron hospitalizadas a causa del dengue, informa la Secretar\u00eda de Salud. La titular de la dependencia, Araceli Soria C\u00f3rdoba agreg\u00f3 que al corte del 26 de noviembre hubo 18 nuevos casos confirmados, por...","og_url":"https:\/\/thepueblatimes.mx\/index.php\/2024\/11\/27\/reporta-salud-25-personas-hospitalizadas-por-dengue\/","og_site_name":"The Puebla Times","article_published_time":"2024-11-28T00:02:20+00:00","og_image":[{"width":2560,"height":1707,"url":"https:\/\/thepueblatimes.mx\/wp-content\/uploads\/2024\/11\/25_2_1-scaled.jpg","type":"image\/jpeg"}],"author":"Sa\u00fal Hern\u00e1ndez","twitter_card":"summary_large_image","twitter_misc":{"Escrito por":"Sa\u00fal Hern\u00e1ndez","Tiempo de lectura":"1 minuto"},"schema":{"@context":"https:\/\/schema.org","@graph":[{"@type":"WebPage","@id":"https:\/\/thepueblatimes.mx\/index.php\/2024\/11\/27\/reporta-salud-25-personas-hospitalizadas-por-dengue\/","url":"https:\/\/thepueblatimes.mx\/index.php\/2024\/11\/27\/reporta-salud-25-personas-hospitalizadas-por-dengue\/","name":"Reporta Salud 25 personas hospitalizadas por dengue - The Puebla Times","isPartOf":{"@id":"https:\/\/thepueblatimes.mx\/#website"},"datePublished":"2024-11-28T00:02:20+00:00","dateModified":"2024-11-28T00:02:20+00:00","author":{"@id":"https:\/\/thepueblatimes.mx\/#\/schema\/person\/1664894c2f65ce2c7a08d8f5f905c13c"},"breadcrumb":{"@id":"https:\/\/thepueblatimes.mx\/index.php\/2024\/11\/27\/reporta-salud-25-personas-hospitalizadas-por-dengue\/#breadcrumb"},"inLanguage":"es","potentialAction":[{"@type":"ReadAction","target":["https:\/\/thepueblatimes.mx\/index.php\/2024\/11\/27\/reporta-salud-25-personas-hospitalizadas-por-dengue\/"]}]},{"@type":"BreadcrumbList","@id":"https:\/\/thepueblatimes.mx\/index.php\/2024\/11\/27\/reporta-salud-25-personas-hospitalizadas-por-dengue\/#breadcrumb","itemListElement":[{"@type":"ListItem","position":1,"name":"Portada","item":"https:\/\/thepueblatimes.mx\/"},{"@type":"ListItem","position":2,"name":"Reporta Salud 25 personas hospitalizadas por dengue"}]},{"@type":"WebSite","@id":"https:\/\/thepueblatimes.mx\/#website","url":"https:\/\/thepueblatimes.mx\/","name":"The Puebla Times","description":"Noticias del Estado de Puebla","potentialAction":[{"@type":"SearchAction","target":{"@type":"EntryPoint","urlTemplate":"https:\/\/thepueblatimes.mx\/?s={search_term_string}"},"query-input":"required name=search_term_string"}],"inLanguage":"es"},{"@type":"Person","@id":"https:\/\/thepueblatimes.mx\/#\/schema\/person\/1664894c2f65ce2c7a08d8f5f905c13c","name":"Sa\u00fal Hern\u00e1ndez","image":{"@type":"ImageObject","inLanguage":"es","@id":"https:\/\/thepueblatimes.mx\/#\/schema\/person\/image\/","url":"https:\/\/secure.gravatar.com\/avatar\/11be338693f243309532caad8f10c930?s=96&d=mm&r=g","contentUrl":"https:\/\/secure.gravatar.com\/avatar\/11be338693f243309532caad8f10c930?s=96&d=mm&r=g","caption":"Sa\u00fal Hern\u00e1ndez"},"url":"https:\/\/thepueblatimes.mx\/index.php\/author\/saulhernandez\/"}]}},"jetpack_featured_media_url":"https:\/\/thepueblatimes.mx\/wp-content\/uploads\/2024\/11\/25_2_1-scaled.jpg","_links":{"self":[{"href":"https:\/\/thepueblatimes.mx\/index.php\/wp-json\/wp\/v2\/posts\/26393"}],"collection":[{"href":"https:\/\/thepueblatimes.mx\/index.php\/wp-json\/wp\/v2\/posts"}],"about":[{"href":"https:\/\/thepueblatimes.mx\/index.php\/wp-json\/wp\/v2\/types\/post"}],"author":[{"embeddable":true,"href":"https:\/\/thepueblatimes.mx\/index.php\/wp-json\/wp\/v2\/users\/16"}],"replies":[{"embeddable":true,"href":"https:\/\/thepueblatimes.mx\/index.php\/wp-json\/wp\/v2\/comments?post=26393"}],"version-history":[{"count":1,"href":"https:\/\/thepueblatimes.mx\/index.php\/wp-json\/wp\/v2\/posts\/26393\/revisions"}],"predecessor-version":[{"id":26395,"href":"https:\/\/thepueblatimes.mx\/index.php\/wp-json\/wp\/v2\/posts\/26393\/revisions\/26395"}],"wp:featuredmedia":[{"embeddable":true,"href":"https:\/\/thepueblatimes.mx\/index.php\/wp-json\/wp\/v2\/media\/26394"}],"wp:attachment":[{"href":"https:\/\/thepueblatimes.mx\/index.php\/wp-json\/wp\/v2\/media?parent=26393"}],"wp:term":[{"taxonomy":"category","embeddable":true,"href":"https:\/\/thepueblatimes.mx\/index.php\/wp-json\/wp\/v2\/categories?post=26393"},{"taxonomy":"post_tag","embeddable":true,"href":"https:\/\/thepueblatimes.mx\/index.php\/wp-json\/wp\/v2\/tags?post=26393"}],"curies":[{"name":"wp","href":"https:\/\/api.w.org\/{rel}","templated":true}]}}