{"id":26367,"date":"2024-11-26T16:43:19","date_gmt":"2024-11-26T22:43:19","guid":{"rendered":"https:\/\/thepueblatimes.mx\/?p=26367"},"modified":"2024-11-26T16:43:19","modified_gmt":"2024-11-26T22:43:19","slug":"omar-munoz-asume-un-compromiso-de-dificil-cumplimiento","status":"publish","type":"post","link":"https:\/\/thepueblatimes.mx\/index.php\/2024\/11\/26\/omar-munoz-asume-un-compromiso-de-dificil-cumplimiento\/","title":{"rendered":"Omar Mu\u00f1oz asume un compromiso de dif\u00edcil cumplimiento"},"content":{"rendered":"<p>POR FRED ESTRADA<\/p>\n<p>A pesar de que Cuautlancingo tiene un registro de violencia contra las mujeres que lo llev\u00f3 a ser uno de los municipios poblanos con Alerta de G\u00e9nero, que a pesar del tiempo no se ha podido superar, el edil Omar Mu\u00f1oz asegura que en su administraci\u00f3n no se permitir\u00e1 ning\u00fan tipo de violencia contra las mujeres.<\/p>\n<p>El compromiso expresado en el marco de la conmemoraci\u00f3n del D\u00eda Internacional de la Eliminaci\u00f3n de la Violencia Contra la Mujer, encuadra en el marco del comportamiento tradicional de los pol\u00edticos que gustan de asumir compromisos en el discurso a la espera de que sean diluidos con el paso del tiempo y las circunstancias.<\/p>\n<p>Sin duda se trata de un compromiso de f\u00e1cil expresi\u00f3n pero muy dif\u00edcil cumplimiento que m\u00e1s temprano que tarde terminar\u00e1 por revertirse en contra de la imagen de Omar Mu\u00f1oz.<\/p>\n<p>El tiempo y las circunstancias as\u00ed como los registros oficiales, as\u00ed como la percepci\u00f3n social m\u00e1s temprano que tarde se encargar\u00e1n de evidenciar la realidad que prevalecer\u00e1 en Cuautlancingo.<\/p>\n<p>Al concluir noviembre los registros oficiales de la Fiscal\u00eda poblana comenzar\u00e1n a mostrar, con base a las carpetas de investigaci\u00f3n cu\u00e1l es el panorama que presenta Cuautlancingo, bajo la presidencia de Omar Mu\u00f1oz.<\/p>\n<p>Lo deseable es que se cumpliera el compromiso asumido se cumpliera, pero la terca de realidad terminar\u00e1 por imponerse.<\/p>\n","protected":false},"excerpt":{"rendered":"<p>POR FRED ESTRADA A pesar de que Cuautlancingo tiene un registro de violencia contra las mujeres que lo llev\u00f3 a ser uno de los municipios poblanos con Alerta de G\u00e9nero, que a pesar del tiempo no se ha podido superar, el edil Omar Mu\u00f1oz asegura que en su administraci\u00f3n no se permitir\u00e1 ning\u00fan tipo de&#8230;<\/p>\n","protected":false},"author":16,"featured_media":26368,"comment_status":"closed","ping_status":"closed","sticky":false,"template":"","format":"standard","meta":[],"categories":[11],"tags":[2559,343,2541,2280],"yoast_head":"<!-- This site is optimized with the Yoast SEO plugin v20.8 - https:\/\/yoast.com\/wordpress\/plugins\/seo\/ -->\n<title>Omar Mu\u00f1oz asume un compromiso de dif\u00edcil cumplimiento - The Puebla Times<\/title>\n<meta name=\"robots\" content=\"index, follow, max-snippet:-1, max-image-preview:large, max-video-preview:-1\" \/>\n<link rel=\"canonical\" href=\"https:\/\/thepueblatimes.mx\/index.php\/2024\/11\/26\/omar-munoz-asume-un-compromiso-de-dificil-cumplimiento\/\" \/>\n<meta property=\"og:locale\" content=\"es_ES\" \/>\n<meta property=\"og:type\" content=\"article\" \/>\n<meta property=\"og:title\" content=\"Omar Mu\u00f1oz asume un compromiso de dif\u00edcil cumplimiento - The Puebla Times\" \/>\n<meta property=\"og:description\" content=\"POR FRED ESTRADA A pesar de que Cuautlancingo tiene un registro de violencia contra las mujeres que lo llev\u00f3 a ser uno de los municipios poblanos con Alerta de G\u00e9nero, que a pesar del tiempo no se ha podido superar, el edil Omar Mu\u00f1oz asegura que en su administraci\u00f3n no se permitir\u00e1 ning\u00fan tipo de...\" \/>\n<meta property=\"og:url\" content=\"https:\/\/thepueblatimes.mx\/index.php\/2024\/11\/26\/omar-munoz-asume-un-compromiso-de-dificil-cumplimiento\/\" \/>\n<meta property=\"og:site_name\" content=\"The Puebla Times\" \/>\n<meta property=\"article:published_time\" content=\"2024-11-26T22:43:19+00:00\" \/>\n<meta property=\"og:image\" content=\"https:\/\/thepueblatimes.mx\/wp-content\/uploads\/2024\/11\/468332250_1113470964119033_9163124483550625916_n.jpg\" \/>\n\t<meta property=\"og:image:width\" content=\"1444\" \/>\n\t<meta property=\"og:image:height\" content=\"1460\" \/>\n\t<meta property=\"og:image:type\" content=\"image\/jpeg\" \/>\n<meta name=\"author\" content=\"Sa\u00fal Hern\u00e1ndez\" \/>\n<meta name=\"twitter:card\" content=\"summary_large_image\" \/>\n<meta name=\"twitter:label1\" content=\"Escrito por\" \/>\n\t<meta name=\"twitter:data1\" content=\"Sa\u00fal Hern\u00e1ndez\" \/>\n\t<meta name=\"twitter:label2\" content=\"Tiempo de lectura\" \/>\n\t<meta name=\"twitter:data2\" content=\"2 minutos\" \/>\n<script type=\"application\/ld+json\" class=\"yoast-schema-graph\">{\"@context\":\"https:\/\/schema.org\",\"@graph\":[{\"@type\":\"WebPage\",\"@id\":\"https:\/\/thepueblatimes.mx\/index.php\/2024\/11\/26\/omar-munoz-asume-un-compromiso-de-dificil-cumplimiento\/\",\"url\":\"https:\/\/thepueblatimes.mx\/index.php\/2024\/11\/26\/omar-munoz-asume-un-compromiso-de-dificil-cumplimiento\/\",\"name\":\"Omar Mu\u00f1oz asume un compromiso de dif\u00edcil cumplimiento - The Puebla Times\",\"isPartOf\":{\"@id\":\"https:\/\/thepueblatimes.mx\/#website\"},\"datePublished\":\"2024-11-26T22:43:19+00:00\",\"dateModified\":\"2024-11-26T22:43:19+00:00\",\"author\":{\"@id\":\"https:\/\/thepueblatimes.mx\/#\/schema\/person\/1664894c2f65ce2c7a08d8f5f905c13c\"},\"breadcrumb\":{\"@id\":\"https:\/\/thepueblatimes.mx\/index.php\/2024\/11\/26\/omar-munoz-asume-un-compromiso-de-dificil-cumplimiento\/#breadcrumb\"},\"inLanguage\":\"es\",\"potentialAction\":[{\"@type\":\"ReadAction\",\"target\":[\"https:\/\/thepueblatimes.mx\/index.php\/2024\/11\/26\/omar-munoz-asume-un-compromiso-de-dificil-cumplimiento\/\"]}]},{\"@type\":\"BreadcrumbList\",\"@id\":\"https:\/\/thepueblatimes.mx\/index.php\/2024\/11\/26\/omar-munoz-asume-un-compromiso-de-dificil-cumplimiento\/#breadcrumb\",\"itemListElement\":[{\"@type\":\"ListItem\",\"position\":1,\"name\":\"Portada\",\"item\":\"https:\/\/thepueblatimes.mx\/\"},{\"@type\":\"ListItem\",\"position\":2,\"name\":\"Omar Mu\u00f1oz asume un compromiso de dif\u00edcil cumplimiento\"}]},{\"@type\":\"WebSite\",\"@id\":\"https:\/\/thepueblatimes.mx\/#website\",\"url\":\"https:\/\/thepueblatimes.mx\/\",\"name\":\"The Puebla Times\",\"description\":\"Noticias del Estado de Puebla\",\"potentialAction\":[{\"@type\":\"SearchAction\",\"target\":{\"@type\":\"EntryPoint\",\"urlTemplate\":\"https:\/\/thepueblatimes.mx\/?s={search_term_string}\"},\"query-input\":\"required name=search_term_string\"}],\"inLanguage\":\"es\"},{\"@type\":\"Person\",\"@id\":\"https:\/\/thepueblatimes.mx\/#\/schema\/person\/1664894c2f65ce2c7a08d8f5f905c13c\",\"name\":\"Sa\u00fal Hern\u00e1ndez\",\"image\":{\"@type\":\"ImageObject\",\"inLanguage\":\"es\",\"@id\":\"https:\/\/thepueblatimes.mx\/#\/schema\/person\/image\/\",\"url\":\"https:\/\/secure.gravatar.com\/avatar\/11be338693f243309532caad8f10c930?s=96&d=mm&r=g\",\"contentUrl\":\"https:\/\/secure.gravatar.com\/avatar\/11be338693f243309532caad8f10c930?s=96&d=mm&r=g\",\"caption\":\"Sa\u00fal Hern\u00e1ndez\"},\"url\":\"https:\/\/thepueblatimes.mx\/index.php\/author\/saulhernandez\/\"}]}<\/script>\n<!-- \/ Yoast SEO plugin. -->","yoast_head_json":{"title":"Omar Mu\u00f1oz asume un compromiso de dif\u00edcil cumplimiento - The Puebla Times","robots":{"index":"index","follow":"follow","max-snippet":"max-snippet:-1","max-image-preview":"max-image-preview:large","max-video-preview":"max-video-preview:-1"},"canonical":"https:\/\/thepueblatimes.mx\/index.php\/2024\/11\/26\/omar-munoz-asume-un-compromiso-de-dificil-cumplimiento\/","og_locale":"es_ES","og_type":"article","og_title":"Omar Mu\u00f1oz asume un compromiso de dif\u00edcil cumplimiento - The Puebla Times","og_description":"POR FRED ESTRADA A pesar de que Cuautlancingo tiene un registro de violencia contra las mujeres que lo llev\u00f3 a ser uno de los municipios poblanos con Alerta de G\u00e9nero, que a pesar del tiempo no se ha podido superar, el edil Omar Mu\u00f1oz asegura que en su administraci\u00f3n no se permitir\u00e1 ning\u00fan tipo de...","og_url":"https:\/\/thepueblatimes.mx\/index.php\/2024\/11\/26\/omar-munoz-asume-un-compromiso-de-dificil-cumplimiento\/","og_site_name":"The Puebla Times","article_published_time":"2024-11-26T22:43:19+00:00","og_image":[{"width":1444,"height":1460,"url":"https:\/\/thepueblatimes.mx\/wp-content\/uploads\/2024\/11\/468332250_1113470964119033_9163124483550625916_n.jpg","type":"image\/jpeg"}],"author":"Sa\u00fal Hern\u00e1ndez","twitter_card":"summary_large_image","twitter_misc":{"Escrito por":"Sa\u00fal Hern\u00e1ndez","Tiempo de lectura":"2 minutos"},"schema":{"@context":"https:\/\/schema.org","@graph":[{"@type":"WebPage","@id":"https:\/\/thepueblatimes.mx\/index.php\/2024\/11\/26\/omar-munoz-asume-un-compromiso-de-dificil-cumplimiento\/","url":"https:\/\/thepueblatimes.mx\/index.php\/2024\/11\/26\/omar-munoz-asume-un-compromiso-de-dificil-cumplimiento\/","name":"Omar Mu\u00f1oz asume un compromiso de dif\u00edcil cumplimiento - The Puebla Times","isPartOf":{"@id":"https:\/\/thepueblatimes.mx\/#website"},"datePublished":"2024-11-26T22:43:19+00:00","dateModified":"2024-11-26T22:43:19+00:00","author":{"@id":"https:\/\/thepueblatimes.mx\/#\/schema\/person\/1664894c2f65ce2c7a08d8f5f905c13c"},"breadcrumb":{"@id":"https:\/\/thepueblatimes.mx\/index.php\/2024\/11\/26\/omar-munoz-asume-un-compromiso-de-dificil-cumplimiento\/#breadcrumb"},"inLanguage":"es","potentialAction":[{"@type":"ReadAction","target":["https:\/\/thepueblatimes.mx\/index.php\/2024\/11\/26\/omar-munoz-asume-un-compromiso-de-dificil-cumplimiento\/"]}]},{"@type":"BreadcrumbList","@id":"https:\/\/thepueblatimes.mx\/index.php\/2024\/11\/26\/omar-munoz-asume-un-compromiso-de-dificil-cumplimiento\/#breadcrumb","itemListElement":[{"@type":"ListItem","position":1,"name":"Portada","item":"https:\/\/thepueblatimes.mx\/"},{"@type":"ListItem","position":2,"name":"Omar Mu\u00f1oz asume un compromiso de dif\u00edcil cumplimiento"}]},{"@type":"WebSite","@id":"https:\/\/thepueblatimes.mx\/#website","url":"https:\/\/thepueblatimes.mx\/","name":"The Puebla Times","description":"Noticias del Estado de Puebla","potentialAction":[{"@type":"SearchAction","target":{"@type":"EntryPoint","urlTemplate":"https:\/\/thepueblatimes.mx\/?s={search_term_string}"},"query-input":"required name=search_term_string"}],"inLanguage":"es"},{"@type":"Person","@id":"https:\/\/thepueblatimes.mx\/#\/schema\/person\/1664894c2f65ce2c7a08d8f5f905c13c","name":"Sa\u00fal Hern\u00e1ndez","image":{"@type":"ImageObject","inLanguage":"es","@id":"https:\/\/thepueblatimes.mx\/#\/schema\/person\/image\/","url":"https:\/\/secure.gravatar.com\/avatar\/11be338693f243309532caad8f10c930?s=96&d=mm&r=g","contentUrl":"https:\/\/secure.gravatar.com\/avatar\/11be338693f243309532caad8f10c930?s=96&d=mm&r=g","caption":"Sa\u00fal Hern\u00e1ndez"},"url":"https:\/\/thepueblatimes.mx\/index.php\/author\/saulhernandez\/"}]}},"jetpack_featured_media_url":"https:\/\/thepueblatimes.mx\/wp-content\/uploads\/2024\/11\/468332250_1113470964119033_9163124483550625916_n.jpg","_links":{"self":[{"href":"https:\/\/thepueblatimes.mx\/index.php\/wp-json\/wp\/v2\/posts\/26367"}],"collection":[{"href":"https:\/\/thepueblatimes.mx\/index.php\/wp-json\/wp\/v2\/posts"}],"about":[{"href":"https:\/\/thepueblatimes.mx\/index.php\/wp-json\/wp\/v2\/types\/post"}],"author":[{"embeddable":true,"href":"https:\/\/thepueblatimes.mx\/index.php\/wp-json\/wp\/v2\/users\/16"}],"replies":[{"embeddable":true,"href":"https:\/\/thepueblatimes.mx\/index.php\/wp-json\/wp\/v2\/comments?post=26367"}],"version-history":[{"count":1,"href":"https:\/\/thepueblatimes.mx\/index.php\/wp-json\/wp\/v2\/posts\/26367\/revisions"}],"predecessor-version":[{"id":26369,"href":"https:\/\/thepueblatimes.mx\/index.php\/wp-json\/wp\/v2\/posts\/26367\/revisions\/26369"}],"wp:featuredmedia":[{"embeddable":true,"href":"https:\/\/thepueblatimes.mx\/index.php\/wp-json\/wp\/v2\/media\/26368"}],"wp:attachment":[{"href":"https:\/\/thepueblatimes.mx\/index.php\/wp-json\/wp\/v2\/media?parent=26367"}],"wp:term":[{"taxonomy":"category","embeddable":true,"href":"https:\/\/thepueblatimes.mx\/index.php\/wp-json\/wp\/v2\/categories?post=26367"},{"taxonomy":"post_tag","embeddable":true,"href":"https:\/\/thepueblatimes.mx\/index.php\/wp-json\/wp\/v2\/tags?post=26367"}],"curies":[{"name":"wp","href":"https:\/\/api.w.org\/{rel}","templated":true}]}}