{"id":26245,"date":"2024-11-20T14:45:18","date_gmt":"2024-11-20T20:45:18","guid":{"rendered":"https:\/\/thepueblatimes.mx\/?p=26245"},"modified":"2024-11-20T14:45:18","modified_gmt":"2024-11-20T20:45:18","slug":"entregan-la-medalla-carmen-serdan-a-elena-poniatowska","status":"publish","type":"post","link":"https:\/\/thepueblatimes.mx\/index.php\/2024\/11\/20\/entregan-la-medalla-carmen-serdan-a-elena-poniatowska\/","title":{"rendered":"Entregan la medalla \u2018Carmen Serd\u00e1n\u2019 a Elena Poniatowska"},"content":{"rendered":"<p>POR FRED ESTRADA<\/p>\n<p>La escritora y periodista Elena Poniatowska recibi\u00f3 del gobernador Sergio Salom\u00f3n C\u00e9spedes la medalla \u2018Carmen Serd\u00e1n\u2019 durante la ceremonia conmemorativa del 214 aniversario de la Revoluci\u00f3n Mexicana.<\/p>\n<p>El gobernador Sergio Salom\u00f3n defini\u00f3 a Elena Poniatowska, como \u201cuna adelita contempor\u00e1nea\u201d por su legado como una luchadora social.<\/p>\n<p>Esta es la segunda ocasi\u00f3n en que se otorga la medalla creada por la fundaci\u00f3n \u2018Familia Serd\u00e1n\u2019, el Instituto Nacional de Estudios Hist\u00f3ricos de las Revoluciones de M\u00e9xico (Inehrm) de la Secretar\u00eda de Cultura Federal, y Museos Puebla.<\/p>\n<p>Durante la entrega, el gobernador C\u00e9spedes Peregrina se\u00f1al\u00f3 \u201csu obra y legado remiten a la vida de una luchadora social que, desde su trinchera, con pluma en mano sobre la mesa, fue relatando los primeros pasos de la transici\u00f3n democr\u00e1tica\u201d.<\/p>\n<p>Por su parte, el edil Pepe Chedraui le entreg\u00f3 a la escritora el reconocimiento como Visitante Distinguida de la ciudad de Puebla.<\/p>\n<p>Elena Poniatowska se dijo agradecida de seguir recibiendo este tipo de conmemoraciones a sus 92 a\u00f1os.<\/p>\n","protected":false},"excerpt":{"rendered":"<p>POR FRED ESTRADA La escritora y periodista Elena Poniatowska recibi\u00f3 del gobernador Sergio Salom\u00f3n C\u00e9spedes la medalla \u2018Carmen Serd\u00e1n\u2019 durante la ceremonia conmemorativa del 214 aniversario de la Revoluci\u00f3n Mexicana. El gobernador Sergio Salom\u00f3n defini\u00f3 a Elena Poniatowska, como \u201cuna adelita contempor\u00e1nea\u201d por su legado como una luchadora social. Esta es la segunda ocasi\u00f3n en&#8230;<\/p>\n","protected":false},"author":16,"featured_media":26246,"comment_status":"closed","ping_status":"closed","sticky":false,"template":"","format":"standard","meta":[],"categories":[7],"tags":[2530,2533,2532,2531,1584],"yoast_head":"<!-- This site is optimized with the Yoast SEO plugin v20.8 - https:\/\/yoast.com\/wordpress\/plugins\/seo\/ -->\n<title>Entregan la medalla \u2018Carmen Serd\u00e1n\u2019 a Elena Poniatowska - The Puebla Times<\/title>\n<meta name=\"robots\" content=\"index, follow, max-snippet:-1, max-image-preview:large, max-video-preview:-1\" \/>\n<link rel=\"canonical\" href=\"https:\/\/thepueblatimes.mx\/index.php\/2024\/11\/20\/entregan-la-medalla-carmen-serdan-a-elena-poniatowska\/\" \/>\n<meta property=\"og:locale\" content=\"es_ES\" \/>\n<meta property=\"og:type\" content=\"article\" \/>\n<meta property=\"og:title\" content=\"Entregan la medalla \u2018Carmen Serd\u00e1n\u2019 a Elena Poniatowska - The Puebla Times\" \/>\n<meta property=\"og:description\" content=\"POR FRED ESTRADA La escritora y periodista Elena Poniatowska recibi\u00f3 del gobernador Sergio Salom\u00f3n C\u00e9spedes la medalla \u2018Carmen Serd\u00e1n\u2019 durante la ceremonia conmemorativa del 214 aniversario de la Revoluci\u00f3n Mexicana. El gobernador Sergio Salom\u00f3n defini\u00f3 a Elena Poniatowska, como \u201cuna adelita contempor\u00e1nea\u201d por su legado como una luchadora social. Esta es la segunda ocasi\u00f3n en...\" \/>\n<meta property=\"og:url\" content=\"https:\/\/thepueblatimes.mx\/index.php\/2024\/11\/20\/entregan-la-medalla-carmen-serdan-a-elena-poniatowska\/\" \/>\n<meta property=\"og:site_name\" content=\"The Puebla Times\" \/>\n<meta property=\"article:published_time\" content=\"2024-11-20T20:45:18+00:00\" \/>\n<meta property=\"og:image\" content=\"https:\/\/thepueblatimes.mx\/wp-content\/uploads\/2024\/11\/ElenaPuebla.webp\" \/>\n\t<meta property=\"og:image:width\" content=\"1200\" \/>\n\t<meta property=\"og:image:height\" content=\"675\" \/>\n\t<meta property=\"og:image:type\" content=\"image\/webp\" \/>\n<meta name=\"author\" content=\"Sa\u00fal Hern\u00e1ndez\" \/>\n<meta name=\"twitter:card\" content=\"summary_large_image\" \/>\n<meta name=\"twitter:label1\" content=\"Escrito por\" \/>\n\t<meta name=\"twitter:data1\" content=\"Sa\u00fal Hern\u00e1ndez\" \/>\n\t<meta name=\"twitter:label2\" content=\"Tiempo de lectura\" \/>\n\t<meta name=\"twitter:data2\" content=\"1 minuto\" \/>\n<script type=\"application\/ld+json\" class=\"yoast-schema-graph\">{\"@context\":\"https:\/\/schema.org\",\"@graph\":[{\"@type\":\"WebPage\",\"@id\":\"https:\/\/thepueblatimes.mx\/index.php\/2024\/11\/20\/entregan-la-medalla-carmen-serdan-a-elena-poniatowska\/\",\"url\":\"https:\/\/thepueblatimes.mx\/index.php\/2024\/11\/20\/entregan-la-medalla-carmen-serdan-a-elena-poniatowska\/\",\"name\":\"Entregan la medalla \u2018Carmen Serd\u00e1n\u2019 a Elena Poniatowska - The Puebla Times\",\"isPartOf\":{\"@id\":\"https:\/\/thepueblatimes.mx\/#website\"},\"datePublished\":\"2024-11-20T20:45:18+00:00\",\"dateModified\":\"2024-11-20T20:45:18+00:00\",\"author\":{\"@id\":\"https:\/\/thepueblatimes.mx\/#\/schema\/person\/1664894c2f65ce2c7a08d8f5f905c13c\"},\"breadcrumb\":{\"@id\":\"https:\/\/thepueblatimes.mx\/index.php\/2024\/11\/20\/entregan-la-medalla-carmen-serdan-a-elena-poniatowska\/#breadcrumb\"},\"inLanguage\":\"es\",\"potentialAction\":[{\"@type\":\"ReadAction\",\"target\":[\"https:\/\/thepueblatimes.mx\/index.php\/2024\/11\/20\/entregan-la-medalla-carmen-serdan-a-elena-poniatowska\/\"]}]},{\"@type\":\"BreadcrumbList\",\"@id\":\"https:\/\/thepueblatimes.mx\/index.php\/2024\/11\/20\/entregan-la-medalla-carmen-serdan-a-elena-poniatowska\/#breadcrumb\",\"itemListElement\":[{\"@type\":\"ListItem\",\"position\":1,\"name\":\"Portada\",\"item\":\"https:\/\/thepueblatimes.mx\/\"},{\"@type\":\"ListItem\",\"position\":2,\"name\":\"Entregan la medalla \u2018Carmen Serd\u00e1n\u2019 a Elena Poniatowska\"}]},{\"@type\":\"WebSite\",\"@id\":\"https:\/\/thepueblatimes.mx\/#website\",\"url\":\"https:\/\/thepueblatimes.mx\/\",\"name\":\"The Puebla Times\",\"description\":\"Noticias del Estado de Puebla\",\"potentialAction\":[{\"@type\":\"SearchAction\",\"target\":{\"@type\":\"EntryPoint\",\"urlTemplate\":\"https:\/\/thepueblatimes.mx\/?s={search_term_string}\"},\"query-input\":\"required name=search_term_string\"}],\"inLanguage\":\"es\"},{\"@type\":\"Person\",\"@id\":\"https:\/\/thepueblatimes.mx\/#\/schema\/person\/1664894c2f65ce2c7a08d8f5f905c13c\",\"name\":\"Sa\u00fal Hern\u00e1ndez\",\"image\":{\"@type\":\"ImageObject\",\"inLanguage\":\"es\",\"@id\":\"https:\/\/thepueblatimes.mx\/#\/schema\/person\/image\/\",\"url\":\"https:\/\/secure.gravatar.com\/avatar\/11be338693f243309532caad8f10c930?s=96&d=mm&r=g\",\"contentUrl\":\"https:\/\/secure.gravatar.com\/avatar\/11be338693f243309532caad8f10c930?s=96&d=mm&r=g\",\"caption\":\"Sa\u00fal Hern\u00e1ndez\"},\"url\":\"https:\/\/thepueblatimes.mx\/index.php\/author\/saulhernandez\/\"}]}<\/script>\n<!-- \/ Yoast SEO plugin. -->","yoast_head_json":{"title":"Entregan la medalla \u2018Carmen Serd\u00e1n\u2019 a Elena Poniatowska - The Puebla Times","robots":{"index":"index","follow":"follow","max-snippet":"max-snippet:-1","max-image-preview":"max-image-preview:large","max-video-preview":"max-video-preview:-1"},"canonical":"https:\/\/thepueblatimes.mx\/index.php\/2024\/11\/20\/entregan-la-medalla-carmen-serdan-a-elena-poniatowska\/","og_locale":"es_ES","og_type":"article","og_title":"Entregan la medalla \u2018Carmen Serd\u00e1n\u2019 a Elena Poniatowska - The Puebla Times","og_description":"POR FRED ESTRADA La escritora y periodista Elena Poniatowska recibi\u00f3 del gobernador Sergio Salom\u00f3n C\u00e9spedes la medalla \u2018Carmen Serd\u00e1n\u2019 durante la ceremonia conmemorativa del 214 aniversario de la Revoluci\u00f3n Mexicana. El gobernador Sergio Salom\u00f3n defini\u00f3 a Elena Poniatowska, como \u201cuna adelita contempor\u00e1nea\u201d por su legado como una luchadora social. Esta es la segunda ocasi\u00f3n en...","og_url":"https:\/\/thepueblatimes.mx\/index.php\/2024\/11\/20\/entregan-la-medalla-carmen-serdan-a-elena-poniatowska\/","og_site_name":"The Puebla Times","article_published_time":"2024-11-20T20:45:18+00:00","og_image":[{"width":1200,"height":675,"url":"https:\/\/thepueblatimes.mx\/wp-content\/uploads\/2024\/11\/ElenaPuebla.webp","type":"image\/webp"}],"author":"Sa\u00fal Hern\u00e1ndez","twitter_card":"summary_large_image","twitter_misc":{"Escrito por":"Sa\u00fal Hern\u00e1ndez","Tiempo de lectura":"1 minuto"},"schema":{"@context":"https:\/\/schema.org","@graph":[{"@type":"WebPage","@id":"https:\/\/thepueblatimes.mx\/index.php\/2024\/11\/20\/entregan-la-medalla-carmen-serdan-a-elena-poniatowska\/","url":"https:\/\/thepueblatimes.mx\/index.php\/2024\/11\/20\/entregan-la-medalla-carmen-serdan-a-elena-poniatowska\/","name":"Entregan la medalla \u2018Carmen Serd\u00e1n\u2019 a Elena Poniatowska - The Puebla Times","isPartOf":{"@id":"https:\/\/thepueblatimes.mx\/#website"},"datePublished":"2024-11-20T20:45:18+00:00","dateModified":"2024-11-20T20:45:18+00:00","author":{"@id":"https:\/\/thepueblatimes.mx\/#\/schema\/person\/1664894c2f65ce2c7a08d8f5f905c13c"},"breadcrumb":{"@id":"https:\/\/thepueblatimes.mx\/index.php\/2024\/11\/20\/entregan-la-medalla-carmen-serdan-a-elena-poniatowska\/#breadcrumb"},"inLanguage":"es","potentialAction":[{"@type":"ReadAction","target":["https:\/\/thepueblatimes.mx\/index.php\/2024\/11\/20\/entregan-la-medalla-carmen-serdan-a-elena-poniatowska\/"]}]},{"@type":"BreadcrumbList","@id":"https:\/\/thepueblatimes.mx\/index.php\/2024\/11\/20\/entregan-la-medalla-carmen-serdan-a-elena-poniatowska\/#breadcrumb","itemListElement":[{"@type":"ListItem","position":1,"name":"Portada","item":"https:\/\/thepueblatimes.mx\/"},{"@type":"ListItem","position":2,"name":"Entregan la medalla \u2018Carmen Serd\u00e1n\u2019 a Elena Poniatowska"}]},{"@type":"WebSite","@id":"https:\/\/thepueblatimes.mx\/#website","url":"https:\/\/thepueblatimes.mx\/","name":"The Puebla Times","description":"Noticias del Estado de Puebla","potentialAction":[{"@type":"SearchAction","target":{"@type":"EntryPoint","urlTemplate":"https:\/\/thepueblatimes.mx\/?s={search_term_string}"},"query-input":"required name=search_term_string"}],"inLanguage":"es"},{"@type":"Person","@id":"https:\/\/thepueblatimes.mx\/#\/schema\/person\/1664894c2f65ce2c7a08d8f5f905c13c","name":"Sa\u00fal Hern\u00e1ndez","image":{"@type":"ImageObject","inLanguage":"es","@id":"https:\/\/thepueblatimes.mx\/#\/schema\/person\/image\/","url":"https:\/\/secure.gravatar.com\/avatar\/11be338693f243309532caad8f10c930?s=96&d=mm&r=g","contentUrl":"https:\/\/secure.gravatar.com\/avatar\/11be338693f243309532caad8f10c930?s=96&d=mm&r=g","caption":"Sa\u00fal Hern\u00e1ndez"},"url":"https:\/\/thepueblatimes.mx\/index.php\/author\/saulhernandez\/"}]}},"jetpack_featured_media_url":"https:\/\/thepueblatimes.mx\/wp-content\/uploads\/2024\/11\/ElenaPuebla.webp","_links":{"self":[{"href":"https:\/\/thepueblatimes.mx\/index.php\/wp-json\/wp\/v2\/posts\/26245"}],"collection":[{"href":"https:\/\/thepueblatimes.mx\/index.php\/wp-json\/wp\/v2\/posts"}],"about":[{"href":"https:\/\/thepueblatimes.mx\/index.php\/wp-json\/wp\/v2\/types\/post"}],"author":[{"embeddable":true,"href":"https:\/\/thepueblatimes.mx\/index.php\/wp-json\/wp\/v2\/users\/16"}],"replies":[{"embeddable":true,"href":"https:\/\/thepueblatimes.mx\/index.php\/wp-json\/wp\/v2\/comments?post=26245"}],"version-history":[{"count":1,"href":"https:\/\/thepueblatimes.mx\/index.php\/wp-json\/wp\/v2\/posts\/26245\/revisions"}],"predecessor-version":[{"id":26247,"href":"https:\/\/thepueblatimes.mx\/index.php\/wp-json\/wp\/v2\/posts\/26245\/revisions\/26247"}],"wp:featuredmedia":[{"embeddable":true,"href":"https:\/\/thepueblatimes.mx\/index.php\/wp-json\/wp\/v2\/media\/26246"}],"wp:attachment":[{"href":"https:\/\/thepueblatimes.mx\/index.php\/wp-json\/wp\/v2\/media?parent=26245"}],"wp:term":[{"taxonomy":"category","embeddable":true,"href":"https:\/\/thepueblatimes.mx\/index.php\/wp-json\/wp\/v2\/categories?post=26245"},{"taxonomy":"post_tag","embeddable":true,"href":"https:\/\/thepueblatimes.mx\/index.php\/wp-json\/wp\/v2\/tags?post=26245"}],"curies":[{"name":"wp","href":"https:\/\/api.w.org\/{rel}","templated":true}]}}