{"id":26196,"date":"2024-11-18T12:38:59","date_gmt":"2024-11-18T18:38:59","guid":{"rendered":"https:\/\/thepueblatimes.mx\/?p=26196"},"modified":"2024-11-18T12:38:59","modified_gmt":"2024-11-18T18:38:59","slug":"hombre-es-asesinado-frente-a-su-familia-en-la-colonia-naciones-unidas","status":"publish","type":"post","link":"https:\/\/thepueblatimes.mx\/index.php\/2024\/11\/18\/hombre-es-asesinado-frente-a-su-familia-en-la-colonia-naciones-unidas\/","title":{"rendered":"Hombre es asesinado frente a su familia en la colonia Naciones Unidas"},"content":{"rendered":"<p>En la colonia Naciones Unidas, ubicada al norte de la ciudad de Puebla, fue asesinado de un disparo en la cabeza, un hombre identificado como Marco Antonio N.<\/p>\n<p>La agresi\u00f3n se registr\u00f3 entre las calles 70 ooniente y Barranquilla, hasta donde llegaron elementos de la Polic\u00eda Municipal quienes recibieron un reporte sobre disparos de armas de fuego.<\/p>\n<p>Seg\u00fan los familiares del occiso, los asesinos viajaban en una motocicleta y dispararon para luego darse a la fuga, no obstante aclararon que saben exactamente quienes son.<\/p>\n<p>Polic\u00edas Municipales acordonaron la zona mientras personal de la Fiscal\u00eda General del Estado qued\u00f3 a cargo de las diligencias de levantamiento de cad\u00e1ver.<\/p>\n","protected":false},"excerpt":{"rendered":"<p>En la colonia Naciones Unidas, ubicada al norte de la ciudad de Puebla, fue asesinado de un disparo en la cabeza, un hombre identificado como Marco Antonio N. La agresi\u00f3n se registr\u00f3 entre las calles 70 ooniente y Barranquilla, hasta donde llegaron elementos de la Polic\u00eda Municipal quienes recibieron un reporte sobre disparos de armas&#8230;<\/p>\n","protected":false},"author":16,"featured_media":26197,"comment_status":"closed","ping_status":"closed","sticky":false,"template":"","format":"standard","meta":[],"categories":[121],"tags":[1308,249,1301],"yoast_head":"<!-- This site is optimized with the Yoast SEO plugin v20.8 - https:\/\/yoast.com\/wordpress\/plugins\/seo\/ -->\n<title>Hombre es asesinado frente a su familia en la colonia Naciones Unidas - The Puebla Times<\/title>\n<meta name=\"robots\" content=\"index, follow, max-snippet:-1, max-image-preview:large, max-video-preview:-1\" \/>\n<link rel=\"canonical\" href=\"https:\/\/thepueblatimes.mx\/index.php\/2024\/11\/18\/hombre-es-asesinado-frente-a-su-familia-en-la-colonia-naciones-unidas\/\" \/>\n<meta property=\"og:locale\" content=\"es_ES\" \/>\n<meta property=\"og:type\" content=\"article\" \/>\n<meta property=\"og:title\" content=\"Hombre es asesinado frente a su familia en la colonia Naciones Unidas - The Puebla Times\" \/>\n<meta property=\"og:description\" content=\"En la colonia Naciones Unidas, ubicada al norte de la ciudad de Puebla, fue asesinado de un disparo en la cabeza, un hombre identificado como Marco Antonio N. La agresi\u00f3n se registr\u00f3 entre las calles 70 ooniente y Barranquilla, hasta donde llegaron elementos de la Polic\u00eda Municipal quienes recibieron un reporte sobre disparos de armas...\" \/>\n<meta property=\"og:url\" content=\"https:\/\/thepueblatimes.mx\/index.php\/2024\/11\/18\/hombre-es-asesinado-frente-a-su-familia-en-la-colonia-naciones-unidas\/\" \/>\n<meta property=\"og:site_name\" content=\"The Puebla Times\" \/>\n<meta property=\"article:published_time\" content=\"2024-11-18T18:38:59+00:00\" \/>\n<meta property=\"og:image\" content=\"https:\/\/thepueblatimes.mx\/wp-content\/uploads\/2024\/11\/WhatsApp-Image-2024-11-18-at-09.45.33.jpeg\" \/>\n\t<meta property=\"og:image:width\" content=\"1183\" \/>\n\t<meta property=\"og:image:height\" content=\"813\" \/>\n\t<meta property=\"og:image:type\" content=\"image\/jpeg\" \/>\n<meta name=\"author\" content=\"Sa\u00fal Hern\u00e1ndez\" \/>\n<meta name=\"twitter:card\" content=\"summary_large_image\" \/>\n<meta name=\"twitter:label1\" content=\"Escrito por\" \/>\n\t<meta name=\"twitter:data1\" content=\"Sa\u00fal Hern\u00e1ndez\" \/>\n\t<meta name=\"twitter:label2\" content=\"Tiempo de lectura\" \/>\n\t<meta name=\"twitter:data2\" content=\"1 minuto\" \/>\n<script type=\"application\/ld+json\" class=\"yoast-schema-graph\">{\"@context\":\"https:\/\/schema.org\",\"@graph\":[{\"@type\":\"WebPage\",\"@id\":\"https:\/\/thepueblatimes.mx\/index.php\/2024\/11\/18\/hombre-es-asesinado-frente-a-su-familia-en-la-colonia-naciones-unidas\/\",\"url\":\"https:\/\/thepueblatimes.mx\/index.php\/2024\/11\/18\/hombre-es-asesinado-frente-a-su-familia-en-la-colonia-naciones-unidas\/\",\"name\":\"Hombre es asesinado frente a su familia en la colonia Naciones Unidas - The Puebla Times\",\"isPartOf\":{\"@id\":\"https:\/\/thepueblatimes.mx\/#website\"},\"datePublished\":\"2024-11-18T18:38:59+00:00\",\"dateModified\":\"2024-11-18T18:38:59+00:00\",\"author\":{\"@id\":\"https:\/\/thepueblatimes.mx\/#\/schema\/person\/1664894c2f65ce2c7a08d8f5f905c13c\"},\"breadcrumb\":{\"@id\":\"https:\/\/thepueblatimes.mx\/index.php\/2024\/11\/18\/hombre-es-asesinado-frente-a-su-familia-en-la-colonia-naciones-unidas\/#breadcrumb\"},\"inLanguage\":\"es\",\"potentialAction\":[{\"@type\":\"ReadAction\",\"target\":[\"https:\/\/thepueblatimes.mx\/index.php\/2024\/11\/18\/hombre-es-asesinado-frente-a-su-familia-en-la-colonia-naciones-unidas\/\"]}]},{\"@type\":\"BreadcrumbList\",\"@id\":\"https:\/\/thepueblatimes.mx\/index.php\/2024\/11\/18\/hombre-es-asesinado-frente-a-su-familia-en-la-colonia-naciones-unidas\/#breadcrumb\",\"itemListElement\":[{\"@type\":\"ListItem\",\"position\":1,\"name\":\"Portada\",\"item\":\"https:\/\/thepueblatimes.mx\/\"},{\"@type\":\"ListItem\",\"position\":2,\"name\":\"Hombre es asesinado frente a su familia en la colonia Naciones Unidas\"}]},{\"@type\":\"WebSite\",\"@id\":\"https:\/\/thepueblatimes.mx\/#website\",\"url\":\"https:\/\/thepueblatimes.mx\/\",\"name\":\"The Puebla Times\",\"description\":\"Noticias del Estado de Puebla\",\"potentialAction\":[{\"@type\":\"SearchAction\",\"target\":{\"@type\":\"EntryPoint\",\"urlTemplate\":\"https:\/\/thepueblatimes.mx\/?s={search_term_string}\"},\"query-input\":\"required name=search_term_string\"}],\"inLanguage\":\"es\"},{\"@type\":\"Person\",\"@id\":\"https:\/\/thepueblatimes.mx\/#\/schema\/person\/1664894c2f65ce2c7a08d8f5f905c13c\",\"name\":\"Sa\u00fal Hern\u00e1ndez\",\"image\":{\"@type\":\"ImageObject\",\"inLanguage\":\"es\",\"@id\":\"https:\/\/thepueblatimes.mx\/#\/schema\/person\/image\/\",\"url\":\"https:\/\/secure.gravatar.com\/avatar\/11be338693f243309532caad8f10c930?s=96&d=mm&r=g\",\"contentUrl\":\"https:\/\/secure.gravatar.com\/avatar\/11be338693f243309532caad8f10c930?s=96&d=mm&r=g\",\"caption\":\"Sa\u00fal Hern\u00e1ndez\"},\"url\":\"https:\/\/thepueblatimes.mx\/index.php\/author\/saulhernandez\/\"}]}<\/script>\n<!-- \/ Yoast SEO plugin. -->","yoast_head_json":{"title":"Hombre es asesinado frente a su familia en la colonia Naciones Unidas - The Puebla Times","robots":{"index":"index","follow":"follow","max-snippet":"max-snippet:-1","max-image-preview":"max-image-preview:large","max-video-preview":"max-video-preview:-1"},"canonical":"https:\/\/thepueblatimes.mx\/index.php\/2024\/11\/18\/hombre-es-asesinado-frente-a-su-familia-en-la-colonia-naciones-unidas\/","og_locale":"es_ES","og_type":"article","og_title":"Hombre es asesinado frente a su familia en la colonia Naciones Unidas - The Puebla Times","og_description":"En la colonia Naciones Unidas, ubicada al norte de la ciudad de Puebla, fue asesinado de un disparo en la cabeza, un hombre identificado como Marco Antonio N. La agresi\u00f3n se registr\u00f3 entre las calles 70 ooniente y Barranquilla, hasta donde llegaron elementos de la Polic\u00eda Municipal quienes recibieron un reporte sobre disparos de armas...","og_url":"https:\/\/thepueblatimes.mx\/index.php\/2024\/11\/18\/hombre-es-asesinado-frente-a-su-familia-en-la-colonia-naciones-unidas\/","og_site_name":"The Puebla Times","article_published_time":"2024-11-18T18:38:59+00:00","og_image":[{"width":1183,"height":813,"url":"https:\/\/thepueblatimes.mx\/wp-content\/uploads\/2024\/11\/WhatsApp-Image-2024-11-18-at-09.45.33.jpeg","type":"image\/jpeg"}],"author":"Sa\u00fal Hern\u00e1ndez","twitter_card":"summary_large_image","twitter_misc":{"Escrito por":"Sa\u00fal Hern\u00e1ndez","Tiempo de lectura":"1 minuto"},"schema":{"@context":"https:\/\/schema.org","@graph":[{"@type":"WebPage","@id":"https:\/\/thepueblatimes.mx\/index.php\/2024\/11\/18\/hombre-es-asesinado-frente-a-su-familia-en-la-colonia-naciones-unidas\/","url":"https:\/\/thepueblatimes.mx\/index.php\/2024\/11\/18\/hombre-es-asesinado-frente-a-su-familia-en-la-colonia-naciones-unidas\/","name":"Hombre es asesinado frente a su familia en la colonia Naciones Unidas - The Puebla Times","isPartOf":{"@id":"https:\/\/thepueblatimes.mx\/#website"},"datePublished":"2024-11-18T18:38:59+00:00","dateModified":"2024-11-18T18:38:59+00:00","author":{"@id":"https:\/\/thepueblatimes.mx\/#\/schema\/person\/1664894c2f65ce2c7a08d8f5f905c13c"},"breadcrumb":{"@id":"https:\/\/thepueblatimes.mx\/index.php\/2024\/11\/18\/hombre-es-asesinado-frente-a-su-familia-en-la-colonia-naciones-unidas\/#breadcrumb"},"inLanguage":"es","potentialAction":[{"@type":"ReadAction","target":["https:\/\/thepueblatimes.mx\/index.php\/2024\/11\/18\/hombre-es-asesinado-frente-a-su-familia-en-la-colonia-naciones-unidas\/"]}]},{"@type":"BreadcrumbList","@id":"https:\/\/thepueblatimes.mx\/index.php\/2024\/11\/18\/hombre-es-asesinado-frente-a-su-familia-en-la-colonia-naciones-unidas\/#breadcrumb","itemListElement":[{"@type":"ListItem","position":1,"name":"Portada","item":"https:\/\/thepueblatimes.mx\/"},{"@type":"ListItem","position":2,"name":"Hombre es asesinado frente a su familia en la colonia Naciones Unidas"}]},{"@type":"WebSite","@id":"https:\/\/thepueblatimes.mx\/#website","url":"https:\/\/thepueblatimes.mx\/","name":"The Puebla Times","description":"Noticias del Estado de Puebla","potentialAction":[{"@type":"SearchAction","target":{"@type":"EntryPoint","urlTemplate":"https:\/\/thepueblatimes.mx\/?s={search_term_string}"},"query-input":"required name=search_term_string"}],"inLanguage":"es"},{"@type":"Person","@id":"https:\/\/thepueblatimes.mx\/#\/schema\/person\/1664894c2f65ce2c7a08d8f5f905c13c","name":"Sa\u00fal Hern\u00e1ndez","image":{"@type":"ImageObject","inLanguage":"es","@id":"https:\/\/thepueblatimes.mx\/#\/schema\/person\/image\/","url":"https:\/\/secure.gravatar.com\/avatar\/11be338693f243309532caad8f10c930?s=96&d=mm&r=g","contentUrl":"https:\/\/secure.gravatar.com\/avatar\/11be338693f243309532caad8f10c930?s=96&d=mm&r=g","caption":"Sa\u00fal Hern\u00e1ndez"},"url":"https:\/\/thepueblatimes.mx\/index.php\/author\/saulhernandez\/"}]}},"jetpack_featured_media_url":"https:\/\/thepueblatimes.mx\/wp-content\/uploads\/2024\/11\/WhatsApp-Image-2024-11-18-at-09.45.33.jpeg","_links":{"self":[{"href":"https:\/\/thepueblatimes.mx\/index.php\/wp-json\/wp\/v2\/posts\/26196"}],"collection":[{"href":"https:\/\/thepueblatimes.mx\/index.php\/wp-json\/wp\/v2\/posts"}],"about":[{"href":"https:\/\/thepueblatimes.mx\/index.php\/wp-json\/wp\/v2\/types\/post"}],"author":[{"embeddable":true,"href":"https:\/\/thepueblatimes.mx\/index.php\/wp-json\/wp\/v2\/users\/16"}],"replies":[{"embeddable":true,"href":"https:\/\/thepueblatimes.mx\/index.php\/wp-json\/wp\/v2\/comments?post=26196"}],"version-history":[{"count":1,"href":"https:\/\/thepueblatimes.mx\/index.php\/wp-json\/wp\/v2\/posts\/26196\/revisions"}],"predecessor-version":[{"id":26198,"href":"https:\/\/thepueblatimes.mx\/index.php\/wp-json\/wp\/v2\/posts\/26196\/revisions\/26198"}],"wp:featuredmedia":[{"embeddable":true,"href":"https:\/\/thepueblatimes.mx\/index.php\/wp-json\/wp\/v2\/media\/26197"}],"wp:attachment":[{"href":"https:\/\/thepueblatimes.mx\/index.php\/wp-json\/wp\/v2\/media?parent=26196"}],"wp:term":[{"taxonomy":"category","embeddable":true,"href":"https:\/\/thepueblatimes.mx\/index.php\/wp-json\/wp\/v2\/categories?post=26196"},{"taxonomy":"post_tag","embeddable":true,"href":"https:\/\/thepueblatimes.mx\/index.php\/wp-json\/wp\/v2\/tags?post=26196"}],"curies":[{"name":"wp","href":"https:\/\/api.w.org\/{rel}","templated":true}]}}