{"id":26186,"date":"2024-11-16T12:33:41","date_gmt":"2024-11-16T18:33:41","guid":{"rendered":"https:\/\/thepueblatimes.mx\/?p=26186"},"modified":"2024-11-16T12:33:41","modified_gmt":"2024-11-16T18:33:41","slug":"olga-romero-garci-crespo-se-mantiene-en-la-dirigencia-estatal-de-morena-en-puebla-hasta-2027","status":"publish","type":"post","link":"https:\/\/thepueblatimes.mx\/index.php\/2024\/11\/16\/olga-romero-garci-crespo-se-mantiene-en-la-dirigencia-estatal-de-morena-en-puebla-hasta-2027\/","title":{"rendered":"Olga Romero Garci-Crespo se mantiene en la dirigencia estatal de Morena, en Puebla, hasta 2027"},"content":{"rendered":"<p>POR DANIEL ROMERO<\/p>\n<p>Olga Romero Garci-Crespo continuar\u00e1 al frente de la dirigencia estatal de Morena. El nombramiento tuvo lugar en la sesi\u00f3n extraordinaria de ese instituto pol\u00edtico que se realiz\u00f3 en el Centro de Convenciones, para la renovaci\u00f3n del Comit\u00e9 Ejecutivo Estatal.<\/p>\n<p>Previo a su ratificaci\u00f3n Romero Garci Crespo expres\u00f3 \u201cmi intenci\u00f3n es continuar apoyando el trabajo que se tiene que hacer en el partido, pero vamos a ver cu\u00e1l es la decisi\u00f3n que tomamos y al final de la Asamblea para a dar a conocer el resultado final\u201d.<\/p>\n<p>Dijo que su intenci\u00f3n es apoyar el trabajo que se debe hacer en beneficio del partido.<\/p>\n<p>Por lo que hace a su eventual incorporaci\u00f3n al gabinete del gobierno estatal expres\u00f3 \u201cyo estoy muy agradecida con el gobernador, la verdad que Puebla no puede tener un mejor gobernador electo y ya en un mes gobernador constitucional, Alejandro Armenta, definitivamente. Yo estoy muy orgullosa de \u00e9l, aparte es una persona a la que admiro y sobre todo, respeto. Entonces, declinar, no\u2026 para nada esa situaci\u00f3n no existe\u201d.<\/p>\n<p>\u201cNo dejo a Morena, creo que es un momento importante para Morena y que creo vamos a hacer un buen trabajo, con las metas del proyecto que nos present\u00f3 nuestro nuestra presidenta.<br \/>\nTambi\u00e9n se concretaron los siguientes nombramientos:<\/p>\n<ol>\n<li>Secretar\u00eda General: Guadalupe Siyancan<\/li>\n<li>Organizaci\u00f3n: Arturo L\u00f3pez V\u00e9lez<\/li>\n<li>Finanzas: Miriam \u00c1vila Peralta<\/li>\n<li>Formaci\u00f3n Pol\u00edtica: Wendolyn Aguilar<\/li>\n<li>Derechos Humanos: Carlos Hern\u00e1ndez<\/li>\n<li>Comunicaci\u00f3n: Isabel Mart\u00ednez<\/li>\n<li>Mujeres: Elizabeth Mar\u00edn<\/li>\n<\/ol>\n","protected":false},"excerpt":{"rendered":"<p>POR DANIEL ROMERO Olga Romero Garci-Crespo continuar\u00e1 al frente de la dirigencia estatal de Morena. El nombramiento tuvo lugar en la sesi\u00f3n extraordinaria de ese instituto pol\u00edtico que se realiz\u00f3 en el Centro de Convenciones, para la renovaci\u00f3n del Comit\u00e9 Ejecutivo Estatal. Previo a su ratificaci\u00f3n Romero Garci Crespo expres\u00f3 \u201cmi intenci\u00f3n es continuar apoyando&#8230;<\/p>\n","protected":false},"author":16,"featured_media":26187,"comment_status":"closed","ping_status":"closed","sticky":false,"template":"","format":"standard","meta":[],"categories":[3],"tags":[2512,2156,1261],"yoast_head":"<!-- This site is optimized with the Yoast SEO plugin v20.8 - https:\/\/yoast.com\/wordpress\/plugins\/seo\/ -->\n<title>Olga Romero Garci-Crespo se mantiene en la dirigencia estatal de Morena, en Puebla, hasta 2027 - The Puebla Times<\/title>\n<meta name=\"robots\" content=\"index, follow, max-snippet:-1, max-image-preview:large, max-video-preview:-1\" \/>\n<link rel=\"canonical\" href=\"https:\/\/thepueblatimes.mx\/index.php\/2024\/11\/16\/olga-romero-garci-crespo-se-mantiene-en-la-dirigencia-estatal-de-morena-en-puebla-hasta-2027\/\" \/>\n<meta property=\"og:locale\" content=\"es_ES\" \/>\n<meta property=\"og:type\" content=\"article\" \/>\n<meta property=\"og:title\" content=\"Olga Romero Garci-Crespo se mantiene en la dirigencia estatal de Morena, en Puebla, hasta 2027 - The Puebla Times\" \/>\n<meta property=\"og:description\" content=\"POR DANIEL ROMERO Olga Romero Garci-Crespo continuar\u00e1 al frente de la dirigencia estatal de Morena. El nombramiento tuvo lugar en la sesi\u00f3n extraordinaria de ese instituto pol\u00edtico que se realiz\u00f3 en el Centro de Convenciones, para la renovaci\u00f3n del Comit\u00e9 Ejecutivo Estatal. Previo a su ratificaci\u00f3n Romero Garci Crespo expres\u00f3 \u201cmi intenci\u00f3n es continuar apoyando...\" \/>\n<meta property=\"og:url\" content=\"https:\/\/thepueblatimes.mx\/index.php\/2024\/11\/16\/olga-romero-garci-crespo-se-mantiene-en-la-dirigencia-estatal-de-morena-en-puebla-hasta-2027\/\" \/>\n<meta property=\"og:site_name\" content=\"The Puebla Times\" \/>\n<meta property=\"article:published_time\" content=\"2024-11-16T18:33:41+00:00\" \/>\n<meta property=\"og:image\" content=\"https:\/\/thepueblatimes.mx\/wp-content\/uploads\/2024\/11\/olga-romero-garci-crespo-1719867065656.png\" \/>\n\t<meta property=\"og:image:width\" content=\"620\" \/>\n\t<meta property=\"og:image:height\" content=\"400\" \/>\n\t<meta property=\"og:image:type\" content=\"image\/png\" \/>\n<meta name=\"author\" content=\"Sa\u00fal Hern\u00e1ndez\" \/>\n<meta name=\"twitter:card\" content=\"summary_large_image\" \/>\n<meta name=\"twitter:label1\" content=\"Escrito por\" \/>\n\t<meta name=\"twitter:data1\" content=\"Sa\u00fal Hern\u00e1ndez\" \/>\n\t<meta name=\"twitter:label2\" content=\"Tiempo de lectura\" \/>\n\t<meta name=\"twitter:data2\" content=\"2 minutos\" \/>\n<script type=\"application\/ld+json\" class=\"yoast-schema-graph\">{\"@context\":\"https:\/\/schema.org\",\"@graph\":[{\"@type\":\"WebPage\",\"@id\":\"https:\/\/thepueblatimes.mx\/index.php\/2024\/11\/16\/olga-romero-garci-crespo-se-mantiene-en-la-dirigencia-estatal-de-morena-en-puebla-hasta-2027\/\",\"url\":\"https:\/\/thepueblatimes.mx\/index.php\/2024\/11\/16\/olga-romero-garci-crespo-se-mantiene-en-la-dirigencia-estatal-de-morena-en-puebla-hasta-2027\/\",\"name\":\"Olga Romero Garci-Crespo se mantiene en la dirigencia estatal de Morena, en Puebla, hasta 2027 - The Puebla Times\",\"isPartOf\":{\"@id\":\"https:\/\/thepueblatimes.mx\/#website\"},\"datePublished\":\"2024-11-16T18:33:41+00:00\",\"dateModified\":\"2024-11-16T18:33:41+00:00\",\"author\":{\"@id\":\"https:\/\/thepueblatimes.mx\/#\/schema\/person\/1664894c2f65ce2c7a08d8f5f905c13c\"},\"breadcrumb\":{\"@id\":\"https:\/\/thepueblatimes.mx\/index.php\/2024\/11\/16\/olga-romero-garci-crespo-se-mantiene-en-la-dirigencia-estatal-de-morena-en-puebla-hasta-2027\/#breadcrumb\"},\"inLanguage\":\"es\",\"potentialAction\":[{\"@type\":\"ReadAction\",\"target\":[\"https:\/\/thepueblatimes.mx\/index.php\/2024\/11\/16\/olga-romero-garci-crespo-se-mantiene-en-la-dirigencia-estatal-de-morena-en-puebla-hasta-2027\/\"]}]},{\"@type\":\"BreadcrumbList\",\"@id\":\"https:\/\/thepueblatimes.mx\/index.php\/2024\/11\/16\/olga-romero-garci-crespo-se-mantiene-en-la-dirigencia-estatal-de-morena-en-puebla-hasta-2027\/#breadcrumb\",\"itemListElement\":[{\"@type\":\"ListItem\",\"position\":1,\"name\":\"Portada\",\"item\":\"https:\/\/thepueblatimes.mx\/\"},{\"@type\":\"ListItem\",\"position\":2,\"name\":\"Olga Romero Garci-Crespo se mantiene en la dirigencia estatal de Morena, en Puebla, hasta 2027\"}]},{\"@type\":\"WebSite\",\"@id\":\"https:\/\/thepueblatimes.mx\/#website\",\"url\":\"https:\/\/thepueblatimes.mx\/\",\"name\":\"The Puebla Times\",\"description\":\"Noticias del Estado de Puebla\",\"potentialAction\":[{\"@type\":\"SearchAction\",\"target\":{\"@type\":\"EntryPoint\",\"urlTemplate\":\"https:\/\/thepueblatimes.mx\/?s={search_term_string}\"},\"query-input\":\"required name=search_term_string\"}],\"inLanguage\":\"es\"},{\"@type\":\"Person\",\"@id\":\"https:\/\/thepueblatimes.mx\/#\/schema\/person\/1664894c2f65ce2c7a08d8f5f905c13c\",\"name\":\"Sa\u00fal Hern\u00e1ndez\",\"image\":{\"@type\":\"ImageObject\",\"inLanguage\":\"es\",\"@id\":\"https:\/\/thepueblatimes.mx\/#\/schema\/person\/image\/\",\"url\":\"https:\/\/secure.gravatar.com\/avatar\/11be338693f243309532caad8f10c930?s=96&d=mm&r=g\",\"contentUrl\":\"https:\/\/secure.gravatar.com\/avatar\/11be338693f243309532caad8f10c930?s=96&d=mm&r=g\",\"caption\":\"Sa\u00fal Hern\u00e1ndez\"},\"url\":\"https:\/\/thepueblatimes.mx\/index.php\/author\/saulhernandez\/\"}]}<\/script>\n<!-- \/ Yoast SEO plugin. -->","yoast_head_json":{"title":"Olga Romero Garci-Crespo se mantiene en la dirigencia estatal de Morena, en Puebla, hasta 2027 - The Puebla Times","robots":{"index":"index","follow":"follow","max-snippet":"max-snippet:-1","max-image-preview":"max-image-preview:large","max-video-preview":"max-video-preview:-1"},"canonical":"https:\/\/thepueblatimes.mx\/index.php\/2024\/11\/16\/olga-romero-garci-crespo-se-mantiene-en-la-dirigencia-estatal-de-morena-en-puebla-hasta-2027\/","og_locale":"es_ES","og_type":"article","og_title":"Olga Romero Garci-Crespo se mantiene en la dirigencia estatal de Morena, en Puebla, hasta 2027 - The Puebla Times","og_description":"POR DANIEL ROMERO Olga Romero Garci-Crespo continuar\u00e1 al frente de la dirigencia estatal de Morena. El nombramiento tuvo lugar en la sesi\u00f3n extraordinaria de ese instituto pol\u00edtico que se realiz\u00f3 en el Centro de Convenciones, para la renovaci\u00f3n del Comit\u00e9 Ejecutivo Estatal. Previo a su ratificaci\u00f3n Romero Garci Crespo expres\u00f3 \u201cmi intenci\u00f3n es continuar apoyando...","og_url":"https:\/\/thepueblatimes.mx\/index.php\/2024\/11\/16\/olga-romero-garci-crespo-se-mantiene-en-la-dirigencia-estatal-de-morena-en-puebla-hasta-2027\/","og_site_name":"The Puebla Times","article_published_time":"2024-11-16T18:33:41+00:00","og_image":[{"width":620,"height":400,"url":"https:\/\/thepueblatimes.mx\/wp-content\/uploads\/2024\/11\/olga-romero-garci-crespo-1719867065656.png","type":"image\/png"}],"author":"Sa\u00fal Hern\u00e1ndez","twitter_card":"summary_large_image","twitter_misc":{"Escrito por":"Sa\u00fal Hern\u00e1ndez","Tiempo de lectura":"2 minutos"},"schema":{"@context":"https:\/\/schema.org","@graph":[{"@type":"WebPage","@id":"https:\/\/thepueblatimes.mx\/index.php\/2024\/11\/16\/olga-romero-garci-crespo-se-mantiene-en-la-dirigencia-estatal-de-morena-en-puebla-hasta-2027\/","url":"https:\/\/thepueblatimes.mx\/index.php\/2024\/11\/16\/olga-romero-garci-crespo-se-mantiene-en-la-dirigencia-estatal-de-morena-en-puebla-hasta-2027\/","name":"Olga Romero Garci-Crespo se mantiene en la dirigencia estatal de Morena, en Puebla, hasta 2027 - The Puebla Times","isPartOf":{"@id":"https:\/\/thepueblatimes.mx\/#website"},"datePublished":"2024-11-16T18:33:41+00:00","dateModified":"2024-11-16T18:33:41+00:00","author":{"@id":"https:\/\/thepueblatimes.mx\/#\/schema\/person\/1664894c2f65ce2c7a08d8f5f905c13c"},"breadcrumb":{"@id":"https:\/\/thepueblatimes.mx\/index.php\/2024\/11\/16\/olga-romero-garci-crespo-se-mantiene-en-la-dirigencia-estatal-de-morena-en-puebla-hasta-2027\/#breadcrumb"},"inLanguage":"es","potentialAction":[{"@type":"ReadAction","target":["https:\/\/thepueblatimes.mx\/index.php\/2024\/11\/16\/olga-romero-garci-crespo-se-mantiene-en-la-dirigencia-estatal-de-morena-en-puebla-hasta-2027\/"]}]},{"@type":"BreadcrumbList","@id":"https:\/\/thepueblatimes.mx\/index.php\/2024\/11\/16\/olga-romero-garci-crespo-se-mantiene-en-la-dirigencia-estatal-de-morena-en-puebla-hasta-2027\/#breadcrumb","itemListElement":[{"@type":"ListItem","position":1,"name":"Portada","item":"https:\/\/thepueblatimes.mx\/"},{"@type":"ListItem","position":2,"name":"Olga Romero Garci-Crespo se mantiene en la dirigencia estatal de Morena, en Puebla, hasta 2027"}]},{"@type":"WebSite","@id":"https:\/\/thepueblatimes.mx\/#website","url":"https:\/\/thepueblatimes.mx\/","name":"The Puebla Times","description":"Noticias del Estado de Puebla","potentialAction":[{"@type":"SearchAction","target":{"@type":"EntryPoint","urlTemplate":"https:\/\/thepueblatimes.mx\/?s={search_term_string}"},"query-input":"required name=search_term_string"}],"inLanguage":"es"},{"@type":"Person","@id":"https:\/\/thepueblatimes.mx\/#\/schema\/person\/1664894c2f65ce2c7a08d8f5f905c13c","name":"Sa\u00fal Hern\u00e1ndez","image":{"@type":"ImageObject","inLanguage":"es","@id":"https:\/\/thepueblatimes.mx\/#\/schema\/person\/image\/","url":"https:\/\/secure.gravatar.com\/avatar\/11be338693f243309532caad8f10c930?s=96&d=mm&r=g","contentUrl":"https:\/\/secure.gravatar.com\/avatar\/11be338693f243309532caad8f10c930?s=96&d=mm&r=g","caption":"Sa\u00fal Hern\u00e1ndez"},"url":"https:\/\/thepueblatimes.mx\/index.php\/author\/saulhernandez\/"}]}},"jetpack_featured_media_url":"https:\/\/thepueblatimes.mx\/wp-content\/uploads\/2024\/11\/olga-romero-garci-crespo-1719867065656.png","_links":{"self":[{"href":"https:\/\/thepueblatimes.mx\/index.php\/wp-json\/wp\/v2\/posts\/26186"}],"collection":[{"href":"https:\/\/thepueblatimes.mx\/index.php\/wp-json\/wp\/v2\/posts"}],"about":[{"href":"https:\/\/thepueblatimes.mx\/index.php\/wp-json\/wp\/v2\/types\/post"}],"author":[{"embeddable":true,"href":"https:\/\/thepueblatimes.mx\/index.php\/wp-json\/wp\/v2\/users\/16"}],"replies":[{"embeddable":true,"href":"https:\/\/thepueblatimes.mx\/index.php\/wp-json\/wp\/v2\/comments?post=26186"}],"version-history":[{"count":1,"href":"https:\/\/thepueblatimes.mx\/index.php\/wp-json\/wp\/v2\/posts\/26186\/revisions"}],"predecessor-version":[{"id":26188,"href":"https:\/\/thepueblatimes.mx\/index.php\/wp-json\/wp\/v2\/posts\/26186\/revisions\/26188"}],"wp:featuredmedia":[{"embeddable":true,"href":"https:\/\/thepueblatimes.mx\/index.php\/wp-json\/wp\/v2\/media\/26187"}],"wp:attachment":[{"href":"https:\/\/thepueblatimes.mx\/index.php\/wp-json\/wp\/v2\/media?parent=26186"}],"wp:term":[{"taxonomy":"category","embeddable":true,"href":"https:\/\/thepueblatimes.mx\/index.php\/wp-json\/wp\/v2\/categories?post=26186"},{"taxonomy":"post_tag","embeddable":true,"href":"https:\/\/thepueblatimes.mx\/index.php\/wp-json\/wp\/v2\/tags?post=26186"}],"curies":[{"name":"wp","href":"https:\/\/api.w.org\/{rel}","templated":true}]}}