{"id":26182,"date":"2024-11-16T11:15:58","date_gmt":"2024-11-16T17:15:58","guid":{"rendered":"https:\/\/thepueblatimes.mx\/?p=26182"},"modified":"2024-11-16T11:20:37","modified_gmt":"2024-11-16T17:20:37","slug":"localizan-entierro-clandestino-en-vivienda-al-norte-de-la-ciudad-de-puebla","status":"publish","type":"post","link":"https:\/\/thepueblatimes.mx\/index.php\/2024\/11\/16\/localizan-entierro-clandestino-en-vivienda-al-norte-de-la-ciudad-de-puebla\/","title":{"rendered":"Localizan entierro clandestino en vivienda al norte de la Ciudad de Puebla"},"content":{"rendered":"<p>POR FRED ESTRADA<\/p>\n<p>La Fiscal\u00eda General del Estado localiz\u00f3 cad\u00e1veres enterrados en una vivienda ubicada en la colonia Miguel Hidalgo ubicada en la zona norte de la capital poblana.<\/p>\n<p>De acuerdo con la informaci\u00f3n preliminar se trata de al menos dos cuerpos, sin embargo las excavaciones se detuvieron en espera de personal de la Comisi\u00f3n de B\u00fasqueda de Personas.<\/p>\n<p>La FGE lleg\u00f3 al sitio por una denuncia de desaparici\u00f3n de personas y durante el cateo hall\u00f3 el entierro clandestino.<\/p>\n<p>En lugar, adem\u00e1s de agentes investigadores de FGE hay personal de SEMEFO y elementos de la Polic\u00eda Estatal y de la Guardia Nacional quienes montaron un per\u00edmetro de resguardo para continuar las indagatorias.<\/p>\n","protected":false},"excerpt":{"rendered":"<p>POR FRED ESTRADA La Fiscal\u00eda General del Estado localiz\u00f3 cad\u00e1veres enterrados en una vivienda ubicada en la colonia Miguel Hidalgo ubicada en la zona norte de la capital poblana. De acuerdo con la informaci\u00f3n preliminar se trata de al menos dos cuerpos, sin embargo las excavaciones se detuvieron en espera de personal de la Comisi\u00f3n&#8230;<\/p>\n","protected":false},"author":16,"featured_media":26183,"comment_status":"closed","ping_status":"closed","sticky":false,"template":"","format":"standard","meta":[],"categories":[20],"tags":[2377,2511,1308],"yoast_head":"<!-- This site is optimized with the Yoast SEO plugin v20.8 - https:\/\/yoast.com\/wordpress\/plugins\/seo\/ -->\n<title>Localizan entierro clandestino en vivienda al norte de la Ciudad de Puebla - The Puebla Times<\/title>\n<meta name=\"robots\" content=\"index, follow, max-snippet:-1, max-image-preview:large, max-video-preview:-1\" \/>\n<link rel=\"canonical\" href=\"https:\/\/thepueblatimes.mx\/index.php\/2024\/11\/16\/localizan-entierro-clandestino-en-vivienda-al-norte-de-la-ciudad-de-puebla\/\" \/>\n<meta property=\"og:locale\" content=\"es_ES\" \/>\n<meta property=\"og:type\" content=\"article\" \/>\n<meta property=\"og:title\" content=\"Localizan entierro clandestino en vivienda al norte de la Ciudad de Puebla - The Puebla Times\" \/>\n<meta property=\"og:description\" content=\"POR FRED ESTRADA La Fiscal\u00eda General del Estado localiz\u00f3 cad\u00e1veres enterrados en una vivienda ubicada en la colonia Miguel Hidalgo ubicada en la zona norte de la capital poblana. De acuerdo con la informaci\u00f3n preliminar se trata de al menos dos cuerpos, sin embargo las excavaciones se detuvieron en espera de personal de la Comisi\u00f3n...\" \/>\n<meta property=\"og:url\" content=\"https:\/\/thepueblatimes.mx\/index.php\/2024\/11\/16\/localizan-entierro-clandestino-en-vivienda-al-norte-de-la-ciudad-de-puebla\/\" \/>\n<meta property=\"og:site_name\" content=\"The Puebla Times\" \/>\n<meta property=\"article:published_time\" content=\"2024-11-16T17:15:58+00:00\" \/>\n<meta property=\"article:modified_time\" content=\"2024-11-16T17:20:37+00:00\" \/>\n<meta property=\"og:image\" content=\"https:\/\/thepueblatimes.mx\/wp-content\/uploads\/2024\/11\/WhatsApp-Image-2024-11-16-at-11.11.00.jpeg\" \/>\n\t<meta property=\"og:image:width\" content=\"874\" \/>\n\t<meta property=\"og:image:height\" content=\"603\" \/>\n\t<meta property=\"og:image:type\" content=\"image\/jpeg\" \/>\n<meta name=\"author\" content=\"Sa\u00fal Hern\u00e1ndez\" \/>\n<meta name=\"twitter:card\" content=\"summary_large_image\" \/>\n<meta name=\"twitter:label1\" content=\"Escrito por\" \/>\n\t<meta name=\"twitter:data1\" content=\"Sa\u00fal Hern\u00e1ndez\" \/>\n\t<meta name=\"twitter:label2\" content=\"Tiempo de lectura\" \/>\n\t<meta name=\"twitter:data2\" content=\"1 minuto\" \/>\n<script type=\"application\/ld+json\" class=\"yoast-schema-graph\">{\"@context\":\"https:\/\/schema.org\",\"@graph\":[{\"@type\":\"WebPage\",\"@id\":\"https:\/\/thepueblatimes.mx\/index.php\/2024\/11\/16\/localizan-entierro-clandestino-en-vivienda-al-norte-de-la-ciudad-de-puebla\/\",\"url\":\"https:\/\/thepueblatimes.mx\/index.php\/2024\/11\/16\/localizan-entierro-clandestino-en-vivienda-al-norte-de-la-ciudad-de-puebla\/\",\"name\":\"Localizan entierro clandestino en vivienda al norte de la Ciudad de Puebla - The Puebla Times\",\"isPartOf\":{\"@id\":\"https:\/\/thepueblatimes.mx\/#website\"},\"datePublished\":\"2024-11-16T17:15:58+00:00\",\"dateModified\":\"2024-11-16T17:20:37+00:00\",\"author\":{\"@id\":\"https:\/\/thepueblatimes.mx\/#\/schema\/person\/1664894c2f65ce2c7a08d8f5f905c13c\"},\"breadcrumb\":{\"@id\":\"https:\/\/thepueblatimes.mx\/index.php\/2024\/11\/16\/localizan-entierro-clandestino-en-vivienda-al-norte-de-la-ciudad-de-puebla\/#breadcrumb\"},\"inLanguage\":\"es\",\"potentialAction\":[{\"@type\":\"ReadAction\",\"target\":[\"https:\/\/thepueblatimes.mx\/index.php\/2024\/11\/16\/localizan-entierro-clandestino-en-vivienda-al-norte-de-la-ciudad-de-puebla\/\"]}]},{\"@type\":\"BreadcrumbList\",\"@id\":\"https:\/\/thepueblatimes.mx\/index.php\/2024\/11\/16\/localizan-entierro-clandestino-en-vivienda-al-norte-de-la-ciudad-de-puebla\/#breadcrumb\",\"itemListElement\":[{\"@type\":\"ListItem\",\"position\":1,\"name\":\"Portada\",\"item\":\"https:\/\/thepueblatimes.mx\/\"},{\"@type\":\"ListItem\",\"position\":2,\"name\":\"Localizan entierro clandestino en vivienda al norte de la Ciudad de Puebla\"}]},{\"@type\":\"WebSite\",\"@id\":\"https:\/\/thepueblatimes.mx\/#website\",\"url\":\"https:\/\/thepueblatimes.mx\/\",\"name\":\"The Puebla Times\",\"description\":\"Noticias del Estado de Puebla\",\"potentialAction\":[{\"@type\":\"SearchAction\",\"target\":{\"@type\":\"EntryPoint\",\"urlTemplate\":\"https:\/\/thepueblatimes.mx\/?s={search_term_string}\"},\"query-input\":\"required name=search_term_string\"}],\"inLanguage\":\"es\"},{\"@type\":\"Person\",\"@id\":\"https:\/\/thepueblatimes.mx\/#\/schema\/person\/1664894c2f65ce2c7a08d8f5f905c13c\",\"name\":\"Sa\u00fal Hern\u00e1ndez\",\"image\":{\"@type\":\"ImageObject\",\"inLanguage\":\"es\",\"@id\":\"https:\/\/thepueblatimes.mx\/#\/schema\/person\/image\/\",\"url\":\"https:\/\/secure.gravatar.com\/avatar\/11be338693f243309532caad8f10c930?s=96&d=mm&r=g\",\"contentUrl\":\"https:\/\/secure.gravatar.com\/avatar\/11be338693f243309532caad8f10c930?s=96&d=mm&r=g\",\"caption\":\"Sa\u00fal Hern\u00e1ndez\"},\"url\":\"https:\/\/thepueblatimes.mx\/index.php\/author\/saulhernandez\/\"}]}<\/script>\n<!-- \/ Yoast SEO plugin. -->","yoast_head_json":{"title":"Localizan entierro clandestino en vivienda al norte de la Ciudad de Puebla - The Puebla Times","robots":{"index":"index","follow":"follow","max-snippet":"max-snippet:-1","max-image-preview":"max-image-preview:large","max-video-preview":"max-video-preview:-1"},"canonical":"https:\/\/thepueblatimes.mx\/index.php\/2024\/11\/16\/localizan-entierro-clandestino-en-vivienda-al-norte-de-la-ciudad-de-puebla\/","og_locale":"es_ES","og_type":"article","og_title":"Localizan entierro clandestino en vivienda al norte de la Ciudad de Puebla - The Puebla Times","og_description":"POR FRED ESTRADA La Fiscal\u00eda General del Estado localiz\u00f3 cad\u00e1veres enterrados en una vivienda ubicada en la colonia Miguel Hidalgo ubicada en la zona norte de la capital poblana. De acuerdo con la informaci\u00f3n preliminar se trata de al menos dos cuerpos, sin embargo las excavaciones se detuvieron en espera de personal de la Comisi\u00f3n...","og_url":"https:\/\/thepueblatimes.mx\/index.php\/2024\/11\/16\/localizan-entierro-clandestino-en-vivienda-al-norte-de-la-ciudad-de-puebla\/","og_site_name":"The Puebla Times","article_published_time":"2024-11-16T17:15:58+00:00","article_modified_time":"2024-11-16T17:20:37+00:00","og_image":[{"width":874,"height":603,"url":"https:\/\/thepueblatimes.mx\/wp-content\/uploads\/2024\/11\/WhatsApp-Image-2024-11-16-at-11.11.00.jpeg","type":"image\/jpeg"}],"author":"Sa\u00fal Hern\u00e1ndez","twitter_card":"summary_large_image","twitter_misc":{"Escrito por":"Sa\u00fal Hern\u00e1ndez","Tiempo de lectura":"1 minuto"},"schema":{"@context":"https:\/\/schema.org","@graph":[{"@type":"WebPage","@id":"https:\/\/thepueblatimes.mx\/index.php\/2024\/11\/16\/localizan-entierro-clandestino-en-vivienda-al-norte-de-la-ciudad-de-puebla\/","url":"https:\/\/thepueblatimes.mx\/index.php\/2024\/11\/16\/localizan-entierro-clandestino-en-vivienda-al-norte-de-la-ciudad-de-puebla\/","name":"Localizan entierro clandestino en vivienda al norte de la Ciudad de Puebla - The Puebla Times","isPartOf":{"@id":"https:\/\/thepueblatimes.mx\/#website"},"datePublished":"2024-11-16T17:15:58+00:00","dateModified":"2024-11-16T17:20:37+00:00","author":{"@id":"https:\/\/thepueblatimes.mx\/#\/schema\/person\/1664894c2f65ce2c7a08d8f5f905c13c"},"breadcrumb":{"@id":"https:\/\/thepueblatimes.mx\/index.php\/2024\/11\/16\/localizan-entierro-clandestino-en-vivienda-al-norte-de-la-ciudad-de-puebla\/#breadcrumb"},"inLanguage":"es","potentialAction":[{"@type":"ReadAction","target":["https:\/\/thepueblatimes.mx\/index.php\/2024\/11\/16\/localizan-entierro-clandestino-en-vivienda-al-norte-de-la-ciudad-de-puebla\/"]}]},{"@type":"BreadcrumbList","@id":"https:\/\/thepueblatimes.mx\/index.php\/2024\/11\/16\/localizan-entierro-clandestino-en-vivienda-al-norte-de-la-ciudad-de-puebla\/#breadcrumb","itemListElement":[{"@type":"ListItem","position":1,"name":"Portada","item":"https:\/\/thepueblatimes.mx\/"},{"@type":"ListItem","position":2,"name":"Localizan entierro clandestino en vivienda al norte de la Ciudad de Puebla"}]},{"@type":"WebSite","@id":"https:\/\/thepueblatimes.mx\/#website","url":"https:\/\/thepueblatimes.mx\/","name":"The Puebla Times","description":"Noticias del Estado de Puebla","potentialAction":[{"@type":"SearchAction","target":{"@type":"EntryPoint","urlTemplate":"https:\/\/thepueblatimes.mx\/?s={search_term_string}"},"query-input":"required name=search_term_string"}],"inLanguage":"es"},{"@type":"Person","@id":"https:\/\/thepueblatimes.mx\/#\/schema\/person\/1664894c2f65ce2c7a08d8f5f905c13c","name":"Sa\u00fal Hern\u00e1ndez","image":{"@type":"ImageObject","inLanguage":"es","@id":"https:\/\/thepueblatimes.mx\/#\/schema\/person\/image\/","url":"https:\/\/secure.gravatar.com\/avatar\/11be338693f243309532caad8f10c930?s=96&d=mm&r=g","contentUrl":"https:\/\/secure.gravatar.com\/avatar\/11be338693f243309532caad8f10c930?s=96&d=mm&r=g","caption":"Sa\u00fal Hern\u00e1ndez"},"url":"https:\/\/thepueblatimes.mx\/index.php\/author\/saulhernandez\/"}]}},"jetpack_featured_media_url":"https:\/\/thepueblatimes.mx\/wp-content\/uploads\/2024\/11\/WhatsApp-Image-2024-11-16-at-11.11.00.jpeg","_links":{"self":[{"href":"https:\/\/thepueblatimes.mx\/index.php\/wp-json\/wp\/v2\/posts\/26182"}],"collection":[{"href":"https:\/\/thepueblatimes.mx\/index.php\/wp-json\/wp\/v2\/posts"}],"about":[{"href":"https:\/\/thepueblatimes.mx\/index.php\/wp-json\/wp\/v2\/types\/post"}],"author":[{"embeddable":true,"href":"https:\/\/thepueblatimes.mx\/index.php\/wp-json\/wp\/v2\/users\/16"}],"replies":[{"embeddable":true,"href":"https:\/\/thepueblatimes.mx\/index.php\/wp-json\/wp\/v2\/comments?post=26182"}],"version-history":[{"count":2,"href":"https:\/\/thepueblatimes.mx\/index.php\/wp-json\/wp\/v2\/posts\/26182\/revisions"}],"predecessor-version":[{"id":26185,"href":"https:\/\/thepueblatimes.mx\/index.php\/wp-json\/wp\/v2\/posts\/26182\/revisions\/26185"}],"wp:featuredmedia":[{"embeddable":true,"href":"https:\/\/thepueblatimes.mx\/index.php\/wp-json\/wp\/v2\/media\/26183"}],"wp:attachment":[{"href":"https:\/\/thepueblatimes.mx\/index.php\/wp-json\/wp\/v2\/media?parent=26182"}],"wp:term":[{"taxonomy":"category","embeddable":true,"href":"https:\/\/thepueblatimes.mx\/index.php\/wp-json\/wp\/v2\/categories?post=26182"},{"taxonomy":"post_tag","embeddable":true,"href":"https:\/\/thepueblatimes.mx\/index.php\/wp-json\/wp\/v2\/tags?post=26182"}],"curies":[{"name":"wp","href":"https:\/\/api.w.org\/{rel}","templated":true}]}}