{"id":26152,"date":"2024-11-15T13:59:02","date_gmt":"2024-11-15T19:59:02","guid":{"rendered":"https:\/\/thepueblatimes.mx\/?p=26152"},"modified":"2024-11-15T14:04:11","modified_gmt":"2024-11-15T20:04:11","slug":"feria-del-tejocote-y-expo-agricola-de-calpan","status":"publish","type":"post","link":"https:\/\/thepueblatimes.mx\/index.php\/2024\/11\/15\/feria-del-tejocote-y-expo-agricola-de-calpan\/","title":{"rendered":"Feria del Tejocote y Expo Agr\u00edcola de Calpan"},"content":{"rendered":"<p>POR FRED ESTRADA<\/p>\n<p>La edici\u00f3n 17 de la Feria del Tejocote y la Primera Expo Agr\u00edcola, se llevar\u00e1n a cabo los d\u00edas 23 y 24 de noviembre frente al ex convento del siglo XVI de San Andr\u00e9s Calpan.<\/p>\n<p>De acuerdo con los organizadores, se espera la asistencia de m\u00e1s de 3 mil visitantes y una derrama econ\u00f3mica de un mill\u00f3n de pesos.<\/p>\n<p>El cultivo del tejocote es el sustento de m\u00e1s de 2 mil familias, quienes adem\u00e1s de producir esta fruta, elaboran derivados como mermelada, alm\u00edbar, ate, helados, salsas, yogurt, licores artesanales, platillos salados y el tradicional ponche.<\/p>\n<p>Calpan es el principal productor de tejocote del estado, con 25 mil \u00e1rboles que generan 864 toneladas al a\u00f1o, de las cuales 368 se exportan principalmente a Estados Unidos, Canad\u00e1 y pa\u00edses europeos.<\/p>\n<p>A trav\u00e9s del Centro de Bachillerato Tecnol\u00f3gico Agropecuario (CBTA) del municipio, los estudiantes son capacitados para realizar diversos productos con tejocote, sin conservadores y de forma artesanal, los cuales podr\u00e1n ser degustados por los visitantes en la feria.<\/p>\n<p>En la primera Expo Agr\u00edcola participar\u00e1n 11 empresas de maquinaria y 20 especialistas, quienes dar\u00e1n a conocer art\u00edculos como tijeras desbrozadoras, cortadoras, bombas de fumigaci\u00f3n, molinos y sembradoras.<\/p>\n<p>El evento incluir\u00e1 pl\u00e1ticas y conferencias relacionadas con el campo, as\u00ed como eventos culturales.<\/p>\n","protected":false},"excerpt":{"rendered":"<p>POR FRED ESTRADA La edici\u00f3n 17 de la Feria del Tejocote y la Primera Expo Agr\u00edcola, se llevar\u00e1n a cabo los d\u00edas 23 y 24 de noviembre frente al ex convento del siglo XVI de San Andr\u00e9s Calpan. De acuerdo con los organizadores, se espera la asistencia de m\u00e1s de 3 mil visitantes y una&#8230;<\/p>\n","protected":false},"author":16,"featured_media":26153,"comment_status":"closed","ping_status":"closed","sticky":false,"template":"","format":"standard","meta":[],"categories":[23],"tags":[2506,2351,2507],"yoast_head":"<!-- This site is optimized with the Yoast SEO plugin v20.8 - https:\/\/yoast.com\/wordpress\/plugins\/seo\/ -->\n<title>Feria del Tejocote y Expo Agr\u00edcola de Calpan - The Puebla Times<\/title>\n<meta name=\"robots\" content=\"index, follow, max-snippet:-1, max-image-preview:large, max-video-preview:-1\" \/>\n<link rel=\"canonical\" href=\"https:\/\/thepueblatimes.mx\/index.php\/2024\/11\/15\/feria-del-tejocote-y-expo-agricola-de-calpan\/\" \/>\n<meta property=\"og:locale\" content=\"es_ES\" \/>\n<meta property=\"og:type\" content=\"article\" \/>\n<meta property=\"og:title\" content=\"Feria del Tejocote y Expo Agr\u00edcola de Calpan - The Puebla Times\" \/>\n<meta property=\"og:description\" content=\"POR FRED ESTRADA La edici\u00f3n 17 de la Feria del Tejocote y la Primera Expo Agr\u00edcola, se llevar\u00e1n a cabo los d\u00edas 23 y 24 de noviembre frente al ex convento del siglo XVI de San Andr\u00e9s Calpan. De acuerdo con los organizadores, se espera la asistencia de m\u00e1s de 3 mil visitantes y una...\" \/>\n<meta property=\"og:url\" content=\"https:\/\/thepueblatimes.mx\/index.php\/2024\/11\/15\/feria-del-tejocote-y-expo-agricola-de-calpan\/\" \/>\n<meta property=\"og:site_name\" content=\"The Puebla Times\" \/>\n<meta property=\"article:published_time\" content=\"2024-11-15T19:59:02+00:00\" \/>\n<meta property=\"article:modified_time\" content=\"2024-11-15T20:04:11+00:00\" \/>\n<meta property=\"og:image\" content=\"https:\/\/thepueblatimes.mx\/wp-content\/uploads\/2024\/11\/1_RP_CALPAN_14112024.jpeg\" \/>\n\t<meta property=\"og:image:width\" content=\"2560\" \/>\n\t<meta property=\"og:image:height\" content=\"1706\" \/>\n\t<meta property=\"og:image:type\" content=\"image\/jpeg\" \/>\n<meta name=\"author\" content=\"Sa\u00fal Hern\u00e1ndez\" \/>\n<meta name=\"twitter:card\" content=\"summary_large_image\" \/>\n<meta name=\"twitter:label1\" content=\"Escrito por\" \/>\n\t<meta name=\"twitter:data1\" content=\"Sa\u00fal Hern\u00e1ndez\" \/>\n\t<meta name=\"twitter:label2\" content=\"Tiempo de lectura\" \/>\n\t<meta name=\"twitter:data2\" content=\"1 minuto\" \/>\n<script type=\"application\/ld+json\" class=\"yoast-schema-graph\">{\"@context\":\"https:\/\/schema.org\",\"@graph\":[{\"@type\":\"WebPage\",\"@id\":\"https:\/\/thepueblatimes.mx\/index.php\/2024\/11\/15\/feria-del-tejocote-y-expo-agricola-de-calpan\/\",\"url\":\"https:\/\/thepueblatimes.mx\/index.php\/2024\/11\/15\/feria-del-tejocote-y-expo-agricola-de-calpan\/\",\"name\":\"Feria del Tejocote y Expo Agr\u00edcola de Calpan - The Puebla Times\",\"isPartOf\":{\"@id\":\"https:\/\/thepueblatimes.mx\/#website\"},\"datePublished\":\"2024-11-15T19:59:02+00:00\",\"dateModified\":\"2024-11-15T20:04:11+00:00\",\"author\":{\"@id\":\"https:\/\/thepueblatimes.mx\/#\/schema\/person\/1664894c2f65ce2c7a08d8f5f905c13c\"},\"breadcrumb\":{\"@id\":\"https:\/\/thepueblatimes.mx\/index.php\/2024\/11\/15\/feria-del-tejocote-y-expo-agricola-de-calpan\/#breadcrumb\"},\"inLanguage\":\"es\",\"potentialAction\":[{\"@type\":\"ReadAction\",\"target\":[\"https:\/\/thepueblatimes.mx\/index.php\/2024\/11\/15\/feria-del-tejocote-y-expo-agricola-de-calpan\/\"]}]},{\"@type\":\"BreadcrumbList\",\"@id\":\"https:\/\/thepueblatimes.mx\/index.php\/2024\/11\/15\/feria-del-tejocote-y-expo-agricola-de-calpan\/#breadcrumb\",\"itemListElement\":[{\"@type\":\"ListItem\",\"position\":1,\"name\":\"Portada\",\"item\":\"https:\/\/thepueblatimes.mx\/\"},{\"@type\":\"ListItem\",\"position\":2,\"name\":\"Feria del Tejocote y Expo Agr\u00edcola de Calpan\"}]},{\"@type\":\"WebSite\",\"@id\":\"https:\/\/thepueblatimes.mx\/#website\",\"url\":\"https:\/\/thepueblatimes.mx\/\",\"name\":\"The Puebla Times\",\"description\":\"Noticias del Estado de Puebla\",\"potentialAction\":[{\"@type\":\"SearchAction\",\"target\":{\"@type\":\"EntryPoint\",\"urlTemplate\":\"https:\/\/thepueblatimes.mx\/?s={search_term_string}\"},\"query-input\":\"required name=search_term_string\"}],\"inLanguage\":\"es\"},{\"@type\":\"Person\",\"@id\":\"https:\/\/thepueblatimes.mx\/#\/schema\/person\/1664894c2f65ce2c7a08d8f5f905c13c\",\"name\":\"Sa\u00fal Hern\u00e1ndez\",\"image\":{\"@type\":\"ImageObject\",\"inLanguage\":\"es\",\"@id\":\"https:\/\/thepueblatimes.mx\/#\/schema\/person\/image\/\",\"url\":\"https:\/\/secure.gravatar.com\/avatar\/11be338693f243309532caad8f10c930?s=96&d=mm&r=g\",\"contentUrl\":\"https:\/\/secure.gravatar.com\/avatar\/11be338693f243309532caad8f10c930?s=96&d=mm&r=g\",\"caption\":\"Sa\u00fal Hern\u00e1ndez\"},\"url\":\"https:\/\/thepueblatimes.mx\/index.php\/author\/saulhernandez\/\"}]}<\/script>\n<!-- \/ Yoast SEO plugin. -->","yoast_head_json":{"title":"Feria del Tejocote y Expo Agr\u00edcola de Calpan - The Puebla Times","robots":{"index":"index","follow":"follow","max-snippet":"max-snippet:-1","max-image-preview":"max-image-preview:large","max-video-preview":"max-video-preview:-1"},"canonical":"https:\/\/thepueblatimes.mx\/index.php\/2024\/11\/15\/feria-del-tejocote-y-expo-agricola-de-calpan\/","og_locale":"es_ES","og_type":"article","og_title":"Feria del Tejocote y Expo Agr\u00edcola de Calpan - The Puebla Times","og_description":"POR FRED ESTRADA La edici\u00f3n 17 de la Feria del Tejocote y la Primera Expo Agr\u00edcola, se llevar\u00e1n a cabo los d\u00edas 23 y 24 de noviembre frente al ex convento del siglo XVI de San Andr\u00e9s Calpan. De acuerdo con los organizadores, se espera la asistencia de m\u00e1s de 3 mil visitantes y una...","og_url":"https:\/\/thepueblatimes.mx\/index.php\/2024\/11\/15\/feria-del-tejocote-y-expo-agricola-de-calpan\/","og_site_name":"The Puebla Times","article_published_time":"2024-11-15T19:59:02+00:00","article_modified_time":"2024-11-15T20:04:11+00:00","og_image":[{"width":2560,"height":1706,"url":"https:\/\/thepueblatimes.mx\/wp-content\/uploads\/2024\/11\/1_RP_CALPAN_14112024.jpeg","type":"image\/jpeg"}],"author":"Sa\u00fal Hern\u00e1ndez","twitter_card":"summary_large_image","twitter_misc":{"Escrito por":"Sa\u00fal Hern\u00e1ndez","Tiempo de lectura":"1 minuto"},"schema":{"@context":"https:\/\/schema.org","@graph":[{"@type":"WebPage","@id":"https:\/\/thepueblatimes.mx\/index.php\/2024\/11\/15\/feria-del-tejocote-y-expo-agricola-de-calpan\/","url":"https:\/\/thepueblatimes.mx\/index.php\/2024\/11\/15\/feria-del-tejocote-y-expo-agricola-de-calpan\/","name":"Feria del Tejocote y Expo Agr\u00edcola de Calpan - The Puebla Times","isPartOf":{"@id":"https:\/\/thepueblatimes.mx\/#website"},"datePublished":"2024-11-15T19:59:02+00:00","dateModified":"2024-11-15T20:04:11+00:00","author":{"@id":"https:\/\/thepueblatimes.mx\/#\/schema\/person\/1664894c2f65ce2c7a08d8f5f905c13c"},"breadcrumb":{"@id":"https:\/\/thepueblatimes.mx\/index.php\/2024\/11\/15\/feria-del-tejocote-y-expo-agricola-de-calpan\/#breadcrumb"},"inLanguage":"es","potentialAction":[{"@type":"ReadAction","target":["https:\/\/thepueblatimes.mx\/index.php\/2024\/11\/15\/feria-del-tejocote-y-expo-agricola-de-calpan\/"]}]},{"@type":"BreadcrumbList","@id":"https:\/\/thepueblatimes.mx\/index.php\/2024\/11\/15\/feria-del-tejocote-y-expo-agricola-de-calpan\/#breadcrumb","itemListElement":[{"@type":"ListItem","position":1,"name":"Portada","item":"https:\/\/thepueblatimes.mx\/"},{"@type":"ListItem","position":2,"name":"Feria del Tejocote y Expo Agr\u00edcola de Calpan"}]},{"@type":"WebSite","@id":"https:\/\/thepueblatimes.mx\/#website","url":"https:\/\/thepueblatimes.mx\/","name":"The Puebla Times","description":"Noticias del Estado de Puebla","potentialAction":[{"@type":"SearchAction","target":{"@type":"EntryPoint","urlTemplate":"https:\/\/thepueblatimes.mx\/?s={search_term_string}"},"query-input":"required name=search_term_string"}],"inLanguage":"es"},{"@type":"Person","@id":"https:\/\/thepueblatimes.mx\/#\/schema\/person\/1664894c2f65ce2c7a08d8f5f905c13c","name":"Sa\u00fal Hern\u00e1ndez","image":{"@type":"ImageObject","inLanguage":"es","@id":"https:\/\/thepueblatimes.mx\/#\/schema\/person\/image\/","url":"https:\/\/secure.gravatar.com\/avatar\/11be338693f243309532caad8f10c930?s=96&d=mm&r=g","contentUrl":"https:\/\/secure.gravatar.com\/avatar\/11be338693f243309532caad8f10c930?s=96&d=mm&r=g","caption":"Sa\u00fal Hern\u00e1ndez"},"url":"https:\/\/thepueblatimes.mx\/index.php\/author\/saulhernandez\/"}]}},"jetpack_featured_media_url":"https:\/\/thepueblatimes.mx\/wp-content\/uploads\/2024\/11\/1_RP_CALPAN_14112024.jpeg","_links":{"self":[{"href":"https:\/\/thepueblatimes.mx\/index.php\/wp-json\/wp\/v2\/posts\/26152"}],"collection":[{"href":"https:\/\/thepueblatimes.mx\/index.php\/wp-json\/wp\/v2\/posts"}],"about":[{"href":"https:\/\/thepueblatimes.mx\/index.php\/wp-json\/wp\/v2\/types\/post"}],"author":[{"embeddable":true,"href":"https:\/\/thepueblatimes.mx\/index.php\/wp-json\/wp\/v2\/users\/16"}],"replies":[{"embeddable":true,"href":"https:\/\/thepueblatimes.mx\/index.php\/wp-json\/wp\/v2\/comments?post=26152"}],"version-history":[{"count":1,"href":"https:\/\/thepueblatimes.mx\/index.php\/wp-json\/wp\/v2\/posts\/26152\/revisions"}],"predecessor-version":[{"id":26154,"href":"https:\/\/thepueblatimes.mx\/index.php\/wp-json\/wp\/v2\/posts\/26152\/revisions\/26154"}],"wp:featuredmedia":[{"embeddable":true,"href":"https:\/\/thepueblatimes.mx\/index.php\/wp-json\/wp\/v2\/media\/26153"}],"wp:attachment":[{"href":"https:\/\/thepueblatimes.mx\/index.php\/wp-json\/wp\/v2\/media?parent=26152"}],"wp:term":[{"taxonomy":"category","embeddable":true,"href":"https:\/\/thepueblatimes.mx\/index.php\/wp-json\/wp\/v2\/categories?post=26152"},{"taxonomy":"post_tag","embeddable":true,"href":"https:\/\/thepueblatimes.mx\/index.php\/wp-json\/wp\/v2\/tags?post=26152"}],"curies":[{"name":"wp","href":"https:\/\/api.w.org\/{rel}","templated":true}]}}