{"id":25697,"date":"2024-10-22T16:57:00","date_gmt":"2024-10-22T22:57:00","guid":{"rendered":"https:\/\/thepueblatimes.mx\/?p=25697"},"modified":"2024-10-22T16:57:00","modified_gmt":"2024-10-22T22:57:00","slug":"reporta-salud-a-cuatro-personas-hospitalizadas-por-dengue-en-las-ultimas-24-horas","status":"publish","type":"post","link":"https:\/\/thepueblatimes.mx\/index.php\/2024\/10\/22\/reporta-salud-a-cuatro-personas-hospitalizadas-por-dengue-en-las-ultimas-24-horas\/","title":{"rendered":"Reporta Salud a cuatro personas hospitalizadas por dengue en las \u00faltimas 24 horas"},"content":{"rendered":"<h3><em>-No hubo contagios ni defunciones recientes por esta enfermedad<\/em><\/h3>\n<p><strong>CIUDAD DE PUEBLA, Pue.-\u00a0<\/strong>En las \u00faltimas 24 horas, cuatro personas fueron hospitalizadas por dengue, sin embargo, no se registraron contagios ni defunciones en ese mismo periodo, informa la Secretar\u00eda de Salud.<\/p>\n<p>La titular de la dependencia, Araceli Soria C\u00f3rdoba detall\u00f3 que, del 01 de enero al 21 de octubre, sumaron 3 mil 802 casos acumulados, distribuidos en 75 municipios.<\/p>\n<p>Puntualiz\u00f3 que las zonas end\u00e9micas con mayor incidencia de contagios son Tehuac\u00e1n, Iz\u00facar de Matamoros, Huaquechula, Xicotepec y Coxcatl\u00e1n, ya que en conjunto concentran el 58.8 por ciento de los casos registrados en el estado.<\/p>\n<p>Ante este panorama epidemiol\u00f3gico, Soria C\u00f3rdoba reiter\u00f3 el llamado a la poblaci\u00f3n para sumarse a la estrategia comunitaria, principalmente con la limpieza de patios y azoteas para evitar espacios de reproducci\u00f3n del mosquito que genera este padecimiento.<\/p>\n","protected":false},"excerpt":{"rendered":"<p>-No hubo contagios ni defunciones recientes por esta enfermedad CIUDAD DE PUEBLA, Pue.-\u00a0En las \u00faltimas 24 horas, cuatro personas fueron hospitalizadas por dengue, sin embargo, no se registraron contagios ni defunciones en ese mismo periodo, informa la Secretar\u00eda de Salud. La titular de la dependencia, Araceli Soria C\u00f3rdoba detall\u00f3 que, del 01 de enero al&#8230;<\/p>\n","protected":false},"author":16,"featured_media":25698,"comment_status":"closed","ping_status":"closed","sticky":false,"template":"","format":"standard","meta":[],"categories":[3],"tags":[1391,49],"yoast_head":"<!-- This site is optimized with the Yoast SEO plugin v20.8 - https:\/\/yoast.com\/wordpress\/plugins\/seo\/ -->\n<title>Reporta Salud a cuatro personas hospitalizadas por dengue en las \u00faltimas 24 horas - The Puebla Times<\/title>\n<meta name=\"robots\" content=\"index, follow, max-snippet:-1, max-image-preview:large, max-video-preview:-1\" \/>\n<link rel=\"canonical\" href=\"https:\/\/thepueblatimes.mx\/index.php\/2024\/10\/22\/reporta-salud-a-cuatro-personas-hospitalizadas-por-dengue-en-las-ultimas-24-horas\/\" \/>\n<meta property=\"og:locale\" content=\"es_ES\" \/>\n<meta property=\"og:type\" content=\"article\" \/>\n<meta property=\"og:title\" content=\"Reporta Salud a cuatro personas hospitalizadas por dengue en las \u00faltimas 24 horas - The Puebla Times\" \/>\n<meta property=\"og:description\" content=\"-No hubo contagios ni defunciones recientes por esta enfermedad CIUDAD DE PUEBLA, Pue.-\u00a0En las \u00faltimas 24 horas, cuatro personas fueron hospitalizadas por dengue, sin embargo, no se registraron contagios ni defunciones en ese mismo periodo, informa la Secretar\u00eda de Salud. La titular de la dependencia, Araceli Soria C\u00f3rdoba detall\u00f3 que, del 01 de enero al...\" \/>\n<meta property=\"og:url\" content=\"https:\/\/thepueblatimes.mx\/index.php\/2024\/10\/22\/reporta-salud-a-cuatro-personas-hospitalizadas-por-dengue-en-las-ultimas-24-horas\/\" \/>\n<meta property=\"og:site_name\" content=\"The Puebla Times\" \/>\n<meta property=\"article:published_time\" content=\"2024-10-22T22:57:00+00:00\" \/>\n<meta property=\"og:image\" content=\"https:\/\/thepueblatimes.mx\/wp-content\/uploads\/2024\/10\/2_8_2_2-scaled.jpg\" \/>\n\t<meta property=\"og:image:width\" content=\"2560\" \/>\n\t<meta property=\"og:image:height\" content=\"1707\" \/>\n\t<meta property=\"og:image:type\" content=\"image\/jpeg\" \/>\n<meta name=\"author\" content=\"Sa\u00fal Hern\u00e1ndez\" \/>\n<meta name=\"twitter:card\" content=\"summary_large_image\" \/>\n<meta name=\"twitter:label1\" content=\"Escrito por\" \/>\n\t<meta name=\"twitter:data1\" content=\"Sa\u00fal Hern\u00e1ndez\" \/>\n\t<meta name=\"twitter:label2\" content=\"Tiempo de lectura\" \/>\n\t<meta name=\"twitter:data2\" content=\"1 minuto\" \/>\n<script type=\"application\/ld+json\" class=\"yoast-schema-graph\">{\"@context\":\"https:\/\/schema.org\",\"@graph\":[{\"@type\":\"WebPage\",\"@id\":\"https:\/\/thepueblatimes.mx\/index.php\/2024\/10\/22\/reporta-salud-a-cuatro-personas-hospitalizadas-por-dengue-en-las-ultimas-24-horas\/\",\"url\":\"https:\/\/thepueblatimes.mx\/index.php\/2024\/10\/22\/reporta-salud-a-cuatro-personas-hospitalizadas-por-dengue-en-las-ultimas-24-horas\/\",\"name\":\"Reporta Salud a cuatro personas hospitalizadas por dengue en las \u00faltimas 24 horas - The Puebla Times\",\"isPartOf\":{\"@id\":\"https:\/\/thepueblatimes.mx\/#website\"},\"datePublished\":\"2024-10-22T22:57:00+00:00\",\"dateModified\":\"2024-10-22T22:57:00+00:00\",\"author\":{\"@id\":\"https:\/\/thepueblatimes.mx\/#\/schema\/person\/1664894c2f65ce2c7a08d8f5f905c13c\"},\"breadcrumb\":{\"@id\":\"https:\/\/thepueblatimes.mx\/index.php\/2024\/10\/22\/reporta-salud-a-cuatro-personas-hospitalizadas-por-dengue-en-las-ultimas-24-horas\/#breadcrumb\"},\"inLanguage\":\"es\",\"potentialAction\":[{\"@type\":\"ReadAction\",\"target\":[\"https:\/\/thepueblatimes.mx\/index.php\/2024\/10\/22\/reporta-salud-a-cuatro-personas-hospitalizadas-por-dengue-en-las-ultimas-24-horas\/\"]}]},{\"@type\":\"BreadcrumbList\",\"@id\":\"https:\/\/thepueblatimes.mx\/index.php\/2024\/10\/22\/reporta-salud-a-cuatro-personas-hospitalizadas-por-dengue-en-las-ultimas-24-horas\/#breadcrumb\",\"itemListElement\":[{\"@type\":\"ListItem\",\"position\":1,\"name\":\"Portada\",\"item\":\"https:\/\/thepueblatimes.mx\/\"},{\"@type\":\"ListItem\",\"position\":2,\"name\":\"Reporta Salud a cuatro personas hospitalizadas por dengue en las \u00faltimas 24 horas\"}]},{\"@type\":\"WebSite\",\"@id\":\"https:\/\/thepueblatimes.mx\/#website\",\"url\":\"https:\/\/thepueblatimes.mx\/\",\"name\":\"The Puebla Times\",\"description\":\"Noticias del Estado de Puebla\",\"potentialAction\":[{\"@type\":\"SearchAction\",\"target\":{\"@type\":\"EntryPoint\",\"urlTemplate\":\"https:\/\/thepueblatimes.mx\/?s={search_term_string}\"},\"query-input\":\"required name=search_term_string\"}],\"inLanguage\":\"es\"},{\"@type\":\"Person\",\"@id\":\"https:\/\/thepueblatimes.mx\/#\/schema\/person\/1664894c2f65ce2c7a08d8f5f905c13c\",\"name\":\"Sa\u00fal Hern\u00e1ndez\",\"image\":{\"@type\":\"ImageObject\",\"inLanguage\":\"es\",\"@id\":\"https:\/\/thepueblatimes.mx\/#\/schema\/person\/image\/\",\"url\":\"https:\/\/secure.gravatar.com\/avatar\/11be338693f243309532caad8f10c930?s=96&d=mm&r=g\",\"contentUrl\":\"https:\/\/secure.gravatar.com\/avatar\/11be338693f243309532caad8f10c930?s=96&d=mm&r=g\",\"caption\":\"Sa\u00fal Hern\u00e1ndez\"},\"url\":\"https:\/\/thepueblatimes.mx\/index.php\/author\/saulhernandez\/\"}]}<\/script>\n<!-- \/ Yoast SEO plugin. -->","yoast_head_json":{"title":"Reporta Salud a cuatro personas hospitalizadas por dengue en las \u00faltimas 24 horas - The Puebla Times","robots":{"index":"index","follow":"follow","max-snippet":"max-snippet:-1","max-image-preview":"max-image-preview:large","max-video-preview":"max-video-preview:-1"},"canonical":"https:\/\/thepueblatimes.mx\/index.php\/2024\/10\/22\/reporta-salud-a-cuatro-personas-hospitalizadas-por-dengue-en-las-ultimas-24-horas\/","og_locale":"es_ES","og_type":"article","og_title":"Reporta Salud a cuatro personas hospitalizadas por dengue en las \u00faltimas 24 horas - The Puebla Times","og_description":"-No hubo contagios ni defunciones recientes por esta enfermedad CIUDAD DE PUEBLA, Pue.-\u00a0En las \u00faltimas 24 horas, cuatro personas fueron hospitalizadas por dengue, sin embargo, no se registraron contagios ni defunciones en ese mismo periodo, informa la Secretar\u00eda de Salud. La titular de la dependencia, Araceli Soria C\u00f3rdoba detall\u00f3 que, del 01 de enero al...","og_url":"https:\/\/thepueblatimes.mx\/index.php\/2024\/10\/22\/reporta-salud-a-cuatro-personas-hospitalizadas-por-dengue-en-las-ultimas-24-horas\/","og_site_name":"The Puebla Times","article_published_time":"2024-10-22T22:57:00+00:00","og_image":[{"width":2560,"height":1707,"url":"https:\/\/thepueblatimes.mx\/wp-content\/uploads\/2024\/10\/2_8_2_2-scaled.jpg","type":"image\/jpeg"}],"author":"Sa\u00fal Hern\u00e1ndez","twitter_card":"summary_large_image","twitter_misc":{"Escrito por":"Sa\u00fal Hern\u00e1ndez","Tiempo de lectura":"1 minuto"},"schema":{"@context":"https:\/\/schema.org","@graph":[{"@type":"WebPage","@id":"https:\/\/thepueblatimes.mx\/index.php\/2024\/10\/22\/reporta-salud-a-cuatro-personas-hospitalizadas-por-dengue-en-las-ultimas-24-horas\/","url":"https:\/\/thepueblatimes.mx\/index.php\/2024\/10\/22\/reporta-salud-a-cuatro-personas-hospitalizadas-por-dengue-en-las-ultimas-24-horas\/","name":"Reporta Salud a cuatro personas hospitalizadas por dengue en las \u00faltimas 24 horas - The Puebla Times","isPartOf":{"@id":"https:\/\/thepueblatimes.mx\/#website"},"datePublished":"2024-10-22T22:57:00+00:00","dateModified":"2024-10-22T22:57:00+00:00","author":{"@id":"https:\/\/thepueblatimes.mx\/#\/schema\/person\/1664894c2f65ce2c7a08d8f5f905c13c"},"breadcrumb":{"@id":"https:\/\/thepueblatimes.mx\/index.php\/2024\/10\/22\/reporta-salud-a-cuatro-personas-hospitalizadas-por-dengue-en-las-ultimas-24-horas\/#breadcrumb"},"inLanguage":"es","potentialAction":[{"@type":"ReadAction","target":["https:\/\/thepueblatimes.mx\/index.php\/2024\/10\/22\/reporta-salud-a-cuatro-personas-hospitalizadas-por-dengue-en-las-ultimas-24-horas\/"]}]},{"@type":"BreadcrumbList","@id":"https:\/\/thepueblatimes.mx\/index.php\/2024\/10\/22\/reporta-salud-a-cuatro-personas-hospitalizadas-por-dengue-en-las-ultimas-24-horas\/#breadcrumb","itemListElement":[{"@type":"ListItem","position":1,"name":"Portada","item":"https:\/\/thepueblatimes.mx\/"},{"@type":"ListItem","position":2,"name":"Reporta Salud a cuatro personas hospitalizadas por dengue en las \u00faltimas 24 horas"}]},{"@type":"WebSite","@id":"https:\/\/thepueblatimes.mx\/#website","url":"https:\/\/thepueblatimes.mx\/","name":"The Puebla Times","description":"Noticias del Estado de Puebla","potentialAction":[{"@type":"SearchAction","target":{"@type":"EntryPoint","urlTemplate":"https:\/\/thepueblatimes.mx\/?s={search_term_string}"},"query-input":"required name=search_term_string"}],"inLanguage":"es"},{"@type":"Person","@id":"https:\/\/thepueblatimes.mx\/#\/schema\/person\/1664894c2f65ce2c7a08d8f5f905c13c","name":"Sa\u00fal Hern\u00e1ndez","image":{"@type":"ImageObject","inLanguage":"es","@id":"https:\/\/thepueblatimes.mx\/#\/schema\/person\/image\/","url":"https:\/\/secure.gravatar.com\/avatar\/11be338693f243309532caad8f10c930?s=96&d=mm&r=g","contentUrl":"https:\/\/secure.gravatar.com\/avatar\/11be338693f243309532caad8f10c930?s=96&d=mm&r=g","caption":"Sa\u00fal Hern\u00e1ndez"},"url":"https:\/\/thepueblatimes.mx\/index.php\/author\/saulhernandez\/"}]}},"jetpack_featured_media_url":"https:\/\/thepueblatimes.mx\/wp-content\/uploads\/2024\/10\/2_8_2_2-scaled.jpg","_links":{"self":[{"href":"https:\/\/thepueblatimes.mx\/index.php\/wp-json\/wp\/v2\/posts\/25697"}],"collection":[{"href":"https:\/\/thepueblatimes.mx\/index.php\/wp-json\/wp\/v2\/posts"}],"about":[{"href":"https:\/\/thepueblatimes.mx\/index.php\/wp-json\/wp\/v2\/types\/post"}],"author":[{"embeddable":true,"href":"https:\/\/thepueblatimes.mx\/index.php\/wp-json\/wp\/v2\/users\/16"}],"replies":[{"embeddable":true,"href":"https:\/\/thepueblatimes.mx\/index.php\/wp-json\/wp\/v2\/comments?post=25697"}],"version-history":[{"count":1,"href":"https:\/\/thepueblatimes.mx\/index.php\/wp-json\/wp\/v2\/posts\/25697\/revisions"}],"predecessor-version":[{"id":25699,"href":"https:\/\/thepueblatimes.mx\/index.php\/wp-json\/wp\/v2\/posts\/25697\/revisions\/25699"}],"wp:featuredmedia":[{"embeddable":true,"href":"https:\/\/thepueblatimes.mx\/index.php\/wp-json\/wp\/v2\/media\/25698"}],"wp:attachment":[{"href":"https:\/\/thepueblatimes.mx\/index.php\/wp-json\/wp\/v2\/media?parent=25697"}],"wp:term":[{"taxonomy":"category","embeddable":true,"href":"https:\/\/thepueblatimes.mx\/index.php\/wp-json\/wp\/v2\/categories?post=25697"},{"taxonomy":"post_tag","embeddable":true,"href":"https:\/\/thepueblatimes.mx\/index.php\/wp-json\/wp\/v2\/tags?post=25697"}],"curies":[{"name":"wp","href":"https:\/\/api.w.org\/{rel}","templated":true}]}}