{"id":25653,"date":"2024-10-21T15:58:31","date_gmt":"2024-10-21T21:58:31","guid":{"rendered":"https:\/\/thepueblatimes.mx\/?p=25653"},"modified":"2024-10-21T15:58:31","modified_gmt":"2024-10-21T21:58:31","slug":"desfile-de-dia-de-muertos-2024-y-festividades","status":"publish","type":"post","link":"https:\/\/thepueblatimes.mx\/index.php\/2024\/10\/21\/desfile-de-dia-de-muertos-2024-y-festividades\/","title":{"rendered":"Desfile de D\u00eda de Muertos 2024 y Festividades"},"content":{"rendered":"<p>POR FRED ESTRADA<\/p>\n<p>En M\u00e9xico se realizan desfiles conmemorativos del D\u00eda de Muertos.<\/p>\n<p>En Tlaxcala, el Desfile de Catrinas 2024, que realizar\u00e1 el pr\u00f3ximo viernes 25 de octubre. La marcha de hombres y mujeres caracterizados de catrinas comenzar\u00e1 a las 16:00 horas en el z\u00f3calo de la ciudad de Tlaxcala y avanzar\u00e1n por las principales calles en direcci\u00f3n al recinto ferial.<\/p>\n<p>En Atlixco, desde el pasado 11 de octubre y hasta el 10 de noviembre tiene lugar el Festival Valle de Catrinas, que consiste en la exhibici\u00f3n de calaveras monumentales creadas por artistas pl\u00e1sticos de la localidad.<\/p>\n<p>El Desfile de D\u00eda de Muertos ser\u00e1 el 31 de octubre, en el z\u00f3calo de Atlixco, a las 19:00 horas, pero no se conocen m\u00e1s detalles.<\/p>\n<p>En la capital de Puebla, la Secretar\u00eda de Cultura del gobierno estatal organiz\u00f3 el Desfile Tradicional de D\u00eda de Muertos 2024 para el pr\u00f3ximo 31 de octubre, de 16:00 a 20:00 horas.<\/p>\n<p>Los asistentes presenciar la marcha desde el punto de inicio en la 29 Sur y Avenida Ju\u00e1rez hasta terminar en la 7 Oriente y 2 Sur, a unos paso de la Plazuela de Los Sapos.<\/p>\n<p>En la Ciudad de M\u00e9xico, el desfile de catrinas ser\u00e1 el pr\u00f3ximo 27 de octubre, a las 18:00 horas, iniciar\u00e1 en el \u00c1ngel de la Independencia y avanzar\u00e1 por Avenida Paso de la Reforma y Avenida Ju\u00e1rez y 5 de Mayo, hasta el z\u00f3calo capitalino.<\/p>\n","protected":false},"excerpt":{"rendered":"<p>POR FRED ESTRADA En M\u00e9xico se realizan desfiles conmemorativos del D\u00eda de Muertos. En Tlaxcala, el Desfile de Catrinas 2024, que realizar\u00e1 el pr\u00f3ximo viernes 25 de octubre. La marcha de hombres y mujeres caracterizados de catrinas comenzar\u00e1 a las 16:00 horas en el z\u00f3calo de la ciudad de Tlaxcala y avanzar\u00e1n por las principales&#8230;<\/p>\n","protected":false},"author":16,"featured_media":25654,"comment_status":"closed","ping_status":"closed","sticky":false,"template":"","format":"standard","meta":[],"categories":[3],"tags":[2357,2156,1324],"yoast_head":"<!-- This site is optimized with the Yoast SEO plugin v20.8 - https:\/\/yoast.com\/wordpress\/plugins\/seo\/ -->\n<title>Desfile de D\u00eda de Muertos 2024 y Festividades - The Puebla Times<\/title>\n<meta name=\"robots\" content=\"index, follow, max-snippet:-1, max-image-preview:large, max-video-preview:-1\" \/>\n<link rel=\"canonical\" href=\"https:\/\/thepueblatimes.mx\/index.php\/2024\/10\/21\/desfile-de-dia-de-muertos-2024-y-festividades\/\" \/>\n<meta property=\"og:locale\" content=\"es_ES\" \/>\n<meta property=\"og:type\" content=\"article\" \/>\n<meta property=\"og:title\" content=\"Desfile de D\u00eda de Muertos 2024 y Festividades - The Puebla Times\" \/>\n<meta property=\"og:description\" content=\"POR FRED ESTRADA En M\u00e9xico se realizan desfiles conmemorativos del D\u00eda de Muertos. En Tlaxcala, el Desfile de Catrinas 2024, que realizar\u00e1 el pr\u00f3ximo viernes 25 de octubre. La marcha de hombres y mujeres caracterizados de catrinas comenzar\u00e1 a las 16:00 horas en el z\u00f3calo de la ciudad de Tlaxcala y avanzar\u00e1n por las principales...\" \/>\n<meta property=\"og:url\" content=\"https:\/\/thepueblatimes.mx\/index.php\/2024\/10\/21\/desfile-de-dia-de-muertos-2024-y-festividades\/\" \/>\n<meta property=\"og:site_name\" content=\"The Puebla Times\" \/>\n<meta property=\"article:published_time\" content=\"2024-10-21T21:58:31+00:00\" \/>\n<meta property=\"og:image\" content=\"https:\/\/thepueblatimes.mx\/wp-content\/uploads\/2024\/10\/desfile-de-dia-de-muertos-2023-en-cdmx-ruta-y-horario.jpg\" \/>\n\t<meta property=\"og:image:width\" content=\"1920\" \/>\n\t<meta property=\"og:image:height\" content=\"1080\" \/>\n\t<meta property=\"og:image:type\" content=\"image\/jpeg\" \/>\n<meta name=\"author\" content=\"Sa\u00fal Hern\u00e1ndez\" \/>\n<meta name=\"twitter:card\" content=\"summary_large_image\" \/>\n<meta name=\"twitter:label1\" content=\"Escrito por\" \/>\n\t<meta name=\"twitter:data1\" content=\"Sa\u00fal Hern\u00e1ndez\" \/>\n\t<meta name=\"twitter:label2\" content=\"Tiempo de lectura\" \/>\n\t<meta name=\"twitter:data2\" content=\"2 minutos\" \/>\n<script type=\"application\/ld+json\" class=\"yoast-schema-graph\">{\"@context\":\"https:\/\/schema.org\",\"@graph\":[{\"@type\":\"WebPage\",\"@id\":\"https:\/\/thepueblatimes.mx\/index.php\/2024\/10\/21\/desfile-de-dia-de-muertos-2024-y-festividades\/\",\"url\":\"https:\/\/thepueblatimes.mx\/index.php\/2024\/10\/21\/desfile-de-dia-de-muertos-2024-y-festividades\/\",\"name\":\"Desfile de D\u00eda de Muertos 2024 y Festividades - The Puebla Times\",\"isPartOf\":{\"@id\":\"https:\/\/thepueblatimes.mx\/#website\"},\"datePublished\":\"2024-10-21T21:58:31+00:00\",\"dateModified\":\"2024-10-21T21:58:31+00:00\",\"author\":{\"@id\":\"https:\/\/thepueblatimes.mx\/#\/schema\/person\/1664894c2f65ce2c7a08d8f5f905c13c\"},\"breadcrumb\":{\"@id\":\"https:\/\/thepueblatimes.mx\/index.php\/2024\/10\/21\/desfile-de-dia-de-muertos-2024-y-festividades\/#breadcrumb\"},\"inLanguage\":\"es\",\"potentialAction\":[{\"@type\":\"ReadAction\",\"target\":[\"https:\/\/thepueblatimes.mx\/index.php\/2024\/10\/21\/desfile-de-dia-de-muertos-2024-y-festividades\/\"]}]},{\"@type\":\"BreadcrumbList\",\"@id\":\"https:\/\/thepueblatimes.mx\/index.php\/2024\/10\/21\/desfile-de-dia-de-muertos-2024-y-festividades\/#breadcrumb\",\"itemListElement\":[{\"@type\":\"ListItem\",\"position\":1,\"name\":\"Portada\",\"item\":\"https:\/\/thepueblatimes.mx\/\"},{\"@type\":\"ListItem\",\"position\":2,\"name\":\"Desfile de D\u00eda de Muertos 2024 y Festividades\"}]},{\"@type\":\"WebSite\",\"@id\":\"https:\/\/thepueblatimes.mx\/#website\",\"url\":\"https:\/\/thepueblatimes.mx\/\",\"name\":\"The Puebla Times\",\"description\":\"Noticias del Estado de Puebla\",\"potentialAction\":[{\"@type\":\"SearchAction\",\"target\":{\"@type\":\"EntryPoint\",\"urlTemplate\":\"https:\/\/thepueblatimes.mx\/?s={search_term_string}\"},\"query-input\":\"required name=search_term_string\"}],\"inLanguage\":\"es\"},{\"@type\":\"Person\",\"@id\":\"https:\/\/thepueblatimes.mx\/#\/schema\/person\/1664894c2f65ce2c7a08d8f5f905c13c\",\"name\":\"Sa\u00fal Hern\u00e1ndez\",\"image\":{\"@type\":\"ImageObject\",\"inLanguage\":\"es\",\"@id\":\"https:\/\/thepueblatimes.mx\/#\/schema\/person\/image\/\",\"url\":\"https:\/\/secure.gravatar.com\/avatar\/11be338693f243309532caad8f10c930?s=96&d=mm&r=g\",\"contentUrl\":\"https:\/\/secure.gravatar.com\/avatar\/11be338693f243309532caad8f10c930?s=96&d=mm&r=g\",\"caption\":\"Sa\u00fal Hern\u00e1ndez\"},\"url\":\"https:\/\/thepueblatimes.mx\/index.php\/author\/saulhernandez\/\"}]}<\/script>\n<!-- \/ Yoast SEO plugin. -->","yoast_head_json":{"title":"Desfile de D\u00eda de Muertos 2024 y Festividades - The Puebla Times","robots":{"index":"index","follow":"follow","max-snippet":"max-snippet:-1","max-image-preview":"max-image-preview:large","max-video-preview":"max-video-preview:-1"},"canonical":"https:\/\/thepueblatimes.mx\/index.php\/2024\/10\/21\/desfile-de-dia-de-muertos-2024-y-festividades\/","og_locale":"es_ES","og_type":"article","og_title":"Desfile de D\u00eda de Muertos 2024 y Festividades - The Puebla Times","og_description":"POR FRED ESTRADA En M\u00e9xico se realizan desfiles conmemorativos del D\u00eda de Muertos. En Tlaxcala, el Desfile de Catrinas 2024, que realizar\u00e1 el pr\u00f3ximo viernes 25 de octubre. La marcha de hombres y mujeres caracterizados de catrinas comenzar\u00e1 a las 16:00 horas en el z\u00f3calo de la ciudad de Tlaxcala y avanzar\u00e1n por las principales...","og_url":"https:\/\/thepueblatimes.mx\/index.php\/2024\/10\/21\/desfile-de-dia-de-muertos-2024-y-festividades\/","og_site_name":"The Puebla Times","article_published_time":"2024-10-21T21:58:31+00:00","og_image":[{"width":1920,"height":1080,"url":"https:\/\/thepueblatimes.mx\/wp-content\/uploads\/2024\/10\/desfile-de-dia-de-muertos-2023-en-cdmx-ruta-y-horario.jpg","type":"image\/jpeg"}],"author":"Sa\u00fal Hern\u00e1ndez","twitter_card":"summary_large_image","twitter_misc":{"Escrito por":"Sa\u00fal Hern\u00e1ndez","Tiempo de lectura":"2 minutos"},"schema":{"@context":"https:\/\/schema.org","@graph":[{"@type":"WebPage","@id":"https:\/\/thepueblatimes.mx\/index.php\/2024\/10\/21\/desfile-de-dia-de-muertos-2024-y-festividades\/","url":"https:\/\/thepueblatimes.mx\/index.php\/2024\/10\/21\/desfile-de-dia-de-muertos-2024-y-festividades\/","name":"Desfile de D\u00eda de Muertos 2024 y Festividades - The Puebla Times","isPartOf":{"@id":"https:\/\/thepueblatimes.mx\/#website"},"datePublished":"2024-10-21T21:58:31+00:00","dateModified":"2024-10-21T21:58:31+00:00","author":{"@id":"https:\/\/thepueblatimes.mx\/#\/schema\/person\/1664894c2f65ce2c7a08d8f5f905c13c"},"breadcrumb":{"@id":"https:\/\/thepueblatimes.mx\/index.php\/2024\/10\/21\/desfile-de-dia-de-muertos-2024-y-festividades\/#breadcrumb"},"inLanguage":"es","potentialAction":[{"@type":"ReadAction","target":["https:\/\/thepueblatimes.mx\/index.php\/2024\/10\/21\/desfile-de-dia-de-muertos-2024-y-festividades\/"]}]},{"@type":"BreadcrumbList","@id":"https:\/\/thepueblatimes.mx\/index.php\/2024\/10\/21\/desfile-de-dia-de-muertos-2024-y-festividades\/#breadcrumb","itemListElement":[{"@type":"ListItem","position":1,"name":"Portada","item":"https:\/\/thepueblatimes.mx\/"},{"@type":"ListItem","position":2,"name":"Desfile de D\u00eda de Muertos 2024 y Festividades"}]},{"@type":"WebSite","@id":"https:\/\/thepueblatimes.mx\/#website","url":"https:\/\/thepueblatimes.mx\/","name":"The Puebla Times","description":"Noticias del Estado de Puebla","potentialAction":[{"@type":"SearchAction","target":{"@type":"EntryPoint","urlTemplate":"https:\/\/thepueblatimes.mx\/?s={search_term_string}"},"query-input":"required name=search_term_string"}],"inLanguage":"es"},{"@type":"Person","@id":"https:\/\/thepueblatimes.mx\/#\/schema\/person\/1664894c2f65ce2c7a08d8f5f905c13c","name":"Sa\u00fal Hern\u00e1ndez","image":{"@type":"ImageObject","inLanguage":"es","@id":"https:\/\/thepueblatimes.mx\/#\/schema\/person\/image\/","url":"https:\/\/secure.gravatar.com\/avatar\/11be338693f243309532caad8f10c930?s=96&d=mm&r=g","contentUrl":"https:\/\/secure.gravatar.com\/avatar\/11be338693f243309532caad8f10c930?s=96&d=mm&r=g","caption":"Sa\u00fal Hern\u00e1ndez"},"url":"https:\/\/thepueblatimes.mx\/index.php\/author\/saulhernandez\/"}]}},"jetpack_featured_media_url":"https:\/\/thepueblatimes.mx\/wp-content\/uploads\/2024\/10\/desfile-de-dia-de-muertos-2023-en-cdmx-ruta-y-horario.jpg","_links":{"self":[{"href":"https:\/\/thepueblatimes.mx\/index.php\/wp-json\/wp\/v2\/posts\/25653"}],"collection":[{"href":"https:\/\/thepueblatimes.mx\/index.php\/wp-json\/wp\/v2\/posts"}],"about":[{"href":"https:\/\/thepueblatimes.mx\/index.php\/wp-json\/wp\/v2\/types\/post"}],"author":[{"embeddable":true,"href":"https:\/\/thepueblatimes.mx\/index.php\/wp-json\/wp\/v2\/users\/16"}],"replies":[{"embeddable":true,"href":"https:\/\/thepueblatimes.mx\/index.php\/wp-json\/wp\/v2\/comments?post=25653"}],"version-history":[{"count":1,"href":"https:\/\/thepueblatimes.mx\/index.php\/wp-json\/wp\/v2\/posts\/25653\/revisions"}],"predecessor-version":[{"id":25655,"href":"https:\/\/thepueblatimes.mx\/index.php\/wp-json\/wp\/v2\/posts\/25653\/revisions\/25655"}],"wp:featuredmedia":[{"embeddable":true,"href":"https:\/\/thepueblatimes.mx\/index.php\/wp-json\/wp\/v2\/media\/25654"}],"wp:attachment":[{"href":"https:\/\/thepueblatimes.mx\/index.php\/wp-json\/wp\/v2\/media?parent=25653"}],"wp:term":[{"taxonomy":"category","embeddable":true,"href":"https:\/\/thepueblatimes.mx\/index.php\/wp-json\/wp\/v2\/categories?post=25653"},{"taxonomy":"post_tag","embeddable":true,"href":"https:\/\/thepueblatimes.mx\/index.php\/wp-json\/wp\/v2\/tags?post=25653"}],"curies":[{"name":"wp","href":"https:\/\/api.w.org\/{rel}","templated":true}]}}