{"id":25648,"date":"2024-10-21T15:46:21","date_gmt":"2024-10-21T21:46:21","guid":{"rendered":"https:\/\/thepueblatimes.mx\/?p=25648"},"modified":"2024-10-21T15:47:59","modified_gmt":"2024-10-21T21:47:59","slug":"altares-monumentales-de-huaquechula","status":"publish","type":"post","link":"https:\/\/thepueblatimes.mx\/index.php\/2024\/10\/21\/altares-monumentales-de-huaquechula\/","title":{"rendered":"Altares Monumentales de Huaquechula"},"content":{"rendered":"<p>POR FRED ESTRADA<\/p>\n<p>En Huaquechula, avanzan los preparativos para conmemorar el D\u00eda de Muertos, con sus tradicionales altares monumentales.<\/p>\n<p>Los altares representan una verdadera preservaci\u00f3n de las costumbres ancestrales que ha sabido coexistir con el creciente inter\u00e9s tur\u00edstico, logrando un equilibrio entre lo sagrado y lo cultural.<\/p>\n<p>Los altares se erigen no s\u00f3lo como un espect\u00e1culo visual, sino como una manifestaci\u00f3n profunda de respeto hacia los muertos.<\/p>\n<p>Este a\u00f1o, se levantar\u00e1n 28 altares monumentales que estar\u00e1n disponibles para el p\u00fablico entre el 28 de octubre y el 2 de noviembre, de forma gratuita.<\/p>\n<p>Los altares pueden ser visitados \u00fanicamente a partir de las 2 de la tarde, en respeto a creencias que se remontan a tiempos prehisp\u00e1nicos.<\/p>\n<p>Uno de los momentos m\u00e1s destacados ser\u00e1 el 1 de noviembre, cuando se llevar\u00e1 a cabo un ritual a las 1:30 p.m. para construir el camino al Mictl\u00e1n, el inframundo en la cosmovisi\u00f3n mesoamericana.<\/p>\n<p>Durante el ritual, los asistentes deber\u00e1n portar una vela, con la que se traza simb\u00f3licamente el sendero que guiar\u00e1 a los difuntos.<\/p>\n<p>En los altares monumentales, destaca una particularidad: la fotograf\u00eda del difunto no se coloca de la manera tradicional. En Huaquechula, se posiciona boca arriba frente a un espejo, lo que refleja el camino entre el mundo de los vivos y los muertos.<\/p>\n","protected":false},"excerpt":{"rendered":"<p>POR FRED ESTRADA En Huaquechula, avanzan los preparativos para conmemorar el D\u00eda de Muertos, con sus tradicionales altares monumentales. Los altares representan una verdadera preservaci\u00f3n de las costumbres ancestrales que ha sabido coexistir con el creciente inter\u00e9s tur\u00edstico, logrando un equilibrio entre lo sagrado y lo cultural. Los altares se erigen no s\u00f3lo como un&#8230;<\/p>\n","protected":false},"author":16,"featured_media":25649,"comment_status":"closed","ping_status":"closed","sticky":false,"template":"","format":"standard","meta":[],"categories":[1622,11],"tags":[2282,2263,2279,1324],"yoast_head":"<!-- This site is optimized with the Yoast SEO plugin v20.8 - https:\/\/yoast.com\/wordpress\/plugins\/seo\/ -->\n<title>Altares Monumentales de Huaquechula - The Puebla Times<\/title>\n<meta name=\"robots\" content=\"index, follow, max-snippet:-1, max-image-preview:large, max-video-preview:-1\" \/>\n<link rel=\"canonical\" href=\"https:\/\/thepueblatimes.mx\/index.php\/2024\/10\/21\/altares-monumentales-de-huaquechula\/\" \/>\n<meta property=\"og:locale\" content=\"es_ES\" \/>\n<meta property=\"og:type\" content=\"article\" \/>\n<meta property=\"og:title\" content=\"Altares Monumentales de Huaquechula - The Puebla Times\" \/>\n<meta property=\"og:description\" content=\"POR FRED ESTRADA En Huaquechula, avanzan los preparativos para conmemorar el D\u00eda de Muertos, con sus tradicionales altares monumentales. Los altares representan una verdadera preservaci\u00f3n de las costumbres ancestrales que ha sabido coexistir con el creciente inter\u00e9s tur\u00edstico, logrando un equilibrio entre lo sagrado y lo cultural. Los altares se erigen no s\u00f3lo como un...\" \/>\n<meta property=\"og:url\" content=\"https:\/\/thepueblatimes.mx\/index.php\/2024\/10\/21\/altares-monumentales-de-huaquechula\/\" \/>\n<meta property=\"og:site_name\" content=\"The Puebla Times\" \/>\n<meta property=\"article:published_time\" content=\"2024-10-21T21:46:21+00:00\" \/>\n<meta property=\"article:modified_time\" content=\"2024-10-21T21:47:59+00:00\" \/>\n<meta property=\"og:image\" content=\"https:\/\/thepueblatimes.mx\/wp-content\/uploads\/2024\/10\/4_RP_DIA_DE_MUERTOS_HUAQUECHULA_251023-1536x1024-2.jpg\" \/>\n\t<meta property=\"og:image:width\" content=\"1536\" \/>\n\t<meta property=\"og:image:height\" content=\"1024\" \/>\n\t<meta property=\"og:image:type\" content=\"image\/jpeg\" \/>\n<meta name=\"author\" content=\"Sa\u00fal Hern\u00e1ndez\" \/>\n<meta name=\"twitter:card\" content=\"summary_large_image\" \/>\n<meta name=\"twitter:label1\" content=\"Escrito por\" \/>\n\t<meta name=\"twitter:data1\" content=\"Sa\u00fal Hern\u00e1ndez\" \/>\n\t<meta name=\"twitter:label2\" content=\"Tiempo de lectura\" \/>\n\t<meta name=\"twitter:data2\" content=\"1 minuto\" \/>\n<script type=\"application\/ld+json\" class=\"yoast-schema-graph\">{\"@context\":\"https:\/\/schema.org\",\"@graph\":[{\"@type\":\"WebPage\",\"@id\":\"https:\/\/thepueblatimes.mx\/index.php\/2024\/10\/21\/altares-monumentales-de-huaquechula\/\",\"url\":\"https:\/\/thepueblatimes.mx\/index.php\/2024\/10\/21\/altares-monumentales-de-huaquechula\/\",\"name\":\"Altares Monumentales de Huaquechula - The Puebla Times\",\"isPartOf\":{\"@id\":\"https:\/\/thepueblatimes.mx\/#website\"},\"datePublished\":\"2024-10-21T21:46:21+00:00\",\"dateModified\":\"2024-10-21T21:47:59+00:00\",\"author\":{\"@id\":\"https:\/\/thepueblatimes.mx\/#\/schema\/person\/1664894c2f65ce2c7a08d8f5f905c13c\"},\"breadcrumb\":{\"@id\":\"https:\/\/thepueblatimes.mx\/index.php\/2024\/10\/21\/altares-monumentales-de-huaquechula\/#breadcrumb\"},\"inLanguage\":\"es\",\"potentialAction\":[{\"@type\":\"ReadAction\",\"target\":[\"https:\/\/thepueblatimes.mx\/index.php\/2024\/10\/21\/altares-monumentales-de-huaquechula\/\"]}]},{\"@type\":\"BreadcrumbList\",\"@id\":\"https:\/\/thepueblatimes.mx\/index.php\/2024\/10\/21\/altares-monumentales-de-huaquechula\/#breadcrumb\",\"itemListElement\":[{\"@type\":\"ListItem\",\"position\":1,\"name\":\"Portada\",\"item\":\"https:\/\/thepueblatimes.mx\/\"},{\"@type\":\"ListItem\",\"position\":2,\"name\":\"Altares Monumentales de Huaquechula\"}]},{\"@type\":\"WebSite\",\"@id\":\"https:\/\/thepueblatimes.mx\/#website\",\"url\":\"https:\/\/thepueblatimes.mx\/\",\"name\":\"The Puebla Times\",\"description\":\"Noticias del Estado de Puebla\",\"potentialAction\":[{\"@type\":\"SearchAction\",\"target\":{\"@type\":\"EntryPoint\",\"urlTemplate\":\"https:\/\/thepueblatimes.mx\/?s={search_term_string}\"},\"query-input\":\"required name=search_term_string\"}],\"inLanguage\":\"es\"},{\"@type\":\"Person\",\"@id\":\"https:\/\/thepueblatimes.mx\/#\/schema\/person\/1664894c2f65ce2c7a08d8f5f905c13c\",\"name\":\"Sa\u00fal Hern\u00e1ndez\",\"image\":{\"@type\":\"ImageObject\",\"inLanguage\":\"es\",\"@id\":\"https:\/\/thepueblatimes.mx\/#\/schema\/person\/image\/\",\"url\":\"https:\/\/secure.gravatar.com\/avatar\/11be338693f243309532caad8f10c930?s=96&d=mm&r=g\",\"contentUrl\":\"https:\/\/secure.gravatar.com\/avatar\/11be338693f243309532caad8f10c930?s=96&d=mm&r=g\",\"caption\":\"Sa\u00fal Hern\u00e1ndez\"},\"url\":\"https:\/\/thepueblatimes.mx\/index.php\/author\/saulhernandez\/\"}]}<\/script>\n<!-- \/ Yoast SEO plugin. -->","yoast_head_json":{"title":"Altares Monumentales de Huaquechula - The Puebla Times","robots":{"index":"index","follow":"follow","max-snippet":"max-snippet:-1","max-image-preview":"max-image-preview:large","max-video-preview":"max-video-preview:-1"},"canonical":"https:\/\/thepueblatimes.mx\/index.php\/2024\/10\/21\/altares-monumentales-de-huaquechula\/","og_locale":"es_ES","og_type":"article","og_title":"Altares Monumentales de Huaquechula - The Puebla Times","og_description":"POR FRED ESTRADA En Huaquechula, avanzan los preparativos para conmemorar el D\u00eda de Muertos, con sus tradicionales altares monumentales. Los altares representan una verdadera preservaci\u00f3n de las costumbres ancestrales que ha sabido coexistir con el creciente inter\u00e9s tur\u00edstico, logrando un equilibrio entre lo sagrado y lo cultural. Los altares se erigen no s\u00f3lo como un...","og_url":"https:\/\/thepueblatimes.mx\/index.php\/2024\/10\/21\/altares-monumentales-de-huaquechula\/","og_site_name":"The Puebla Times","article_published_time":"2024-10-21T21:46:21+00:00","article_modified_time":"2024-10-21T21:47:59+00:00","og_image":[{"width":1536,"height":1024,"url":"https:\/\/thepueblatimes.mx\/wp-content\/uploads\/2024\/10\/4_RP_DIA_DE_MUERTOS_HUAQUECHULA_251023-1536x1024-2.jpg","type":"image\/jpeg"}],"author":"Sa\u00fal Hern\u00e1ndez","twitter_card":"summary_large_image","twitter_misc":{"Escrito por":"Sa\u00fal Hern\u00e1ndez","Tiempo de lectura":"1 minuto"},"schema":{"@context":"https:\/\/schema.org","@graph":[{"@type":"WebPage","@id":"https:\/\/thepueblatimes.mx\/index.php\/2024\/10\/21\/altares-monumentales-de-huaquechula\/","url":"https:\/\/thepueblatimes.mx\/index.php\/2024\/10\/21\/altares-monumentales-de-huaquechula\/","name":"Altares Monumentales de Huaquechula - The Puebla Times","isPartOf":{"@id":"https:\/\/thepueblatimes.mx\/#website"},"datePublished":"2024-10-21T21:46:21+00:00","dateModified":"2024-10-21T21:47:59+00:00","author":{"@id":"https:\/\/thepueblatimes.mx\/#\/schema\/person\/1664894c2f65ce2c7a08d8f5f905c13c"},"breadcrumb":{"@id":"https:\/\/thepueblatimes.mx\/index.php\/2024\/10\/21\/altares-monumentales-de-huaquechula\/#breadcrumb"},"inLanguage":"es","potentialAction":[{"@type":"ReadAction","target":["https:\/\/thepueblatimes.mx\/index.php\/2024\/10\/21\/altares-monumentales-de-huaquechula\/"]}]},{"@type":"BreadcrumbList","@id":"https:\/\/thepueblatimes.mx\/index.php\/2024\/10\/21\/altares-monumentales-de-huaquechula\/#breadcrumb","itemListElement":[{"@type":"ListItem","position":1,"name":"Portada","item":"https:\/\/thepueblatimes.mx\/"},{"@type":"ListItem","position":2,"name":"Altares Monumentales de Huaquechula"}]},{"@type":"WebSite","@id":"https:\/\/thepueblatimes.mx\/#website","url":"https:\/\/thepueblatimes.mx\/","name":"The Puebla Times","description":"Noticias del Estado de Puebla","potentialAction":[{"@type":"SearchAction","target":{"@type":"EntryPoint","urlTemplate":"https:\/\/thepueblatimes.mx\/?s={search_term_string}"},"query-input":"required name=search_term_string"}],"inLanguage":"es"},{"@type":"Person","@id":"https:\/\/thepueblatimes.mx\/#\/schema\/person\/1664894c2f65ce2c7a08d8f5f905c13c","name":"Sa\u00fal Hern\u00e1ndez","image":{"@type":"ImageObject","inLanguage":"es","@id":"https:\/\/thepueblatimes.mx\/#\/schema\/person\/image\/","url":"https:\/\/secure.gravatar.com\/avatar\/11be338693f243309532caad8f10c930?s=96&d=mm&r=g","contentUrl":"https:\/\/secure.gravatar.com\/avatar\/11be338693f243309532caad8f10c930?s=96&d=mm&r=g","caption":"Sa\u00fal Hern\u00e1ndez"},"url":"https:\/\/thepueblatimes.mx\/index.php\/author\/saulhernandez\/"}]}},"jetpack_featured_media_url":"https:\/\/thepueblatimes.mx\/wp-content\/uploads\/2024\/10\/4_RP_DIA_DE_MUERTOS_HUAQUECHULA_251023-1536x1024-1.jpg","_links":{"self":[{"href":"https:\/\/thepueblatimes.mx\/index.php\/wp-json\/wp\/v2\/posts\/25648"}],"collection":[{"href":"https:\/\/thepueblatimes.mx\/index.php\/wp-json\/wp\/v2\/posts"}],"about":[{"href":"https:\/\/thepueblatimes.mx\/index.php\/wp-json\/wp\/v2\/types\/post"}],"author":[{"embeddable":true,"href":"https:\/\/thepueblatimes.mx\/index.php\/wp-json\/wp\/v2\/users\/16"}],"replies":[{"embeddable":true,"href":"https:\/\/thepueblatimes.mx\/index.php\/wp-json\/wp\/v2\/comments?post=25648"}],"version-history":[{"count":2,"href":"https:\/\/thepueblatimes.mx\/index.php\/wp-json\/wp\/v2\/posts\/25648\/revisions"}],"predecessor-version":[{"id":25652,"href":"https:\/\/thepueblatimes.mx\/index.php\/wp-json\/wp\/v2\/posts\/25648\/revisions\/25652"}],"wp:featuredmedia":[{"embeddable":true,"href":"https:\/\/thepueblatimes.mx\/index.php\/wp-json\/wp\/v2\/media\/25649"}],"wp:attachment":[{"href":"https:\/\/thepueblatimes.mx\/index.php\/wp-json\/wp\/v2\/media?parent=25648"}],"wp:term":[{"taxonomy":"category","embeddable":true,"href":"https:\/\/thepueblatimes.mx\/index.php\/wp-json\/wp\/v2\/categories?post=25648"},{"taxonomy":"post_tag","embeddable":true,"href":"https:\/\/thepueblatimes.mx\/index.php\/wp-json\/wp\/v2\/tags?post=25648"}],"curies":[{"name":"wp","href":"https:\/\/api.w.org\/{rel}","templated":true}]}}