{"id":25637,"date":"2024-10-21T15:14:06","date_gmt":"2024-10-21T21:14:06","guid":{"rendered":"https:\/\/thepueblatimes.mx\/?p=25637"},"modified":"2024-10-21T15:33:32","modified_gmt":"2024-10-21T21:33:32","slug":"morena-pide-aplicar-la-ley-en-el-caso-del-hoyo-financiero-en-el-ayuntamiento-de-puebla","status":"publish","type":"post","link":"https:\/\/thepueblatimes.mx\/index.php\/2024\/10\/21\/morena-pide-aplicar-la-ley-en-el-caso-del-hoyo-financiero-en-el-ayuntamiento-de-puebla\/","title":{"rendered":"Morena pide aplicar la ley en el caso del hoyo financiero en el Ayuntamiento de Puebla"},"content":{"rendered":"<p>POR FRED ESTRADA<\/p>\n<p>Olga Luc\u00eda Romero Garci-Crespo, dirigente estatal de Morena, pidi\u00f3 que se aplique la ley sobre los pagos pendientes por casi 500 millones de pesos en el Ayuntamiento de Puebla que denunci\u00f3 el alcalde Jos\u00e9 Chedraui Budib.<\/p>\n<p>Agreg\u00f3 que el alcalde Chedraui Budib ser\u00e1 prudente para hacer p\u00fablicos los detalles del adeudo que denunci\u00f3.<\/p>\n<p>Coment\u00f3 que si se incurri\u00f3 en alg\u00fan tipo de irregularidades durante la gesti\u00f3n municipal panista se tiene que aplicar la ley.<\/p>\n<p>Expres\u00f3 \u201cse tiene que aplicar la ley, por supuesto que yo s\u00e9 que se va a tener que aplicar, en el caso que se tenga que aplicar se tendr\u00e1 que hacer por este caso\u201d.<\/p>\n<p>Indic\u00f3 que Chedraui Budib es prudente, que sabr\u00e1 dar a conocer los detalles de este adeudo en el momento indicado.<br \/>\nAgreg\u00f3 \u201cya cuando lleguen los tiempos se deben emitir esas observaciones, s\u00e9 que las emitir\u00e1 y ya las autoridades pertinentes tendr\u00e1n que analizar y dar las resoluciones que se tengan que hacer\u201d.<\/p>\n<p>El domingo, 20 de octubre, Jos\u00e9 Chedraui Budib revel\u00f3 que hay una deuda de casi 500 millones de pesos en diversos pagos pendientes durante la pasada administraci\u00f3n del Ayuntamiento de Puebla.<\/p>\n<p>&nbsp;<\/p>\n","protected":false},"excerpt":{"rendered":"<p>POR FRED ESTRADA Olga Luc\u00eda Romero Garci-Crespo, dirigente estatal de Morena, pidi\u00f3 que se aplique la ley sobre los pagos pendientes por casi 500 millones de pesos en el Ayuntamiento de Puebla que denunci\u00f3 el alcalde Jos\u00e9 Chedraui Budib. Agreg\u00f3 que el alcalde Chedraui Budib ser\u00e1 prudente para hacer p\u00fablicos los detalles del adeudo que&#8230;<\/p>\n","protected":false},"author":16,"featured_media":25639,"comment_status":"closed","ping_status":"closed","sticky":false,"template":"","format":"standard","meta":[],"categories":[20],"tags":[66,1261,1374],"yoast_head":"<!-- This site is optimized with the Yoast SEO plugin v20.8 - https:\/\/yoast.com\/wordpress\/plugins\/seo\/ -->\n<title>Morena pide aplicar la ley en el caso del hoyo financiero en el Ayuntamiento de Puebla - The Puebla Times<\/title>\n<meta name=\"robots\" content=\"index, follow, max-snippet:-1, max-image-preview:large, max-video-preview:-1\" \/>\n<link rel=\"canonical\" href=\"https:\/\/thepueblatimes.mx\/index.php\/2024\/10\/21\/morena-pide-aplicar-la-ley-en-el-caso-del-hoyo-financiero-en-el-ayuntamiento-de-puebla\/\" \/>\n<meta property=\"og:locale\" content=\"es_ES\" \/>\n<meta property=\"og:type\" content=\"article\" \/>\n<meta property=\"og:title\" content=\"Morena pide aplicar la ley en el caso del hoyo financiero en el Ayuntamiento de Puebla - The Puebla Times\" \/>\n<meta property=\"og:description\" content=\"POR FRED ESTRADA Olga Luc\u00eda Romero Garci-Crespo, dirigente estatal de Morena, pidi\u00f3 que se aplique la ley sobre los pagos pendientes por casi 500 millones de pesos en el Ayuntamiento de Puebla que denunci\u00f3 el alcalde Jos\u00e9 Chedraui Budib. Agreg\u00f3 que el alcalde Chedraui Budib ser\u00e1 prudente para hacer p\u00fablicos los detalles del adeudo que...\" \/>\n<meta property=\"og:url\" content=\"https:\/\/thepueblatimes.mx\/index.php\/2024\/10\/21\/morena-pide-aplicar-la-ley-en-el-caso-del-hoyo-financiero-en-el-ayuntamiento-de-puebla\/\" \/>\n<meta property=\"og:site_name\" content=\"The Puebla Times\" \/>\n<meta property=\"article:published_time\" content=\"2024-10-21T21:14:06+00:00\" \/>\n<meta property=\"article:modified_time\" content=\"2024-10-21T21:33:32+00:00\" \/>\n<meta property=\"og:image\" content=\"https:\/\/thepueblatimes.mx\/wp-content\/uploads\/2024\/10\/PORTADAS-hoyo-financiero-del-Ayuntamiento-de-Puebla-enardece-disputa-por-la-dirigencia-estatal-del-PAN.webp\" \/>\n\t<meta property=\"og:image:width\" content=\"1200\" \/>\n\t<meta property=\"og:image:height\" content=\"675\" \/>\n\t<meta property=\"og:image:type\" content=\"image\/webp\" \/>\n<meta name=\"author\" content=\"Sa\u00fal Hern\u00e1ndez\" \/>\n<meta name=\"twitter:card\" content=\"summary_large_image\" \/>\n<meta name=\"twitter:label1\" content=\"Escrito por\" \/>\n\t<meta name=\"twitter:data1\" content=\"Sa\u00fal Hern\u00e1ndez\" \/>\n\t<meta name=\"twitter:label2\" content=\"Tiempo de lectura\" \/>\n\t<meta name=\"twitter:data2\" content=\"1 minuto\" \/>\n<script type=\"application\/ld+json\" class=\"yoast-schema-graph\">{\"@context\":\"https:\/\/schema.org\",\"@graph\":[{\"@type\":\"WebPage\",\"@id\":\"https:\/\/thepueblatimes.mx\/index.php\/2024\/10\/21\/morena-pide-aplicar-la-ley-en-el-caso-del-hoyo-financiero-en-el-ayuntamiento-de-puebla\/\",\"url\":\"https:\/\/thepueblatimes.mx\/index.php\/2024\/10\/21\/morena-pide-aplicar-la-ley-en-el-caso-del-hoyo-financiero-en-el-ayuntamiento-de-puebla\/\",\"name\":\"Morena pide aplicar la ley en el caso del hoyo financiero en el Ayuntamiento de Puebla - The Puebla Times\",\"isPartOf\":{\"@id\":\"https:\/\/thepueblatimes.mx\/#website\"},\"datePublished\":\"2024-10-21T21:14:06+00:00\",\"dateModified\":\"2024-10-21T21:33:32+00:00\",\"author\":{\"@id\":\"https:\/\/thepueblatimes.mx\/#\/schema\/person\/1664894c2f65ce2c7a08d8f5f905c13c\"},\"breadcrumb\":{\"@id\":\"https:\/\/thepueblatimes.mx\/index.php\/2024\/10\/21\/morena-pide-aplicar-la-ley-en-el-caso-del-hoyo-financiero-en-el-ayuntamiento-de-puebla\/#breadcrumb\"},\"inLanguage\":\"es\",\"potentialAction\":[{\"@type\":\"ReadAction\",\"target\":[\"https:\/\/thepueblatimes.mx\/index.php\/2024\/10\/21\/morena-pide-aplicar-la-ley-en-el-caso-del-hoyo-financiero-en-el-ayuntamiento-de-puebla\/\"]}]},{\"@type\":\"BreadcrumbList\",\"@id\":\"https:\/\/thepueblatimes.mx\/index.php\/2024\/10\/21\/morena-pide-aplicar-la-ley-en-el-caso-del-hoyo-financiero-en-el-ayuntamiento-de-puebla\/#breadcrumb\",\"itemListElement\":[{\"@type\":\"ListItem\",\"position\":1,\"name\":\"Portada\",\"item\":\"https:\/\/thepueblatimes.mx\/\"},{\"@type\":\"ListItem\",\"position\":2,\"name\":\"Morena pide aplicar la ley en el caso del hoyo financiero en el Ayuntamiento de Puebla\"}]},{\"@type\":\"WebSite\",\"@id\":\"https:\/\/thepueblatimes.mx\/#website\",\"url\":\"https:\/\/thepueblatimes.mx\/\",\"name\":\"The Puebla Times\",\"description\":\"Noticias del Estado de Puebla\",\"potentialAction\":[{\"@type\":\"SearchAction\",\"target\":{\"@type\":\"EntryPoint\",\"urlTemplate\":\"https:\/\/thepueblatimes.mx\/?s={search_term_string}\"},\"query-input\":\"required name=search_term_string\"}],\"inLanguage\":\"es\"},{\"@type\":\"Person\",\"@id\":\"https:\/\/thepueblatimes.mx\/#\/schema\/person\/1664894c2f65ce2c7a08d8f5f905c13c\",\"name\":\"Sa\u00fal Hern\u00e1ndez\",\"image\":{\"@type\":\"ImageObject\",\"inLanguage\":\"es\",\"@id\":\"https:\/\/thepueblatimes.mx\/#\/schema\/person\/image\/\",\"url\":\"https:\/\/secure.gravatar.com\/avatar\/11be338693f243309532caad8f10c930?s=96&d=mm&r=g\",\"contentUrl\":\"https:\/\/secure.gravatar.com\/avatar\/11be338693f243309532caad8f10c930?s=96&d=mm&r=g\",\"caption\":\"Sa\u00fal Hern\u00e1ndez\"},\"url\":\"https:\/\/thepueblatimes.mx\/index.php\/author\/saulhernandez\/\"}]}<\/script>\n<!-- \/ Yoast SEO plugin. -->","yoast_head_json":{"title":"Morena pide aplicar la ley en el caso del hoyo financiero en el Ayuntamiento de Puebla - The Puebla Times","robots":{"index":"index","follow":"follow","max-snippet":"max-snippet:-1","max-image-preview":"max-image-preview:large","max-video-preview":"max-video-preview:-1"},"canonical":"https:\/\/thepueblatimes.mx\/index.php\/2024\/10\/21\/morena-pide-aplicar-la-ley-en-el-caso-del-hoyo-financiero-en-el-ayuntamiento-de-puebla\/","og_locale":"es_ES","og_type":"article","og_title":"Morena pide aplicar la ley en el caso del hoyo financiero en el Ayuntamiento de Puebla - The Puebla Times","og_description":"POR FRED ESTRADA Olga Luc\u00eda Romero Garci-Crespo, dirigente estatal de Morena, pidi\u00f3 que se aplique la ley sobre los pagos pendientes por casi 500 millones de pesos en el Ayuntamiento de Puebla que denunci\u00f3 el alcalde Jos\u00e9 Chedraui Budib. Agreg\u00f3 que el alcalde Chedraui Budib ser\u00e1 prudente para hacer p\u00fablicos los detalles del adeudo que...","og_url":"https:\/\/thepueblatimes.mx\/index.php\/2024\/10\/21\/morena-pide-aplicar-la-ley-en-el-caso-del-hoyo-financiero-en-el-ayuntamiento-de-puebla\/","og_site_name":"The Puebla Times","article_published_time":"2024-10-21T21:14:06+00:00","article_modified_time":"2024-10-21T21:33:32+00:00","og_image":[{"width":1200,"height":675,"url":"https:\/\/thepueblatimes.mx\/wp-content\/uploads\/2024\/10\/PORTADAS-hoyo-financiero-del-Ayuntamiento-de-Puebla-enardece-disputa-por-la-dirigencia-estatal-del-PAN.webp","type":"image\/webp"}],"author":"Sa\u00fal Hern\u00e1ndez","twitter_card":"summary_large_image","twitter_misc":{"Escrito por":"Sa\u00fal Hern\u00e1ndez","Tiempo de lectura":"1 minuto"},"schema":{"@context":"https:\/\/schema.org","@graph":[{"@type":"WebPage","@id":"https:\/\/thepueblatimes.mx\/index.php\/2024\/10\/21\/morena-pide-aplicar-la-ley-en-el-caso-del-hoyo-financiero-en-el-ayuntamiento-de-puebla\/","url":"https:\/\/thepueblatimes.mx\/index.php\/2024\/10\/21\/morena-pide-aplicar-la-ley-en-el-caso-del-hoyo-financiero-en-el-ayuntamiento-de-puebla\/","name":"Morena pide aplicar la ley en el caso del hoyo financiero en el Ayuntamiento de Puebla - The Puebla Times","isPartOf":{"@id":"https:\/\/thepueblatimes.mx\/#website"},"datePublished":"2024-10-21T21:14:06+00:00","dateModified":"2024-10-21T21:33:32+00:00","author":{"@id":"https:\/\/thepueblatimes.mx\/#\/schema\/person\/1664894c2f65ce2c7a08d8f5f905c13c"},"breadcrumb":{"@id":"https:\/\/thepueblatimes.mx\/index.php\/2024\/10\/21\/morena-pide-aplicar-la-ley-en-el-caso-del-hoyo-financiero-en-el-ayuntamiento-de-puebla\/#breadcrumb"},"inLanguage":"es","potentialAction":[{"@type":"ReadAction","target":["https:\/\/thepueblatimes.mx\/index.php\/2024\/10\/21\/morena-pide-aplicar-la-ley-en-el-caso-del-hoyo-financiero-en-el-ayuntamiento-de-puebla\/"]}]},{"@type":"BreadcrumbList","@id":"https:\/\/thepueblatimes.mx\/index.php\/2024\/10\/21\/morena-pide-aplicar-la-ley-en-el-caso-del-hoyo-financiero-en-el-ayuntamiento-de-puebla\/#breadcrumb","itemListElement":[{"@type":"ListItem","position":1,"name":"Portada","item":"https:\/\/thepueblatimes.mx\/"},{"@type":"ListItem","position":2,"name":"Morena pide aplicar la ley en el caso del hoyo financiero en el Ayuntamiento de Puebla"}]},{"@type":"WebSite","@id":"https:\/\/thepueblatimes.mx\/#website","url":"https:\/\/thepueblatimes.mx\/","name":"The Puebla Times","description":"Noticias del Estado de Puebla","potentialAction":[{"@type":"SearchAction","target":{"@type":"EntryPoint","urlTemplate":"https:\/\/thepueblatimes.mx\/?s={search_term_string}"},"query-input":"required name=search_term_string"}],"inLanguage":"es"},{"@type":"Person","@id":"https:\/\/thepueblatimes.mx\/#\/schema\/person\/1664894c2f65ce2c7a08d8f5f905c13c","name":"Sa\u00fal Hern\u00e1ndez","image":{"@type":"ImageObject","inLanguage":"es","@id":"https:\/\/thepueblatimes.mx\/#\/schema\/person\/image\/","url":"https:\/\/secure.gravatar.com\/avatar\/11be338693f243309532caad8f10c930?s=96&d=mm&r=g","contentUrl":"https:\/\/secure.gravatar.com\/avatar\/11be338693f243309532caad8f10c930?s=96&d=mm&r=g","caption":"Sa\u00fal Hern\u00e1ndez"},"url":"https:\/\/thepueblatimes.mx\/index.php\/author\/saulhernandez\/"}]}},"jetpack_featured_media_url":"https:\/\/thepueblatimes.mx\/wp-content\/uploads\/2024\/10\/PORTADAS-hoyo-financiero-del-Ayuntamiento-de-Puebla-enardece-disputa-por-la-dirigencia-estatal-del-PAN.webp","_links":{"self":[{"href":"https:\/\/thepueblatimes.mx\/index.php\/wp-json\/wp\/v2\/posts\/25637"}],"collection":[{"href":"https:\/\/thepueblatimes.mx\/index.php\/wp-json\/wp\/v2\/posts"}],"about":[{"href":"https:\/\/thepueblatimes.mx\/index.php\/wp-json\/wp\/v2\/types\/post"}],"author":[{"embeddable":true,"href":"https:\/\/thepueblatimes.mx\/index.php\/wp-json\/wp\/v2\/users\/16"}],"replies":[{"embeddable":true,"href":"https:\/\/thepueblatimes.mx\/index.php\/wp-json\/wp\/v2\/comments?post=25637"}],"version-history":[{"count":3,"href":"https:\/\/thepueblatimes.mx\/index.php\/wp-json\/wp\/v2\/posts\/25637\/revisions"}],"predecessor-version":[{"id":25643,"href":"https:\/\/thepueblatimes.mx\/index.php\/wp-json\/wp\/v2\/posts\/25637\/revisions\/25643"}],"wp:featuredmedia":[{"embeddable":true,"href":"https:\/\/thepueblatimes.mx\/index.php\/wp-json\/wp\/v2\/media\/25639"}],"wp:attachment":[{"href":"https:\/\/thepueblatimes.mx\/index.php\/wp-json\/wp\/v2\/media?parent=25637"}],"wp:term":[{"taxonomy":"category","embeddable":true,"href":"https:\/\/thepueblatimes.mx\/index.php\/wp-json\/wp\/v2\/categories?post=25637"},{"taxonomy":"post_tag","embeddable":true,"href":"https:\/\/thepueblatimes.mx\/index.php\/wp-json\/wp\/v2\/tags?post=25637"}],"curies":[{"name":"wp","href":"https:\/\/api.w.org\/{rel}","templated":true}]}}