{"id":25633,"date":"2024-10-21T13:48:39","date_gmt":"2024-10-21T19:48:39","guid":{"rendered":"https:\/\/thepueblatimes.mx\/?p=25633"},"modified":"2024-10-21T13:48:57","modified_gmt":"2024-10-21T19:48:57","slug":"teleferico-de-puebla","status":"publish","type":"post","link":"https:\/\/thepueblatimes.mx\/index.php\/2024\/10\/21\/teleferico-de-puebla\/","title":{"rendered":"Telef\u00e9rico de Puebla"},"content":{"rendered":"<p>POR FRED ESTRADA<\/p>\n<p>El Telef\u00e9rico de Puebla es una de las atracciones tur\u00edsticas de la ciudad, que fue inaugurada en 2016 en la zona de Los Fuertes.<\/p>\n<p>Su recorrido total es de 688 metros, a una altura m\u00e1xima de 58 metros. El viaje de ida dura unos 10 minutos, y el trayecto de regreso es similar, brindando una experiencia en 20 minutos.<\/p>\n<p>El telef\u00e9rico cuenta con dos estaciones:<\/p>\n<p>Estaci\u00f3n de Arte (Los Fuertes): Situada en la zona de Los Fuertes, un \u00e1rea hist\u00f3rica que ofrece otras atracciones como museos y parques.<\/p>\n<p>Estaci\u00f3n del Centro Expositor: Esta estaci\u00f3n est\u00e1 m\u00e1s cerca de las zonas modernas y comerciales de la ciudad.<br \/>\nDesde la altura, en el telef\u00e9rico se pueden apreciar:<\/p>\n<p>El Centro Hist\u00f3rico de Puebla: Las c\u00fapulas de sus iglesias y la arquitectura colonial.<\/p>\n<p>Los Fuertes de Loreto y Guadalupe: Testigos de la hist\u00f3rica Batalla de Puebla de 1862.<\/p>\n<p>El Volc\u00e1n Popocat\u00e9petl: En d\u00edas despejados, se puede observar el majestuoso volc\u00e1n.<\/p>\n<p>La Estrella de Puebla: La famosa rueda de la fortuna, visible en la distancia.<\/p>\n<p>La zona de los lavaderos.<\/p>\n<p>Lo estadios Cuauht\u00e9moc y Hermanos Serd\u00e1n.<\/p>\n<p>El precio de los boletos es accesible, con tarifas que var\u00edan para adultos, ni\u00f1os, y personas de la tercera edad. Funciona generalmente de martes a domingo, con horarios que suelen extenderse hasta la noche, permitiendo tambi\u00e9n disfrutar de vistas nocturnas de la ciudad iluminada.<\/p>\n<p>Costo<br \/>\nViaje sencillo:<br \/>\nGeneral $38.00<br \/>\nGrupos de 20 a 49 personas $32.00<br \/>\nGrupos de 50 a 99 personas $30.00<br \/>\nGrupos de 100 personas en adelante $27.00<br \/>\nViaje redondo:<br \/>\nGeneral: $57.00<br \/>\nPara grupos de 20 a 49 personas: $54.00<br \/>\nPara grupos de 50 a 99 personas: $51.00<br \/>\nPara grupos de 100 personas en adelante: $45.00<\/p>\n","protected":false},"excerpt":{"rendered":"<p>POR FRED ESTRADA El Telef\u00e9rico de Puebla es una de las atracciones tur\u00edsticas de la ciudad, que fue inaugurada en 2016 en la zona de Los Fuertes. Su recorrido total es de 688 metros, a una altura m\u00e1xima de 58 metros. El viaje de ida dura unos 10 minutos, y el trayecto de regreso es&#8230;<\/p>\n","protected":false},"author":16,"featured_media":25634,"comment_status":"closed","ping_status":"closed","sticky":false,"template":"","format":"standard","meta":[],"categories":[23],"tags":[2144,2353,1301,2352],"yoast_head":"<!-- This site is optimized with the Yoast SEO plugin v20.8 - https:\/\/yoast.com\/wordpress\/plugins\/seo\/ -->\n<title>Telef\u00e9rico de Puebla - The Puebla Times<\/title>\n<meta name=\"robots\" content=\"index, follow, max-snippet:-1, max-image-preview:large, max-video-preview:-1\" \/>\n<link rel=\"canonical\" href=\"https:\/\/thepueblatimes.mx\/index.php\/2024\/10\/21\/teleferico-de-puebla\/\" \/>\n<meta property=\"og:locale\" content=\"es_ES\" \/>\n<meta property=\"og:type\" content=\"article\" \/>\n<meta property=\"og:title\" content=\"Telef\u00e9rico de Puebla - The Puebla Times\" \/>\n<meta property=\"og:description\" content=\"POR FRED ESTRADA El Telef\u00e9rico de Puebla es una de las atracciones tur\u00edsticas de la ciudad, que fue inaugurada en 2016 en la zona de Los Fuertes. Su recorrido total es de 688 metros, a una altura m\u00e1xima de 58 metros. El viaje de ida dura unos 10 minutos, y el trayecto de regreso es...\" \/>\n<meta property=\"og:url\" content=\"https:\/\/thepueblatimes.mx\/index.php\/2024\/10\/21\/teleferico-de-puebla\/\" \/>\n<meta property=\"og:site_name\" content=\"The Puebla Times\" \/>\n<meta property=\"article:published_time\" content=\"2024-10-21T19:48:39+00:00\" \/>\n<meta property=\"article:modified_time\" content=\"2024-10-21T19:48:57+00:00\" \/>\n<meta property=\"og:image\" content=\"https:\/\/thepueblatimes.mx\/wp-content\/uploads\/2024\/10\/vista-panoramica-teleferico-puebla-agencia.jpg\" \/>\n\t<meta property=\"og:image:width\" content=\"1200\" \/>\n\t<meta property=\"og:image:height\" content=\"747\" \/>\n\t<meta property=\"og:image:type\" content=\"image\/jpeg\" \/>\n<meta name=\"author\" content=\"Sa\u00fal Hern\u00e1ndez\" \/>\n<meta name=\"twitter:card\" content=\"summary_large_image\" \/>\n<meta name=\"twitter:label1\" content=\"Escrito por\" \/>\n\t<meta name=\"twitter:data1\" content=\"Sa\u00fal Hern\u00e1ndez\" \/>\n\t<meta name=\"twitter:label2\" content=\"Tiempo de lectura\" \/>\n\t<meta name=\"twitter:data2\" content=\"2 minutos\" \/>\n<script type=\"application\/ld+json\" class=\"yoast-schema-graph\">{\"@context\":\"https:\/\/schema.org\",\"@graph\":[{\"@type\":\"WebPage\",\"@id\":\"https:\/\/thepueblatimes.mx\/index.php\/2024\/10\/21\/teleferico-de-puebla\/\",\"url\":\"https:\/\/thepueblatimes.mx\/index.php\/2024\/10\/21\/teleferico-de-puebla\/\",\"name\":\"Telef\u00e9rico de Puebla - The Puebla Times\",\"isPartOf\":{\"@id\":\"https:\/\/thepueblatimes.mx\/#website\"},\"datePublished\":\"2024-10-21T19:48:39+00:00\",\"dateModified\":\"2024-10-21T19:48:57+00:00\",\"author\":{\"@id\":\"https:\/\/thepueblatimes.mx\/#\/schema\/person\/1664894c2f65ce2c7a08d8f5f905c13c\"},\"breadcrumb\":{\"@id\":\"https:\/\/thepueblatimes.mx\/index.php\/2024\/10\/21\/teleferico-de-puebla\/#breadcrumb\"},\"inLanguage\":\"es\",\"potentialAction\":[{\"@type\":\"ReadAction\",\"target\":[\"https:\/\/thepueblatimes.mx\/index.php\/2024\/10\/21\/teleferico-de-puebla\/\"]}]},{\"@type\":\"BreadcrumbList\",\"@id\":\"https:\/\/thepueblatimes.mx\/index.php\/2024\/10\/21\/teleferico-de-puebla\/#breadcrumb\",\"itemListElement\":[{\"@type\":\"ListItem\",\"position\":1,\"name\":\"Portada\",\"item\":\"https:\/\/thepueblatimes.mx\/\"},{\"@type\":\"ListItem\",\"position\":2,\"name\":\"Telef\u00e9rico de Puebla\"}]},{\"@type\":\"WebSite\",\"@id\":\"https:\/\/thepueblatimes.mx\/#website\",\"url\":\"https:\/\/thepueblatimes.mx\/\",\"name\":\"The Puebla Times\",\"description\":\"Noticias del Estado de Puebla\",\"potentialAction\":[{\"@type\":\"SearchAction\",\"target\":{\"@type\":\"EntryPoint\",\"urlTemplate\":\"https:\/\/thepueblatimes.mx\/?s={search_term_string}\"},\"query-input\":\"required name=search_term_string\"}],\"inLanguage\":\"es\"},{\"@type\":\"Person\",\"@id\":\"https:\/\/thepueblatimes.mx\/#\/schema\/person\/1664894c2f65ce2c7a08d8f5f905c13c\",\"name\":\"Sa\u00fal Hern\u00e1ndez\",\"image\":{\"@type\":\"ImageObject\",\"inLanguage\":\"es\",\"@id\":\"https:\/\/thepueblatimes.mx\/#\/schema\/person\/image\/\",\"url\":\"https:\/\/secure.gravatar.com\/avatar\/11be338693f243309532caad8f10c930?s=96&d=mm&r=g\",\"contentUrl\":\"https:\/\/secure.gravatar.com\/avatar\/11be338693f243309532caad8f10c930?s=96&d=mm&r=g\",\"caption\":\"Sa\u00fal Hern\u00e1ndez\"},\"url\":\"https:\/\/thepueblatimes.mx\/index.php\/author\/saulhernandez\/\"}]}<\/script>\n<!-- \/ Yoast SEO plugin. -->","yoast_head_json":{"title":"Telef\u00e9rico de Puebla - The Puebla Times","robots":{"index":"index","follow":"follow","max-snippet":"max-snippet:-1","max-image-preview":"max-image-preview:large","max-video-preview":"max-video-preview:-1"},"canonical":"https:\/\/thepueblatimes.mx\/index.php\/2024\/10\/21\/teleferico-de-puebla\/","og_locale":"es_ES","og_type":"article","og_title":"Telef\u00e9rico de Puebla - The Puebla Times","og_description":"POR FRED ESTRADA El Telef\u00e9rico de Puebla es una de las atracciones tur\u00edsticas de la ciudad, que fue inaugurada en 2016 en la zona de Los Fuertes. Su recorrido total es de 688 metros, a una altura m\u00e1xima de 58 metros. El viaje de ida dura unos 10 minutos, y el trayecto de regreso es...","og_url":"https:\/\/thepueblatimes.mx\/index.php\/2024\/10\/21\/teleferico-de-puebla\/","og_site_name":"The Puebla Times","article_published_time":"2024-10-21T19:48:39+00:00","article_modified_time":"2024-10-21T19:48:57+00:00","og_image":[{"width":1200,"height":747,"url":"https:\/\/thepueblatimes.mx\/wp-content\/uploads\/2024\/10\/vista-panoramica-teleferico-puebla-agencia.jpg","type":"image\/jpeg"}],"author":"Sa\u00fal Hern\u00e1ndez","twitter_card":"summary_large_image","twitter_misc":{"Escrito por":"Sa\u00fal Hern\u00e1ndez","Tiempo de lectura":"2 minutos"},"schema":{"@context":"https:\/\/schema.org","@graph":[{"@type":"WebPage","@id":"https:\/\/thepueblatimes.mx\/index.php\/2024\/10\/21\/teleferico-de-puebla\/","url":"https:\/\/thepueblatimes.mx\/index.php\/2024\/10\/21\/teleferico-de-puebla\/","name":"Telef\u00e9rico de Puebla - The Puebla Times","isPartOf":{"@id":"https:\/\/thepueblatimes.mx\/#website"},"datePublished":"2024-10-21T19:48:39+00:00","dateModified":"2024-10-21T19:48:57+00:00","author":{"@id":"https:\/\/thepueblatimes.mx\/#\/schema\/person\/1664894c2f65ce2c7a08d8f5f905c13c"},"breadcrumb":{"@id":"https:\/\/thepueblatimes.mx\/index.php\/2024\/10\/21\/teleferico-de-puebla\/#breadcrumb"},"inLanguage":"es","potentialAction":[{"@type":"ReadAction","target":["https:\/\/thepueblatimes.mx\/index.php\/2024\/10\/21\/teleferico-de-puebla\/"]}]},{"@type":"BreadcrumbList","@id":"https:\/\/thepueblatimes.mx\/index.php\/2024\/10\/21\/teleferico-de-puebla\/#breadcrumb","itemListElement":[{"@type":"ListItem","position":1,"name":"Portada","item":"https:\/\/thepueblatimes.mx\/"},{"@type":"ListItem","position":2,"name":"Telef\u00e9rico de Puebla"}]},{"@type":"WebSite","@id":"https:\/\/thepueblatimes.mx\/#website","url":"https:\/\/thepueblatimes.mx\/","name":"The Puebla Times","description":"Noticias del Estado de Puebla","potentialAction":[{"@type":"SearchAction","target":{"@type":"EntryPoint","urlTemplate":"https:\/\/thepueblatimes.mx\/?s={search_term_string}"},"query-input":"required name=search_term_string"}],"inLanguage":"es"},{"@type":"Person","@id":"https:\/\/thepueblatimes.mx\/#\/schema\/person\/1664894c2f65ce2c7a08d8f5f905c13c","name":"Sa\u00fal Hern\u00e1ndez","image":{"@type":"ImageObject","inLanguage":"es","@id":"https:\/\/thepueblatimes.mx\/#\/schema\/person\/image\/","url":"https:\/\/secure.gravatar.com\/avatar\/11be338693f243309532caad8f10c930?s=96&d=mm&r=g","contentUrl":"https:\/\/secure.gravatar.com\/avatar\/11be338693f243309532caad8f10c930?s=96&d=mm&r=g","caption":"Sa\u00fal Hern\u00e1ndez"},"url":"https:\/\/thepueblatimes.mx\/index.php\/author\/saulhernandez\/"}]}},"jetpack_featured_media_url":"https:\/\/thepueblatimes.mx\/wp-content\/uploads\/2024\/10\/vista-panoramica-teleferico-puebla-agencia.jpg","_links":{"self":[{"href":"https:\/\/thepueblatimes.mx\/index.php\/wp-json\/wp\/v2\/posts\/25633"}],"collection":[{"href":"https:\/\/thepueblatimes.mx\/index.php\/wp-json\/wp\/v2\/posts"}],"about":[{"href":"https:\/\/thepueblatimes.mx\/index.php\/wp-json\/wp\/v2\/types\/post"}],"author":[{"embeddable":true,"href":"https:\/\/thepueblatimes.mx\/index.php\/wp-json\/wp\/v2\/users\/16"}],"replies":[{"embeddable":true,"href":"https:\/\/thepueblatimes.mx\/index.php\/wp-json\/wp\/v2\/comments?post=25633"}],"version-history":[{"count":2,"href":"https:\/\/thepueblatimes.mx\/index.php\/wp-json\/wp\/v2\/posts\/25633\/revisions"}],"predecessor-version":[{"id":25636,"href":"https:\/\/thepueblatimes.mx\/index.php\/wp-json\/wp\/v2\/posts\/25633\/revisions\/25636"}],"wp:featuredmedia":[{"embeddable":true,"href":"https:\/\/thepueblatimes.mx\/index.php\/wp-json\/wp\/v2\/media\/25634"}],"wp:attachment":[{"href":"https:\/\/thepueblatimes.mx\/index.php\/wp-json\/wp\/v2\/media?parent=25633"}],"wp:term":[{"taxonomy":"category","embeddable":true,"href":"https:\/\/thepueblatimes.mx\/index.php\/wp-json\/wp\/v2\/categories?post=25633"},{"taxonomy":"post_tag","embeddable":true,"href":"https:\/\/thepueblatimes.mx\/index.php\/wp-json\/wp\/v2\/tags?post=25633"}],"curies":[{"name":"wp","href":"https:\/\/api.w.org\/{rel}","templated":true}]}}