{"id":25510,"date":"2024-10-14T16:57:25","date_gmt":"2024-10-14T22:57:25","guid":{"rendered":"https:\/\/thepueblatimes.mx\/?p=25510"},"modified":"2024-10-14T17:00:47","modified_gmt":"2024-10-14T23:00:47","slug":"si-se-detectan-irregularidades-en-el-ayuntamiento-de-puebla-no-habra-impunidad-agustin-guerrero","status":"publish","type":"post","link":"https:\/\/thepueblatimes.mx\/index.php\/2024\/10\/14\/si-se-detectan-irregularidades-en-el-ayuntamiento-de-puebla-no-habra-impunidad-agustin-guerrero\/","title":{"rendered":"Si se detectan irregularidades en el Ayuntamiento de Puebla, no habr\u00e1 impunidad: Agust\u00edn Guerrero"},"content":{"rendered":"<p>POR FRED ESTRADA<\/p>\n<p>No habr\u00e1 impunidad, y se actuar\u00e1 penalmente en caso de encontrarse irregularidades que lo ameriten en contra del presidente municipal Ad\u00e1n Dom\u00ednguez S\u00e1nchez.<\/p>\n<p>As\u00ed lo se\u00f1al\u00f3 el secretario general de Morena, Agust\u00edn Guerrero Castillo, al referirse al presunto sobregiro financiero en las arcas del Ayuntamiento de Puebla por m\u00e1s de 680 millones de pesos.<\/p>\n<p>Adem\u00e1s, calific\u00f3 como grave e irresponsable que, al cierre del gobierno municipal de Ad\u00e1n Dom\u00ednguez, se presente un excedente de gasto por 680 millones de pesos.<\/p>\n<p>Apunt\u00f3 que esta situaci\u00f3n, ya hab\u00eda sido advertida por el regidor de este partido, Leobardo Rodr\u00edguez Ju\u00e1rez.<\/p>\n<p>Expres\u00f3 \u201cnos parece muy grave, muy irresponsable incluso, que ya en la parte final de una administraci\u00f3n se quiera corregir un conjunto de acciones y hechos que todos vimos que estaban ocurriendo. Nuestros regidores de Morena, puntualmente Leobardo Rodr\u00edguez, se\u00f1al\u00f3 hace m\u00e1s de medio a\u00f1o que hab\u00eda un gasto por encima de los ingresos del Ayuntamiento y se viene a confirmar con la presentaci\u00f3n de la cuenta p\u00fablica con un excedente de gasto de 680 millones de pesos\u201d.<\/p>\n<p>\u201cLo que ha dicho nuestro presidente electo de la capital (Jos\u00e9 Chedraui) y nuestros diputados locales es que no habr\u00e1 impunidad. Si malversaron recursos p\u00fablicos, si no supieron administrarlos en el peor de los casos y se robaron presupuesto, no va a haber impunidad\u201d, dijo.<\/p>\n<p>Agreg\u00f3 que ser\u00e1 la Auditor\u00eda Superior del Estado (ASE) la encargada de realizar la revisi\u00f3n en el manejo de los recursos p\u00fablicos por parte del gobierno del edil Ad\u00e1n Dom\u00ednguez.<\/p>\n<p>En este sentido resalt\u00f3 que en caso de que la ASE detecte cualquier tipo de irregularidad, se deber\u00e1 dar cauce ante las autoridades correspondientes.<\/p>\n","protected":false},"excerpt":{"rendered":"<p>POR FRED ESTRADA No habr\u00e1 impunidad, y se actuar\u00e1 penalmente en caso de encontrarse irregularidades que lo ameriten en contra del presidente municipal Ad\u00e1n Dom\u00ednguez S\u00e1nchez. As\u00ed lo se\u00f1al\u00f3 el secretario general de Morena, Agust\u00edn Guerrero Castillo, al referirse al presunto sobregiro financiero en las arcas del Ayuntamiento de Puebla por m\u00e1s de 680 millones&#8230;<\/p>\n","protected":false},"author":16,"featured_media":25511,"comment_status":"closed","ping_status":"closed","sticky":false,"template":"","format":"standard","meta":[],"categories":[20],"tags":[1694,2071,1287,2084,2280],"yoast_head":"<!-- This site is optimized with the Yoast SEO plugin v20.8 - https:\/\/yoast.com\/wordpress\/plugins\/seo\/ -->\n<title>Si se detectan irregularidades en el Ayuntamiento de Puebla, no habr\u00e1 impunidad: Agust\u00edn Guerrero - The Puebla Times<\/title>\n<meta name=\"robots\" content=\"index, follow, max-snippet:-1, max-image-preview:large, max-video-preview:-1\" \/>\n<link rel=\"canonical\" href=\"https:\/\/thepueblatimes.mx\/index.php\/2024\/10\/14\/si-se-detectan-irregularidades-en-el-ayuntamiento-de-puebla-no-habra-impunidad-agustin-guerrero\/\" \/>\n<meta property=\"og:locale\" content=\"es_ES\" \/>\n<meta property=\"og:type\" content=\"article\" \/>\n<meta property=\"og:title\" content=\"Si se detectan irregularidades en el Ayuntamiento de Puebla, no habr\u00e1 impunidad: Agust\u00edn Guerrero - The Puebla Times\" \/>\n<meta property=\"og:description\" content=\"POR FRED ESTRADA No habr\u00e1 impunidad, y se actuar\u00e1 penalmente en caso de encontrarse irregularidades que lo ameriten en contra del presidente municipal Ad\u00e1n Dom\u00ednguez S\u00e1nchez. As\u00ed lo se\u00f1al\u00f3 el secretario general de Morena, Agust\u00edn Guerrero Castillo, al referirse al presunto sobregiro financiero en las arcas del Ayuntamiento de Puebla por m\u00e1s de 680 millones...\" \/>\n<meta property=\"og:url\" content=\"https:\/\/thepueblatimes.mx\/index.php\/2024\/10\/14\/si-se-detectan-irregularidades-en-el-ayuntamiento-de-puebla-no-habra-impunidad-agustin-guerrero\/\" \/>\n<meta property=\"og:site_name\" content=\"The Puebla Times\" \/>\n<meta property=\"article:published_time\" content=\"2024-10-14T22:57:25+00:00\" \/>\n<meta property=\"article:modified_time\" content=\"2024-10-14T23:00:47+00:00\" \/>\n<meta property=\"og:image\" content=\"https:\/\/thepueblatimes.mx\/wp-content\/uploads\/2024\/10\/En-entrevista-con-El-Sol-de-Puebla_-el-panista-asegura-que-estos-embates-no-le-asustan-ni-le-preocup.jpg\" \/>\n\t<meta property=\"og:image:width\" content=\"768\" \/>\n\t<meta property=\"og:image:height\" content=\"479\" \/>\n\t<meta property=\"og:image:type\" content=\"image\/jpeg\" \/>\n<meta name=\"author\" content=\"Sa\u00fal Hern\u00e1ndez\" \/>\n<meta name=\"twitter:card\" content=\"summary_large_image\" \/>\n<meta name=\"twitter:label1\" content=\"Escrito por\" \/>\n\t<meta name=\"twitter:data1\" content=\"Sa\u00fal Hern\u00e1ndez\" \/>\n\t<meta name=\"twitter:label2\" content=\"Tiempo de lectura\" \/>\n\t<meta name=\"twitter:data2\" content=\"2 minutos\" \/>\n<script type=\"application\/ld+json\" class=\"yoast-schema-graph\">{\"@context\":\"https:\/\/schema.org\",\"@graph\":[{\"@type\":\"WebPage\",\"@id\":\"https:\/\/thepueblatimes.mx\/index.php\/2024\/10\/14\/si-se-detectan-irregularidades-en-el-ayuntamiento-de-puebla-no-habra-impunidad-agustin-guerrero\/\",\"url\":\"https:\/\/thepueblatimes.mx\/index.php\/2024\/10\/14\/si-se-detectan-irregularidades-en-el-ayuntamiento-de-puebla-no-habra-impunidad-agustin-guerrero\/\",\"name\":\"Si se detectan irregularidades en el Ayuntamiento de Puebla, no habr\u00e1 impunidad: Agust\u00edn Guerrero - The Puebla Times\",\"isPartOf\":{\"@id\":\"https:\/\/thepueblatimes.mx\/#website\"},\"datePublished\":\"2024-10-14T22:57:25+00:00\",\"dateModified\":\"2024-10-14T23:00:47+00:00\",\"author\":{\"@id\":\"https:\/\/thepueblatimes.mx\/#\/schema\/person\/1664894c2f65ce2c7a08d8f5f905c13c\"},\"breadcrumb\":{\"@id\":\"https:\/\/thepueblatimes.mx\/index.php\/2024\/10\/14\/si-se-detectan-irregularidades-en-el-ayuntamiento-de-puebla-no-habra-impunidad-agustin-guerrero\/#breadcrumb\"},\"inLanguage\":\"es\",\"potentialAction\":[{\"@type\":\"ReadAction\",\"target\":[\"https:\/\/thepueblatimes.mx\/index.php\/2024\/10\/14\/si-se-detectan-irregularidades-en-el-ayuntamiento-de-puebla-no-habra-impunidad-agustin-guerrero\/\"]}]},{\"@type\":\"BreadcrumbList\",\"@id\":\"https:\/\/thepueblatimes.mx\/index.php\/2024\/10\/14\/si-se-detectan-irregularidades-en-el-ayuntamiento-de-puebla-no-habra-impunidad-agustin-guerrero\/#breadcrumb\",\"itemListElement\":[{\"@type\":\"ListItem\",\"position\":1,\"name\":\"Portada\",\"item\":\"https:\/\/thepueblatimes.mx\/\"},{\"@type\":\"ListItem\",\"position\":2,\"name\":\"Si se detectan irregularidades en el Ayuntamiento de Puebla, no habr\u00e1 impunidad: Agust\u00edn Guerrero\"}]},{\"@type\":\"WebSite\",\"@id\":\"https:\/\/thepueblatimes.mx\/#website\",\"url\":\"https:\/\/thepueblatimes.mx\/\",\"name\":\"The Puebla Times\",\"description\":\"Noticias del Estado de Puebla\",\"potentialAction\":[{\"@type\":\"SearchAction\",\"target\":{\"@type\":\"EntryPoint\",\"urlTemplate\":\"https:\/\/thepueblatimes.mx\/?s={search_term_string}\"},\"query-input\":\"required name=search_term_string\"}],\"inLanguage\":\"es\"},{\"@type\":\"Person\",\"@id\":\"https:\/\/thepueblatimes.mx\/#\/schema\/person\/1664894c2f65ce2c7a08d8f5f905c13c\",\"name\":\"Sa\u00fal Hern\u00e1ndez\",\"image\":{\"@type\":\"ImageObject\",\"inLanguage\":\"es\",\"@id\":\"https:\/\/thepueblatimes.mx\/#\/schema\/person\/image\/\",\"url\":\"https:\/\/secure.gravatar.com\/avatar\/11be338693f243309532caad8f10c930?s=96&d=mm&r=g\",\"contentUrl\":\"https:\/\/secure.gravatar.com\/avatar\/11be338693f243309532caad8f10c930?s=96&d=mm&r=g\",\"caption\":\"Sa\u00fal Hern\u00e1ndez\"},\"url\":\"https:\/\/thepueblatimes.mx\/index.php\/author\/saulhernandez\/\"}]}<\/script>\n<!-- \/ Yoast SEO plugin. -->","yoast_head_json":{"title":"Si se detectan irregularidades en el Ayuntamiento de Puebla, no habr\u00e1 impunidad: Agust\u00edn Guerrero - The Puebla Times","robots":{"index":"index","follow":"follow","max-snippet":"max-snippet:-1","max-image-preview":"max-image-preview:large","max-video-preview":"max-video-preview:-1"},"canonical":"https:\/\/thepueblatimes.mx\/index.php\/2024\/10\/14\/si-se-detectan-irregularidades-en-el-ayuntamiento-de-puebla-no-habra-impunidad-agustin-guerrero\/","og_locale":"es_ES","og_type":"article","og_title":"Si se detectan irregularidades en el Ayuntamiento de Puebla, no habr\u00e1 impunidad: Agust\u00edn Guerrero - The Puebla Times","og_description":"POR FRED ESTRADA No habr\u00e1 impunidad, y se actuar\u00e1 penalmente en caso de encontrarse irregularidades que lo ameriten en contra del presidente municipal Ad\u00e1n Dom\u00ednguez S\u00e1nchez. As\u00ed lo se\u00f1al\u00f3 el secretario general de Morena, Agust\u00edn Guerrero Castillo, al referirse al presunto sobregiro financiero en las arcas del Ayuntamiento de Puebla por m\u00e1s de 680 millones...","og_url":"https:\/\/thepueblatimes.mx\/index.php\/2024\/10\/14\/si-se-detectan-irregularidades-en-el-ayuntamiento-de-puebla-no-habra-impunidad-agustin-guerrero\/","og_site_name":"The Puebla Times","article_published_time":"2024-10-14T22:57:25+00:00","article_modified_time":"2024-10-14T23:00:47+00:00","og_image":[{"width":768,"height":479,"url":"https:\/\/thepueblatimes.mx\/wp-content\/uploads\/2024\/10\/En-entrevista-con-El-Sol-de-Puebla_-el-panista-asegura-que-estos-embates-no-le-asustan-ni-le-preocup.jpg","type":"image\/jpeg"}],"author":"Sa\u00fal Hern\u00e1ndez","twitter_card":"summary_large_image","twitter_misc":{"Escrito por":"Sa\u00fal Hern\u00e1ndez","Tiempo de lectura":"2 minutos"},"schema":{"@context":"https:\/\/schema.org","@graph":[{"@type":"WebPage","@id":"https:\/\/thepueblatimes.mx\/index.php\/2024\/10\/14\/si-se-detectan-irregularidades-en-el-ayuntamiento-de-puebla-no-habra-impunidad-agustin-guerrero\/","url":"https:\/\/thepueblatimes.mx\/index.php\/2024\/10\/14\/si-se-detectan-irregularidades-en-el-ayuntamiento-de-puebla-no-habra-impunidad-agustin-guerrero\/","name":"Si se detectan irregularidades en el Ayuntamiento de Puebla, no habr\u00e1 impunidad: Agust\u00edn Guerrero - The Puebla Times","isPartOf":{"@id":"https:\/\/thepueblatimes.mx\/#website"},"datePublished":"2024-10-14T22:57:25+00:00","dateModified":"2024-10-14T23:00:47+00:00","author":{"@id":"https:\/\/thepueblatimes.mx\/#\/schema\/person\/1664894c2f65ce2c7a08d8f5f905c13c"},"breadcrumb":{"@id":"https:\/\/thepueblatimes.mx\/index.php\/2024\/10\/14\/si-se-detectan-irregularidades-en-el-ayuntamiento-de-puebla-no-habra-impunidad-agustin-guerrero\/#breadcrumb"},"inLanguage":"es","potentialAction":[{"@type":"ReadAction","target":["https:\/\/thepueblatimes.mx\/index.php\/2024\/10\/14\/si-se-detectan-irregularidades-en-el-ayuntamiento-de-puebla-no-habra-impunidad-agustin-guerrero\/"]}]},{"@type":"BreadcrumbList","@id":"https:\/\/thepueblatimes.mx\/index.php\/2024\/10\/14\/si-se-detectan-irregularidades-en-el-ayuntamiento-de-puebla-no-habra-impunidad-agustin-guerrero\/#breadcrumb","itemListElement":[{"@type":"ListItem","position":1,"name":"Portada","item":"https:\/\/thepueblatimes.mx\/"},{"@type":"ListItem","position":2,"name":"Si se detectan irregularidades en el Ayuntamiento de Puebla, no habr\u00e1 impunidad: Agust\u00edn Guerrero"}]},{"@type":"WebSite","@id":"https:\/\/thepueblatimes.mx\/#website","url":"https:\/\/thepueblatimes.mx\/","name":"The Puebla Times","description":"Noticias del Estado de Puebla","potentialAction":[{"@type":"SearchAction","target":{"@type":"EntryPoint","urlTemplate":"https:\/\/thepueblatimes.mx\/?s={search_term_string}"},"query-input":"required name=search_term_string"}],"inLanguage":"es"},{"@type":"Person","@id":"https:\/\/thepueblatimes.mx\/#\/schema\/person\/1664894c2f65ce2c7a08d8f5f905c13c","name":"Sa\u00fal Hern\u00e1ndez","image":{"@type":"ImageObject","inLanguage":"es","@id":"https:\/\/thepueblatimes.mx\/#\/schema\/person\/image\/","url":"https:\/\/secure.gravatar.com\/avatar\/11be338693f243309532caad8f10c930?s=96&d=mm&r=g","contentUrl":"https:\/\/secure.gravatar.com\/avatar\/11be338693f243309532caad8f10c930?s=96&d=mm&r=g","caption":"Sa\u00fal Hern\u00e1ndez"},"url":"https:\/\/thepueblatimes.mx\/index.php\/author\/saulhernandez\/"}]}},"jetpack_featured_media_url":"https:\/\/thepueblatimes.mx\/wp-content\/uploads\/2024\/10\/En-entrevista-con-El-Sol-de-Puebla_-el-panista-asegura-que-estos-embates-no-le-asustan-ni-le-preocup.jpg","_links":{"self":[{"href":"https:\/\/thepueblatimes.mx\/index.php\/wp-json\/wp\/v2\/posts\/25510"}],"collection":[{"href":"https:\/\/thepueblatimes.mx\/index.php\/wp-json\/wp\/v2\/posts"}],"about":[{"href":"https:\/\/thepueblatimes.mx\/index.php\/wp-json\/wp\/v2\/types\/post"}],"author":[{"embeddable":true,"href":"https:\/\/thepueblatimes.mx\/index.php\/wp-json\/wp\/v2\/users\/16"}],"replies":[{"embeddable":true,"href":"https:\/\/thepueblatimes.mx\/index.php\/wp-json\/wp\/v2\/comments?post=25510"}],"version-history":[{"count":2,"href":"https:\/\/thepueblatimes.mx\/index.php\/wp-json\/wp\/v2\/posts\/25510\/revisions"}],"predecessor-version":[{"id":25513,"href":"https:\/\/thepueblatimes.mx\/index.php\/wp-json\/wp\/v2\/posts\/25510\/revisions\/25513"}],"wp:featuredmedia":[{"embeddable":true,"href":"https:\/\/thepueblatimes.mx\/index.php\/wp-json\/wp\/v2\/media\/25511"}],"wp:attachment":[{"href":"https:\/\/thepueblatimes.mx\/index.php\/wp-json\/wp\/v2\/media?parent=25510"}],"wp:term":[{"taxonomy":"category","embeddable":true,"href":"https:\/\/thepueblatimes.mx\/index.php\/wp-json\/wp\/v2\/categories?post=25510"},{"taxonomy":"post_tag","embeddable":true,"href":"https:\/\/thepueblatimes.mx\/index.php\/wp-json\/wp\/v2\/tags?post=25510"}],"curies":[{"name":"wp","href":"https:\/\/api.w.org\/{rel}","templated":true}]}}