{"id":25483,"date":"2024-10-14T14:36:34","date_gmt":"2024-10-14T20:36:34","guid":{"rendered":"https:\/\/thepueblatimes.mx\/?p=25483"},"modified":"2024-10-14T14:53:00","modified_gmt":"2024-10-14T20:53:00","slug":"guadalupe-cuautle-presento-a-su-gabinete","status":"publish","type":"post","link":"https:\/\/thepueblatimes.mx\/index.php\/2024\/10\/14\/guadalupe-cuautle-presento-a-su-gabinete\/","title":{"rendered":"Guadalupe Cuautle present\u00f3 a su gabinete"},"content":{"rendered":"<p>POR FRED ESTRADA<\/p>\n<p>Se dio a conocer el gabinete de la alcaldesa electa de San Andr\u00e9s Cholula, Guadalupe Cuautle, que estar\u00e1 integrado en su mayor\u00eda por mujeres.<\/p>\n<p>Guadalupe Cuautle se\u00f1al\u00f3 que todos los integrantes de la administraci\u00f3n municipal estar\u00e1n sometidos a una evaluaci\u00f3n durante los primeros cien d\u00edas.<\/p>\n<p>Por otra parte, descart\u00f3 que vaya a haber un cambio total en la administraci\u00f3n ya que algunos perfiles son buenos.<\/p>\n<p>Precis\u00f3 que dar\u00e1 a conocer a los titulares de la Tesorer\u00eda, Contralor\u00eda y Seguridad Ciudadana una vez que sean aprobados por el Cabildo.<\/p>\n<p>Por otra parte, descart\u00f3 que Edmundo Tlatehui Percino, vaya a formar parte de su gabinete.<\/p>\n<p>Expres\u00f3 \u201c\u00e9l tiene sus propios proyectos\u201d.<\/p>\n<p>Los integrantes del gabinete de Guadalupe Cuautle son:<\/p>\n<p>Secretar\u00eda de Gobernaci\u00f3n: Jes\u00fas Parra Vera<\/p>\n<p>Consejer\u00eda Jur\u00eddica: Ra\u00fal S\u00e1nchez Betanzos<\/p>\n<p>Secretar\u00eda Particular de Presidencia: Mar\u00eda del Rosario Cuautla Coyotl<\/p>\n<p>Coordinaci\u00f3n de Comunicaci\u00f3n Social: Carlos Sergio Flores Lama<\/p>\n<p>Coordinaci\u00f3n de Imagen y Medios Digitales: Megan D\u00edaz M\u00e9ndez<\/p>\n<p>Secretar\u00eda de Administraci\u00f3n y Tecnolog\u00edas de la Informaci\u00f3n: Gerardo Izmoyotl Linares<\/p>\n<p>Coordinaci\u00f3n Ejecutiva de Presidencia: Ana Karen Sotomayor Noriega<\/p>\n<p>Coordinaci\u00f3n General de Transparencia: Monteserrat Reyes Alfaro<\/p>\n<p>Secretar\u00eda de Infraestructura: Arnulfo Aureoles Gamboa<\/p>\n<p>DIF municipal: Aurora Tlatehui Cuautle<\/p>\n<p>Secretar\u00eda de Desarrollo Urbano Sustentable: Eduardo Mart\u00ednez Gonz\u00e1lez<\/p>\n<p>Secretar\u00eda de Desarrollo Econ\u00f3mico y Sector Agropecuario: Jes\u00fas Gregorio Paisano<\/p>\n<p>Secretar\u00eda para la Igualdad Sustantiva: Hilda Campos Coyotl<\/p>\n<p>Secretar\u00eda de Bienestar: Nohem\u00ed Ascatl Cort\u00e9s<\/p>\n<p>Secretar\u00eda de Cultura Turismo: Sandra Luz Prieto Budar<\/p>\n<p>Coordinaci\u00f3n de Giras y Eventos: Fabiola Cu\u00e9llar V\u00e1zquez<\/p>\n<p>Secretar\u00eda de Agua Potable y Alcantarillado: Alejandra Zamora Mart\u00ednez<\/p>\n<p>Edmundo Tlatehui no formar\u00e1 parte del gabinete de San Andr\u00e9s Cholula<\/p>\n","protected":false},"excerpt":{"rendered":"<p>POR FRED ESTRADA Se dio a conocer el gabinete de la alcaldesa electa de San Andr\u00e9s Cholula, Guadalupe Cuautle, que estar\u00e1 integrado en su mayor\u00eda por mujeres. Guadalupe Cuautle se\u00f1al\u00f3 que todos los integrantes de la administraci\u00f3n municipal estar\u00e1n sometidos a una evaluaci\u00f3n durante los primeros cien d\u00edas. Por otra parte, descart\u00f3 que vaya a&#8230;<\/p>\n","protected":false},"author":16,"featured_media":25484,"comment_status":"closed","ping_status":"closed","sticky":false,"template":"","format":"standard","meta":[],"categories":[8],"tags":[2318,2319,228],"yoast_head":"<!-- This site is optimized with the Yoast SEO plugin v20.8 - https:\/\/yoast.com\/wordpress\/plugins\/seo\/ -->\n<title>Guadalupe Cuautle present\u00f3 a su gabinete - The Puebla Times<\/title>\n<meta name=\"robots\" content=\"index, follow, max-snippet:-1, max-image-preview:large, max-video-preview:-1\" \/>\n<link rel=\"canonical\" href=\"https:\/\/thepueblatimes.mx\/index.php\/2024\/10\/14\/guadalupe-cuautle-presento-a-su-gabinete\/\" \/>\n<meta property=\"og:locale\" content=\"es_ES\" \/>\n<meta property=\"og:type\" content=\"article\" \/>\n<meta property=\"og:title\" content=\"Guadalupe Cuautle present\u00f3 a su gabinete - The Puebla Times\" \/>\n<meta property=\"og:description\" content=\"POR FRED ESTRADA Se dio a conocer el gabinete de la alcaldesa electa de San Andr\u00e9s Cholula, Guadalupe Cuautle, que estar\u00e1 integrado en su mayor\u00eda por mujeres. Guadalupe Cuautle se\u00f1al\u00f3 que todos los integrantes de la administraci\u00f3n municipal estar\u00e1n sometidos a una evaluaci\u00f3n durante los primeros cien d\u00edas. Por otra parte, descart\u00f3 que vaya a...\" \/>\n<meta property=\"og:url\" content=\"https:\/\/thepueblatimes.mx\/index.php\/2024\/10\/14\/guadalupe-cuautle-presento-a-su-gabinete\/\" \/>\n<meta property=\"og:site_name\" content=\"The Puebla Times\" \/>\n<meta property=\"article:published_time\" content=\"2024-10-14T20:36:34+00:00\" \/>\n<meta property=\"article:modified_time\" content=\"2024-10-14T20:53:00+00:00\" \/>\n<meta property=\"og:image\" content=\"https:\/\/thepueblatimes.mx\/wp-content\/uploads\/2024\/10\/GUADALUPE-CUAUTLE-TORRES.jpg\" \/>\n\t<meta property=\"og:image:width\" content=\"1299\" \/>\n\t<meta property=\"og:image:height\" content=\"1299\" \/>\n\t<meta property=\"og:image:type\" content=\"image\/jpeg\" \/>\n<meta name=\"author\" content=\"Sa\u00fal Hern\u00e1ndez\" \/>\n<meta name=\"twitter:card\" content=\"summary_large_image\" \/>\n<meta name=\"twitter:label1\" content=\"Escrito por\" \/>\n\t<meta name=\"twitter:data1\" content=\"Sa\u00fal Hern\u00e1ndez\" \/>\n\t<meta name=\"twitter:label2\" content=\"Tiempo de lectura\" \/>\n\t<meta name=\"twitter:data2\" content=\"2 minutos\" \/>\n<script type=\"application\/ld+json\" class=\"yoast-schema-graph\">{\"@context\":\"https:\/\/schema.org\",\"@graph\":[{\"@type\":\"WebPage\",\"@id\":\"https:\/\/thepueblatimes.mx\/index.php\/2024\/10\/14\/guadalupe-cuautle-presento-a-su-gabinete\/\",\"url\":\"https:\/\/thepueblatimes.mx\/index.php\/2024\/10\/14\/guadalupe-cuautle-presento-a-su-gabinete\/\",\"name\":\"Guadalupe Cuautle present\u00f3 a su gabinete - The Puebla Times\",\"isPartOf\":{\"@id\":\"https:\/\/thepueblatimes.mx\/#website\"},\"datePublished\":\"2024-10-14T20:36:34+00:00\",\"dateModified\":\"2024-10-14T20:53:00+00:00\",\"author\":{\"@id\":\"https:\/\/thepueblatimes.mx\/#\/schema\/person\/1664894c2f65ce2c7a08d8f5f905c13c\"},\"breadcrumb\":{\"@id\":\"https:\/\/thepueblatimes.mx\/index.php\/2024\/10\/14\/guadalupe-cuautle-presento-a-su-gabinete\/#breadcrumb\"},\"inLanguage\":\"es\",\"potentialAction\":[{\"@type\":\"ReadAction\",\"target\":[\"https:\/\/thepueblatimes.mx\/index.php\/2024\/10\/14\/guadalupe-cuautle-presento-a-su-gabinete\/\"]}]},{\"@type\":\"BreadcrumbList\",\"@id\":\"https:\/\/thepueblatimes.mx\/index.php\/2024\/10\/14\/guadalupe-cuautle-presento-a-su-gabinete\/#breadcrumb\",\"itemListElement\":[{\"@type\":\"ListItem\",\"position\":1,\"name\":\"Portada\",\"item\":\"https:\/\/thepueblatimes.mx\/\"},{\"@type\":\"ListItem\",\"position\":2,\"name\":\"Guadalupe Cuautle present\u00f3 a su gabinete\"}]},{\"@type\":\"WebSite\",\"@id\":\"https:\/\/thepueblatimes.mx\/#website\",\"url\":\"https:\/\/thepueblatimes.mx\/\",\"name\":\"The Puebla Times\",\"description\":\"Noticias del Estado de Puebla\",\"potentialAction\":[{\"@type\":\"SearchAction\",\"target\":{\"@type\":\"EntryPoint\",\"urlTemplate\":\"https:\/\/thepueblatimes.mx\/?s={search_term_string}\"},\"query-input\":\"required name=search_term_string\"}],\"inLanguage\":\"es\"},{\"@type\":\"Person\",\"@id\":\"https:\/\/thepueblatimes.mx\/#\/schema\/person\/1664894c2f65ce2c7a08d8f5f905c13c\",\"name\":\"Sa\u00fal Hern\u00e1ndez\",\"image\":{\"@type\":\"ImageObject\",\"inLanguage\":\"es\",\"@id\":\"https:\/\/thepueblatimes.mx\/#\/schema\/person\/image\/\",\"url\":\"https:\/\/secure.gravatar.com\/avatar\/11be338693f243309532caad8f10c930?s=96&d=mm&r=g\",\"contentUrl\":\"https:\/\/secure.gravatar.com\/avatar\/11be338693f243309532caad8f10c930?s=96&d=mm&r=g\",\"caption\":\"Sa\u00fal Hern\u00e1ndez\"},\"url\":\"https:\/\/thepueblatimes.mx\/index.php\/author\/saulhernandez\/\"}]}<\/script>\n<!-- \/ Yoast SEO plugin. -->","yoast_head_json":{"title":"Guadalupe Cuautle present\u00f3 a su gabinete - The Puebla Times","robots":{"index":"index","follow":"follow","max-snippet":"max-snippet:-1","max-image-preview":"max-image-preview:large","max-video-preview":"max-video-preview:-1"},"canonical":"https:\/\/thepueblatimes.mx\/index.php\/2024\/10\/14\/guadalupe-cuautle-presento-a-su-gabinete\/","og_locale":"es_ES","og_type":"article","og_title":"Guadalupe Cuautle present\u00f3 a su gabinete - The Puebla Times","og_description":"POR FRED ESTRADA Se dio a conocer el gabinete de la alcaldesa electa de San Andr\u00e9s Cholula, Guadalupe Cuautle, que estar\u00e1 integrado en su mayor\u00eda por mujeres. Guadalupe Cuautle se\u00f1al\u00f3 que todos los integrantes de la administraci\u00f3n municipal estar\u00e1n sometidos a una evaluaci\u00f3n durante los primeros cien d\u00edas. Por otra parte, descart\u00f3 que vaya a...","og_url":"https:\/\/thepueblatimes.mx\/index.php\/2024\/10\/14\/guadalupe-cuautle-presento-a-su-gabinete\/","og_site_name":"The Puebla Times","article_published_time":"2024-10-14T20:36:34+00:00","article_modified_time":"2024-10-14T20:53:00+00:00","og_image":[{"width":1299,"height":1299,"url":"https:\/\/thepueblatimes.mx\/wp-content\/uploads\/2024\/10\/GUADALUPE-CUAUTLE-TORRES.jpg","type":"image\/jpeg"}],"author":"Sa\u00fal Hern\u00e1ndez","twitter_card":"summary_large_image","twitter_misc":{"Escrito por":"Sa\u00fal Hern\u00e1ndez","Tiempo de lectura":"2 minutos"},"schema":{"@context":"https:\/\/schema.org","@graph":[{"@type":"WebPage","@id":"https:\/\/thepueblatimes.mx\/index.php\/2024\/10\/14\/guadalupe-cuautle-presento-a-su-gabinete\/","url":"https:\/\/thepueblatimes.mx\/index.php\/2024\/10\/14\/guadalupe-cuautle-presento-a-su-gabinete\/","name":"Guadalupe Cuautle present\u00f3 a su gabinete - The Puebla Times","isPartOf":{"@id":"https:\/\/thepueblatimes.mx\/#website"},"datePublished":"2024-10-14T20:36:34+00:00","dateModified":"2024-10-14T20:53:00+00:00","author":{"@id":"https:\/\/thepueblatimes.mx\/#\/schema\/person\/1664894c2f65ce2c7a08d8f5f905c13c"},"breadcrumb":{"@id":"https:\/\/thepueblatimes.mx\/index.php\/2024\/10\/14\/guadalupe-cuautle-presento-a-su-gabinete\/#breadcrumb"},"inLanguage":"es","potentialAction":[{"@type":"ReadAction","target":["https:\/\/thepueblatimes.mx\/index.php\/2024\/10\/14\/guadalupe-cuautle-presento-a-su-gabinete\/"]}]},{"@type":"BreadcrumbList","@id":"https:\/\/thepueblatimes.mx\/index.php\/2024\/10\/14\/guadalupe-cuautle-presento-a-su-gabinete\/#breadcrumb","itemListElement":[{"@type":"ListItem","position":1,"name":"Portada","item":"https:\/\/thepueblatimes.mx\/"},{"@type":"ListItem","position":2,"name":"Guadalupe Cuautle present\u00f3 a su gabinete"}]},{"@type":"WebSite","@id":"https:\/\/thepueblatimes.mx\/#website","url":"https:\/\/thepueblatimes.mx\/","name":"The Puebla Times","description":"Noticias del Estado de Puebla","potentialAction":[{"@type":"SearchAction","target":{"@type":"EntryPoint","urlTemplate":"https:\/\/thepueblatimes.mx\/?s={search_term_string}"},"query-input":"required name=search_term_string"}],"inLanguage":"es"},{"@type":"Person","@id":"https:\/\/thepueblatimes.mx\/#\/schema\/person\/1664894c2f65ce2c7a08d8f5f905c13c","name":"Sa\u00fal Hern\u00e1ndez","image":{"@type":"ImageObject","inLanguage":"es","@id":"https:\/\/thepueblatimes.mx\/#\/schema\/person\/image\/","url":"https:\/\/secure.gravatar.com\/avatar\/11be338693f243309532caad8f10c930?s=96&d=mm&r=g","contentUrl":"https:\/\/secure.gravatar.com\/avatar\/11be338693f243309532caad8f10c930?s=96&d=mm&r=g","caption":"Sa\u00fal Hern\u00e1ndez"},"url":"https:\/\/thepueblatimes.mx\/index.php\/author\/saulhernandez\/"}]}},"jetpack_featured_media_url":"https:\/\/thepueblatimes.mx\/wp-content\/uploads\/2024\/10\/GUADALUPE-CUAUTLE-TORRES.jpg","_links":{"self":[{"href":"https:\/\/thepueblatimes.mx\/index.php\/wp-json\/wp\/v2\/posts\/25483"}],"collection":[{"href":"https:\/\/thepueblatimes.mx\/index.php\/wp-json\/wp\/v2\/posts"}],"about":[{"href":"https:\/\/thepueblatimes.mx\/index.php\/wp-json\/wp\/v2\/types\/post"}],"author":[{"embeddable":true,"href":"https:\/\/thepueblatimes.mx\/index.php\/wp-json\/wp\/v2\/users\/16"}],"replies":[{"embeddable":true,"href":"https:\/\/thepueblatimes.mx\/index.php\/wp-json\/wp\/v2\/comments?post=25483"}],"version-history":[{"count":3,"href":"https:\/\/thepueblatimes.mx\/index.php\/wp-json\/wp\/v2\/posts\/25483\/revisions"}],"predecessor-version":[{"id":25487,"href":"https:\/\/thepueblatimes.mx\/index.php\/wp-json\/wp\/v2\/posts\/25483\/revisions\/25487"}],"wp:featuredmedia":[{"embeddable":true,"href":"https:\/\/thepueblatimes.mx\/index.php\/wp-json\/wp\/v2\/media\/25484"}],"wp:attachment":[{"href":"https:\/\/thepueblatimes.mx\/index.php\/wp-json\/wp\/v2\/media?parent=25483"}],"wp:term":[{"taxonomy":"category","embeddable":true,"href":"https:\/\/thepueblatimes.mx\/index.php\/wp-json\/wp\/v2\/categories?post=25483"},{"taxonomy":"post_tag","embeddable":true,"href":"https:\/\/thepueblatimes.mx\/index.php\/wp-json\/wp\/v2\/tags?post=25483"}],"curies":[{"name":"wp","href":"https:\/\/api.w.org\/{rel}","templated":true}]}}