{"id":25391,"date":"2024-10-11T17:12:10","date_gmt":"2024-10-11T23:12:10","guid":{"rendered":"https:\/\/thepueblatimes.mx\/?p=25391"},"modified":"2024-10-11T17:14:58","modified_gmt":"2024-10-11T23:14:58","slug":"edmundo-tlatehui-presento-la-version-de-su-administracion-sin-mencionar-la-problematica-que-creo","status":"publish","type":"post","link":"https:\/\/thepueblatimes.mx\/index.php\/2024\/10\/11\/edmundo-tlatehui-presento-la-version-de-su-administracion-sin-mencionar-la-problematica-que-creo\/","title":{"rendered":"Edmundo Tlatehui present\u00f3 la versi\u00f3n de su administraci\u00f3n sin mencionar la problem\u00e1tica que cre\u00f3"},"content":{"rendered":"<p>POR FRED ESTRADA<\/p>\n<p>Edmundo Tlatehui, presidente municipal de San Andr\u00e9s Cholula en el marco de la presentaci\u00f3n de su tercer y \u00faltimo informe de gobierno argumento un San Andr\u00e9s Cholula de ensue\u00f1o.<\/p>\n<p>En el discurso dejo de lado la problem\u00e1tica que enfrent\u00f3, con los pueblos originarios por su pretendido programa de urbanizaci\u00f3n, as\u00ed como las obras fallidas que ocasionaron recientemente un socav\u00f3n.<\/p>\n<p>O bien, los m\u00faltiples esc\u00e1ndalos que protagonizaron los elementos de la polic\u00eda municipal.<\/p>\n<p>Adem\u00e1s de la confrontaci\u00f3n que se deriv\u00f3 de la implementaci\u00f3n de su programa de cinem\u00f3metros.<\/p>\n<p>Sin embargo, aspira a convertirse en el dirigente estatal del PAN, y advierte que es lamentable que prevalezcan esc\u00e1ndalos en gobiernos panistas, al tiempo que se\u00f1ala que esto aunado al desastre electoral del pasado 2 de junio, merma la buena imagen del partido.<\/p>\n<p>Sin considerar los cuestionamientos que enfrent\u00f3 al interior de PAN por impulsar la candidatura y posterior elecci\u00f3n de su esposa Guadalupe Cuatle, en el proceso del 2 de junio y a quien le entregar\u00e1 la presidencia de San Andr\u00e9s Cholula el 15 de octubre.<\/p>\n<p>Evidentemente, Edmundo Tlatehui tiene una versi\u00f3n de lo que fue su gesti\u00f3n como alcalde de San Andr\u00e9s Cholula, muy diferente de lo que pueden considerar los sanandrese\u00f1os.<\/p>\n","protected":false},"excerpt":{"rendered":"<p>POR FRED ESTRADA Edmundo Tlatehui, presidente municipal de San Andr\u00e9s Cholula en el marco de la presentaci\u00f3n de su tercer y \u00faltimo informe de gobierno argumento un San Andr\u00e9s Cholula de ensue\u00f1o. En el discurso dejo de lado la problem\u00e1tica que enfrent\u00f3, con los pueblos originarios por su pretendido programa de urbanizaci\u00f3n, as\u00ed como las&#8230;<\/p>\n","protected":false},"author":16,"featured_media":25392,"comment_status":"closed","ping_status":"closed","sticky":false,"template":"","format":"standard","meta":[],"categories":[15,11],"tags":[2297,1260,1683,228],"yoast_head":"<!-- This site is optimized with the Yoast SEO plugin v20.8 - https:\/\/yoast.com\/wordpress\/plugins\/seo\/ -->\n<title>Edmundo Tlatehui present\u00f3 la versi\u00f3n de su administraci\u00f3n sin mencionar la problem\u00e1tica que cre\u00f3 - The Puebla Times<\/title>\n<meta name=\"robots\" content=\"index, follow, max-snippet:-1, max-image-preview:large, max-video-preview:-1\" \/>\n<link rel=\"canonical\" href=\"https:\/\/thepueblatimes.mx\/index.php\/2024\/10\/11\/edmundo-tlatehui-presento-la-version-de-su-administracion-sin-mencionar-la-problematica-que-creo\/\" \/>\n<meta property=\"og:locale\" content=\"es_ES\" \/>\n<meta property=\"og:type\" content=\"article\" \/>\n<meta property=\"og:title\" content=\"Edmundo Tlatehui present\u00f3 la versi\u00f3n de su administraci\u00f3n sin mencionar la problem\u00e1tica que cre\u00f3 - The Puebla Times\" \/>\n<meta property=\"og:description\" content=\"POR FRED ESTRADA Edmundo Tlatehui, presidente municipal de San Andr\u00e9s Cholula en el marco de la presentaci\u00f3n de su tercer y \u00faltimo informe de gobierno argumento un San Andr\u00e9s Cholula de ensue\u00f1o. En el discurso dejo de lado la problem\u00e1tica que enfrent\u00f3, con los pueblos originarios por su pretendido programa de urbanizaci\u00f3n, as\u00ed como las...\" \/>\n<meta property=\"og:url\" content=\"https:\/\/thepueblatimes.mx\/index.php\/2024\/10\/11\/edmundo-tlatehui-presento-la-version-de-su-administracion-sin-mencionar-la-problematica-que-creo\/\" \/>\n<meta property=\"og:site_name\" content=\"The Puebla Times\" \/>\n<meta property=\"article:published_time\" content=\"2024-10-11T23:12:10+00:00\" \/>\n<meta property=\"article:modified_time\" content=\"2024-10-11T23:14:58+00:00\" \/>\n<meta property=\"og:image\" content=\"https:\/\/thepueblatimes.mx\/wp-content\/uploads\/2024\/10\/EDMUNDO-TLATEHUI-1.webp\" \/>\n\t<meta property=\"og:image:width\" content=\"1200\" \/>\n\t<meta property=\"og:image:height\" content=\"675\" \/>\n\t<meta property=\"og:image:type\" content=\"image\/webp\" \/>\n<meta name=\"author\" content=\"Sa\u00fal Hern\u00e1ndez\" \/>\n<meta name=\"twitter:card\" content=\"summary_large_image\" \/>\n<meta name=\"twitter:label1\" content=\"Escrito por\" \/>\n\t<meta name=\"twitter:data1\" content=\"Sa\u00fal Hern\u00e1ndez\" \/>\n\t<meta name=\"twitter:label2\" content=\"Tiempo de lectura\" \/>\n\t<meta name=\"twitter:data2\" content=\"1 minuto\" \/>\n<script type=\"application\/ld+json\" class=\"yoast-schema-graph\">{\"@context\":\"https:\/\/schema.org\",\"@graph\":[{\"@type\":\"WebPage\",\"@id\":\"https:\/\/thepueblatimes.mx\/index.php\/2024\/10\/11\/edmundo-tlatehui-presento-la-version-de-su-administracion-sin-mencionar-la-problematica-que-creo\/\",\"url\":\"https:\/\/thepueblatimes.mx\/index.php\/2024\/10\/11\/edmundo-tlatehui-presento-la-version-de-su-administracion-sin-mencionar-la-problematica-que-creo\/\",\"name\":\"Edmundo Tlatehui present\u00f3 la versi\u00f3n de su administraci\u00f3n sin mencionar la problem\u00e1tica que cre\u00f3 - The Puebla Times\",\"isPartOf\":{\"@id\":\"https:\/\/thepueblatimes.mx\/#website\"},\"datePublished\":\"2024-10-11T23:12:10+00:00\",\"dateModified\":\"2024-10-11T23:14:58+00:00\",\"author\":{\"@id\":\"https:\/\/thepueblatimes.mx\/#\/schema\/person\/1664894c2f65ce2c7a08d8f5f905c13c\"},\"breadcrumb\":{\"@id\":\"https:\/\/thepueblatimes.mx\/index.php\/2024\/10\/11\/edmundo-tlatehui-presento-la-version-de-su-administracion-sin-mencionar-la-problematica-que-creo\/#breadcrumb\"},\"inLanguage\":\"es\",\"potentialAction\":[{\"@type\":\"ReadAction\",\"target\":[\"https:\/\/thepueblatimes.mx\/index.php\/2024\/10\/11\/edmundo-tlatehui-presento-la-version-de-su-administracion-sin-mencionar-la-problematica-que-creo\/\"]}]},{\"@type\":\"BreadcrumbList\",\"@id\":\"https:\/\/thepueblatimes.mx\/index.php\/2024\/10\/11\/edmundo-tlatehui-presento-la-version-de-su-administracion-sin-mencionar-la-problematica-que-creo\/#breadcrumb\",\"itemListElement\":[{\"@type\":\"ListItem\",\"position\":1,\"name\":\"Portada\",\"item\":\"https:\/\/thepueblatimes.mx\/\"},{\"@type\":\"ListItem\",\"position\":2,\"name\":\"Edmundo Tlatehui present\u00f3 la versi\u00f3n de su administraci\u00f3n sin mencionar la problem\u00e1tica que cre\u00f3\"}]},{\"@type\":\"WebSite\",\"@id\":\"https:\/\/thepueblatimes.mx\/#website\",\"url\":\"https:\/\/thepueblatimes.mx\/\",\"name\":\"The Puebla Times\",\"description\":\"Noticias del Estado de Puebla\",\"potentialAction\":[{\"@type\":\"SearchAction\",\"target\":{\"@type\":\"EntryPoint\",\"urlTemplate\":\"https:\/\/thepueblatimes.mx\/?s={search_term_string}\"},\"query-input\":\"required name=search_term_string\"}],\"inLanguage\":\"es\"},{\"@type\":\"Person\",\"@id\":\"https:\/\/thepueblatimes.mx\/#\/schema\/person\/1664894c2f65ce2c7a08d8f5f905c13c\",\"name\":\"Sa\u00fal Hern\u00e1ndez\",\"image\":{\"@type\":\"ImageObject\",\"inLanguage\":\"es\",\"@id\":\"https:\/\/thepueblatimes.mx\/#\/schema\/person\/image\/\",\"url\":\"https:\/\/secure.gravatar.com\/avatar\/11be338693f243309532caad8f10c930?s=96&d=mm&r=g\",\"contentUrl\":\"https:\/\/secure.gravatar.com\/avatar\/11be338693f243309532caad8f10c930?s=96&d=mm&r=g\",\"caption\":\"Sa\u00fal Hern\u00e1ndez\"},\"url\":\"https:\/\/thepueblatimes.mx\/index.php\/author\/saulhernandez\/\"}]}<\/script>\n<!-- \/ Yoast SEO plugin. -->","yoast_head_json":{"title":"Edmundo Tlatehui present\u00f3 la versi\u00f3n de su administraci\u00f3n sin mencionar la problem\u00e1tica que cre\u00f3 - The Puebla Times","robots":{"index":"index","follow":"follow","max-snippet":"max-snippet:-1","max-image-preview":"max-image-preview:large","max-video-preview":"max-video-preview:-1"},"canonical":"https:\/\/thepueblatimes.mx\/index.php\/2024\/10\/11\/edmundo-tlatehui-presento-la-version-de-su-administracion-sin-mencionar-la-problematica-que-creo\/","og_locale":"es_ES","og_type":"article","og_title":"Edmundo Tlatehui present\u00f3 la versi\u00f3n de su administraci\u00f3n sin mencionar la problem\u00e1tica que cre\u00f3 - The Puebla Times","og_description":"POR FRED ESTRADA Edmundo Tlatehui, presidente municipal de San Andr\u00e9s Cholula en el marco de la presentaci\u00f3n de su tercer y \u00faltimo informe de gobierno argumento un San Andr\u00e9s Cholula de ensue\u00f1o. En el discurso dejo de lado la problem\u00e1tica que enfrent\u00f3, con los pueblos originarios por su pretendido programa de urbanizaci\u00f3n, as\u00ed como las...","og_url":"https:\/\/thepueblatimes.mx\/index.php\/2024\/10\/11\/edmundo-tlatehui-presento-la-version-de-su-administracion-sin-mencionar-la-problematica-que-creo\/","og_site_name":"The Puebla Times","article_published_time":"2024-10-11T23:12:10+00:00","article_modified_time":"2024-10-11T23:14:58+00:00","og_image":[{"width":1200,"height":675,"url":"https:\/\/thepueblatimes.mx\/wp-content\/uploads\/2024\/10\/EDMUNDO-TLATEHUI-1.webp","type":"image\/webp"}],"author":"Sa\u00fal Hern\u00e1ndez","twitter_card":"summary_large_image","twitter_misc":{"Escrito por":"Sa\u00fal Hern\u00e1ndez","Tiempo de lectura":"1 minuto"},"schema":{"@context":"https:\/\/schema.org","@graph":[{"@type":"WebPage","@id":"https:\/\/thepueblatimes.mx\/index.php\/2024\/10\/11\/edmundo-tlatehui-presento-la-version-de-su-administracion-sin-mencionar-la-problematica-que-creo\/","url":"https:\/\/thepueblatimes.mx\/index.php\/2024\/10\/11\/edmundo-tlatehui-presento-la-version-de-su-administracion-sin-mencionar-la-problematica-que-creo\/","name":"Edmundo Tlatehui present\u00f3 la versi\u00f3n de su administraci\u00f3n sin mencionar la problem\u00e1tica que cre\u00f3 - The Puebla Times","isPartOf":{"@id":"https:\/\/thepueblatimes.mx\/#website"},"datePublished":"2024-10-11T23:12:10+00:00","dateModified":"2024-10-11T23:14:58+00:00","author":{"@id":"https:\/\/thepueblatimes.mx\/#\/schema\/person\/1664894c2f65ce2c7a08d8f5f905c13c"},"breadcrumb":{"@id":"https:\/\/thepueblatimes.mx\/index.php\/2024\/10\/11\/edmundo-tlatehui-presento-la-version-de-su-administracion-sin-mencionar-la-problematica-que-creo\/#breadcrumb"},"inLanguage":"es","potentialAction":[{"@type":"ReadAction","target":["https:\/\/thepueblatimes.mx\/index.php\/2024\/10\/11\/edmundo-tlatehui-presento-la-version-de-su-administracion-sin-mencionar-la-problematica-que-creo\/"]}]},{"@type":"BreadcrumbList","@id":"https:\/\/thepueblatimes.mx\/index.php\/2024\/10\/11\/edmundo-tlatehui-presento-la-version-de-su-administracion-sin-mencionar-la-problematica-que-creo\/#breadcrumb","itemListElement":[{"@type":"ListItem","position":1,"name":"Portada","item":"https:\/\/thepueblatimes.mx\/"},{"@type":"ListItem","position":2,"name":"Edmundo Tlatehui present\u00f3 la versi\u00f3n de su administraci\u00f3n sin mencionar la problem\u00e1tica que cre\u00f3"}]},{"@type":"WebSite","@id":"https:\/\/thepueblatimes.mx\/#website","url":"https:\/\/thepueblatimes.mx\/","name":"The Puebla Times","description":"Noticias del Estado de Puebla","potentialAction":[{"@type":"SearchAction","target":{"@type":"EntryPoint","urlTemplate":"https:\/\/thepueblatimes.mx\/?s={search_term_string}"},"query-input":"required name=search_term_string"}],"inLanguage":"es"},{"@type":"Person","@id":"https:\/\/thepueblatimes.mx\/#\/schema\/person\/1664894c2f65ce2c7a08d8f5f905c13c","name":"Sa\u00fal Hern\u00e1ndez","image":{"@type":"ImageObject","inLanguage":"es","@id":"https:\/\/thepueblatimes.mx\/#\/schema\/person\/image\/","url":"https:\/\/secure.gravatar.com\/avatar\/11be338693f243309532caad8f10c930?s=96&d=mm&r=g","contentUrl":"https:\/\/secure.gravatar.com\/avatar\/11be338693f243309532caad8f10c930?s=96&d=mm&r=g","caption":"Sa\u00fal Hern\u00e1ndez"},"url":"https:\/\/thepueblatimes.mx\/index.php\/author\/saulhernandez\/"}]}},"jetpack_featured_media_url":"https:\/\/thepueblatimes.mx\/wp-content\/uploads\/2024\/10\/EDMUNDO-TLATEHUI-1.webp","_links":{"self":[{"href":"https:\/\/thepueblatimes.mx\/index.php\/wp-json\/wp\/v2\/posts\/25391"}],"collection":[{"href":"https:\/\/thepueblatimes.mx\/index.php\/wp-json\/wp\/v2\/posts"}],"about":[{"href":"https:\/\/thepueblatimes.mx\/index.php\/wp-json\/wp\/v2\/types\/post"}],"author":[{"embeddable":true,"href":"https:\/\/thepueblatimes.mx\/index.php\/wp-json\/wp\/v2\/users\/16"}],"replies":[{"embeddable":true,"href":"https:\/\/thepueblatimes.mx\/index.php\/wp-json\/wp\/v2\/comments?post=25391"}],"version-history":[{"count":2,"href":"https:\/\/thepueblatimes.mx\/index.php\/wp-json\/wp\/v2\/posts\/25391\/revisions"}],"predecessor-version":[{"id":25394,"href":"https:\/\/thepueblatimes.mx\/index.php\/wp-json\/wp\/v2\/posts\/25391\/revisions\/25394"}],"wp:featuredmedia":[{"embeddable":true,"href":"https:\/\/thepueblatimes.mx\/index.php\/wp-json\/wp\/v2\/media\/25392"}],"wp:attachment":[{"href":"https:\/\/thepueblatimes.mx\/index.php\/wp-json\/wp\/v2\/media?parent=25391"}],"wp:term":[{"taxonomy":"category","embeddable":true,"href":"https:\/\/thepueblatimes.mx\/index.php\/wp-json\/wp\/v2\/categories?post=25391"},{"taxonomy":"post_tag","embeddable":true,"href":"https:\/\/thepueblatimes.mx\/index.php\/wp-json\/wp\/v2\/tags?post=25391"}],"curies":[{"name":"wp","href":"https:\/\/api.w.org\/{rel}","templated":true}]}}