{"id":25141,"date":"2024-10-02T14:01:47","date_gmt":"2024-10-02T20:01:47","guid":{"rendered":"https:\/\/thepueblatimes.mx\/?p=25141"},"modified":"2024-10-02T14:01:47","modified_gmt":"2024-10-02T20:01:47","slug":"feria-del-maiz-criollo-en-san-pedro-benito-juarez-atlixco","status":"publish","type":"post","link":"https:\/\/thepueblatimes.mx\/index.php\/2024\/10\/02\/feria-del-maiz-criollo-en-san-pedro-benito-juarez-atlixco\/","title":{"rendered":"Feria del Ma\u00edz Criollo en San Pedro Benito Ju\u00e1rez, Atlixco"},"content":{"rendered":"<p>El domingo 6 de octubre se llevar\u00e1 a cabo la llamada primera Feria del Ma\u00edz Criollo en San Pedro Benito Ju\u00e1rez, Atlixco.<\/p>\n<p>La sede del evento ser\u00e1 la presidencia auxiliar a partir de las 12 del d\u00eda.<\/p>\n<p>El objetivo es generar \u201cconciencia agroecol\u00f3gica\u201d mediante el trueque y el intercambio de semillas y de t\u00e9cnicas de cultivo lejos de los transg\u00e9nicos.<\/p>\n<p>Tambi\u00e9n quedar\u00e1 abierta una convocatoria, para inscribirse en talleres y en exposiciones gastron\u00f3micas.<\/p>\n<p>San Pedro Benito Ju\u00e1rez es uno de los puntos donde se siembra una mayor variedad de ma\u00edz en toda la regi\u00f3n del valle de Atlixco.<\/p>\n","protected":false},"excerpt":{"rendered":"<p>El domingo 6 de octubre se llevar\u00e1 a cabo la llamada primera Feria del Ma\u00edz Criollo en San Pedro Benito Ju\u00e1rez, Atlixco. La sede del evento ser\u00e1 la presidencia auxiliar a partir de las 12 del d\u00eda. El objetivo es generar \u201cconciencia agroecol\u00f3gica\u201d mediante el trueque y el intercambio de semillas y de t\u00e9cnicas de&#8230;<\/p>\n","protected":false},"author":16,"featured_media":25142,"comment_status":"closed","ping_status":"closed","sticky":false,"template":"","format":"standard","meta":[],"categories":[14,11],"tags":[45,2212,2211],"yoast_head":"<!-- This site is optimized with the Yoast SEO plugin v20.8 - https:\/\/yoast.com\/wordpress\/plugins\/seo\/ -->\n<title>Feria del Ma\u00edz Criollo en San Pedro Benito Ju\u00e1rez, Atlixco - The Puebla Times<\/title>\n<meta name=\"robots\" content=\"index, follow, max-snippet:-1, max-image-preview:large, max-video-preview:-1\" \/>\n<link rel=\"canonical\" href=\"https:\/\/thepueblatimes.mx\/index.php\/2024\/10\/02\/feria-del-maiz-criollo-en-san-pedro-benito-juarez-atlixco\/\" \/>\n<meta property=\"og:locale\" content=\"es_ES\" \/>\n<meta property=\"og:type\" content=\"article\" \/>\n<meta property=\"og:title\" content=\"Feria del Ma\u00edz Criollo en San Pedro Benito Ju\u00e1rez, Atlixco - The Puebla Times\" \/>\n<meta property=\"og:description\" content=\"El domingo 6 de octubre se llevar\u00e1 a cabo la llamada primera Feria del Ma\u00edz Criollo en San Pedro Benito Ju\u00e1rez, Atlixco. La sede del evento ser\u00e1 la presidencia auxiliar a partir de las 12 del d\u00eda. El objetivo es generar \u201cconciencia agroecol\u00f3gica\u201d mediante el trueque y el intercambio de semillas y de t\u00e9cnicas de...\" \/>\n<meta property=\"og:url\" content=\"https:\/\/thepueblatimes.mx\/index.php\/2024\/10\/02\/feria-del-maiz-criollo-en-san-pedro-benito-juarez-atlixco\/\" \/>\n<meta property=\"og:site_name\" content=\"The Puebla Times\" \/>\n<meta property=\"article:published_time\" content=\"2024-10-02T20:01:47+00:00\" \/>\n<meta property=\"og:image\" content=\"https:\/\/thepueblatimes.mx\/wp-content\/uploads\/2024\/10\/438216401_892814715983640_6415718638269993188_n.jpg\" \/>\n\t<meta property=\"og:image:width\" content=\"1181\" \/>\n\t<meta property=\"og:image:height\" content=\"1181\" \/>\n\t<meta property=\"og:image:type\" content=\"image\/jpeg\" \/>\n<meta name=\"author\" content=\"Sa\u00fal Hern\u00e1ndez\" \/>\n<meta name=\"twitter:card\" content=\"summary_large_image\" \/>\n<meta name=\"twitter:label1\" content=\"Escrito por\" \/>\n\t<meta name=\"twitter:data1\" content=\"Sa\u00fal Hern\u00e1ndez\" \/>\n\t<meta name=\"twitter:label2\" content=\"Tiempo de lectura\" \/>\n\t<meta name=\"twitter:data2\" content=\"1 minuto\" \/>\n<script type=\"application\/ld+json\" class=\"yoast-schema-graph\">{\"@context\":\"https:\/\/schema.org\",\"@graph\":[{\"@type\":\"WebPage\",\"@id\":\"https:\/\/thepueblatimes.mx\/index.php\/2024\/10\/02\/feria-del-maiz-criollo-en-san-pedro-benito-juarez-atlixco\/\",\"url\":\"https:\/\/thepueblatimes.mx\/index.php\/2024\/10\/02\/feria-del-maiz-criollo-en-san-pedro-benito-juarez-atlixco\/\",\"name\":\"Feria del Ma\u00edz Criollo en San Pedro Benito Ju\u00e1rez, Atlixco - The Puebla Times\",\"isPartOf\":{\"@id\":\"https:\/\/thepueblatimes.mx\/#website\"},\"datePublished\":\"2024-10-02T20:01:47+00:00\",\"dateModified\":\"2024-10-02T20:01:47+00:00\",\"author\":{\"@id\":\"https:\/\/thepueblatimes.mx\/#\/schema\/person\/1664894c2f65ce2c7a08d8f5f905c13c\"},\"breadcrumb\":{\"@id\":\"https:\/\/thepueblatimes.mx\/index.php\/2024\/10\/02\/feria-del-maiz-criollo-en-san-pedro-benito-juarez-atlixco\/#breadcrumb\"},\"inLanguage\":\"es\",\"potentialAction\":[{\"@type\":\"ReadAction\",\"target\":[\"https:\/\/thepueblatimes.mx\/index.php\/2024\/10\/02\/feria-del-maiz-criollo-en-san-pedro-benito-juarez-atlixco\/\"]}]},{\"@type\":\"BreadcrumbList\",\"@id\":\"https:\/\/thepueblatimes.mx\/index.php\/2024\/10\/02\/feria-del-maiz-criollo-en-san-pedro-benito-juarez-atlixco\/#breadcrumb\",\"itemListElement\":[{\"@type\":\"ListItem\",\"position\":1,\"name\":\"Portada\",\"item\":\"https:\/\/thepueblatimes.mx\/\"},{\"@type\":\"ListItem\",\"position\":2,\"name\":\"Feria del Ma\u00edz Criollo en San Pedro Benito Ju\u00e1rez, Atlixco\"}]},{\"@type\":\"WebSite\",\"@id\":\"https:\/\/thepueblatimes.mx\/#website\",\"url\":\"https:\/\/thepueblatimes.mx\/\",\"name\":\"The Puebla Times\",\"description\":\"Noticias del Estado de Puebla\",\"potentialAction\":[{\"@type\":\"SearchAction\",\"target\":{\"@type\":\"EntryPoint\",\"urlTemplate\":\"https:\/\/thepueblatimes.mx\/?s={search_term_string}\"},\"query-input\":\"required name=search_term_string\"}],\"inLanguage\":\"es\"},{\"@type\":\"Person\",\"@id\":\"https:\/\/thepueblatimes.mx\/#\/schema\/person\/1664894c2f65ce2c7a08d8f5f905c13c\",\"name\":\"Sa\u00fal Hern\u00e1ndez\",\"image\":{\"@type\":\"ImageObject\",\"inLanguage\":\"es\",\"@id\":\"https:\/\/thepueblatimes.mx\/#\/schema\/person\/image\/\",\"url\":\"https:\/\/secure.gravatar.com\/avatar\/11be338693f243309532caad8f10c930?s=96&d=mm&r=g\",\"contentUrl\":\"https:\/\/secure.gravatar.com\/avatar\/11be338693f243309532caad8f10c930?s=96&d=mm&r=g\",\"caption\":\"Sa\u00fal Hern\u00e1ndez\"},\"url\":\"https:\/\/thepueblatimes.mx\/index.php\/author\/saulhernandez\/\"}]}<\/script>\n<!-- \/ Yoast SEO plugin. -->","yoast_head_json":{"title":"Feria del Ma\u00edz Criollo en San Pedro Benito Ju\u00e1rez, Atlixco - The Puebla Times","robots":{"index":"index","follow":"follow","max-snippet":"max-snippet:-1","max-image-preview":"max-image-preview:large","max-video-preview":"max-video-preview:-1"},"canonical":"https:\/\/thepueblatimes.mx\/index.php\/2024\/10\/02\/feria-del-maiz-criollo-en-san-pedro-benito-juarez-atlixco\/","og_locale":"es_ES","og_type":"article","og_title":"Feria del Ma\u00edz Criollo en San Pedro Benito Ju\u00e1rez, Atlixco - The Puebla Times","og_description":"El domingo 6 de octubre se llevar\u00e1 a cabo la llamada primera Feria del Ma\u00edz Criollo en San Pedro Benito Ju\u00e1rez, Atlixco. La sede del evento ser\u00e1 la presidencia auxiliar a partir de las 12 del d\u00eda. El objetivo es generar \u201cconciencia agroecol\u00f3gica\u201d mediante el trueque y el intercambio de semillas y de t\u00e9cnicas de...","og_url":"https:\/\/thepueblatimes.mx\/index.php\/2024\/10\/02\/feria-del-maiz-criollo-en-san-pedro-benito-juarez-atlixco\/","og_site_name":"The Puebla Times","article_published_time":"2024-10-02T20:01:47+00:00","og_image":[{"width":1181,"height":1181,"url":"https:\/\/thepueblatimes.mx\/wp-content\/uploads\/2024\/10\/438216401_892814715983640_6415718638269993188_n.jpg","type":"image\/jpeg"}],"author":"Sa\u00fal Hern\u00e1ndez","twitter_card":"summary_large_image","twitter_misc":{"Escrito por":"Sa\u00fal Hern\u00e1ndez","Tiempo de lectura":"1 minuto"},"schema":{"@context":"https:\/\/schema.org","@graph":[{"@type":"WebPage","@id":"https:\/\/thepueblatimes.mx\/index.php\/2024\/10\/02\/feria-del-maiz-criollo-en-san-pedro-benito-juarez-atlixco\/","url":"https:\/\/thepueblatimes.mx\/index.php\/2024\/10\/02\/feria-del-maiz-criollo-en-san-pedro-benito-juarez-atlixco\/","name":"Feria del Ma\u00edz Criollo en San Pedro Benito Ju\u00e1rez, Atlixco - The Puebla Times","isPartOf":{"@id":"https:\/\/thepueblatimes.mx\/#website"},"datePublished":"2024-10-02T20:01:47+00:00","dateModified":"2024-10-02T20:01:47+00:00","author":{"@id":"https:\/\/thepueblatimes.mx\/#\/schema\/person\/1664894c2f65ce2c7a08d8f5f905c13c"},"breadcrumb":{"@id":"https:\/\/thepueblatimes.mx\/index.php\/2024\/10\/02\/feria-del-maiz-criollo-en-san-pedro-benito-juarez-atlixco\/#breadcrumb"},"inLanguage":"es","potentialAction":[{"@type":"ReadAction","target":["https:\/\/thepueblatimes.mx\/index.php\/2024\/10\/02\/feria-del-maiz-criollo-en-san-pedro-benito-juarez-atlixco\/"]}]},{"@type":"BreadcrumbList","@id":"https:\/\/thepueblatimes.mx\/index.php\/2024\/10\/02\/feria-del-maiz-criollo-en-san-pedro-benito-juarez-atlixco\/#breadcrumb","itemListElement":[{"@type":"ListItem","position":1,"name":"Portada","item":"https:\/\/thepueblatimes.mx\/"},{"@type":"ListItem","position":2,"name":"Feria del Ma\u00edz Criollo en San Pedro Benito Ju\u00e1rez, Atlixco"}]},{"@type":"WebSite","@id":"https:\/\/thepueblatimes.mx\/#website","url":"https:\/\/thepueblatimes.mx\/","name":"The Puebla Times","description":"Noticias del Estado de Puebla","potentialAction":[{"@type":"SearchAction","target":{"@type":"EntryPoint","urlTemplate":"https:\/\/thepueblatimes.mx\/?s={search_term_string}"},"query-input":"required name=search_term_string"}],"inLanguage":"es"},{"@type":"Person","@id":"https:\/\/thepueblatimes.mx\/#\/schema\/person\/1664894c2f65ce2c7a08d8f5f905c13c","name":"Sa\u00fal Hern\u00e1ndez","image":{"@type":"ImageObject","inLanguage":"es","@id":"https:\/\/thepueblatimes.mx\/#\/schema\/person\/image\/","url":"https:\/\/secure.gravatar.com\/avatar\/11be338693f243309532caad8f10c930?s=96&d=mm&r=g","contentUrl":"https:\/\/secure.gravatar.com\/avatar\/11be338693f243309532caad8f10c930?s=96&d=mm&r=g","caption":"Sa\u00fal Hern\u00e1ndez"},"url":"https:\/\/thepueblatimes.mx\/index.php\/author\/saulhernandez\/"}]}},"jetpack_featured_media_url":"https:\/\/thepueblatimes.mx\/wp-content\/uploads\/2024\/10\/438216401_892814715983640_6415718638269993188_n.jpg","_links":{"self":[{"href":"https:\/\/thepueblatimes.mx\/index.php\/wp-json\/wp\/v2\/posts\/25141"}],"collection":[{"href":"https:\/\/thepueblatimes.mx\/index.php\/wp-json\/wp\/v2\/posts"}],"about":[{"href":"https:\/\/thepueblatimes.mx\/index.php\/wp-json\/wp\/v2\/types\/post"}],"author":[{"embeddable":true,"href":"https:\/\/thepueblatimes.mx\/index.php\/wp-json\/wp\/v2\/users\/16"}],"replies":[{"embeddable":true,"href":"https:\/\/thepueblatimes.mx\/index.php\/wp-json\/wp\/v2\/comments?post=25141"}],"version-history":[{"count":1,"href":"https:\/\/thepueblatimes.mx\/index.php\/wp-json\/wp\/v2\/posts\/25141\/revisions"}],"predecessor-version":[{"id":25143,"href":"https:\/\/thepueblatimes.mx\/index.php\/wp-json\/wp\/v2\/posts\/25141\/revisions\/25143"}],"wp:featuredmedia":[{"embeddable":true,"href":"https:\/\/thepueblatimes.mx\/index.php\/wp-json\/wp\/v2\/media\/25142"}],"wp:attachment":[{"href":"https:\/\/thepueblatimes.mx\/index.php\/wp-json\/wp\/v2\/media?parent=25141"}],"wp:term":[{"taxonomy":"category","embeddable":true,"href":"https:\/\/thepueblatimes.mx\/index.php\/wp-json\/wp\/v2\/categories?post=25141"},{"taxonomy":"post_tag","embeddable":true,"href":"https:\/\/thepueblatimes.mx\/index.php\/wp-json\/wp\/v2\/tags?post=25141"}],"curies":[{"name":"wp","href":"https:\/\/api.w.org\/{rel}","templated":true}]}}