{"id":25008,"date":"2024-09-27T13:50:12","date_gmt":"2024-09-27T19:50:12","guid":{"rendered":"https:\/\/thepueblatimes.mx\/?p=25008"},"modified":"2024-09-27T13:50:12","modified_gmt":"2024-09-27T19:50:12","slug":"puebla-cuarto-lugar-en-donacion-de-organos-salud","status":"publish","type":"post","link":"https:\/\/thepueblatimes.mx\/index.php\/2024\/09\/27\/puebla-cuarto-lugar-en-donacion-de-organos-salud\/","title":{"rendered":"Puebla, cuarto lugar en donaci\u00f3n de \u00f3rganos: Salud"},"content":{"rendered":"<h3 class=\"p1\"><em><span class=\"s1\">-En el estado 13 hospitales del IMSS-Bienestar cuentan con el programa de donaci\u00f3n y trasplante<\/span><\/em><\/h3>\n<p class=\"p1\"><span class=\"s2\">\u00a0<\/span><strong><span class=\"s2\">CIUDAD DE PUEBLA, Pue.-\u00a0<\/span><\/strong><span class=\"s1\">Derivado de la donaci\u00f3n de \u00f3rganos y tejidos en el sector salud, Puebla ocupa el cuarto lugar a nivel nacional, se\u00f1al\u00f3 el gobierno presente de Sergio Salom\u00f3n, a trav\u00e9s de la Secretar\u00eda de Salud.<\/span><\/p>\n<p class=\"p1\"><span class=\"s1\">En representaci\u00f3n de la secretaria de Salud, Araceli Soria C\u00f3rdoba, durante el evento del \u201cD\u00eda Nacional de la Donaci\u00f3n de \u00d3rganos\u201d, la titular de Oficina de la funcionaria, Mar\u00eda Guillermina P\u00e9rez Anguiano, puntualiz\u00f3 que en el estado se han realizado 121 trasplantes, por lo que reconoci\u00f3 que los n\u00fameros son el testimonio de las familias que han decidido sumarse a este acto de amor altruista y brindar una segunda oportunidad de vida.<\/span><\/p>\n<p class=\"p1\"><span class=\"s1\">Por su parte, la jefa de Servicios de Atenci\u00f3n a la Salud IMSS-Bienestar, Martha del Carmen Ulloa Peregrina, en representaci\u00f3n del coordinador estatal de Servicios de Salud IMSS-Bienestar Puebla, Jer\u00f3nimo Lara G\u00e1lvez destac\u00f3 que en el estado hay 13 hospitales qu\u00e9 cuentan con la licencia de donaci\u00f3n de \u00f3rganos, quienes adem\u00e1s tienen el programa de trasplante de c\u00f3rnea, renal y progenitoras hematopoy\u00e9ticas.<\/span><\/p>\n<p class=\"p1\"><span class=\"s1\">En el evento tambi\u00e9n estuvo presente Nadia D\u00edaz, madre de Juan de Dios Garc\u00eda D\u00edaz donador multiorg\u00e1nico, quien exhort\u00f3 a las y los poblanos a hacer conciencia de la donaci\u00f3n y regalar una oportunidad de una mejor vida a trav\u00e9s de los seres que aman.<\/span><\/p>\n","protected":false},"excerpt":{"rendered":"<p>-En el estado 13 hospitales del IMSS-Bienestar cuentan con el programa de donaci\u00f3n y trasplante \u00a0CIUDAD DE PUEBLA, Pue.-\u00a0Derivado de la donaci\u00f3n de \u00f3rganos y tejidos en el sector salud, Puebla ocupa el cuarto lugar a nivel nacional, se\u00f1al\u00f3 el gobierno presente de Sergio Salom\u00f3n, a trav\u00e9s de la Secretar\u00eda de Salud. En representaci\u00f3n de&#8230;<\/p>\n","protected":false},"author":16,"featured_media":25010,"comment_status":"closed","ping_status":"closed","sticky":false,"template":"","format":"standard","meta":[],"categories":[3],"tags":[1273,628],"yoast_head":"<!-- This site is optimized with the Yoast SEO plugin v20.8 - https:\/\/yoast.com\/wordpress\/plugins\/seo\/ -->\n<title>Puebla, cuarto lugar en donaci\u00f3n de \u00f3rganos: Salud - The Puebla Times<\/title>\n<meta name=\"robots\" content=\"index, follow, max-snippet:-1, max-image-preview:large, max-video-preview:-1\" \/>\n<link rel=\"canonical\" href=\"https:\/\/thepueblatimes.mx\/index.php\/2024\/09\/27\/puebla-cuarto-lugar-en-donacion-de-organos-salud\/\" \/>\n<meta property=\"og:locale\" content=\"es_ES\" \/>\n<meta property=\"og:type\" content=\"article\" \/>\n<meta property=\"og:title\" content=\"Puebla, cuarto lugar en donaci\u00f3n de \u00f3rganos: Salud - The Puebla Times\" \/>\n<meta property=\"og:description\" content=\"-En el estado 13 hospitales del IMSS-Bienestar cuentan con el programa de donaci\u00f3n y trasplante \u00a0CIUDAD DE PUEBLA, Pue.-\u00a0Derivado de la donaci\u00f3n de \u00f3rganos y tejidos en el sector salud, Puebla ocupa el cuarto lugar a nivel nacional, se\u00f1al\u00f3 el gobierno presente de Sergio Salom\u00f3n, a trav\u00e9s de la Secretar\u00eda de Salud. En representaci\u00f3n de...\" \/>\n<meta property=\"og:url\" content=\"https:\/\/thepueblatimes.mx\/index.php\/2024\/09\/27\/puebla-cuarto-lugar-en-donacion-de-organos-salud\/\" \/>\n<meta property=\"og:site_name\" content=\"The Puebla Times\" \/>\n<meta property=\"article:published_time\" content=\"2024-09-27T19:50:12+00:00\" \/>\n<meta property=\"og:image\" content=\"https:\/\/thepueblatimes.mx\/wp-content\/uploads\/2024\/09\/IMG_5664_1-scaled.jpeg\" \/>\n\t<meta property=\"og:image:width\" content=\"2560\" \/>\n\t<meta property=\"og:image:height\" content=\"1707\" \/>\n\t<meta property=\"og:image:type\" content=\"image\/jpeg\" \/>\n<meta name=\"author\" content=\"Sa\u00fal Hern\u00e1ndez\" \/>\n<meta name=\"twitter:card\" content=\"summary_large_image\" \/>\n<meta name=\"twitter:label1\" content=\"Escrito por\" \/>\n\t<meta name=\"twitter:data1\" content=\"Sa\u00fal Hern\u00e1ndez\" \/>\n\t<meta name=\"twitter:label2\" content=\"Tiempo de lectura\" \/>\n\t<meta name=\"twitter:data2\" content=\"2 minutos\" \/>\n<script type=\"application\/ld+json\" class=\"yoast-schema-graph\">{\"@context\":\"https:\/\/schema.org\",\"@graph\":[{\"@type\":\"WebPage\",\"@id\":\"https:\/\/thepueblatimes.mx\/index.php\/2024\/09\/27\/puebla-cuarto-lugar-en-donacion-de-organos-salud\/\",\"url\":\"https:\/\/thepueblatimes.mx\/index.php\/2024\/09\/27\/puebla-cuarto-lugar-en-donacion-de-organos-salud\/\",\"name\":\"Puebla, cuarto lugar en donaci\u00f3n de \u00f3rganos: Salud - The Puebla Times\",\"isPartOf\":{\"@id\":\"https:\/\/thepueblatimes.mx\/#website\"},\"datePublished\":\"2024-09-27T19:50:12+00:00\",\"dateModified\":\"2024-09-27T19:50:12+00:00\",\"author\":{\"@id\":\"https:\/\/thepueblatimes.mx\/#\/schema\/person\/1664894c2f65ce2c7a08d8f5f905c13c\"},\"breadcrumb\":{\"@id\":\"https:\/\/thepueblatimes.mx\/index.php\/2024\/09\/27\/puebla-cuarto-lugar-en-donacion-de-organos-salud\/#breadcrumb\"},\"inLanguage\":\"es\",\"potentialAction\":[{\"@type\":\"ReadAction\",\"target\":[\"https:\/\/thepueblatimes.mx\/index.php\/2024\/09\/27\/puebla-cuarto-lugar-en-donacion-de-organos-salud\/\"]}]},{\"@type\":\"BreadcrumbList\",\"@id\":\"https:\/\/thepueblatimes.mx\/index.php\/2024\/09\/27\/puebla-cuarto-lugar-en-donacion-de-organos-salud\/#breadcrumb\",\"itemListElement\":[{\"@type\":\"ListItem\",\"position\":1,\"name\":\"Portada\",\"item\":\"https:\/\/thepueblatimes.mx\/\"},{\"@type\":\"ListItem\",\"position\":2,\"name\":\"Puebla, cuarto lugar en donaci\u00f3n de \u00f3rganos: Salud\"}]},{\"@type\":\"WebSite\",\"@id\":\"https:\/\/thepueblatimes.mx\/#website\",\"url\":\"https:\/\/thepueblatimes.mx\/\",\"name\":\"The Puebla Times\",\"description\":\"Noticias del Estado de Puebla\",\"potentialAction\":[{\"@type\":\"SearchAction\",\"target\":{\"@type\":\"EntryPoint\",\"urlTemplate\":\"https:\/\/thepueblatimes.mx\/?s={search_term_string}\"},\"query-input\":\"required name=search_term_string\"}],\"inLanguage\":\"es\"},{\"@type\":\"Person\",\"@id\":\"https:\/\/thepueblatimes.mx\/#\/schema\/person\/1664894c2f65ce2c7a08d8f5f905c13c\",\"name\":\"Sa\u00fal Hern\u00e1ndez\",\"image\":{\"@type\":\"ImageObject\",\"inLanguage\":\"es\",\"@id\":\"https:\/\/thepueblatimes.mx\/#\/schema\/person\/image\/\",\"url\":\"https:\/\/secure.gravatar.com\/avatar\/11be338693f243309532caad8f10c930?s=96&d=mm&r=g\",\"contentUrl\":\"https:\/\/secure.gravatar.com\/avatar\/11be338693f243309532caad8f10c930?s=96&d=mm&r=g\",\"caption\":\"Sa\u00fal Hern\u00e1ndez\"},\"url\":\"https:\/\/thepueblatimes.mx\/index.php\/author\/saulhernandez\/\"}]}<\/script>\n<!-- \/ Yoast SEO plugin. -->","yoast_head_json":{"title":"Puebla, cuarto lugar en donaci\u00f3n de \u00f3rganos: Salud - The Puebla Times","robots":{"index":"index","follow":"follow","max-snippet":"max-snippet:-1","max-image-preview":"max-image-preview:large","max-video-preview":"max-video-preview:-1"},"canonical":"https:\/\/thepueblatimes.mx\/index.php\/2024\/09\/27\/puebla-cuarto-lugar-en-donacion-de-organos-salud\/","og_locale":"es_ES","og_type":"article","og_title":"Puebla, cuarto lugar en donaci\u00f3n de \u00f3rganos: Salud - The Puebla Times","og_description":"-En el estado 13 hospitales del IMSS-Bienestar cuentan con el programa de donaci\u00f3n y trasplante \u00a0CIUDAD DE PUEBLA, Pue.-\u00a0Derivado de la donaci\u00f3n de \u00f3rganos y tejidos en el sector salud, Puebla ocupa el cuarto lugar a nivel nacional, se\u00f1al\u00f3 el gobierno presente de Sergio Salom\u00f3n, a trav\u00e9s de la Secretar\u00eda de Salud. En representaci\u00f3n de...","og_url":"https:\/\/thepueblatimes.mx\/index.php\/2024\/09\/27\/puebla-cuarto-lugar-en-donacion-de-organos-salud\/","og_site_name":"The Puebla Times","article_published_time":"2024-09-27T19:50:12+00:00","og_image":[{"width":2560,"height":1707,"url":"https:\/\/thepueblatimes.mx\/wp-content\/uploads\/2024\/09\/IMG_5664_1-scaled.jpeg","type":"image\/jpeg"}],"author":"Sa\u00fal Hern\u00e1ndez","twitter_card":"summary_large_image","twitter_misc":{"Escrito por":"Sa\u00fal Hern\u00e1ndez","Tiempo de lectura":"2 minutos"},"schema":{"@context":"https:\/\/schema.org","@graph":[{"@type":"WebPage","@id":"https:\/\/thepueblatimes.mx\/index.php\/2024\/09\/27\/puebla-cuarto-lugar-en-donacion-de-organos-salud\/","url":"https:\/\/thepueblatimes.mx\/index.php\/2024\/09\/27\/puebla-cuarto-lugar-en-donacion-de-organos-salud\/","name":"Puebla, cuarto lugar en donaci\u00f3n de \u00f3rganos: Salud - The Puebla Times","isPartOf":{"@id":"https:\/\/thepueblatimes.mx\/#website"},"datePublished":"2024-09-27T19:50:12+00:00","dateModified":"2024-09-27T19:50:12+00:00","author":{"@id":"https:\/\/thepueblatimes.mx\/#\/schema\/person\/1664894c2f65ce2c7a08d8f5f905c13c"},"breadcrumb":{"@id":"https:\/\/thepueblatimes.mx\/index.php\/2024\/09\/27\/puebla-cuarto-lugar-en-donacion-de-organos-salud\/#breadcrumb"},"inLanguage":"es","potentialAction":[{"@type":"ReadAction","target":["https:\/\/thepueblatimes.mx\/index.php\/2024\/09\/27\/puebla-cuarto-lugar-en-donacion-de-organos-salud\/"]}]},{"@type":"BreadcrumbList","@id":"https:\/\/thepueblatimes.mx\/index.php\/2024\/09\/27\/puebla-cuarto-lugar-en-donacion-de-organos-salud\/#breadcrumb","itemListElement":[{"@type":"ListItem","position":1,"name":"Portada","item":"https:\/\/thepueblatimes.mx\/"},{"@type":"ListItem","position":2,"name":"Puebla, cuarto lugar en donaci\u00f3n de \u00f3rganos: Salud"}]},{"@type":"WebSite","@id":"https:\/\/thepueblatimes.mx\/#website","url":"https:\/\/thepueblatimes.mx\/","name":"The Puebla Times","description":"Noticias del Estado de Puebla","potentialAction":[{"@type":"SearchAction","target":{"@type":"EntryPoint","urlTemplate":"https:\/\/thepueblatimes.mx\/?s={search_term_string}"},"query-input":"required name=search_term_string"}],"inLanguage":"es"},{"@type":"Person","@id":"https:\/\/thepueblatimes.mx\/#\/schema\/person\/1664894c2f65ce2c7a08d8f5f905c13c","name":"Sa\u00fal Hern\u00e1ndez","image":{"@type":"ImageObject","inLanguage":"es","@id":"https:\/\/thepueblatimes.mx\/#\/schema\/person\/image\/","url":"https:\/\/secure.gravatar.com\/avatar\/11be338693f243309532caad8f10c930?s=96&d=mm&r=g","contentUrl":"https:\/\/secure.gravatar.com\/avatar\/11be338693f243309532caad8f10c930?s=96&d=mm&r=g","caption":"Sa\u00fal Hern\u00e1ndez"},"url":"https:\/\/thepueblatimes.mx\/index.php\/author\/saulhernandez\/"}]}},"jetpack_featured_media_url":"https:\/\/thepueblatimes.mx\/wp-content\/uploads\/2024\/09\/IMG_5664_1-scaled.jpeg","_links":{"self":[{"href":"https:\/\/thepueblatimes.mx\/index.php\/wp-json\/wp\/v2\/posts\/25008"}],"collection":[{"href":"https:\/\/thepueblatimes.mx\/index.php\/wp-json\/wp\/v2\/posts"}],"about":[{"href":"https:\/\/thepueblatimes.mx\/index.php\/wp-json\/wp\/v2\/types\/post"}],"author":[{"embeddable":true,"href":"https:\/\/thepueblatimes.mx\/index.php\/wp-json\/wp\/v2\/users\/16"}],"replies":[{"embeddable":true,"href":"https:\/\/thepueblatimes.mx\/index.php\/wp-json\/wp\/v2\/comments?post=25008"}],"version-history":[{"count":1,"href":"https:\/\/thepueblatimes.mx\/index.php\/wp-json\/wp\/v2\/posts\/25008\/revisions"}],"predecessor-version":[{"id":25011,"href":"https:\/\/thepueblatimes.mx\/index.php\/wp-json\/wp\/v2\/posts\/25008\/revisions\/25011"}],"wp:featuredmedia":[{"embeddable":true,"href":"https:\/\/thepueblatimes.mx\/index.php\/wp-json\/wp\/v2\/media\/25010"}],"wp:attachment":[{"href":"https:\/\/thepueblatimes.mx\/index.php\/wp-json\/wp\/v2\/media?parent=25008"}],"wp:term":[{"taxonomy":"category","embeddable":true,"href":"https:\/\/thepueblatimes.mx\/index.php\/wp-json\/wp\/v2\/categories?post=25008"},{"taxonomy":"post_tag","embeddable":true,"href":"https:\/\/thepueblatimes.mx\/index.php\/wp-json\/wp\/v2\/tags?post=25008"}],"curies":[{"name":"wp","href":"https:\/\/api.w.org\/{rel}","templated":true}]}}