{"id":24830,"date":"2024-09-20T15:35:21","date_gmt":"2024-09-20T21:35:21","guid":{"rendered":"https:\/\/thepueblatimes.mx\/?p=24830"},"modified":"2024-09-20T15:35:21","modified_gmt":"2024-09-20T21:35:21","slug":"por-esta-razon-se-regalan-flores-amarillas-el-21-de-septiembre","status":"publish","type":"post","link":"https:\/\/thepueblatimes.mx\/index.php\/2024\/09\/20\/por-esta-razon-se-regalan-flores-amarillas-el-21-de-septiembre\/","title":{"rendered":"Por esta raz\u00f3n se regalan flores amarillas el 21 de septiembre"},"content":{"rendered":"<p>Regalar flores amarillas en 21 de septiembre, es una pr\u00e1ctica se ha vuelto popular en varios pa\u00edses como M\u00e9xico, Argentina, Ecuador, Per\u00fa y Espa\u00f1a.<\/p>\n<p>En esencia el 21 de septiembre marca el inicio de la primavera en pa\u00edses latinoamericanos como Per\u00fa, Argentina y Chile.<\/p>\n<p>Incluso tambi\u00e9n se obsequian flores amarillas en M\u00e9xico, el 21 de marzo, lo que coinciden con el inicio de la primavera.<\/p>\n<p>Por otra parte, el D\u00eda Internacional de la Paz tambi\u00e9n se conmemora el 21 de septiembre.<\/p>\n<p>En general las flores amarillas pueden tener m\u00faltiples interpretaciones. El color amarillo se asocia con la amistad, la paz, la esperanza, la alegr\u00eda, la vida y la energ\u00eda.<\/p>\n<p>En lo que hace a redes sociales, parece haber surgido principalmente gracias a la viralizaci\u00f3n en TikTok de la canci\u00f3n \u201cFlores Amarillas\u201d de Florencia Bertotti, que es el tema principal de la popular serie argentina \u201cFloricienta\u201d.<\/p>\n","protected":false},"excerpt":{"rendered":"<p>Regalar flores amarillas en 21 de septiembre, es una pr\u00e1ctica se ha vuelto popular en varios pa\u00edses como M\u00e9xico, Argentina, Ecuador, Per\u00fa y Espa\u00f1a. En esencia el 21 de septiembre marca el inicio de la primavera en pa\u00edses latinoamericanos como Per\u00fa, Argentina y Chile. Incluso tambi\u00e9n se obsequian flores amarillas en M\u00e9xico, el 21 de&#8230;<\/p>\n","protected":false},"author":16,"featured_media":24831,"comment_status":"closed","ping_status":"closed","sticky":false,"template":"","format":"standard","meta":[],"categories":[110],"tags":[2121,2122],"yoast_head":"<!-- This site is optimized with the Yoast SEO plugin v20.8 - https:\/\/yoast.com\/wordpress\/plugins\/seo\/ -->\n<title>Por esta raz\u00f3n se regalan flores amarillas el 21 de septiembre - The Puebla Times<\/title>\n<meta name=\"robots\" content=\"index, follow, max-snippet:-1, max-image-preview:large, max-video-preview:-1\" \/>\n<link rel=\"canonical\" href=\"https:\/\/thepueblatimes.mx\/index.php\/2024\/09\/20\/por-esta-razon-se-regalan-flores-amarillas-el-21-de-septiembre\/\" \/>\n<meta property=\"og:locale\" content=\"es_ES\" \/>\n<meta property=\"og:type\" content=\"article\" \/>\n<meta property=\"og:title\" content=\"Por esta raz\u00f3n se regalan flores amarillas el 21 de septiembre - The Puebla Times\" \/>\n<meta property=\"og:description\" content=\"Regalar flores amarillas en 21 de septiembre, es una pr\u00e1ctica se ha vuelto popular en varios pa\u00edses como M\u00e9xico, Argentina, Ecuador, Per\u00fa y Espa\u00f1a. En esencia el 21 de septiembre marca el inicio de la primavera en pa\u00edses latinoamericanos como Per\u00fa, Argentina y Chile. Incluso tambi\u00e9n se obsequian flores amarillas en M\u00e9xico, el 21 de...\" \/>\n<meta property=\"og:url\" content=\"https:\/\/thepueblatimes.mx\/index.php\/2024\/09\/20\/por-esta-razon-se-regalan-flores-amarillas-el-21-de-septiembre\/\" \/>\n<meta property=\"og:site_name\" content=\"The Puebla Times\" \/>\n<meta property=\"article:published_time\" content=\"2024-09-20T21:35:21+00:00\" \/>\n<meta property=\"og:image\" content=\"https:\/\/thepueblatimes.mx\/wp-content\/uploads\/2024\/09\/descarga-22.jpg\" \/>\n\t<meta property=\"og:image:width\" content=\"745\" \/>\n\t<meta property=\"og:image:height\" content=\"799\" \/>\n\t<meta property=\"og:image:type\" content=\"image\/jpeg\" \/>\n<meta name=\"author\" content=\"Sa\u00fal Hern\u00e1ndez\" \/>\n<meta name=\"twitter:card\" content=\"summary_large_image\" \/>\n<meta name=\"twitter:label1\" content=\"Escrito por\" \/>\n\t<meta name=\"twitter:data1\" content=\"Sa\u00fal Hern\u00e1ndez\" \/>\n\t<meta name=\"twitter:label2\" content=\"Tiempo de lectura\" \/>\n\t<meta name=\"twitter:data2\" content=\"1 minuto\" \/>\n<script type=\"application\/ld+json\" class=\"yoast-schema-graph\">{\"@context\":\"https:\/\/schema.org\",\"@graph\":[{\"@type\":\"WebPage\",\"@id\":\"https:\/\/thepueblatimes.mx\/index.php\/2024\/09\/20\/por-esta-razon-se-regalan-flores-amarillas-el-21-de-septiembre\/\",\"url\":\"https:\/\/thepueblatimes.mx\/index.php\/2024\/09\/20\/por-esta-razon-se-regalan-flores-amarillas-el-21-de-septiembre\/\",\"name\":\"Por esta raz\u00f3n se regalan flores amarillas el 21 de septiembre - The Puebla Times\",\"isPartOf\":{\"@id\":\"https:\/\/thepueblatimes.mx\/#website\"},\"datePublished\":\"2024-09-20T21:35:21+00:00\",\"dateModified\":\"2024-09-20T21:35:21+00:00\",\"author\":{\"@id\":\"https:\/\/thepueblatimes.mx\/#\/schema\/person\/1664894c2f65ce2c7a08d8f5f905c13c\"},\"breadcrumb\":{\"@id\":\"https:\/\/thepueblatimes.mx\/index.php\/2024\/09\/20\/por-esta-razon-se-regalan-flores-amarillas-el-21-de-septiembre\/#breadcrumb\"},\"inLanguage\":\"es\",\"potentialAction\":[{\"@type\":\"ReadAction\",\"target\":[\"https:\/\/thepueblatimes.mx\/index.php\/2024\/09\/20\/por-esta-razon-se-regalan-flores-amarillas-el-21-de-septiembre\/\"]}]},{\"@type\":\"BreadcrumbList\",\"@id\":\"https:\/\/thepueblatimes.mx\/index.php\/2024\/09\/20\/por-esta-razon-se-regalan-flores-amarillas-el-21-de-septiembre\/#breadcrumb\",\"itemListElement\":[{\"@type\":\"ListItem\",\"position\":1,\"name\":\"Portada\",\"item\":\"https:\/\/thepueblatimes.mx\/\"},{\"@type\":\"ListItem\",\"position\":2,\"name\":\"Por esta raz\u00f3n se regalan flores amarillas el 21 de septiembre\"}]},{\"@type\":\"WebSite\",\"@id\":\"https:\/\/thepueblatimes.mx\/#website\",\"url\":\"https:\/\/thepueblatimes.mx\/\",\"name\":\"The Puebla Times\",\"description\":\"Noticias del Estado de Puebla\",\"potentialAction\":[{\"@type\":\"SearchAction\",\"target\":{\"@type\":\"EntryPoint\",\"urlTemplate\":\"https:\/\/thepueblatimes.mx\/?s={search_term_string}\"},\"query-input\":\"required name=search_term_string\"}],\"inLanguage\":\"es\"},{\"@type\":\"Person\",\"@id\":\"https:\/\/thepueblatimes.mx\/#\/schema\/person\/1664894c2f65ce2c7a08d8f5f905c13c\",\"name\":\"Sa\u00fal Hern\u00e1ndez\",\"image\":{\"@type\":\"ImageObject\",\"inLanguage\":\"es\",\"@id\":\"https:\/\/thepueblatimes.mx\/#\/schema\/person\/image\/\",\"url\":\"https:\/\/secure.gravatar.com\/avatar\/11be338693f243309532caad8f10c930?s=96&d=mm&r=g\",\"contentUrl\":\"https:\/\/secure.gravatar.com\/avatar\/11be338693f243309532caad8f10c930?s=96&d=mm&r=g\",\"caption\":\"Sa\u00fal Hern\u00e1ndez\"},\"url\":\"https:\/\/thepueblatimes.mx\/index.php\/author\/saulhernandez\/\"}]}<\/script>\n<!-- \/ Yoast SEO plugin. -->","yoast_head_json":{"title":"Por esta raz\u00f3n se regalan flores amarillas el 21 de septiembre - The Puebla Times","robots":{"index":"index","follow":"follow","max-snippet":"max-snippet:-1","max-image-preview":"max-image-preview:large","max-video-preview":"max-video-preview:-1"},"canonical":"https:\/\/thepueblatimes.mx\/index.php\/2024\/09\/20\/por-esta-razon-se-regalan-flores-amarillas-el-21-de-septiembre\/","og_locale":"es_ES","og_type":"article","og_title":"Por esta raz\u00f3n se regalan flores amarillas el 21 de septiembre - The Puebla Times","og_description":"Regalar flores amarillas en 21 de septiembre, es una pr\u00e1ctica se ha vuelto popular en varios pa\u00edses como M\u00e9xico, Argentina, Ecuador, Per\u00fa y Espa\u00f1a. En esencia el 21 de septiembre marca el inicio de la primavera en pa\u00edses latinoamericanos como Per\u00fa, Argentina y Chile. Incluso tambi\u00e9n se obsequian flores amarillas en M\u00e9xico, el 21 de...","og_url":"https:\/\/thepueblatimes.mx\/index.php\/2024\/09\/20\/por-esta-razon-se-regalan-flores-amarillas-el-21-de-septiembre\/","og_site_name":"The Puebla Times","article_published_time":"2024-09-20T21:35:21+00:00","og_image":[{"width":745,"height":799,"url":"https:\/\/thepueblatimes.mx\/wp-content\/uploads\/2024\/09\/descarga-22.jpg","type":"image\/jpeg"}],"author":"Sa\u00fal Hern\u00e1ndez","twitter_card":"summary_large_image","twitter_misc":{"Escrito por":"Sa\u00fal Hern\u00e1ndez","Tiempo de lectura":"1 minuto"},"schema":{"@context":"https:\/\/schema.org","@graph":[{"@type":"WebPage","@id":"https:\/\/thepueblatimes.mx\/index.php\/2024\/09\/20\/por-esta-razon-se-regalan-flores-amarillas-el-21-de-septiembre\/","url":"https:\/\/thepueblatimes.mx\/index.php\/2024\/09\/20\/por-esta-razon-se-regalan-flores-amarillas-el-21-de-septiembre\/","name":"Por esta raz\u00f3n se regalan flores amarillas el 21 de septiembre - The Puebla Times","isPartOf":{"@id":"https:\/\/thepueblatimes.mx\/#website"},"datePublished":"2024-09-20T21:35:21+00:00","dateModified":"2024-09-20T21:35:21+00:00","author":{"@id":"https:\/\/thepueblatimes.mx\/#\/schema\/person\/1664894c2f65ce2c7a08d8f5f905c13c"},"breadcrumb":{"@id":"https:\/\/thepueblatimes.mx\/index.php\/2024\/09\/20\/por-esta-razon-se-regalan-flores-amarillas-el-21-de-septiembre\/#breadcrumb"},"inLanguage":"es","potentialAction":[{"@type":"ReadAction","target":["https:\/\/thepueblatimes.mx\/index.php\/2024\/09\/20\/por-esta-razon-se-regalan-flores-amarillas-el-21-de-septiembre\/"]}]},{"@type":"BreadcrumbList","@id":"https:\/\/thepueblatimes.mx\/index.php\/2024\/09\/20\/por-esta-razon-se-regalan-flores-amarillas-el-21-de-septiembre\/#breadcrumb","itemListElement":[{"@type":"ListItem","position":1,"name":"Portada","item":"https:\/\/thepueblatimes.mx\/"},{"@type":"ListItem","position":2,"name":"Por esta raz\u00f3n se regalan flores amarillas el 21 de septiembre"}]},{"@type":"WebSite","@id":"https:\/\/thepueblatimes.mx\/#website","url":"https:\/\/thepueblatimes.mx\/","name":"The Puebla Times","description":"Noticias del Estado de Puebla","potentialAction":[{"@type":"SearchAction","target":{"@type":"EntryPoint","urlTemplate":"https:\/\/thepueblatimes.mx\/?s={search_term_string}"},"query-input":"required name=search_term_string"}],"inLanguage":"es"},{"@type":"Person","@id":"https:\/\/thepueblatimes.mx\/#\/schema\/person\/1664894c2f65ce2c7a08d8f5f905c13c","name":"Sa\u00fal Hern\u00e1ndez","image":{"@type":"ImageObject","inLanguage":"es","@id":"https:\/\/thepueblatimes.mx\/#\/schema\/person\/image\/","url":"https:\/\/secure.gravatar.com\/avatar\/11be338693f243309532caad8f10c930?s=96&d=mm&r=g","contentUrl":"https:\/\/secure.gravatar.com\/avatar\/11be338693f243309532caad8f10c930?s=96&d=mm&r=g","caption":"Sa\u00fal Hern\u00e1ndez"},"url":"https:\/\/thepueblatimes.mx\/index.php\/author\/saulhernandez\/"}]}},"jetpack_featured_media_url":"https:\/\/thepueblatimes.mx\/wp-content\/uploads\/2024\/09\/descarga-22.jpg","_links":{"self":[{"href":"https:\/\/thepueblatimes.mx\/index.php\/wp-json\/wp\/v2\/posts\/24830"}],"collection":[{"href":"https:\/\/thepueblatimes.mx\/index.php\/wp-json\/wp\/v2\/posts"}],"about":[{"href":"https:\/\/thepueblatimes.mx\/index.php\/wp-json\/wp\/v2\/types\/post"}],"author":[{"embeddable":true,"href":"https:\/\/thepueblatimes.mx\/index.php\/wp-json\/wp\/v2\/users\/16"}],"replies":[{"embeddable":true,"href":"https:\/\/thepueblatimes.mx\/index.php\/wp-json\/wp\/v2\/comments?post=24830"}],"version-history":[{"count":1,"href":"https:\/\/thepueblatimes.mx\/index.php\/wp-json\/wp\/v2\/posts\/24830\/revisions"}],"predecessor-version":[{"id":24832,"href":"https:\/\/thepueblatimes.mx\/index.php\/wp-json\/wp\/v2\/posts\/24830\/revisions\/24832"}],"wp:featuredmedia":[{"embeddable":true,"href":"https:\/\/thepueblatimes.mx\/index.php\/wp-json\/wp\/v2\/media\/24831"}],"wp:attachment":[{"href":"https:\/\/thepueblatimes.mx\/index.php\/wp-json\/wp\/v2\/media?parent=24830"}],"wp:term":[{"taxonomy":"category","embeddable":true,"href":"https:\/\/thepueblatimes.mx\/index.php\/wp-json\/wp\/v2\/categories?post=24830"},{"taxonomy":"post_tag","embeddable":true,"href":"https:\/\/thepueblatimes.mx\/index.php\/wp-json\/wp\/v2\/tags?post=24830"}],"curies":[{"name":"wp","href":"https:\/\/api.w.org\/{rel}","templated":true}]}}