{"id":24681,"date":"2024-09-17T11:17:37","date_gmt":"2024-09-17T17:17:37","guid":{"rendered":"https:\/\/thepueblatimes.mx\/?p=24681"},"modified":"2024-09-17T11:17:37","modified_gmt":"2024-09-17T17:17:37","slug":"buscara-diputado-de-morena-que-comparezca-ex-titular-de-la-coordinacion-de-comunicacion-social-y-agenda-digital","status":"publish","type":"post","link":"https:\/\/thepueblatimes.mx\/index.php\/2024\/09\/17\/buscara-diputado-de-morena-que-comparezca-ex-titular-de-la-coordinacion-de-comunicacion-social-y-agenda-digital\/","title":{"rendered":"Buscar\u00e1 diputado de Morena que comparezca ex titular de la Coordinaci\u00f3n de Comunicaci\u00f3n Social y Agenda Digital"},"content":{"rendered":"<p>El diputado local Roberto Zatara\u00edn adelanto que buscar\u00e1 la posible comparecencia de Ver\u00f3nica V\u00e9lez Macial por un posible da\u00f1o patrimonial de casi 26 millones de pesos.<\/p>\n<p>Agreg\u00f3 que V\u00e9lez Macuil construy\u00f3 una maquinaria de calumnias y extorsiones, con el objetivo de difamar y amenazar a muchos personajes de la vida p\u00fablica, incluido \u00e9l.<\/p>\n<p>Por ello, exhortar\u00e1 a la Auditor\u00eda Superior del Estado (ASE), para que Ver\u00f3nica V\u00e9lez aclare las presuntas irregularidades que detect\u00f3 el organismo fiscalizador en los informes individuales.<\/p>\n<p>Las eventuales irregularidades corresponden al ejercicio 2022, antes de dejar la Coordinaci\u00f3n de Comunicaci\u00f3n Social y Agenda Digital, para asumir la titularidad de SICOM, y ascender\u00edan a 25.8 millones de pesos.<\/p>\n","protected":false},"excerpt":{"rendered":"<p>El diputado local Roberto Zatara\u00edn adelanto que buscar\u00e1 la posible comparecencia de Ver\u00f3nica V\u00e9lez Macial por un posible da\u00f1o patrimonial de casi 26 millones de pesos. Agreg\u00f3 que V\u00e9lez Macuil construy\u00f3 una maquinaria de calumnias y extorsiones, con el objetivo de difamar y amenazar a muchos personajes de la vida p\u00fablica, incluido \u00e9l. Por ello,&#8230;<\/p>\n","protected":false},"author":16,"featured_media":24682,"comment_status":"closed","ping_status":"closed","sticky":false,"template":"","format":"standard","meta":[],"categories":[8],"tags":[2071,2102,1400],"yoast_head":"<!-- This site is optimized with the Yoast SEO plugin v20.8 - https:\/\/yoast.com\/wordpress\/plugins\/seo\/ -->\n<title>Buscar\u00e1 diputado de Morena que comparezca ex titular de la Coordinaci\u00f3n de Comunicaci\u00f3n Social y Agenda Digital - The Puebla Times<\/title>\n<meta name=\"robots\" content=\"index, follow, max-snippet:-1, max-image-preview:large, max-video-preview:-1\" \/>\n<link rel=\"canonical\" href=\"https:\/\/thepueblatimes.mx\/index.php\/2024\/09\/17\/buscara-diputado-de-morena-que-comparezca-ex-titular-de-la-coordinacion-de-comunicacion-social-y-agenda-digital\/\" \/>\n<meta property=\"og:locale\" content=\"es_ES\" \/>\n<meta property=\"og:type\" content=\"article\" \/>\n<meta property=\"og:title\" content=\"Buscar\u00e1 diputado de Morena que comparezca ex titular de la Coordinaci\u00f3n de Comunicaci\u00f3n Social y Agenda Digital - The Puebla Times\" \/>\n<meta property=\"og:description\" content=\"El diputado local Roberto Zatara\u00edn adelanto que buscar\u00e1 la posible comparecencia de Ver\u00f3nica V\u00e9lez Macial por un posible da\u00f1o patrimonial de casi 26 millones de pesos. Agreg\u00f3 que V\u00e9lez Macuil construy\u00f3 una maquinaria de calumnias y extorsiones, con el objetivo de difamar y amenazar a muchos personajes de la vida p\u00fablica, incluido \u00e9l. Por ello,...\" \/>\n<meta property=\"og:url\" content=\"https:\/\/thepueblatimes.mx\/index.php\/2024\/09\/17\/buscara-diputado-de-morena-que-comparezca-ex-titular-de-la-coordinacion-de-comunicacion-social-y-agenda-digital\/\" \/>\n<meta property=\"og:site_name\" content=\"The Puebla Times\" \/>\n<meta property=\"article:published_time\" content=\"2024-09-17T17:17:37+00:00\" \/>\n<meta property=\"og:image\" content=\"https:\/\/thepueblatimes.mx\/wp-content\/uploads\/2024\/09\/Morena_logo_Mexico.svg_.png\" \/>\n\t<meta property=\"og:image:width\" content=\"2048\" \/>\n\t<meta property=\"og:image:height\" content=\"2048\" \/>\n\t<meta property=\"og:image:type\" content=\"image\/png\" \/>\n<meta name=\"author\" content=\"Sa\u00fal Hern\u00e1ndez\" \/>\n<meta name=\"twitter:card\" content=\"summary_large_image\" \/>\n<meta name=\"twitter:label1\" content=\"Escrito por\" \/>\n\t<meta name=\"twitter:data1\" content=\"Sa\u00fal Hern\u00e1ndez\" \/>\n\t<meta name=\"twitter:label2\" content=\"Tiempo de lectura\" \/>\n\t<meta name=\"twitter:data2\" content=\"1 minuto\" \/>\n<script type=\"application\/ld+json\" class=\"yoast-schema-graph\">{\"@context\":\"https:\/\/schema.org\",\"@graph\":[{\"@type\":\"WebPage\",\"@id\":\"https:\/\/thepueblatimes.mx\/index.php\/2024\/09\/17\/buscara-diputado-de-morena-que-comparezca-ex-titular-de-la-coordinacion-de-comunicacion-social-y-agenda-digital\/\",\"url\":\"https:\/\/thepueblatimes.mx\/index.php\/2024\/09\/17\/buscara-diputado-de-morena-que-comparezca-ex-titular-de-la-coordinacion-de-comunicacion-social-y-agenda-digital\/\",\"name\":\"Buscar\u00e1 diputado de Morena que comparezca ex titular de la Coordinaci\u00f3n de Comunicaci\u00f3n Social y Agenda Digital - The Puebla Times\",\"isPartOf\":{\"@id\":\"https:\/\/thepueblatimes.mx\/#website\"},\"datePublished\":\"2024-09-17T17:17:37+00:00\",\"dateModified\":\"2024-09-17T17:17:37+00:00\",\"author\":{\"@id\":\"https:\/\/thepueblatimes.mx\/#\/schema\/person\/1664894c2f65ce2c7a08d8f5f905c13c\"},\"breadcrumb\":{\"@id\":\"https:\/\/thepueblatimes.mx\/index.php\/2024\/09\/17\/buscara-diputado-de-morena-que-comparezca-ex-titular-de-la-coordinacion-de-comunicacion-social-y-agenda-digital\/#breadcrumb\"},\"inLanguage\":\"es\",\"potentialAction\":[{\"@type\":\"ReadAction\",\"target\":[\"https:\/\/thepueblatimes.mx\/index.php\/2024\/09\/17\/buscara-diputado-de-morena-que-comparezca-ex-titular-de-la-coordinacion-de-comunicacion-social-y-agenda-digital\/\"]}]},{\"@type\":\"BreadcrumbList\",\"@id\":\"https:\/\/thepueblatimes.mx\/index.php\/2024\/09\/17\/buscara-diputado-de-morena-que-comparezca-ex-titular-de-la-coordinacion-de-comunicacion-social-y-agenda-digital\/#breadcrumb\",\"itemListElement\":[{\"@type\":\"ListItem\",\"position\":1,\"name\":\"Portada\",\"item\":\"https:\/\/thepueblatimes.mx\/\"},{\"@type\":\"ListItem\",\"position\":2,\"name\":\"Buscar\u00e1 diputado de Morena que comparezca ex titular de la Coordinaci\u00f3n de Comunicaci\u00f3n Social y Agenda Digital\"}]},{\"@type\":\"WebSite\",\"@id\":\"https:\/\/thepueblatimes.mx\/#website\",\"url\":\"https:\/\/thepueblatimes.mx\/\",\"name\":\"The Puebla Times\",\"description\":\"Noticias del Estado de Puebla\",\"potentialAction\":[{\"@type\":\"SearchAction\",\"target\":{\"@type\":\"EntryPoint\",\"urlTemplate\":\"https:\/\/thepueblatimes.mx\/?s={search_term_string}\"},\"query-input\":\"required name=search_term_string\"}],\"inLanguage\":\"es\"},{\"@type\":\"Person\",\"@id\":\"https:\/\/thepueblatimes.mx\/#\/schema\/person\/1664894c2f65ce2c7a08d8f5f905c13c\",\"name\":\"Sa\u00fal Hern\u00e1ndez\",\"image\":{\"@type\":\"ImageObject\",\"inLanguage\":\"es\",\"@id\":\"https:\/\/thepueblatimes.mx\/#\/schema\/person\/image\/\",\"url\":\"https:\/\/secure.gravatar.com\/avatar\/11be338693f243309532caad8f10c930?s=96&d=mm&r=g\",\"contentUrl\":\"https:\/\/secure.gravatar.com\/avatar\/11be338693f243309532caad8f10c930?s=96&d=mm&r=g\",\"caption\":\"Sa\u00fal Hern\u00e1ndez\"},\"url\":\"https:\/\/thepueblatimes.mx\/index.php\/author\/saulhernandez\/\"}]}<\/script>\n<!-- \/ Yoast SEO plugin. -->","yoast_head_json":{"title":"Buscar\u00e1 diputado de Morena que comparezca ex titular de la Coordinaci\u00f3n de Comunicaci\u00f3n Social y Agenda Digital - The Puebla Times","robots":{"index":"index","follow":"follow","max-snippet":"max-snippet:-1","max-image-preview":"max-image-preview:large","max-video-preview":"max-video-preview:-1"},"canonical":"https:\/\/thepueblatimes.mx\/index.php\/2024\/09\/17\/buscara-diputado-de-morena-que-comparezca-ex-titular-de-la-coordinacion-de-comunicacion-social-y-agenda-digital\/","og_locale":"es_ES","og_type":"article","og_title":"Buscar\u00e1 diputado de Morena que comparezca ex titular de la Coordinaci\u00f3n de Comunicaci\u00f3n Social y Agenda Digital - The Puebla Times","og_description":"El diputado local Roberto Zatara\u00edn adelanto que buscar\u00e1 la posible comparecencia de Ver\u00f3nica V\u00e9lez Macial por un posible da\u00f1o patrimonial de casi 26 millones de pesos. Agreg\u00f3 que V\u00e9lez Macuil construy\u00f3 una maquinaria de calumnias y extorsiones, con el objetivo de difamar y amenazar a muchos personajes de la vida p\u00fablica, incluido \u00e9l. Por ello,...","og_url":"https:\/\/thepueblatimes.mx\/index.php\/2024\/09\/17\/buscara-diputado-de-morena-que-comparezca-ex-titular-de-la-coordinacion-de-comunicacion-social-y-agenda-digital\/","og_site_name":"The Puebla Times","article_published_time":"2024-09-17T17:17:37+00:00","og_image":[{"width":2048,"height":2048,"url":"https:\/\/thepueblatimes.mx\/wp-content\/uploads\/2024\/09\/Morena_logo_Mexico.svg_.png","type":"image\/png"}],"author":"Sa\u00fal Hern\u00e1ndez","twitter_card":"summary_large_image","twitter_misc":{"Escrito por":"Sa\u00fal Hern\u00e1ndez","Tiempo de lectura":"1 minuto"},"schema":{"@context":"https:\/\/schema.org","@graph":[{"@type":"WebPage","@id":"https:\/\/thepueblatimes.mx\/index.php\/2024\/09\/17\/buscara-diputado-de-morena-que-comparezca-ex-titular-de-la-coordinacion-de-comunicacion-social-y-agenda-digital\/","url":"https:\/\/thepueblatimes.mx\/index.php\/2024\/09\/17\/buscara-diputado-de-morena-que-comparezca-ex-titular-de-la-coordinacion-de-comunicacion-social-y-agenda-digital\/","name":"Buscar\u00e1 diputado de Morena que comparezca ex titular de la Coordinaci\u00f3n de Comunicaci\u00f3n Social y Agenda Digital - The Puebla Times","isPartOf":{"@id":"https:\/\/thepueblatimes.mx\/#website"},"datePublished":"2024-09-17T17:17:37+00:00","dateModified":"2024-09-17T17:17:37+00:00","author":{"@id":"https:\/\/thepueblatimes.mx\/#\/schema\/person\/1664894c2f65ce2c7a08d8f5f905c13c"},"breadcrumb":{"@id":"https:\/\/thepueblatimes.mx\/index.php\/2024\/09\/17\/buscara-diputado-de-morena-que-comparezca-ex-titular-de-la-coordinacion-de-comunicacion-social-y-agenda-digital\/#breadcrumb"},"inLanguage":"es","potentialAction":[{"@type":"ReadAction","target":["https:\/\/thepueblatimes.mx\/index.php\/2024\/09\/17\/buscara-diputado-de-morena-que-comparezca-ex-titular-de-la-coordinacion-de-comunicacion-social-y-agenda-digital\/"]}]},{"@type":"BreadcrumbList","@id":"https:\/\/thepueblatimes.mx\/index.php\/2024\/09\/17\/buscara-diputado-de-morena-que-comparezca-ex-titular-de-la-coordinacion-de-comunicacion-social-y-agenda-digital\/#breadcrumb","itemListElement":[{"@type":"ListItem","position":1,"name":"Portada","item":"https:\/\/thepueblatimes.mx\/"},{"@type":"ListItem","position":2,"name":"Buscar\u00e1 diputado de Morena que comparezca ex titular de la Coordinaci\u00f3n de Comunicaci\u00f3n Social y Agenda Digital"}]},{"@type":"WebSite","@id":"https:\/\/thepueblatimes.mx\/#website","url":"https:\/\/thepueblatimes.mx\/","name":"The Puebla Times","description":"Noticias del Estado de Puebla","potentialAction":[{"@type":"SearchAction","target":{"@type":"EntryPoint","urlTemplate":"https:\/\/thepueblatimes.mx\/?s={search_term_string}"},"query-input":"required name=search_term_string"}],"inLanguage":"es"},{"@type":"Person","@id":"https:\/\/thepueblatimes.mx\/#\/schema\/person\/1664894c2f65ce2c7a08d8f5f905c13c","name":"Sa\u00fal Hern\u00e1ndez","image":{"@type":"ImageObject","inLanguage":"es","@id":"https:\/\/thepueblatimes.mx\/#\/schema\/person\/image\/","url":"https:\/\/secure.gravatar.com\/avatar\/11be338693f243309532caad8f10c930?s=96&d=mm&r=g","contentUrl":"https:\/\/secure.gravatar.com\/avatar\/11be338693f243309532caad8f10c930?s=96&d=mm&r=g","caption":"Sa\u00fal Hern\u00e1ndez"},"url":"https:\/\/thepueblatimes.mx\/index.php\/author\/saulhernandez\/"}]}},"jetpack_featured_media_url":"https:\/\/thepueblatimes.mx\/wp-content\/uploads\/2024\/09\/Morena_logo_Mexico.svg_.png","_links":{"self":[{"href":"https:\/\/thepueblatimes.mx\/index.php\/wp-json\/wp\/v2\/posts\/24681"}],"collection":[{"href":"https:\/\/thepueblatimes.mx\/index.php\/wp-json\/wp\/v2\/posts"}],"about":[{"href":"https:\/\/thepueblatimes.mx\/index.php\/wp-json\/wp\/v2\/types\/post"}],"author":[{"embeddable":true,"href":"https:\/\/thepueblatimes.mx\/index.php\/wp-json\/wp\/v2\/users\/16"}],"replies":[{"embeddable":true,"href":"https:\/\/thepueblatimes.mx\/index.php\/wp-json\/wp\/v2\/comments?post=24681"}],"version-history":[{"count":1,"href":"https:\/\/thepueblatimes.mx\/index.php\/wp-json\/wp\/v2\/posts\/24681\/revisions"}],"predecessor-version":[{"id":24683,"href":"https:\/\/thepueblatimes.mx\/index.php\/wp-json\/wp\/v2\/posts\/24681\/revisions\/24683"}],"wp:featuredmedia":[{"embeddable":true,"href":"https:\/\/thepueblatimes.mx\/index.php\/wp-json\/wp\/v2\/media\/24682"}],"wp:attachment":[{"href":"https:\/\/thepueblatimes.mx\/index.php\/wp-json\/wp\/v2\/media?parent=24681"}],"wp:term":[{"taxonomy":"category","embeddable":true,"href":"https:\/\/thepueblatimes.mx\/index.php\/wp-json\/wp\/v2\/categories?post=24681"},{"taxonomy":"post_tag","embeddable":true,"href":"https:\/\/thepueblatimes.mx\/index.php\/wp-json\/wp\/v2\/tags?post=24681"}],"curies":[{"name":"wp","href":"https:\/\/api.w.org\/{rel}","templated":true}]}}