{"id":24602,"date":"2024-09-12T17:31:01","date_gmt":"2024-09-12T23:31:01","guid":{"rendered":"https:\/\/thepueblatimes.mx\/?p=24602"},"modified":"2024-09-12T17:31:01","modified_gmt":"2024-09-12T23:31:01","slug":"comunicacion-social-de-la-gestion-de-barbosa-huerta-en-la-mira-de-la-ase","status":"publish","type":"post","link":"https:\/\/thepueblatimes.mx\/index.php\/2024\/09\/12\/comunicacion-social-de-la-gestion-de-barbosa-huerta-en-la-mira-de-la-ase\/","title":{"rendered":"Comunicaci\u00f3n Social de la gesti\u00f3n de Barbosa Huerta en la mira de la ASE"},"content":{"rendered":"<p>La Coordinaci\u00f3n General de Comunicaci\u00f3n y Agenda Digital es objeto de observaciones por parte de la Auditor\u00eda Superior de Estado (ASE), por lo que deber\u00e1 aclarar m\u00e1s de 25.8 millones de pesos que causaron un posible da\u00f1o patrimonial en 2022 a la hacienda p\u00fablica, cuando Ver\u00f3nica V\u00e9lez Macuil era la directora del organismo.<\/p>\n<p>Entre los gastos que detect\u00f3 la ASE est\u00e1n el pago de 1.2 millones de pesos por un estudio de consumo de noticias en Puebla, m\u00e1s de 1 mill\u00f3n por licencias de software VIP, 456 mil pesos por limpieza y 119 mil en fotocopias.<\/p>\n<p>En la cuenta p\u00fablica 2022 se se\u00f1alan dos pliegos de observaciones hacia esa Coordinaci\u00f3n. De los 1.2 millones de pesos que se gastaron en el estudio para medir cu\u00e1nto consumen los poblanos las noticias locales, la ASE se\u00f1al\u00f3 que no se entreg\u00f3 el reporte sobre el servicio que recibi\u00f3, por lo que no se puede comprobar qu\u00e9 dio la empresa a la Coordinaci\u00f3n de Comunicaci\u00f3n.<\/p>\n<p>El \u00e1rea, dirigida en ese a\u00f1o por Ver\u00f3nica V\u00e9lez Macuil, le dio el contrato, que no fue entregado con el informe sobre el servicio que se realiz\u00f3, a la empresa Grupo de Investigadores y Proyectos S.A de C.V.<\/p>\n<p>En cuanto a las licencias de software, la ASE confirm\u00f3 que fueron 25 licencias de Adobe Creative Cloud Government del plan VIP, la cual asciende a m\u00e1s de un mill\u00f3n 041 mil pesos, lo que significa que cada una de ellas cost\u00f3 41 mil 673 pesos.<\/p>\n<p>En lo que hace al servicio de limpieza durante 2022, la ASE explica que no se revel\u00f3 la manera en que fue contratada la empresa Servicios de Limpieza SERVILIM SA de CV por m\u00e1s de 456 mil pesos, adem\u00e1s de que no se entregaron todas las licencias de la empresa.<\/p>\n<p>En servicio de fotocopiado, la coordinaci\u00f3n no entreg\u00f3 los tickets de pago que se realiz\u00f3 a Sistemas Contino SA de CV, los cuales todos juntos ascienden a la cantidad de casi 120 mil pesos.<br \/>\nNo se report\u00f3 la declaraci\u00f3n anual de gastos de Sistemas Contino ni se entreg\u00f3 el reporte fotogr\u00e1fico y escrito de la adquisici\u00f3n de servicios.<\/p>\n","protected":false},"excerpt":{"rendered":"<p>La Coordinaci\u00f3n General de Comunicaci\u00f3n y Agenda Digital es objeto de observaciones por parte de la Auditor\u00eda Superior de Estado (ASE), por lo que deber\u00e1 aclarar m\u00e1s de 25.8 millones de pesos que causaron un posible da\u00f1o patrimonial en 2022 a la hacienda p\u00fablica, cuando Ver\u00f3nica V\u00e9lez Macuil era la directora del organismo. Entre los&#8230;<\/p>\n","protected":false},"author":16,"featured_media":24608,"comment_status":"closed","ping_status":"closed","sticky":false,"template":"","format":"standard","meta":[],"categories":[3],"tags":[2071,1670,135],"yoast_head":"<!-- This site is optimized with the Yoast SEO plugin v20.8 - https:\/\/yoast.com\/wordpress\/plugins\/seo\/ -->\n<title>Comunicaci\u00f3n Social de la gesti\u00f3n de Barbosa Huerta en la mira de la ASE - The Puebla Times<\/title>\n<meta name=\"robots\" content=\"index, follow, max-snippet:-1, max-image-preview:large, max-video-preview:-1\" \/>\n<link rel=\"canonical\" href=\"https:\/\/thepueblatimes.mx\/index.php\/2024\/09\/12\/comunicacion-social-de-la-gestion-de-barbosa-huerta-en-la-mira-de-la-ase\/\" \/>\n<meta property=\"og:locale\" content=\"es_ES\" \/>\n<meta property=\"og:type\" content=\"article\" \/>\n<meta property=\"og:title\" content=\"Comunicaci\u00f3n Social de la gesti\u00f3n de Barbosa Huerta en la mira de la ASE - The Puebla Times\" \/>\n<meta property=\"og:description\" content=\"La Coordinaci\u00f3n General de Comunicaci\u00f3n y Agenda Digital es objeto de observaciones por parte de la Auditor\u00eda Superior de Estado (ASE), por lo que deber\u00e1 aclarar m\u00e1s de 25.8 millones de pesos que causaron un posible da\u00f1o patrimonial en 2022 a la hacienda p\u00fablica, cuando Ver\u00f3nica V\u00e9lez Macuil era la directora del organismo. Entre los...\" \/>\n<meta property=\"og:url\" content=\"https:\/\/thepueblatimes.mx\/index.php\/2024\/09\/12\/comunicacion-social-de-la-gestion-de-barbosa-huerta-en-la-mira-de-la-ase\/\" \/>\n<meta property=\"og:site_name\" content=\"The Puebla Times\" \/>\n<meta property=\"article:published_time\" content=\"2024-09-12T23:31:01+00:00\" \/>\n<meta property=\"og:image\" content=\"https:\/\/thepueblatimes.mx\/wp-content\/uploads\/2024\/09\/Miguel-Barbosa-1.webp\" \/>\n\t<meta property=\"og:image:width\" content=\"800\" \/>\n\t<meta property=\"og:image:height\" content=\"533\" \/>\n\t<meta property=\"og:image:type\" content=\"image\/webp\" \/>\n<meta name=\"author\" content=\"Sa\u00fal Hern\u00e1ndez\" \/>\n<meta name=\"twitter:card\" content=\"summary_large_image\" \/>\n<meta name=\"twitter:label1\" content=\"Escrito por\" \/>\n\t<meta name=\"twitter:data1\" content=\"Sa\u00fal Hern\u00e1ndez\" \/>\n\t<meta name=\"twitter:label2\" content=\"Tiempo de lectura\" \/>\n\t<meta name=\"twitter:data2\" content=\"2 minutos\" \/>\n<script type=\"application\/ld+json\" class=\"yoast-schema-graph\">{\"@context\":\"https:\/\/schema.org\",\"@graph\":[{\"@type\":\"WebPage\",\"@id\":\"https:\/\/thepueblatimes.mx\/index.php\/2024\/09\/12\/comunicacion-social-de-la-gestion-de-barbosa-huerta-en-la-mira-de-la-ase\/\",\"url\":\"https:\/\/thepueblatimes.mx\/index.php\/2024\/09\/12\/comunicacion-social-de-la-gestion-de-barbosa-huerta-en-la-mira-de-la-ase\/\",\"name\":\"Comunicaci\u00f3n Social de la gesti\u00f3n de Barbosa Huerta en la mira de la ASE - The Puebla Times\",\"isPartOf\":{\"@id\":\"https:\/\/thepueblatimes.mx\/#website\"},\"datePublished\":\"2024-09-12T23:31:01+00:00\",\"dateModified\":\"2024-09-12T23:31:01+00:00\",\"author\":{\"@id\":\"https:\/\/thepueblatimes.mx\/#\/schema\/person\/1664894c2f65ce2c7a08d8f5f905c13c\"},\"breadcrumb\":{\"@id\":\"https:\/\/thepueblatimes.mx\/index.php\/2024\/09\/12\/comunicacion-social-de-la-gestion-de-barbosa-huerta-en-la-mira-de-la-ase\/#breadcrumb\"},\"inLanguage\":\"es\",\"potentialAction\":[{\"@type\":\"ReadAction\",\"target\":[\"https:\/\/thepueblatimes.mx\/index.php\/2024\/09\/12\/comunicacion-social-de-la-gestion-de-barbosa-huerta-en-la-mira-de-la-ase\/\"]}]},{\"@type\":\"BreadcrumbList\",\"@id\":\"https:\/\/thepueblatimes.mx\/index.php\/2024\/09\/12\/comunicacion-social-de-la-gestion-de-barbosa-huerta-en-la-mira-de-la-ase\/#breadcrumb\",\"itemListElement\":[{\"@type\":\"ListItem\",\"position\":1,\"name\":\"Portada\",\"item\":\"https:\/\/thepueblatimes.mx\/\"},{\"@type\":\"ListItem\",\"position\":2,\"name\":\"Comunicaci\u00f3n Social de la gesti\u00f3n de Barbosa Huerta en la mira de la ASE\"}]},{\"@type\":\"WebSite\",\"@id\":\"https:\/\/thepueblatimes.mx\/#website\",\"url\":\"https:\/\/thepueblatimes.mx\/\",\"name\":\"The Puebla Times\",\"description\":\"Noticias del Estado de Puebla\",\"potentialAction\":[{\"@type\":\"SearchAction\",\"target\":{\"@type\":\"EntryPoint\",\"urlTemplate\":\"https:\/\/thepueblatimes.mx\/?s={search_term_string}\"},\"query-input\":\"required name=search_term_string\"}],\"inLanguage\":\"es\"},{\"@type\":\"Person\",\"@id\":\"https:\/\/thepueblatimes.mx\/#\/schema\/person\/1664894c2f65ce2c7a08d8f5f905c13c\",\"name\":\"Sa\u00fal Hern\u00e1ndez\",\"image\":{\"@type\":\"ImageObject\",\"inLanguage\":\"es\",\"@id\":\"https:\/\/thepueblatimes.mx\/#\/schema\/person\/image\/\",\"url\":\"https:\/\/secure.gravatar.com\/avatar\/11be338693f243309532caad8f10c930?s=96&d=mm&r=g\",\"contentUrl\":\"https:\/\/secure.gravatar.com\/avatar\/11be338693f243309532caad8f10c930?s=96&d=mm&r=g\",\"caption\":\"Sa\u00fal Hern\u00e1ndez\"},\"url\":\"https:\/\/thepueblatimes.mx\/index.php\/author\/saulhernandez\/\"}]}<\/script>\n<!-- \/ Yoast SEO plugin. -->","yoast_head_json":{"title":"Comunicaci\u00f3n Social de la gesti\u00f3n de Barbosa Huerta en la mira de la ASE - The Puebla Times","robots":{"index":"index","follow":"follow","max-snippet":"max-snippet:-1","max-image-preview":"max-image-preview:large","max-video-preview":"max-video-preview:-1"},"canonical":"https:\/\/thepueblatimes.mx\/index.php\/2024\/09\/12\/comunicacion-social-de-la-gestion-de-barbosa-huerta-en-la-mira-de-la-ase\/","og_locale":"es_ES","og_type":"article","og_title":"Comunicaci\u00f3n Social de la gesti\u00f3n de Barbosa Huerta en la mira de la ASE - The Puebla Times","og_description":"La Coordinaci\u00f3n General de Comunicaci\u00f3n y Agenda Digital es objeto de observaciones por parte de la Auditor\u00eda Superior de Estado (ASE), por lo que deber\u00e1 aclarar m\u00e1s de 25.8 millones de pesos que causaron un posible da\u00f1o patrimonial en 2022 a la hacienda p\u00fablica, cuando Ver\u00f3nica V\u00e9lez Macuil era la directora del organismo. Entre los...","og_url":"https:\/\/thepueblatimes.mx\/index.php\/2024\/09\/12\/comunicacion-social-de-la-gestion-de-barbosa-huerta-en-la-mira-de-la-ase\/","og_site_name":"The Puebla Times","article_published_time":"2024-09-12T23:31:01+00:00","og_image":[{"width":800,"height":533,"url":"https:\/\/thepueblatimes.mx\/wp-content\/uploads\/2024\/09\/Miguel-Barbosa-1.webp","type":"image\/webp"}],"author":"Sa\u00fal Hern\u00e1ndez","twitter_card":"summary_large_image","twitter_misc":{"Escrito por":"Sa\u00fal Hern\u00e1ndez","Tiempo de lectura":"2 minutos"},"schema":{"@context":"https:\/\/schema.org","@graph":[{"@type":"WebPage","@id":"https:\/\/thepueblatimes.mx\/index.php\/2024\/09\/12\/comunicacion-social-de-la-gestion-de-barbosa-huerta-en-la-mira-de-la-ase\/","url":"https:\/\/thepueblatimes.mx\/index.php\/2024\/09\/12\/comunicacion-social-de-la-gestion-de-barbosa-huerta-en-la-mira-de-la-ase\/","name":"Comunicaci\u00f3n Social de la gesti\u00f3n de Barbosa Huerta en la mira de la ASE - The Puebla Times","isPartOf":{"@id":"https:\/\/thepueblatimes.mx\/#website"},"datePublished":"2024-09-12T23:31:01+00:00","dateModified":"2024-09-12T23:31:01+00:00","author":{"@id":"https:\/\/thepueblatimes.mx\/#\/schema\/person\/1664894c2f65ce2c7a08d8f5f905c13c"},"breadcrumb":{"@id":"https:\/\/thepueblatimes.mx\/index.php\/2024\/09\/12\/comunicacion-social-de-la-gestion-de-barbosa-huerta-en-la-mira-de-la-ase\/#breadcrumb"},"inLanguage":"es","potentialAction":[{"@type":"ReadAction","target":["https:\/\/thepueblatimes.mx\/index.php\/2024\/09\/12\/comunicacion-social-de-la-gestion-de-barbosa-huerta-en-la-mira-de-la-ase\/"]}]},{"@type":"BreadcrumbList","@id":"https:\/\/thepueblatimes.mx\/index.php\/2024\/09\/12\/comunicacion-social-de-la-gestion-de-barbosa-huerta-en-la-mira-de-la-ase\/#breadcrumb","itemListElement":[{"@type":"ListItem","position":1,"name":"Portada","item":"https:\/\/thepueblatimes.mx\/"},{"@type":"ListItem","position":2,"name":"Comunicaci\u00f3n Social de la gesti\u00f3n de Barbosa Huerta en la mira de la ASE"}]},{"@type":"WebSite","@id":"https:\/\/thepueblatimes.mx\/#website","url":"https:\/\/thepueblatimes.mx\/","name":"The Puebla Times","description":"Noticias del Estado de Puebla","potentialAction":[{"@type":"SearchAction","target":{"@type":"EntryPoint","urlTemplate":"https:\/\/thepueblatimes.mx\/?s={search_term_string}"},"query-input":"required name=search_term_string"}],"inLanguage":"es"},{"@type":"Person","@id":"https:\/\/thepueblatimes.mx\/#\/schema\/person\/1664894c2f65ce2c7a08d8f5f905c13c","name":"Sa\u00fal Hern\u00e1ndez","image":{"@type":"ImageObject","inLanguage":"es","@id":"https:\/\/thepueblatimes.mx\/#\/schema\/person\/image\/","url":"https:\/\/secure.gravatar.com\/avatar\/11be338693f243309532caad8f10c930?s=96&d=mm&r=g","contentUrl":"https:\/\/secure.gravatar.com\/avatar\/11be338693f243309532caad8f10c930?s=96&d=mm&r=g","caption":"Sa\u00fal Hern\u00e1ndez"},"url":"https:\/\/thepueblatimes.mx\/index.php\/author\/saulhernandez\/"}]}},"jetpack_featured_media_url":"https:\/\/thepueblatimes.mx\/wp-content\/uploads\/2024\/09\/Miguel-Barbosa-1.webp","_links":{"self":[{"href":"https:\/\/thepueblatimes.mx\/index.php\/wp-json\/wp\/v2\/posts\/24602"}],"collection":[{"href":"https:\/\/thepueblatimes.mx\/index.php\/wp-json\/wp\/v2\/posts"}],"about":[{"href":"https:\/\/thepueblatimes.mx\/index.php\/wp-json\/wp\/v2\/types\/post"}],"author":[{"embeddable":true,"href":"https:\/\/thepueblatimes.mx\/index.php\/wp-json\/wp\/v2\/users\/16"}],"replies":[{"embeddable":true,"href":"https:\/\/thepueblatimes.mx\/index.php\/wp-json\/wp\/v2\/comments?post=24602"}],"version-history":[{"count":1,"href":"https:\/\/thepueblatimes.mx\/index.php\/wp-json\/wp\/v2\/posts\/24602\/revisions"}],"predecessor-version":[{"id":24609,"href":"https:\/\/thepueblatimes.mx\/index.php\/wp-json\/wp\/v2\/posts\/24602\/revisions\/24609"}],"wp:featuredmedia":[{"embeddable":true,"href":"https:\/\/thepueblatimes.mx\/index.php\/wp-json\/wp\/v2\/media\/24608"}],"wp:attachment":[{"href":"https:\/\/thepueblatimes.mx\/index.php\/wp-json\/wp\/v2\/media?parent=24602"}],"wp:term":[{"taxonomy":"category","embeddable":true,"href":"https:\/\/thepueblatimes.mx\/index.php\/wp-json\/wp\/v2\/categories?post=24602"},{"taxonomy":"post_tag","embeddable":true,"href":"https:\/\/thepueblatimes.mx\/index.php\/wp-json\/wp\/v2\/tags?post=24602"}],"curies":[{"name":"wp","href":"https:\/\/api.w.org\/{rel}","templated":true}]}}