{"id":24433,"date":"2024-09-05T12:37:56","date_gmt":"2024-09-05T18:37:56","guid":{"rendered":"https:\/\/thepueblatimes.mx\/?p=24433"},"modified":"2024-09-05T12:37:56","modified_gmt":"2024-09-05T18:37:56","slug":"la-zona-arqueologica-de-teteles","status":"publish","type":"post","link":"https:\/\/thepueblatimes.mx\/index.php\/2024\/09\/05\/la-zona-arqueologica-de-teteles\/","title":{"rendered":"La zona arqueol\u00f3gica de Teteles"},"content":{"rendered":"<p>Ubicado en la parte norte de la Reserva de la Biosfera Tehuac\u00e1n-Cuicatl\u00e1n, Teteles de Santo Nombre, es un sitio arqueol\u00f3gico prehisp\u00e1nico peculiar.<\/p>\n<p>A lo largo de los a\u00f1os ha captado la atenci\u00f3n de investigadores y visitantes por sus sorprendentes similitudes arquitect\u00f3nicas con la legendaria Ciudad de Teotihuac\u00e1n.<\/p>\n<p>De acuerdo a estimaciones generales floreci\u00f3 entre los a\u00f1os 400 y 650 despu\u00e9s de Cristo, y fue una urbe contempor\u00e1nea de otras ciudades como Cholula y Teotihuac\u00e1n en el Estado de M\u00e9xico.<br \/>\nInvestigaciones arqueol\u00f3gicas indican que el sitio abarca m\u00e1s de 60 hect\u00e1reas, donde se encuentran m\u00e1s de 30 estructuras monumentales con alturas que var\u00edan entre los 7 y 22 metros y una base de 100 por 50 metros.<\/p>\n<p>Una de estas pir\u00e1mides destaca por su impresionante altura y extensi\u00f3n, ya que recuerda las pir\u00e1mides del Sol y la Luna de Teotihuac\u00e1n.<\/p>\n<p>Adem\u00e1s, cuenta con conjuntos de tres templos, como la Plaza Gran Altar, que imitan el estilo teotihuacano.<\/p>\n<p>El Instituto Nacional de Antropolog\u00eda e Historia (INAH), considera que Teteles fue un asentamiento clave para entender la interacci\u00f3n que se mantuvo entre las \u00e1reas del Centro, Golfo y Oaxaca durante la \u00e9poca prehisp\u00e1nica.<\/p>\n","protected":false},"excerpt":{"rendered":"<p>Ubicado en la parte norte de la Reserva de la Biosfera Tehuac\u00e1n-Cuicatl\u00e1n, Teteles de Santo Nombre, es un sitio arqueol\u00f3gico prehisp\u00e1nico peculiar. A lo largo de los a\u00f1os ha captado la atenci\u00f3n de investigadores y visitantes por sus sorprendentes similitudes arquitect\u00f3nicas con la legendaria Ciudad de Teotihuac\u00e1n. De acuerdo a estimaciones generales floreci\u00f3 entre los&#8230;<\/p>\n","protected":false},"author":16,"featured_media":24434,"comment_status":"closed","ping_status":"closed","sticky":false,"template":"","format":"standard","meta":[],"categories":[23],"tags":[2063],"yoast_head":"<!-- This site is optimized with the Yoast SEO plugin v20.8 - https:\/\/yoast.com\/wordpress\/plugins\/seo\/ -->\n<title>La zona arqueol\u00f3gica de Teteles - The Puebla Times<\/title>\n<meta name=\"robots\" content=\"index, follow, max-snippet:-1, max-image-preview:large, max-video-preview:-1\" \/>\n<link rel=\"canonical\" href=\"https:\/\/thepueblatimes.mx\/index.php\/2024\/09\/05\/la-zona-arqueologica-de-teteles\/\" \/>\n<meta property=\"og:locale\" content=\"es_ES\" \/>\n<meta property=\"og:type\" content=\"article\" \/>\n<meta property=\"og:title\" content=\"La zona arqueol\u00f3gica de Teteles - The Puebla Times\" \/>\n<meta property=\"og:description\" content=\"Ubicado en la parte norte de la Reserva de la Biosfera Tehuac\u00e1n-Cuicatl\u00e1n, Teteles de Santo Nombre, es un sitio arqueol\u00f3gico prehisp\u00e1nico peculiar. A lo largo de los a\u00f1os ha captado la atenci\u00f3n de investigadores y visitantes por sus sorprendentes similitudes arquitect\u00f3nicas con la legendaria Ciudad de Teotihuac\u00e1n. De acuerdo a estimaciones generales floreci\u00f3 entre los...\" \/>\n<meta property=\"og:url\" content=\"https:\/\/thepueblatimes.mx\/index.php\/2024\/09\/05\/la-zona-arqueologica-de-teteles\/\" \/>\n<meta property=\"og:site_name\" content=\"The Puebla Times\" \/>\n<meta property=\"article:published_time\" content=\"2024-09-05T18:37:56+00:00\" \/>\n<meta property=\"og:image\" content=\"https:\/\/thepueblatimes.mx\/wp-content\/uploads\/2024\/09\/post_Zona_Arqueolo_gica_Teteles_de_Santo_Nombre._Foto_Mauricio_Marat_INAH__.jpg\" \/>\n\t<meta property=\"og:image:width\" content=\"385\" \/>\n\t<meta property=\"og:image:height\" content=\"227\" \/>\n\t<meta property=\"og:image:type\" content=\"image\/jpeg\" \/>\n<meta name=\"author\" content=\"Sa\u00fal Hern\u00e1ndez\" \/>\n<meta name=\"twitter:card\" content=\"summary_large_image\" \/>\n<meta name=\"twitter:label1\" content=\"Escrito por\" \/>\n\t<meta name=\"twitter:data1\" content=\"Sa\u00fal Hern\u00e1ndez\" \/>\n\t<meta name=\"twitter:label2\" content=\"Tiempo de lectura\" \/>\n\t<meta name=\"twitter:data2\" content=\"1 minuto\" \/>\n<script type=\"application\/ld+json\" class=\"yoast-schema-graph\">{\"@context\":\"https:\/\/schema.org\",\"@graph\":[{\"@type\":\"WebPage\",\"@id\":\"https:\/\/thepueblatimes.mx\/index.php\/2024\/09\/05\/la-zona-arqueologica-de-teteles\/\",\"url\":\"https:\/\/thepueblatimes.mx\/index.php\/2024\/09\/05\/la-zona-arqueologica-de-teteles\/\",\"name\":\"La zona arqueol\u00f3gica de Teteles - The Puebla Times\",\"isPartOf\":{\"@id\":\"https:\/\/thepueblatimes.mx\/#website\"},\"datePublished\":\"2024-09-05T18:37:56+00:00\",\"dateModified\":\"2024-09-05T18:37:56+00:00\",\"author\":{\"@id\":\"https:\/\/thepueblatimes.mx\/#\/schema\/person\/1664894c2f65ce2c7a08d8f5f905c13c\"},\"breadcrumb\":{\"@id\":\"https:\/\/thepueblatimes.mx\/index.php\/2024\/09\/05\/la-zona-arqueologica-de-teteles\/#breadcrumb\"},\"inLanguage\":\"es\",\"potentialAction\":[{\"@type\":\"ReadAction\",\"target\":[\"https:\/\/thepueblatimes.mx\/index.php\/2024\/09\/05\/la-zona-arqueologica-de-teteles\/\"]}]},{\"@type\":\"BreadcrumbList\",\"@id\":\"https:\/\/thepueblatimes.mx\/index.php\/2024\/09\/05\/la-zona-arqueologica-de-teteles\/#breadcrumb\",\"itemListElement\":[{\"@type\":\"ListItem\",\"position\":1,\"name\":\"Portada\",\"item\":\"https:\/\/thepueblatimes.mx\/\"},{\"@type\":\"ListItem\",\"position\":2,\"name\":\"La zona arqueol\u00f3gica de Teteles\"}]},{\"@type\":\"WebSite\",\"@id\":\"https:\/\/thepueblatimes.mx\/#website\",\"url\":\"https:\/\/thepueblatimes.mx\/\",\"name\":\"The Puebla Times\",\"description\":\"Noticias del Estado de Puebla\",\"potentialAction\":[{\"@type\":\"SearchAction\",\"target\":{\"@type\":\"EntryPoint\",\"urlTemplate\":\"https:\/\/thepueblatimes.mx\/?s={search_term_string}\"},\"query-input\":\"required name=search_term_string\"}],\"inLanguage\":\"es\"},{\"@type\":\"Person\",\"@id\":\"https:\/\/thepueblatimes.mx\/#\/schema\/person\/1664894c2f65ce2c7a08d8f5f905c13c\",\"name\":\"Sa\u00fal Hern\u00e1ndez\",\"image\":{\"@type\":\"ImageObject\",\"inLanguage\":\"es\",\"@id\":\"https:\/\/thepueblatimes.mx\/#\/schema\/person\/image\/\",\"url\":\"https:\/\/secure.gravatar.com\/avatar\/11be338693f243309532caad8f10c930?s=96&d=mm&r=g\",\"contentUrl\":\"https:\/\/secure.gravatar.com\/avatar\/11be338693f243309532caad8f10c930?s=96&d=mm&r=g\",\"caption\":\"Sa\u00fal Hern\u00e1ndez\"},\"url\":\"https:\/\/thepueblatimes.mx\/index.php\/author\/saulhernandez\/\"}]}<\/script>\n<!-- \/ Yoast SEO plugin. -->","yoast_head_json":{"title":"La zona arqueol\u00f3gica de Teteles - The Puebla Times","robots":{"index":"index","follow":"follow","max-snippet":"max-snippet:-1","max-image-preview":"max-image-preview:large","max-video-preview":"max-video-preview:-1"},"canonical":"https:\/\/thepueblatimes.mx\/index.php\/2024\/09\/05\/la-zona-arqueologica-de-teteles\/","og_locale":"es_ES","og_type":"article","og_title":"La zona arqueol\u00f3gica de Teteles - The Puebla Times","og_description":"Ubicado en la parte norte de la Reserva de la Biosfera Tehuac\u00e1n-Cuicatl\u00e1n, Teteles de Santo Nombre, es un sitio arqueol\u00f3gico prehisp\u00e1nico peculiar. A lo largo de los a\u00f1os ha captado la atenci\u00f3n de investigadores y visitantes por sus sorprendentes similitudes arquitect\u00f3nicas con la legendaria Ciudad de Teotihuac\u00e1n. De acuerdo a estimaciones generales floreci\u00f3 entre los...","og_url":"https:\/\/thepueblatimes.mx\/index.php\/2024\/09\/05\/la-zona-arqueologica-de-teteles\/","og_site_name":"The Puebla Times","article_published_time":"2024-09-05T18:37:56+00:00","og_image":[{"width":385,"height":227,"url":"https:\/\/thepueblatimes.mx\/wp-content\/uploads\/2024\/09\/post_Zona_Arqueolo_gica_Teteles_de_Santo_Nombre._Foto_Mauricio_Marat_INAH__.jpg","type":"image\/jpeg"}],"author":"Sa\u00fal Hern\u00e1ndez","twitter_card":"summary_large_image","twitter_misc":{"Escrito por":"Sa\u00fal Hern\u00e1ndez","Tiempo de lectura":"1 minuto"},"schema":{"@context":"https:\/\/schema.org","@graph":[{"@type":"WebPage","@id":"https:\/\/thepueblatimes.mx\/index.php\/2024\/09\/05\/la-zona-arqueologica-de-teteles\/","url":"https:\/\/thepueblatimes.mx\/index.php\/2024\/09\/05\/la-zona-arqueologica-de-teteles\/","name":"La zona arqueol\u00f3gica de Teteles - The Puebla Times","isPartOf":{"@id":"https:\/\/thepueblatimes.mx\/#website"},"datePublished":"2024-09-05T18:37:56+00:00","dateModified":"2024-09-05T18:37:56+00:00","author":{"@id":"https:\/\/thepueblatimes.mx\/#\/schema\/person\/1664894c2f65ce2c7a08d8f5f905c13c"},"breadcrumb":{"@id":"https:\/\/thepueblatimes.mx\/index.php\/2024\/09\/05\/la-zona-arqueologica-de-teteles\/#breadcrumb"},"inLanguage":"es","potentialAction":[{"@type":"ReadAction","target":["https:\/\/thepueblatimes.mx\/index.php\/2024\/09\/05\/la-zona-arqueologica-de-teteles\/"]}]},{"@type":"BreadcrumbList","@id":"https:\/\/thepueblatimes.mx\/index.php\/2024\/09\/05\/la-zona-arqueologica-de-teteles\/#breadcrumb","itemListElement":[{"@type":"ListItem","position":1,"name":"Portada","item":"https:\/\/thepueblatimes.mx\/"},{"@type":"ListItem","position":2,"name":"La zona arqueol\u00f3gica de Teteles"}]},{"@type":"WebSite","@id":"https:\/\/thepueblatimes.mx\/#website","url":"https:\/\/thepueblatimes.mx\/","name":"The Puebla Times","description":"Noticias del Estado de Puebla","potentialAction":[{"@type":"SearchAction","target":{"@type":"EntryPoint","urlTemplate":"https:\/\/thepueblatimes.mx\/?s={search_term_string}"},"query-input":"required name=search_term_string"}],"inLanguage":"es"},{"@type":"Person","@id":"https:\/\/thepueblatimes.mx\/#\/schema\/person\/1664894c2f65ce2c7a08d8f5f905c13c","name":"Sa\u00fal Hern\u00e1ndez","image":{"@type":"ImageObject","inLanguage":"es","@id":"https:\/\/thepueblatimes.mx\/#\/schema\/person\/image\/","url":"https:\/\/secure.gravatar.com\/avatar\/11be338693f243309532caad8f10c930?s=96&d=mm&r=g","contentUrl":"https:\/\/secure.gravatar.com\/avatar\/11be338693f243309532caad8f10c930?s=96&d=mm&r=g","caption":"Sa\u00fal Hern\u00e1ndez"},"url":"https:\/\/thepueblatimes.mx\/index.php\/author\/saulhernandez\/"}]}},"jetpack_featured_media_url":"https:\/\/thepueblatimes.mx\/wp-content\/uploads\/2024\/09\/post_Zona_Arqueolo_gica_Teteles_de_Santo_Nombre._Foto_Mauricio_Marat_INAH__.jpg","_links":{"self":[{"href":"https:\/\/thepueblatimes.mx\/index.php\/wp-json\/wp\/v2\/posts\/24433"}],"collection":[{"href":"https:\/\/thepueblatimes.mx\/index.php\/wp-json\/wp\/v2\/posts"}],"about":[{"href":"https:\/\/thepueblatimes.mx\/index.php\/wp-json\/wp\/v2\/types\/post"}],"author":[{"embeddable":true,"href":"https:\/\/thepueblatimes.mx\/index.php\/wp-json\/wp\/v2\/users\/16"}],"replies":[{"embeddable":true,"href":"https:\/\/thepueblatimes.mx\/index.php\/wp-json\/wp\/v2\/comments?post=24433"}],"version-history":[{"count":1,"href":"https:\/\/thepueblatimes.mx\/index.php\/wp-json\/wp\/v2\/posts\/24433\/revisions"}],"predecessor-version":[{"id":24435,"href":"https:\/\/thepueblatimes.mx\/index.php\/wp-json\/wp\/v2\/posts\/24433\/revisions\/24435"}],"wp:featuredmedia":[{"embeddable":true,"href":"https:\/\/thepueblatimes.mx\/index.php\/wp-json\/wp\/v2\/media\/24434"}],"wp:attachment":[{"href":"https:\/\/thepueblatimes.mx\/index.php\/wp-json\/wp\/v2\/media?parent=24433"}],"wp:term":[{"taxonomy":"category","embeddable":true,"href":"https:\/\/thepueblatimes.mx\/index.php\/wp-json\/wp\/v2\/categories?post=24433"},{"taxonomy":"post_tag","embeddable":true,"href":"https:\/\/thepueblatimes.mx\/index.php\/wp-json\/wp\/v2\/tags?post=24433"}],"curies":[{"name":"wp","href":"https:\/\/api.w.org\/{rel}","templated":true}]}}