{"id":2424,"date":"2020-08-11T13:52:35","date_gmt":"2020-08-11T18:52:35","guid":{"rendered":"https:\/\/thepueblatimes.mx\/?p=2424"},"modified":"2020-08-11T14:14:41","modified_gmt":"2020-08-11T19:14:41","slug":"pese-a-28-mdp-extra-del-fortaseg-la-inseguridad-en-izucar-es-imparable","status":"publish","type":"post","link":"https:\/\/thepueblatimes.mx\/index.php\/2020\/08\/11\/pese-a-28-mdp-extra-del-fortaseg-la-inseguridad-en-izucar-es-imparable\/","title":{"rendered":"Pese a 28 MDP EXTRA del FORTASEG, la INSEGURIDAD en IZ\u00daCAR es IMPARABLE"},"content":{"rendered":"<div id=\"js_2\" class=\"_5pbx userContent _3576\" data-testid=\"post_message\" data-ft=\"{&quot;tn&quot;:&quot;K&quot;}\">\n<p>*Entre el a\u00f1o 2019 y 2020, 39 personas han sido asesinadas de diferentes formas, se han robado cerca de <strong>300 veh\u00edculos<\/strong> en todas sus modalidades, los asaltos a transe\u00fantes y negocios es el pan de cada d\u00eda, habiendo un registro de que por mes se cometen cerca de <strong>100 delitos<\/strong>, con base al Secretariado Ejecutivo del Sistema Nacional de Seguridad P\u00fablica.<\/p>\n<p>POR GERARDO S\u00c1NCHEZ<\/p>\n<p><strong>IZ\u00daCAR DE MATAMOROS, PUE.-<\/strong> Son m\u00e1s de <strong>28 millones de pesos<\/strong> los que ha recibido el municipio izucarense, por concepto del Programa Federal de Fortalecimiento para la Seguridad (Fortaseg), los cuales <strong>15 millones 300 mil<\/strong> son correspondientes al ejercicio del 2019, y <strong>13 millones 160 mil<\/strong> son los que contin\u00faan aplic\u00e1ndose en lo que va de este 2020.<\/p>\n<p>Sin embargo, las estad\u00edsticas en el tema de la seguridad p\u00fablica no son tan favorables, de acuerdo a lo que tendr\u00eda que reflejarse en el municipio con el recurso de dicho programa. Ya que los homicidios, robos a transe\u00fantes, casa habitaci\u00f3n, negocios y otros establecimientos han sido el pan de cada d\u00eda de la delincuencia en esta demarcaci\u00f3n donde se cometen casi <strong>100 delitos por mes<\/strong> de acuerdo a cifras oficiales.<\/p>\n<p>Y es que, de acuerdo al Secretariado Ejecutivo del Sistema Nacional de Seguridad P\u00fablica, tan solo en el a\u00f1o 2019, se tiene el registro de que <strong>24 personas fueron asesinadas<\/strong> de forma violenta, no obstante, en lo que va de este 2020 y hasta el \u00faltimo d\u00eda de junio que es el corte que actualmente maneja la plataforma antes mencionada, refiere que, <strong>15 personas perdieron la vida<\/strong> a causa de ataques con arma de fuego y punzo cortante en diversas zonas de<strong> Iz\u00facar de Matamoros<\/strong>.<\/p>\n<p><strong>\u00bfQU\u00c9 ES EL FORTASEG?<\/strong><\/p>\n<p>Acorde a la definici\u00f3n que publica la p\u00e1gina del Gobierno de Iz\u00facar, El <strong>Fortaseg<\/strong> es un subsidio que se otorga a los municipios y, en su caso, a los estados, cuando \u00e9stos ejercen la funci\u00f3n de seguridad p\u00fablica en lugar de los primeros o coordinados con ellos, para el Fortalecimiento de los temas de Seguridad.<\/p>\n<p>Con este subsidio se cubren aspectos de evaluaci\u00f3n de control de confianza de los elementos operativos de las instituciones policiales municipales, su capacitaci\u00f3n, recursos destinados a la homologaci\u00f3n policial y a la mejora de condiciones laborales de los polic\u00edas, su equipamiento, la construcci\u00f3n de infraestructura, prevenci\u00f3n del delito y la conformaci\u00f3n de bases de datos de seguridad p\u00fablica y centros telef\u00f3nicos de atenci\u00f3n de llamadas de emergencia y en general apoyar la profesionalizaci\u00f3n, certificaci\u00f3n y equipamiento de los elementos de las instituciones de seguridad p\u00fablica.<\/p>\n<p><strong>\u00bfEn qu\u00e9 se invirtieron los m\u00e1s de 15 millones de pesos, en el 2019?<\/strong><\/p>\n<p>Este medio de comunicaci\u00f3n, se bas\u00f3 en la evaluaci\u00f3n del desempe\u00f1o del programa Federal de Fortalecimiento para la Seguridad (<strong>Fortaseg<\/strong>) correspondiente al ejercicio fiscal 2019, el cual se encuentra publicado en la p\u00e1gina web del <strong>Ayuntamiento <\/strong>la cual quien sea puede tener acceso.<\/p>\n<p>Dentro del apartado de Transparencia, f\u00e1cilmente se puede ubicar la opci\u00f3n de <strong>Fortaseg<\/strong>, (hacer menci\u00f3n que es urgente que se le proporcione mantenimiento a su plataforma) posteriormente te redirige a otra pantalla donde te explican un poco qu\u00e9 es el <strong>Fortaseg<\/strong> y de ah\u00ed encuentras los <strong>convenios<\/strong> y <strong>evaluaciones<\/strong> correspondientes al 2019 y 2020.<\/p>\n<p>Seg\u00fan el informe del <strong>Ayuntamiento<\/strong>, que actualmente preside el alcalde suplente <strong>Benjam\u00edn Hern\u00e1ndez Lima<\/strong>; el estado de fuerza del municipio es de 70 elementos, es decir, <strong>existe un polic\u00eda para aproximadamente cada 1000 habitantes<\/strong>, tomando en cuenta que se basaron en el \u00faltimo Censo de Poblaci\u00f3n y Vivienda del a\u00f1o 2010 realizado por el Instituto Nacional de Estad\u00edstica y Geograf\u00eda, indicando que en ese entonces Iz\u00facar contaba con una poblaci\u00f3n de <strong>72 mil 799 personas<\/strong>, aunque muy probablemente hoy en la actualidad este lugar est\u00e9 cerca de los <strong>100 mil ciudadanos<\/strong>.<\/p>\n<p><strong>EL AVANCE FINANCIERO GENERAL DEL 2019<\/strong><\/p>\n<p>Para el ejercicio del a\u00f1o 2019, el municipio de Iz\u00facar de Matamoros fue beneficiado con un monto de <strong>12 millones 777 mil 123 pesos<\/strong> seg\u00fan los lineamientos publicados en el Diario Oficial de la Federaci\u00f3n en el a\u00f1o antes mencionado.<\/p>\n<p>&nbsp;<\/p>\n<p>Es importante resaltar, la coparticipaci\u00f3n del <strong>20% que hizo el Ayuntamiento<\/strong> respecto del monto asignado que fue de <strong>2 millones 555 mil 424 pesos con 60 centavos<\/strong> los cuales se aplicaron a los conceptos de desarrollo, profesionalizaci\u00f3n y certificaci\u00f3n policial; mismos que se resumen de la siguiente manera:<\/p>\n<p><img decoding=\"async\" loading=\"lazy\" class=\"alignnone size-medium wp-image-2425\" src=\"https:\/\/thepueblatimes.mx\/wp-content\/uploads\/2020\/08\/117641600_1735691539937615_4354992049301263178_o-300x274.jpg\" alt=\"\" width=\"300\" height=\"274\" srcset=\"https:\/\/thepueblatimes.mx\/wp-content\/uploads\/2020\/08\/117641600_1735691539937615_4354992049301263178_o-300x274.jpg 300w, https:\/\/thepueblatimes.mx\/wp-content\/uploads\/2020\/08\/117641600_1735691539937615_4354992049301263178_o-768x702.jpg 768w, https:\/\/thepueblatimes.mx\/wp-content\/uploads\/2020\/08\/117641600_1735691539937615_4354992049301263178_o-696x637.jpg 696w, https:\/\/thepueblatimes.mx\/wp-content\/uploads\/2020\/08\/117641600_1735691539937615_4354992049301263178_o.jpg 960w\" sizes=\"(max-width: 300px) 100vw, 300px\" \/><\/p>\n<p>Haciendo un panorama m\u00e1s amplio sobre el recurso ejecutado, la comuna de Iz\u00facar invirti\u00f3 <strong>2 millones 323 mil 606 pesos<\/strong> en el subprograma de Prevenci\u00f3n Social de la Violencia y la Delincuencia con Participaci\u00f3n Ciudadana.<\/p>\n<p><img decoding=\"async\" loading=\"lazy\" class=\"alignnone size-medium wp-image-2428\" src=\"https:\/\/thepueblatimes.mx\/wp-content\/uploads\/2020\/08\/117639999_1735691579937611_7763521128969765327_o-300x132.jpg\" alt=\"\" width=\"300\" height=\"132\" srcset=\"https:\/\/thepueblatimes.mx\/wp-content\/uploads\/2020\/08\/117639999_1735691579937611_7763521128969765327_o-300x132.jpg 300w, https:\/\/thepueblatimes.mx\/wp-content\/uploads\/2020\/08\/117639999_1735691579937611_7763521128969765327_o-1024x451.jpg 1024w, https:\/\/thepueblatimes.mx\/wp-content\/uploads\/2020\/08\/117639999_1735691579937611_7763521128969765327_o-768x338.jpg 768w, https:\/\/thepueblatimes.mx\/wp-content\/uploads\/2020\/08\/117639999_1735691579937611_7763521128969765327_o-1536x677.jpg 1536w, https:\/\/thepueblatimes.mx\/wp-content\/uploads\/2020\/08\/117639999_1735691579937611_7763521128969765327_o-696x307.jpg 696w, https:\/\/thepueblatimes.mx\/wp-content\/uploads\/2020\/08\/117639999_1735691579937611_7763521128969765327_o-1068x470.jpg 1068w, https:\/\/thepueblatimes.mx\/wp-content\/uploads\/2020\/08\/117639999_1735691579937611_7763521128969765327_o.jpg 1680w\" sizes=\"(max-width: 300px) 100vw, 300px\" \/><\/p>\n<p>Para el subprograma de fortalecimiento de las capacidades de evaluaci\u00f3n en control de confianza, se efectu\u00f3 el gasto de <strong>88 mil 560 pesos<\/strong>.<\/p>\n<p><img decoding=\"async\" loading=\"lazy\" class=\"alignnone size-medium wp-image-2442\" src=\"https:\/\/thepueblatimes.mx\/wp-content\/uploads\/2020\/08\/117444630_1735691619937607_5118984879807982885_o-300x89.jpg\" alt=\"\" width=\"300\" height=\"89\" srcset=\"https:\/\/thepueblatimes.mx\/wp-content\/uploads\/2020\/08\/117444630_1735691619937607_5118984879807982885_o-300x89.jpg 300w, https:\/\/thepueblatimes.mx\/wp-content\/uploads\/2020\/08\/117444630_1735691619937607_5118984879807982885_o-1024x305.jpg 1024w, https:\/\/thepueblatimes.mx\/wp-content\/uploads\/2020\/08\/117444630_1735691619937607_5118984879807982885_o-768x229.jpg 768w, https:\/\/thepueblatimes.mx\/wp-content\/uploads\/2020\/08\/117444630_1735691619937607_5118984879807982885_o-1536x457.jpg 1536w, https:\/\/thepueblatimes.mx\/wp-content\/uploads\/2020\/08\/117444630_1735691619937607_5118984879807982885_o-696x207.jpg 696w, https:\/\/thepueblatimes.mx\/wp-content\/uploads\/2020\/08\/117444630_1735691619937607_5118984879807982885_o-1068x318.jpg 1068w, https:\/\/thepueblatimes.mx\/wp-content\/uploads\/2020\/08\/117444630_1735691619937607_5118984879807982885_o.jpg 1680w\" sizes=\"(max-width: 300px) 100vw, 300px\" \/><\/p>\n<p>Pero casi <strong>3 millones de pesos<\/strong> fueron destinados para la <strong>profesionalizaci\u00f3n<\/strong> de las instituciones de <strong>seguridad p\u00fablica<\/strong>, tal y como se muestra en la siguiente tabla:<\/p>\n<p><img decoding=\"async\" loading=\"lazy\" class=\"alignnone size-medium wp-image-2443\" src=\"https:\/\/thepueblatimes.mx\/wp-content\/uploads\/2020\/08\/117652275_1735691659937603_1397539423626319972_o-300x203.jpg\" alt=\"\" width=\"300\" height=\"203\" srcset=\"https:\/\/thepueblatimes.mx\/wp-content\/uploads\/2020\/08\/117652275_1735691659937603_1397539423626319972_o-300x203.jpg 300w, https:\/\/thepueblatimes.mx\/wp-content\/uploads\/2020\/08\/117652275_1735691659937603_1397539423626319972_o-1024x691.jpg 1024w, https:\/\/thepueblatimes.mx\/wp-content\/uploads\/2020\/08\/117652275_1735691659937603_1397539423626319972_o-768x518.jpg 768w, https:\/\/thepueblatimes.mx\/wp-content\/uploads\/2020\/08\/117652275_1735691659937603_1397539423626319972_o-1536x1037.jpg 1536w, https:\/\/thepueblatimes.mx\/wp-content\/uploads\/2020\/08\/117652275_1735691659937603_1397539423626319972_o-696x470.jpg 696w, https:\/\/thepueblatimes.mx\/wp-content\/uploads\/2020\/08\/117652275_1735691659937603_1397539423626319972_o-1068x721.jpg 1068w, https:\/\/thepueblatimes.mx\/wp-content\/uploads\/2020\/08\/117652275_1735691659937603_1397539423626319972_o.jpg 1680w\" sizes=\"(max-width: 300px) 100vw, 300px\" \/><br \/>\nA continuaci\u00f3n, le daremos a conocer todo el equipo que se adquiri\u00f3 para los elementos de la Polic\u00eda Municipal de Iz\u00facar, de acuerdo al <strong>Fortalecimiento de programas prioritarios<\/strong> locales de las instituciones de Seguridad P\u00fablica e Impartici\u00f3n de Justicia, donde se adquirieron gorras tipo beisboleras, botas, camisolas, camisas, chamarras, fornitura, kepis, pantalones, motocicletas equipadas como patrullas con balizamiento, chalecos bal\u00edsticos m\u00ednimo nivel III con dos placas bal\u00edsticas niel IV, y finalmente insignias, con un monto total de <strong>2 millones 859 mil 811 pesos<\/strong> tal y como lo detalla la siguiente tabla.<\/p>\n<p><img decoding=\"async\" loading=\"lazy\" class=\"alignnone size-medium wp-image-2426\" src=\"https:\/\/thepueblatimes.mx\/wp-content\/uploads\/2020\/08\/117638630_1735691696604266_3110853785246319666_o-300x166.jpg\" alt=\"\" width=\"300\" height=\"166\" srcset=\"https:\/\/thepueblatimes.mx\/wp-content\/uploads\/2020\/08\/117638630_1735691696604266_3110853785246319666_o-300x166.jpg 300w, https:\/\/thepueblatimes.mx\/wp-content\/uploads\/2020\/08\/117638630_1735691696604266_3110853785246319666_o-1024x566.jpg 1024w, https:\/\/thepueblatimes.mx\/wp-content\/uploads\/2020\/08\/117638630_1735691696604266_3110853785246319666_o-768x424.jpg 768w, https:\/\/thepueblatimes.mx\/wp-content\/uploads\/2020\/08\/117638630_1735691696604266_3110853785246319666_o-1536x848.jpg 1536w, https:\/\/thepueblatimes.mx\/wp-content\/uploads\/2020\/08\/117638630_1735691696604266_3110853785246319666_o-696x384.jpg 696w, https:\/\/thepueblatimes.mx\/wp-content\/uploads\/2020\/08\/117638630_1735691696604266_3110853785246319666_o-1068x590.jpg 1068w, https:\/\/thepueblatimes.mx\/wp-content\/uploads\/2020\/08\/117638630_1735691696604266_3110853785246319666_o.jpg 1680w\" sizes=\"(max-width: 300px) 100vw, 300px\" \/><\/p>\n<p><strong>UN FRACASO EL MILLONARIO PROGRAMA DE VIDEOVIGILANCIA<\/strong><\/p>\n<p>Y uno de los temas m\u00e1s cuestiones, el gasto de<strong> 4.5 millones de pesos<\/strong> para cubrir un sistema de <strong>videovigilancia<\/strong> el cual hasta la fecha <strong>no ha dado los resultados esperados<\/strong>. En su momento el gobierno municipal anunci\u00f3 con bombo y platillo la adquisici\u00f3n de <strong>75 equipos de videovigilancia<\/strong>, no obstante, ha habido <strong>asaltos<\/strong>, <strong>robos<\/strong> y <strong>homicidios<\/strong> en diferentes zonas de <strong>Iz\u00facar<\/strong>, <strong>y las c\u00e1maras no han hecho su trabajo<\/strong>, siendo un <strong>rotundo fracaso<\/strong> este programa que ha dejado <strong>m\u00e1s dudas que beneficios<\/strong>.<\/p>\n<p><img decoding=\"async\" loading=\"lazy\" class=\"alignnone size-medium wp-image-2427\" src=\"https:\/\/thepueblatimes.mx\/wp-content\/uploads\/2020\/08\/117567857_1735691719937597_6255967846441786171_o-300x55.jpg\" alt=\"\" width=\"300\" height=\"55\" srcset=\"https:\/\/thepueblatimes.mx\/wp-content\/uploads\/2020\/08\/117567857_1735691719937597_6255967846441786171_o-300x55.jpg 300w, https:\/\/thepueblatimes.mx\/wp-content\/uploads\/2020\/08\/117567857_1735691719937597_6255967846441786171_o-1024x187.jpg 1024w, https:\/\/thepueblatimes.mx\/wp-content\/uploads\/2020\/08\/117567857_1735691719937597_6255967846441786171_o-768x140.jpg 768w, https:\/\/thepueblatimes.mx\/wp-content\/uploads\/2020\/08\/117567857_1735691719937597_6255967846441786171_o-1536x280.jpg 1536w, https:\/\/thepueblatimes.mx\/wp-content\/uploads\/2020\/08\/117567857_1735691719937597_6255967846441786171_o-696x127.jpg 696w, https:\/\/thepueblatimes.mx\/wp-content\/uploads\/2020\/08\/117567857_1735691719937597_6255967846441786171_o-1068x195.jpg 1068w, https:\/\/thepueblatimes.mx\/wp-content\/uploads\/2020\/08\/117567857_1735691719937597_6255967846441786171_o.jpg 1680w\" sizes=\"(max-width: 300px) 100vw, 300px\" \/><\/p>\n<p>Finalmente, el \u00faltimo subprograma que fue cubierto con el recurso federal fue el de profesionalizaci\u00f3n de las instituciones de Seguridad P\u00fablica (<strong>La Coparticipaci\u00f3n<\/strong>), ese dinero de acuerdo a lo que se\u00f1ala el reporte se utiliz\u00f3 para la <strong>homologaci\u00f3n salarial<\/strong>, recordando que fueron <strong>dos millones 555 mil 424 pesos<\/strong>.<\/p>\n<p><img decoding=\"async\" loading=\"lazy\" class=\"alignnone size-medium wp-image-2444\" src=\"https:\/\/thepueblatimes.mx\/wp-content\/uploads\/2020\/08\/117602311_1735691753270927_7562495010142755273_o-1-300x60.jpg\" alt=\"\" width=\"300\" height=\"60\" srcset=\"https:\/\/thepueblatimes.mx\/wp-content\/uploads\/2020\/08\/117602311_1735691753270927_7562495010142755273_o-1-300x60.jpg 300w, https:\/\/thepueblatimes.mx\/wp-content\/uploads\/2020\/08\/117602311_1735691753270927_7562495010142755273_o-1-1024x204.jpg 1024w, https:\/\/thepueblatimes.mx\/wp-content\/uploads\/2020\/08\/117602311_1735691753270927_7562495010142755273_o-1-768x153.jpg 768w, https:\/\/thepueblatimes.mx\/wp-content\/uploads\/2020\/08\/117602311_1735691753270927_7562495010142755273_o-1-1536x306.jpg 1536w, https:\/\/thepueblatimes.mx\/wp-content\/uploads\/2020\/08\/117602311_1735691753270927_7562495010142755273_o-1-696x139.jpg 696w, https:\/\/thepueblatimes.mx\/wp-content\/uploads\/2020\/08\/117602311_1735691753270927_7562495010142755273_o-1-1068x213.jpg 1068w, https:\/\/thepueblatimes.mx\/wp-content\/uploads\/2020\/08\/117602311_1735691753270927_7562495010142755273_o-1.jpg 1680w\" sizes=\"(max-width: 300px) 100vw, 300px\" \/><\/p>\n<p>Dentro de la evaluaci\u00f3n 2019 de 35 p\u00e1ginas que presume el<strong> Ayuntamiento de Iz\u00facar<\/strong>, es evidente que ten\u00edan que reconocer y aplaudir sus supuestos logros y metas alcanzadas gracias a la aplicaci\u00f3n de los m\u00e1s de <strong>15 millones de pesos<\/strong> que provienen desde la federaci\u00f3n, y que <strong>lamentablemente no han sido bien aprovechados<\/strong>, y no lo dice quien escribe estas l\u00edneas, <strong>lo dice la realidad por la que atraviesa el municipio<\/strong>, lo dice la ciudadan\u00eda que vive un <strong>hartazgo social<\/strong> del cual se est\u00e1 cansando cada vez m\u00e1s.<\/p>\n<p><strong>\u00bfY EL RECURSO DEL FORTASEG 2020?<\/strong><\/p>\n<p>En su momento, este reportero envi\u00f3 una solicitud a la Plataforma Nacional de Transparencia, donde se solicit\u00f3 al <strong>Ayuntamiento de Iz\u00facar<\/strong>, precisamente la informaci\u00f3n que le estamos compartiendo, por lo que el pasado 14 de julio del actual a\u00f1o recib\u00ed respuesta por parte del Regidor de Gobernaci\u00f3n, <strong>Sergio Valero Orea<\/strong>, explic\u00e1ndome precisamente los pasos que le compart\u00ed al inicio de esta nota informativa para tener acceso a tan importantes datos.<\/p>\n<p>Me indic\u00f3 en el p\u00e1rrafo final del oficio firmado el 14 de julio de 2020, que, respecto al gasto de programa<strong> Fortaseg 2020<\/strong>, el anexo t\u00e9cnico ya se encuentra publicado en la misma direcci\u00f3n antes mencionada desde el d\u00eda <strong>31 de marzo<\/strong> del presente a\u00f1o, respecto a la aplicaci\u00f3n del dinero, <strong>a\u00fan continuaba en proceso<\/strong>. Por lo que en otra edici\u00f3n, en su tiempo y forma se lo haremos saber.<\/p>\n<\/div>\n<div class=\"_3x-2\" data-ft=\"{&quot;tn&quot;:&quot;H&quot;}\">\n<div data-ft=\"{&quot;tn&quot;:&quot;H&quot;}\">\n<div class=\"mtm\">\n<div class=\"_2a2q _65sr\"><img decoding=\"async\" loading=\"lazy\" class=\"alignnone size-medium wp-image-2446\" src=\"https:\/\/thepueblatimes.mx\/wp-content\/uploads\/2020\/08\/OFICIO-SERGIO-VALERO-234x300.jpg\" alt=\"\" width=\"234\" height=\"300\" srcset=\"https:\/\/thepueblatimes.mx\/wp-content\/uploads\/2020\/08\/OFICIO-SERGIO-VALERO-234x300.jpg 234w, https:\/\/thepueblatimes.mx\/wp-content\/uploads\/2020\/08\/OFICIO-SERGIO-VALERO.jpg 459w\" sizes=\"(max-width: 234px) 100vw, 234px\" \/><\/div>\n<\/div>\n<\/div>\n<\/div>\n","protected":false},"excerpt":{"rendered":"<p>*Entre el a\u00f1o 2019 y 2020, 39 personas han sido asesinadas de diferentes formas, se han robado cerca de 300 veh\u00edculos en todas sus modalidades, los asaltos a transe\u00fantes y negocios es el pan de cada d\u00eda, habiendo un registro de que por mes se cometen cerca de 100 delitos, con base al Secretariado Ejecutivo&#8230;<\/p>\n","protected":false},"author":3,"featured_media":2438,"comment_status":"open","ping_status":"open","sticky":false,"template":"","format":"standard","meta":[],"categories":[110],"tags":[],"yoast_head":"<!-- This site is optimized with the Yoast SEO plugin v20.8 - https:\/\/yoast.com\/wordpress\/plugins\/seo\/ -->\n<title>Pese a 28 MDP EXTRA del FORTASEG, la INSEGURIDAD en IZ\u00daCAR es IMPARABLE - The Puebla Times<\/title>\n<meta name=\"robots\" content=\"index, follow, max-snippet:-1, max-image-preview:large, max-video-preview:-1\" \/>\n<link rel=\"canonical\" href=\"https:\/\/thepueblatimes.mx\/index.php\/2020\/08\/11\/pese-a-28-mdp-extra-del-fortaseg-la-inseguridad-en-izucar-es-imparable\/\" \/>\n<meta property=\"og:locale\" content=\"es_ES\" \/>\n<meta property=\"og:type\" content=\"article\" \/>\n<meta property=\"og:title\" content=\"Pese a 28 MDP EXTRA del FORTASEG, la INSEGURIDAD en IZ\u00daCAR es IMPARABLE - The Puebla Times\" \/>\n<meta property=\"og:description\" content=\"*Entre el a\u00f1o 2019 y 2020, 39 personas han sido asesinadas de diferentes formas, se han robado cerca de 300 veh\u00edculos en todas sus modalidades, los asaltos a transe\u00fantes y negocios es el pan de cada d\u00eda, habiendo un registro de que por mes se cometen cerca de 100 delitos, con base al Secretariado Ejecutivo...\" \/>\n<meta property=\"og:url\" content=\"https:\/\/thepueblatimes.mx\/index.php\/2020\/08\/11\/pese-a-28-mdp-extra-del-fortaseg-la-inseguridad-en-izucar-es-imparable\/\" \/>\n<meta property=\"og:site_name\" content=\"The Puebla Times\" \/>\n<meta property=\"article:published_time\" content=\"2020-08-11T18:52:35+00:00\" \/>\n<meta property=\"article:modified_time\" content=\"2020-08-11T19:14:41+00:00\" \/>\n<meta property=\"og:image\" content=\"https:\/\/thepueblatimes.mx\/wp-content\/uploads\/2020\/08\/project_20200811_1351235-0.png\" \/>\n\t<meta property=\"og:image:width\" content=\"1200\" \/>\n\t<meta property=\"og:image:height\" content=\"630\" \/>\n\t<meta property=\"og:image:type\" content=\"image\/png\" \/>\n<meta name=\"author\" content=\"The Puebla Times\" \/>\n<meta name=\"twitter:card\" content=\"summary_large_image\" \/>\n<meta name=\"twitter:label1\" content=\"Escrito por\" \/>\n\t<meta name=\"twitter:data1\" content=\"The Puebla Times\" \/>\n\t<meta name=\"twitter:label2\" content=\"Tiempo de lectura\" \/>\n\t<meta name=\"twitter:data2\" content=\"7 minutos\" \/>\n<script type=\"application\/ld+json\" class=\"yoast-schema-graph\">{\"@context\":\"https:\/\/schema.org\",\"@graph\":[{\"@type\":\"WebPage\",\"@id\":\"https:\/\/thepueblatimes.mx\/index.php\/2020\/08\/11\/pese-a-28-mdp-extra-del-fortaseg-la-inseguridad-en-izucar-es-imparable\/\",\"url\":\"https:\/\/thepueblatimes.mx\/index.php\/2020\/08\/11\/pese-a-28-mdp-extra-del-fortaseg-la-inseguridad-en-izucar-es-imparable\/\",\"name\":\"Pese a 28 MDP EXTRA del FORTASEG, la INSEGURIDAD en IZ\u00daCAR es IMPARABLE - The Puebla Times\",\"isPartOf\":{\"@id\":\"https:\/\/thepueblatimes.mx\/#website\"},\"datePublished\":\"2020-08-11T18:52:35+00:00\",\"dateModified\":\"2020-08-11T19:14:41+00:00\",\"author\":{\"@id\":\"https:\/\/thepueblatimes.mx\/#\/schema\/person\/ad152a907a5f1fb40553a2551dbadb8e\"},\"breadcrumb\":{\"@id\":\"https:\/\/thepueblatimes.mx\/index.php\/2020\/08\/11\/pese-a-28-mdp-extra-del-fortaseg-la-inseguridad-en-izucar-es-imparable\/#breadcrumb\"},\"inLanguage\":\"es\",\"potentialAction\":[{\"@type\":\"ReadAction\",\"target\":[\"https:\/\/thepueblatimes.mx\/index.php\/2020\/08\/11\/pese-a-28-mdp-extra-del-fortaseg-la-inseguridad-en-izucar-es-imparable\/\"]}]},{\"@type\":\"BreadcrumbList\",\"@id\":\"https:\/\/thepueblatimes.mx\/index.php\/2020\/08\/11\/pese-a-28-mdp-extra-del-fortaseg-la-inseguridad-en-izucar-es-imparable\/#breadcrumb\",\"itemListElement\":[{\"@type\":\"ListItem\",\"position\":1,\"name\":\"Portada\",\"item\":\"https:\/\/thepueblatimes.mx\/\"},{\"@type\":\"ListItem\",\"position\":2,\"name\":\"Pese a 28 MDP EXTRA del FORTASEG, la INSEGURIDAD en IZ\u00daCAR es IMPARABLE\"}]},{\"@type\":\"WebSite\",\"@id\":\"https:\/\/thepueblatimes.mx\/#website\",\"url\":\"https:\/\/thepueblatimes.mx\/\",\"name\":\"The Puebla Times\",\"description\":\"Noticias del Estado de Puebla\",\"potentialAction\":[{\"@type\":\"SearchAction\",\"target\":{\"@type\":\"EntryPoint\",\"urlTemplate\":\"https:\/\/thepueblatimes.mx\/?s={search_term_string}\"},\"query-input\":\"required name=search_term_string\"}],\"inLanguage\":\"es\"},{\"@type\":\"Person\",\"@id\":\"https:\/\/thepueblatimes.mx\/#\/schema\/person\/ad152a907a5f1fb40553a2551dbadb8e\",\"name\":\"The Puebla Times\",\"image\":{\"@type\":\"ImageObject\",\"inLanguage\":\"es\",\"@id\":\"https:\/\/thepueblatimes.mx\/#\/schema\/person\/image\/\",\"url\":\"https:\/\/secure.gravatar.com\/avatar\/82859cd6fbb1a3801d3e7ee27c92b8c9?s=96&d=mm&r=g\",\"contentUrl\":\"https:\/\/secure.gravatar.com\/avatar\/82859cd6fbb1a3801d3e7ee27c92b8c9?s=96&d=mm&r=g\",\"caption\":\"The Puebla Times\"},\"url\":\"https:\/\/thepueblatimes.mx\/index.php\/author\/ferhz\/\"}]}<\/script>\n<!-- \/ Yoast SEO plugin. -->","yoast_head_json":{"title":"Pese a 28 MDP EXTRA del FORTASEG, la INSEGURIDAD en IZ\u00daCAR es IMPARABLE - The Puebla Times","robots":{"index":"index","follow":"follow","max-snippet":"max-snippet:-1","max-image-preview":"max-image-preview:large","max-video-preview":"max-video-preview:-1"},"canonical":"https:\/\/thepueblatimes.mx\/index.php\/2020\/08\/11\/pese-a-28-mdp-extra-del-fortaseg-la-inseguridad-en-izucar-es-imparable\/","og_locale":"es_ES","og_type":"article","og_title":"Pese a 28 MDP EXTRA del FORTASEG, la INSEGURIDAD en IZ\u00daCAR es IMPARABLE - The Puebla Times","og_description":"*Entre el a\u00f1o 2019 y 2020, 39 personas han sido asesinadas de diferentes formas, se han robado cerca de 300 veh\u00edculos en todas sus modalidades, los asaltos a transe\u00fantes y negocios es el pan de cada d\u00eda, habiendo un registro de que por mes se cometen cerca de 100 delitos, con base al Secretariado Ejecutivo...","og_url":"https:\/\/thepueblatimes.mx\/index.php\/2020\/08\/11\/pese-a-28-mdp-extra-del-fortaseg-la-inseguridad-en-izucar-es-imparable\/","og_site_name":"The Puebla Times","article_published_time":"2020-08-11T18:52:35+00:00","article_modified_time":"2020-08-11T19:14:41+00:00","og_image":[{"width":1200,"height":630,"url":"https:\/\/thepueblatimes.mx\/wp-content\/uploads\/2020\/08\/project_20200811_1351235-0.png","type":"image\/png"}],"author":"The Puebla Times","twitter_card":"summary_large_image","twitter_misc":{"Escrito por":"The Puebla Times","Tiempo de lectura":"7 minutos"},"schema":{"@context":"https:\/\/schema.org","@graph":[{"@type":"WebPage","@id":"https:\/\/thepueblatimes.mx\/index.php\/2020\/08\/11\/pese-a-28-mdp-extra-del-fortaseg-la-inseguridad-en-izucar-es-imparable\/","url":"https:\/\/thepueblatimes.mx\/index.php\/2020\/08\/11\/pese-a-28-mdp-extra-del-fortaseg-la-inseguridad-en-izucar-es-imparable\/","name":"Pese a 28 MDP EXTRA del FORTASEG, la INSEGURIDAD en IZ\u00daCAR es IMPARABLE - The Puebla Times","isPartOf":{"@id":"https:\/\/thepueblatimes.mx\/#website"},"datePublished":"2020-08-11T18:52:35+00:00","dateModified":"2020-08-11T19:14:41+00:00","author":{"@id":"https:\/\/thepueblatimes.mx\/#\/schema\/person\/ad152a907a5f1fb40553a2551dbadb8e"},"breadcrumb":{"@id":"https:\/\/thepueblatimes.mx\/index.php\/2020\/08\/11\/pese-a-28-mdp-extra-del-fortaseg-la-inseguridad-en-izucar-es-imparable\/#breadcrumb"},"inLanguage":"es","potentialAction":[{"@type":"ReadAction","target":["https:\/\/thepueblatimes.mx\/index.php\/2020\/08\/11\/pese-a-28-mdp-extra-del-fortaseg-la-inseguridad-en-izucar-es-imparable\/"]}]},{"@type":"BreadcrumbList","@id":"https:\/\/thepueblatimes.mx\/index.php\/2020\/08\/11\/pese-a-28-mdp-extra-del-fortaseg-la-inseguridad-en-izucar-es-imparable\/#breadcrumb","itemListElement":[{"@type":"ListItem","position":1,"name":"Portada","item":"https:\/\/thepueblatimes.mx\/"},{"@type":"ListItem","position":2,"name":"Pese a 28 MDP EXTRA del FORTASEG, la INSEGURIDAD en IZ\u00daCAR es IMPARABLE"}]},{"@type":"WebSite","@id":"https:\/\/thepueblatimes.mx\/#website","url":"https:\/\/thepueblatimes.mx\/","name":"The Puebla Times","description":"Noticias del Estado de Puebla","potentialAction":[{"@type":"SearchAction","target":{"@type":"EntryPoint","urlTemplate":"https:\/\/thepueblatimes.mx\/?s={search_term_string}"},"query-input":"required name=search_term_string"}],"inLanguage":"es"},{"@type":"Person","@id":"https:\/\/thepueblatimes.mx\/#\/schema\/person\/ad152a907a5f1fb40553a2551dbadb8e","name":"The Puebla Times","image":{"@type":"ImageObject","inLanguage":"es","@id":"https:\/\/thepueblatimes.mx\/#\/schema\/person\/image\/","url":"https:\/\/secure.gravatar.com\/avatar\/82859cd6fbb1a3801d3e7ee27c92b8c9?s=96&d=mm&r=g","contentUrl":"https:\/\/secure.gravatar.com\/avatar\/82859cd6fbb1a3801d3e7ee27c92b8c9?s=96&d=mm&r=g","caption":"The Puebla Times"},"url":"https:\/\/thepueblatimes.mx\/index.php\/author\/ferhz\/"}]}},"jetpack_featured_media_url":"https:\/\/thepueblatimes.mx\/wp-content\/uploads\/2020\/08\/project_20200811_1351235-0.png","_links":{"self":[{"href":"https:\/\/thepueblatimes.mx\/index.php\/wp-json\/wp\/v2\/posts\/2424"}],"collection":[{"href":"https:\/\/thepueblatimes.mx\/index.php\/wp-json\/wp\/v2\/posts"}],"about":[{"href":"https:\/\/thepueblatimes.mx\/index.php\/wp-json\/wp\/v2\/types\/post"}],"author":[{"embeddable":true,"href":"https:\/\/thepueblatimes.mx\/index.php\/wp-json\/wp\/v2\/users\/3"}],"replies":[{"embeddable":true,"href":"https:\/\/thepueblatimes.mx\/index.php\/wp-json\/wp\/v2\/comments?post=2424"}],"version-history":[{"count":4,"href":"https:\/\/thepueblatimes.mx\/index.php\/wp-json\/wp\/v2\/posts\/2424\/revisions"}],"predecessor-version":[{"id":2447,"href":"https:\/\/thepueblatimes.mx\/index.php\/wp-json\/wp\/v2\/posts\/2424\/revisions\/2447"}],"wp:featuredmedia":[{"embeddable":true,"href":"https:\/\/thepueblatimes.mx\/index.php\/wp-json\/wp\/v2\/media\/2438"}],"wp:attachment":[{"href":"https:\/\/thepueblatimes.mx\/index.php\/wp-json\/wp\/v2\/media?parent=2424"}],"wp:term":[{"taxonomy":"category","embeddable":true,"href":"https:\/\/thepueblatimes.mx\/index.php\/wp-json\/wp\/v2\/categories?post=2424"},{"taxonomy":"post_tag","embeddable":true,"href":"https:\/\/thepueblatimes.mx\/index.php\/wp-json\/wp\/v2\/tags?post=2424"}],"curies":[{"name":"wp","href":"https:\/\/api.w.org\/{rel}","templated":true}]}}