{"id":2423,"date":"2020-08-11T14:54:02","date_gmt":"2020-08-11T19:54:02","guid":{"rendered":"https:\/\/thepueblatimes.mx\/?p=2423"},"modified":"2020-08-11T14:54:02","modified_gmt":"2020-08-11T19:54:02","slug":"como-si-no-hubiera-cosas-mas-importantes-y-pese-a-criticas-rivera-vivanco-les-remodelara-la-5-de-mayo-a-ambulantes","status":"publish","type":"post","link":"https:\/\/thepueblatimes.mx\/index.php\/2020\/08\/11\/como-si-no-hubiera-cosas-mas-importantes-y-pese-a-criticas-rivera-vivanco-les-remodelara-la-5-de-mayo-a-ambulantes\/","title":{"rendered":"Como si no hubiera cosas m\u00e1s importantes y pese a cr\u00edticas, Rivera Vivanco les remodelar\u00e1 la 5 de Mayo a ambulantes"},"content":{"rendered":"<p>Nuevamente la edil de la capital poblana contin\u00faa tomando decisiones controversiales, pues, como si no hubiera cosas m\u00e1s importantes por realizar en medio de una pandemia que ha congelado la econom\u00eda mundial, arrasado con decenas de miles de vidas y dejado un sin n\u00famero de secuelas colaterales, Claudia Rivera Vivanco consider\u00f3 que es una brillante idea modificar el andador 5 de Mayo.<\/p>\n<p>As\u00ed como lo lees, Claudia Rivera invertir\u00e1 38 millones de pesos para la remodelaci\u00f3n y el mejoramiento de la imagen urbana en la calle 5 de Mayo, entre Avenida Reforma y la calle 18 Oriente-Poniente, conocido punto de la ciudad por estar repleto de vendedores ambulantes y tambi\u00e9n por m\u00faltiples robos a transe\u00fantes a manos de los llamados carteristas.<\/p>\n<h3>Se destinar\u00e1 cerca de 542 millones de pesos para obras que ejecutar\u00e1 la Secretar\u00eda de Infraestructura y Servicios P\u00fablicos, dependencia que no ha entregado una obra a tiempo.<\/h3>\n<p>Fue durante la comisi\u00f3n de Patrimonio y Hacienda, donde Morales Aparicio dio a conocer que, en el mes de julio, autoriz\u00f3 una ampliaci\u00f3n presupuestal para dicha dependencia de 142 millones 925 mil pesos, los cuales ser\u00e1n utilizados para la rehabilitaci\u00f3n de seis avenidas en la ciudad de Puebla y el corredor 5 de Mayo, desde Avenida Reforma, hasta la 18 Oriente-Poniente.<\/p>\n<p>Mismos que estar\u00e1n divididos en dos partidas: la primera, consta en darle mantenimiento vial a la Avenida Xonaca, Avenida 20 Oriente, calle Carril de la Rosa, calle 50 norte, Bulevar del Bosque y Paseo de las Villas, con un presupuesto extraordinario de 104 millones 921 mil pesos.<\/p>\n<p>La segunda partida ser\u00e1 con un presupuesto de 38 millones cuatro mil pesos, con los cuales se realizar\u00e1 un proyecto para el mejoramiento de la imagen urbana en la calle 5 de Mayo, entre Avenida Reforma y la calle 18 Oriente-Poniente, en el Centro Hist\u00f3rico de la ciudad.<\/p>\n<p>Con informaci\u00f3n de Diario Cambio<\/p>\n","protected":false},"excerpt":{"rendered":"<p>Nuevamente la edil de la capital poblana contin\u00faa tomando decisiones controversiales, pues, como si no hubiera cosas m\u00e1s importantes por realizar en medio de una pandemia que ha congelado la econom\u00eda mundial, arrasado con decenas de miles de vidas y dejado un sin n\u00famero de secuelas colaterales, Claudia Rivera Vivanco consider\u00f3 que es una brillante&#8230;<\/p>\n","protected":false},"author":4,"featured_media":2448,"comment_status":"open","ping_status":"open","sticky":false,"template":"","format":"standard","meta":[],"categories":[20],"tags":[],"yoast_head":"<!-- This site is optimized with the Yoast SEO plugin v20.8 - https:\/\/yoast.com\/wordpress\/plugins\/seo\/ -->\n<title>Como si no hubiera cosas m\u00e1s importantes y pese a cr\u00edticas, Rivera Vivanco les remodelar\u00e1 la 5 de Mayo a ambulantes - The Puebla Times<\/title>\n<meta name=\"robots\" content=\"index, follow, max-snippet:-1, max-image-preview:large, max-video-preview:-1\" \/>\n<link rel=\"canonical\" href=\"https:\/\/thepueblatimes.mx\/index.php\/2020\/08\/11\/como-si-no-hubiera-cosas-mas-importantes-y-pese-a-criticas-rivera-vivanco-les-remodelara-la-5-de-mayo-a-ambulantes\/\" \/>\n<meta property=\"og:locale\" content=\"es_ES\" \/>\n<meta property=\"og:type\" content=\"article\" \/>\n<meta property=\"og:title\" content=\"Como si no hubiera cosas m\u00e1s importantes y pese a cr\u00edticas, Rivera Vivanco les remodelar\u00e1 la 5 de Mayo a ambulantes - The Puebla Times\" \/>\n<meta property=\"og:description\" content=\"Nuevamente la edil de la capital poblana contin\u00faa tomando decisiones controversiales, pues, como si no hubiera cosas m\u00e1s importantes por realizar en medio de una pandemia que ha congelado la econom\u00eda mundial, arrasado con decenas de miles de vidas y dejado un sin n\u00famero de secuelas colaterales, Claudia Rivera Vivanco consider\u00f3 que es una brillante...\" \/>\n<meta property=\"og:url\" content=\"https:\/\/thepueblatimes.mx\/index.php\/2020\/08\/11\/como-si-no-hubiera-cosas-mas-importantes-y-pese-a-criticas-rivera-vivanco-les-remodelara-la-5-de-mayo-a-ambulantes\/\" \/>\n<meta property=\"og:site_name\" content=\"The Puebla Times\" \/>\n<meta property=\"article:published_time\" content=\"2020-08-11T19:54:02+00:00\" \/>\n<meta property=\"og:image\" content=\"https:\/\/thepueblatimes.mx\/wp-content\/uploads\/2020\/08\/Screenshot-2020-08-11-at-14.41.42.png\" \/>\n\t<meta property=\"og:image:width\" content=\"859\" \/>\n\t<meta property=\"og:image:height\" content=\"534\" \/>\n\t<meta property=\"og:image:type\" content=\"image\/png\" \/>\n<meta name=\"author\" content=\"Marcos Guevara\" \/>\n<meta name=\"twitter:card\" content=\"summary_large_image\" \/>\n<meta name=\"twitter:label1\" content=\"Escrito por\" \/>\n\t<meta name=\"twitter:data1\" content=\"Marcos Guevara\" \/>\n\t<meta name=\"twitter:label2\" content=\"Tiempo de lectura\" \/>\n\t<meta name=\"twitter:data2\" content=\"2 minutos\" \/>\n<script type=\"application\/ld+json\" class=\"yoast-schema-graph\">{\"@context\":\"https:\/\/schema.org\",\"@graph\":[{\"@type\":\"WebPage\",\"@id\":\"https:\/\/thepueblatimes.mx\/index.php\/2020\/08\/11\/como-si-no-hubiera-cosas-mas-importantes-y-pese-a-criticas-rivera-vivanco-les-remodelara-la-5-de-mayo-a-ambulantes\/\",\"url\":\"https:\/\/thepueblatimes.mx\/index.php\/2020\/08\/11\/como-si-no-hubiera-cosas-mas-importantes-y-pese-a-criticas-rivera-vivanco-les-remodelara-la-5-de-mayo-a-ambulantes\/\",\"name\":\"Como si no hubiera cosas m\u00e1s importantes y pese a cr\u00edticas, Rivera Vivanco les remodelar\u00e1 la 5 de Mayo a ambulantes - The Puebla Times\",\"isPartOf\":{\"@id\":\"https:\/\/thepueblatimes.mx\/#website\"},\"datePublished\":\"2020-08-11T19:54:02+00:00\",\"dateModified\":\"2020-08-11T19:54:02+00:00\",\"author\":{\"@id\":\"https:\/\/thepueblatimes.mx\/#\/schema\/person\/adbf065ee889f68194977e3499c4a51e\"},\"breadcrumb\":{\"@id\":\"https:\/\/thepueblatimes.mx\/index.php\/2020\/08\/11\/como-si-no-hubiera-cosas-mas-importantes-y-pese-a-criticas-rivera-vivanco-les-remodelara-la-5-de-mayo-a-ambulantes\/#breadcrumb\"},\"inLanguage\":\"es\",\"potentialAction\":[{\"@type\":\"ReadAction\",\"target\":[\"https:\/\/thepueblatimes.mx\/index.php\/2020\/08\/11\/como-si-no-hubiera-cosas-mas-importantes-y-pese-a-criticas-rivera-vivanco-les-remodelara-la-5-de-mayo-a-ambulantes\/\"]}]},{\"@type\":\"BreadcrumbList\",\"@id\":\"https:\/\/thepueblatimes.mx\/index.php\/2020\/08\/11\/como-si-no-hubiera-cosas-mas-importantes-y-pese-a-criticas-rivera-vivanco-les-remodelara-la-5-de-mayo-a-ambulantes\/#breadcrumb\",\"itemListElement\":[{\"@type\":\"ListItem\",\"position\":1,\"name\":\"Portada\",\"item\":\"https:\/\/thepueblatimes.mx\/\"},{\"@type\":\"ListItem\",\"position\":2,\"name\":\"Como si no hubiera cosas m\u00e1s importantes y pese a cr\u00edticas, Rivera Vivanco les remodelar\u00e1 la 5 de Mayo a ambulantes\"}]},{\"@type\":\"WebSite\",\"@id\":\"https:\/\/thepueblatimes.mx\/#website\",\"url\":\"https:\/\/thepueblatimes.mx\/\",\"name\":\"The Puebla Times\",\"description\":\"Noticias del Estado de Puebla\",\"potentialAction\":[{\"@type\":\"SearchAction\",\"target\":{\"@type\":\"EntryPoint\",\"urlTemplate\":\"https:\/\/thepueblatimes.mx\/?s={search_term_string}\"},\"query-input\":\"required name=search_term_string\"}],\"inLanguage\":\"es\"},{\"@type\":\"Person\",\"@id\":\"https:\/\/thepueblatimes.mx\/#\/schema\/person\/adbf065ee889f68194977e3499c4a51e\",\"name\":\"Marcos Guevara\",\"image\":{\"@type\":\"ImageObject\",\"inLanguage\":\"es\",\"@id\":\"https:\/\/thepueblatimes.mx\/#\/schema\/person\/image\/\",\"url\":\"https:\/\/secure.gravatar.com\/avatar\/c5d5853d70a8cf178bdfd28c1b8cdcdd?s=96&d=mm&r=g\",\"contentUrl\":\"https:\/\/secure.gravatar.com\/avatar\/c5d5853d70a8cf178bdfd28c1b8cdcdd?s=96&d=mm&r=g\",\"caption\":\"Marcos Guevara\"},\"url\":\"https:\/\/thepueblatimes.mx\/index.php\/author\/marcos-guevara\/\"}]}<\/script>\n<!-- \/ Yoast SEO plugin. -->","yoast_head_json":{"title":"Como si no hubiera cosas m\u00e1s importantes y pese a cr\u00edticas, Rivera Vivanco les remodelar\u00e1 la 5 de Mayo a ambulantes - The Puebla Times","robots":{"index":"index","follow":"follow","max-snippet":"max-snippet:-1","max-image-preview":"max-image-preview:large","max-video-preview":"max-video-preview:-1"},"canonical":"https:\/\/thepueblatimes.mx\/index.php\/2020\/08\/11\/como-si-no-hubiera-cosas-mas-importantes-y-pese-a-criticas-rivera-vivanco-les-remodelara-la-5-de-mayo-a-ambulantes\/","og_locale":"es_ES","og_type":"article","og_title":"Como si no hubiera cosas m\u00e1s importantes y pese a cr\u00edticas, Rivera Vivanco les remodelar\u00e1 la 5 de Mayo a ambulantes - The Puebla Times","og_description":"Nuevamente la edil de la capital poblana contin\u00faa tomando decisiones controversiales, pues, como si no hubiera cosas m\u00e1s importantes por realizar en medio de una pandemia que ha congelado la econom\u00eda mundial, arrasado con decenas de miles de vidas y dejado un sin n\u00famero de secuelas colaterales, Claudia Rivera Vivanco consider\u00f3 que es una brillante...","og_url":"https:\/\/thepueblatimes.mx\/index.php\/2020\/08\/11\/como-si-no-hubiera-cosas-mas-importantes-y-pese-a-criticas-rivera-vivanco-les-remodelara-la-5-de-mayo-a-ambulantes\/","og_site_name":"The Puebla Times","article_published_time":"2020-08-11T19:54:02+00:00","og_image":[{"width":859,"height":534,"url":"https:\/\/thepueblatimes.mx\/wp-content\/uploads\/2020\/08\/Screenshot-2020-08-11-at-14.41.42.png","type":"image\/png"}],"author":"Marcos Guevara","twitter_card":"summary_large_image","twitter_misc":{"Escrito por":"Marcos Guevara","Tiempo de lectura":"2 minutos"},"schema":{"@context":"https:\/\/schema.org","@graph":[{"@type":"WebPage","@id":"https:\/\/thepueblatimes.mx\/index.php\/2020\/08\/11\/como-si-no-hubiera-cosas-mas-importantes-y-pese-a-criticas-rivera-vivanco-les-remodelara-la-5-de-mayo-a-ambulantes\/","url":"https:\/\/thepueblatimes.mx\/index.php\/2020\/08\/11\/como-si-no-hubiera-cosas-mas-importantes-y-pese-a-criticas-rivera-vivanco-les-remodelara-la-5-de-mayo-a-ambulantes\/","name":"Como si no hubiera cosas m\u00e1s importantes y pese a cr\u00edticas, Rivera Vivanco les remodelar\u00e1 la 5 de Mayo a ambulantes - The Puebla Times","isPartOf":{"@id":"https:\/\/thepueblatimes.mx\/#website"},"datePublished":"2020-08-11T19:54:02+00:00","dateModified":"2020-08-11T19:54:02+00:00","author":{"@id":"https:\/\/thepueblatimes.mx\/#\/schema\/person\/adbf065ee889f68194977e3499c4a51e"},"breadcrumb":{"@id":"https:\/\/thepueblatimes.mx\/index.php\/2020\/08\/11\/como-si-no-hubiera-cosas-mas-importantes-y-pese-a-criticas-rivera-vivanco-les-remodelara-la-5-de-mayo-a-ambulantes\/#breadcrumb"},"inLanguage":"es","potentialAction":[{"@type":"ReadAction","target":["https:\/\/thepueblatimes.mx\/index.php\/2020\/08\/11\/como-si-no-hubiera-cosas-mas-importantes-y-pese-a-criticas-rivera-vivanco-les-remodelara-la-5-de-mayo-a-ambulantes\/"]}]},{"@type":"BreadcrumbList","@id":"https:\/\/thepueblatimes.mx\/index.php\/2020\/08\/11\/como-si-no-hubiera-cosas-mas-importantes-y-pese-a-criticas-rivera-vivanco-les-remodelara-la-5-de-mayo-a-ambulantes\/#breadcrumb","itemListElement":[{"@type":"ListItem","position":1,"name":"Portada","item":"https:\/\/thepueblatimes.mx\/"},{"@type":"ListItem","position":2,"name":"Como si no hubiera cosas m\u00e1s importantes y pese a cr\u00edticas, Rivera Vivanco les remodelar\u00e1 la 5 de Mayo a ambulantes"}]},{"@type":"WebSite","@id":"https:\/\/thepueblatimes.mx\/#website","url":"https:\/\/thepueblatimes.mx\/","name":"The Puebla Times","description":"Noticias del Estado de Puebla","potentialAction":[{"@type":"SearchAction","target":{"@type":"EntryPoint","urlTemplate":"https:\/\/thepueblatimes.mx\/?s={search_term_string}"},"query-input":"required name=search_term_string"}],"inLanguage":"es"},{"@type":"Person","@id":"https:\/\/thepueblatimes.mx\/#\/schema\/person\/adbf065ee889f68194977e3499c4a51e","name":"Marcos Guevara","image":{"@type":"ImageObject","inLanguage":"es","@id":"https:\/\/thepueblatimes.mx\/#\/schema\/person\/image\/","url":"https:\/\/secure.gravatar.com\/avatar\/c5d5853d70a8cf178bdfd28c1b8cdcdd?s=96&d=mm&r=g","contentUrl":"https:\/\/secure.gravatar.com\/avatar\/c5d5853d70a8cf178bdfd28c1b8cdcdd?s=96&d=mm&r=g","caption":"Marcos Guevara"},"url":"https:\/\/thepueblatimes.mx\/index.php\/author\/marcos-guevara\/"}]}},"jetpack_featured_media_url":"https:\/\/thepueblatimes.mx\/wp-content\/uploads\/2020\/08\/Screenshot-2020-08-11-at-14.41.42.png","_links":{"self":[{"href":"https:\/\/thepueblatimes.mx\/index.php\/wp-json\/wp\/v2\/posts\/2423"}],"collection":[{"href":"https:\/\/thepueblatimes.mx\/index.php\/wp-json\/wp\/v2\/posts"}],"about":[{"href":"https:\/\/thepueblatimes.mx\/index.php\/wp-json\/wp\/v2\/types\/post"}],"author":[{"embeddable":true,"href":"https:\/\/thepueblatimes.mx\/index.php\/wp-json\/wp\/v2\/users\/4"}],"replies":[{"embeddable":true,"href":"https:\/\/thepueblatimes.mx\/index.php\/wp-json\/wp\/v2\/comments?post=2423"}],"version-history":[{"count":1,"href":"https:\/\/thepueblatimes.mx\/index.php\/wp-json\/wp\/v2\/posts\/2423\/revisions"}],"predecessor-version":[{"id":2449,"href":"https:\/\/thepueblatimes.mx\/index.php\/wp-json\/wp\/v2\/posts\/2423\/revisions\/2449"}],"wp:featuredmedia":[{"embeddable":true,"href":"https:\/\/thepueblatimes.mx\/index.php\/wp-json\/wp\/v2\/media\/2448"}],"wp:attachment":[{"href":"https:\/\/thepueblatimes.mx\/index.php\/wp-json\/wp\/v2\/media?parent=2423"}],"wp:term":[{"taxonomy":"category","embeddable":true,"href":"https:\/\/thepueblatimes.mx\/index.php\/wp-json\/wp\/v2\/categories?post=2423"},{"taxonomy":"post_tag","embeddable":true,"href":"https:\/\/thepueblatimes.mx\/index.php\/wp-json\/wp\/v2\/tags?post=2423"}],"curies":[{"name":"wp","href":"https:\/\/api.w.org\/{rel}","templated":true}]}}