{"id":2416,"date":"2020-08-11T10:18:34","date_gmt":"2020-08-11T15:18:34","guid":{"rendered":"https:\/\/thepueblatimes.mx\/?p=2416"},"modified":"2020-08-11T10:18:34","modified_gmt":"2020-08-11T15:18:34","slug":"atencion-3-vacunas-contra-covid-seran-probadas-en-mexico","status":"publish","type":"post","link":"https:\/\/thepueblatimes.mx\/index.php\/2020\/08\/11\/atencion-3-vacunas-contra-covid-seran-probadas-en-mexico\/","title":{"rendered":"\u00a1ATENCI\u00d3N! 3 Vacunas contra Covid ser\u00e1n probadas en M\u00e9xico"},"content":{"rendered":"<p>El d\u00eda de hoy, el titular de la Secretar\u00eda de Relaciones Exteriores (SRE), <strong>Marcero Ebrard,<\/strong> inform\u00f3 que dos investigaciones chinas y una m\u00e1s estadunidense sobre posibles vacunas contra el Covid-19 se desarrollar\u00e1n en M\u00e9xico.<\/p>\n<p>Asimismo, durante la conferencia ma\u00f1anera del presidente Andr\u00e9s Manuel L\u00f3pez Obrador, el canciller mexicano se\u00f1al\u00f3 que el objetivo de estos memorandums de entendimiento es que nuestro pa\u00eds tenga acceso a una posible cura contra este virus que ha cobrado la vida de m\u00e1s de 50 mil mexicanos.<\/p>\n<p>Ebrard indico que las dos empresas chinas son Cansino Biologics y Walvax Biotechnology; en tanto, la firma estadunidense es Janssen Pharmaceuticals, las que realizar\u00e1n los ensayos cl\u00ednicos Fases III en nuestro pa\u00eds entre septiembre de este a\u00f1o y enero de 2021.<\/p>\n<p>Adem\u00e1s, asegur\u00f3 que a estas tres investigaciones se suma la participaci\u00f3n que tiene M\u00e9xico en la Fases III de la vacuna de la firma Sanofi-Pasteur, la cual es en colaboraci\u00f3n con el gobierno de Francia.<\/p>\n","protected":false},"excerpt":{"rendered":"<p>El d\u00eda de hoy, el titular de la Secretar\u00eda de Relaciones Exteriores (SRE), Marcero Ebrard, inform\u00f3 que dos investigaciones chinas y una m\u00e1s estadunidense sobre posibles vacunas contra el Covid-19 se desarrollar\u00e1n en M\u00e9xico. Asimismo, durante la conferencia ma\u00f1anera del presidente Andr\u00e9s Manuel L\u00f3pez Obrador, el canciller mexicano se\u00f1al\u00f3 que el objetivo de estos memorandums&#8230;<\/p>\n","protected":false},"author":4,"featured_media":2418,"comment_status":"open","ping_status":"open","sticky":false,"template":"","format":"standard","meta":[],"categories":[2,22],"tags":[],"yoast_head":"<!-- This site is optimized with the Yoast SEO plugin v20.8 - https:\/\/yoast.com\/wordpress\/plugins\/seo\/ -->\n<title>\u00a1ATENCI\u00d3N! 3 Vacunas contra Covid ser\u00e1n probadas en M\u00e9xico - The Puebla Times<\/title>\n<meta name=\"robots\" content=\"index, follow, max-snippet:-1, max-image-preview:large, max-video-preview:-1\" \/>\n<link rel=\"canonical\" href=\"https:\/\/thepueblatimes.mx\/index.php\/2020\/08\/11\/atencion-3-vacunas-contra-covid-seran-probadas-en-mexico\/\" \/>\n<meta property=\"og:locale\" content=\"es_ES\" \/>\n<meta property=\"og:type\" content=\"article\" \/>\n<meta property=\"og:title\" content=\"\u00a1ATENCI\u00d3N! 3 Vacunas contra Covid ser\u00e1n probadas en M\u00e9xico - The Puebla Times\" \/>\n<meta property=\"og:description\" content=\"El d\u00eda de hoy, el titular de la Secretar\u00eda de Relaciones Exteriores (SRE), Marcero Ebrard, inform\u00f3 que dos investigaciones chinas y una m\u00e1s estadunidense sobre posibles vacunas contra el Covid-19 se desarrollar\u00e1n en M\u00e9xico. Asimismo, durante la conferencia ma\u00f1anera del presidente Andr\u00e9s Manuel L\u00f3pez Obrador, el canciller mexicano se\u00f1al\u00f3 que el objetivo de estos memorandums...\" \/>\n<meta property=\"og:url\" content=\"https:\/\/thepueblatimes.mx\/index.php\/2020\/08\/11\/atencion-3-vacunas-contra-covid-seran-probadas-en-mexico\/\" \/>\n<meta property=\"og:site_name\" content=\"The Puebla Times\" \/>\n<meta property=\"article:published_time\" content=\"2020-08-11T15:18:34+00:00\" \/>\n<meta property=\"og:image\" content=\"https:\/\/thepueblatimes.mx\/wp-content\/uploads\/2020\/08\/Screenshot-2020-08-11-at-10.17.12.png\" \/>\n\t<meta property=\"og:image:width\" content=\"999\" \/>\n\t<meta property=\"og:image:height\" content=\"559\" \/>\n\t<meta property=\"og:image:type\" content=\"image\/png\" \/>\n<meta name=\"author\" content=\"Marcos Guevara\" \/>\n<meta name=\"twitter:card\" content=\"summary_large_image\" \/>\n<meta name=\"twitter:label1\" content=\"Escrito por\" \/>\n\t<meta name=\"twitter:data1\" content=\"Marcos Guevara\" \/>\n\t<meta name=\"twitter:label2\" content=\"Tiempo de lectura\" \/>\n\t<meta name=\"twitter:data2\" content=\"1 minuto\" \/>\n<script type=\"application\/ld+json\" class=\"yoast-schema-graph\">{\"@context\":\"https:\/\/schema.org\",\"@graph\":[{\"@type\":\"WebPage\",\"@id\":\"https:\/\/thepueblatimes.mx\/index.php\/2020\/08\/11\/atencion-3-vacunas-contra-covid-seran-probadas-en-mexico\/\",\"url\":\"https:\/\/thepueblatimes.mx\/index.php\/2020\/08\/11\/atencion-3-vacunas-contra-covid-seran-probadas-en-mexico\/\",\"name\":\"\u00a1ATENCI\u00d3N! 3 Vacunas contra Covid ser\u00e1n probadas en M\u00e9xico - The Puebla Times\",\"isPartOf\":{\"@id\":\"https:\/\/thepueblatimes.mx\/#website\"},\"datePublished\":\"2020-08-11T15:18:34+00:00\",\"dateModified\":\"2020-08-11T15:18:34+00:00\",\"author\":{\"@id\":\"https:\/\/thepueblatimes.mx\/#\/schema\/person\/adbf065ee889f68194977e3499c4a51e\"},\"breadcrumb\":{\"@id\":\"https:\/\/thepueblatimes.mx\/index.php\/2020\/08\/11\/atencion-3-vacunas-contra-covid-seran-probadas-en-mexico\/#breadcrumb\"},\"inLanguage\":\"es\",\"potentialAction\":[{\"@type\":\"ReadAction\",\"target\":[\"https:\/\/thepueblatimes.mx\/index.php\/2020\/08\/11\/atencion-3-vacunas-contra-covid-seran-probadas-en-mexico\/\"]}]},{\"@type\":\"BreadcrumbList\",\"@id\":\"https:\/\/thepueblatimes.mx\/index.php\/2020\/08\/11\/atencion-3-vacunas-contra-covid-seran-probadas-en-mexico\/#breadcrumb\",\"itemListElement\":[{\"@type\":\"ListItem\",\"position\":1,\"name\":\"Portada\",\"item\":\"https:\/\/thepueblatimes.mx\/\"},{\"@type\":\"ListItem\",\"position\":2,\"name\":\"\u00a1ATENCI\u00d3N! 3 Vacunas contra Covid ser\u00e1n probadas en M\u00e9xico\"}]},{\"@type\":\"WebSite\",\"@id\":\"https:\/\/thepueblatimes.mx\/#website\",\"url\":\"https:\/\/thepueblatimes.mx\/\",\"name\":\"The Puebla Times\",\"description\":\"Noticias del Estado de Puebla\",\"potentialAction\":[{\"@type\":\"SearchAction\",\"target\":{\"@type\":\"EntryPoint\",\"urlTemplate\":\"https:\/\/thepueblatimes.mx\/?s={search_term_string}\"},\"query-input\":\"required name=search_term_string\"}],\"inLanguage\":\"es\"},{\"@type\":\"Person\",\"@id\":\"https:\/\/thepueblatimes.mx\/#\/schema\/person\/adbf065ee889f68194977e3499c4a51e\",\"name\":\"Marcos Guevara\",\"image\":{\"@type\":\"ImageObject\",\"inLanguage\":\"es\",\"@id\":\"https:\/\/thepueblatimes.mx\/#\/schema\/person\/image\/\",\"url\":\"https:\/\/secure.gravatar.com\/avatar\/c5d5853d70a8cf178bdfd28c1b8cdcdd?s=96&d=mm&r=g\",\"contentUrl\":\"https:\/\/secure.gravatar.com\/avatar\/c5d5853d70a8cf178bdfd28c1b8cdcdd?s=96&d=mm&r=g\",\"caption\":\"Marcos Guevara\"},\"url\":\"https:\/\/thepueblatimes.mx\/index.php\/author\/marcos-guevara\/\"}]}<\/script>\n<!-- \/ Yoast SEO plugin. -->","yoast_head_json":{"title":"\u00a1ATENCI\u00d3N! 3 Vacunas contra Covid ser\u00e1n probadas en M\u00e9xico - The Puebla Times","robots":{"index":"index","follow":"follow","max-snippet":"max-snippet:-1","max-image-preview":"max-image-preview:large","max-video-preview":"max-video-preview:-1"},"canonical":"https:\/\/thepueblatimes.mx\/index.php\/2020\/08\/11\/atencion-3-vacunas-contra-covid-seran-probadas-en-mexico\/","og_locale":"es_ES","og_type":"article","og_title":"\u00a1ATENCI\u00d3N! 3 Vacunas contra Covid ser\u00e1n probadas en M\u00e9xico - The Puebla Times","og_description":"El d\u00eda de hoy, el titular de la Secretar\u00eda de Relaciones Exteriores (SRE), Marcero Ebrard, inform\u00f3 que dos investigaciones chinas y una m\u00e1s estadunidense sobre posibles vacunas contra el Covid-19 se desarrollar\u00e1n en M\u00e9xico. Asimismo, durante la conferencia ma\u00f1anera del presidente Andr\u00e9s Manuel L\u00f3pez Obrador, el canciller mexicano se\u00f1al\u00f3 que el objetivo de estos memorandums...","og_url":"https:\/\/thepueblatimes.mx\/index.php\/2020\/08\/11\/atencion-3-vacunas-contra-covid-seran-probadas-en-mexico\/","og_site_name":"The Puebla Times","article_published_time":"2020-08-11T15:18:34+00:00","og_image":[{"width":999,"height":559,"url":"https:\/\/thepueblatimes.mx\/wp-content\/uploads\/2020\/08\/Screenshot-2020-08-11-at-10.17.12.png","type":"image\/png"}],"author":"Marcos Guevara","twitter_card":"summary_large_image","twitter_misc":{"Escrito por":"Marcos Guevara","Tiempo de lectura":"1 minuto"},"schema":{"@context":"https:\/\/schema.org","@graph":[{"@type":"WebPage","@id":"https:\/\/thepueblatimes.mx\/index.php\/2020\/08\/11\/atencion-3-vacunas-contra-covid-seran-probadas-en-mexico\/","url":"https:\/\/thepueblatimes.mx\/index.php\/2020\/08\/11\/atencion-3-vacunas-contra-covid-seran-probadas-en-mexico\/","name":"\u00a1ATENCI\u00d3N! 3 Vacunas contra Covid ser\u00e1n probadas en M\u00e9xico - The Puebla Times","isPartOf":{"@id":"https:\/\/thepueblatimes.mx\/#website"},"datePublished":"2020-08-11T15:18:34+00:00","dateModified":"2020-08-11T15:18:34+00:00","author":{"@id":"https:\/\/thepueblatimes.mx\/#\/schema\/person\/adbf065ee889f68194977e3499c4a51e"},"breadcrumb":{"@id":"https:\/\/thepueblatimes.mx\/index.php\/2020\/08\/11\/atencion-3-vacunas-contra-covid-seran-probadas-en-mexico\/#breadcrumb"},"inLanguage":"es","potentialAction":[{"@type":"ReadAction","target":["https:\/\/thepueblatimes.mx\/index.php\/2020\/08\/11\/atencion-3-vacunas-contra-covid-seran-probadas-en-mexico\/"]}]},{"@type":"BreadcrumbList","@id":"https:\/\/thepueblatimes.mx\/index.php\/2020\/08\/11\/atencion-3-vacunas-contra-covid-seran-probadas-en-mexico\/#breadcrumb","itemListElement":[{"@type":"ListItem","position":1,"name":"Portada","item":"https:\/\/thepueblatimes.mx\/"},{"@type":"ListItem","position":2,"name":"\u00a1ATENCI\u00d3N! 3 Vacunas contra Covid ser\u00e1n probadas en M\u00e9xico"}]},{"@type":"WebSite","@id":"https:\/\/thepueblatimes.mx\/#website","url":"https:\/\/thepueblatimes.mx\/","name":"The Puebla Times","description":"Noticias del Estado de Puebla","potentialAction":[{"@type":"SearchAction","target":{"@type":"EntryPoint","urlTemplate":"https:\/\/thepueblatimes.mx\/?s={search_term_string}"},"query-input":"required name=search_term_string"}],"inLanguage":"es"},{"@type":"Person","@id":"https:\/\/thepueblatimes.mx\/#\/schema\/person\/adbf065ee889f68194977e3499c4a51e","name":"Marcos Guevara","image":{"@type":"ImageObject","inLanguage":"es","@id":"https:\/\/thepueblatimes.mx\/#\/schema\/person\/image\/","url":"https:\/\/secure.gravatar.com\/avatar\/c5d5853d70a8cf178bdfd28c1b8cdcdd?s=96&d=mm&r=g","contentUrl":"https:\/\/secure.gravatar.com\/avatar\/c5d5853d70a8cf178bdfd28c1b8cdcdd?s=96&d=mm&r=g","caption":"Marcos Guevara"},"url":"https:\/\/thepueblatimes.mx\/index.php\/author\/marcos-guevara\/"}]}},"jetpack_featured_media_url":"https:\/\/thepueblatimes.mx\/wp-content\/uploads\/2020\/08\/Screenshot-2020-08-11-at-10.17.12.png","_links":{"self":[{"href":"https:\/\/thepueblatimes.mx\/index.php\/wp-json\/wp\/v2\/posts\/2416"}],"collection":[{"href":"https:\/\/thepueblatimes.mx\/index.php\/wp-json\/wp\/v2\/posts"}],"about":[{"href":"https:\/\/thepueblatimes.mx\/index.php\/wp-json\/wp\/v2\/types\/post"}],"author":[{"embeddable":true,"href":"https:\/\/thepueblatimes.mx\/index.php\/wp-json\/wp\/v2\/users\/4"}],"replies":[{"embeddable":true,"href":"https:\/\/thepueblatimes.mx\/index.php\/wp-json\/wp\/v2\/comments?post=2416"}],"version-history":[{"count":1,"href":"https:\/\/thepueblatimes.mx\/index.php\/wp-json\/wp\/v2\/posts\/2416\/revisions"}],"predecessor-version":[{"id":2419,"href":"https:\/\/thepueblatimes.mx\/index.php\/wp-json\/wp\/v2\/posts\/2416\/revisions\/2419"}],"wp:featuredmedia":[{"embeddable":true,"href":"https:\/\/thepueblatimes.mx\/index.php\/wp-json\/wp\/v2\/media\/2418"}],"wp:attachment":[{"href":"https:\/\/thepueblatimes.mx\/index.php\/wp-json\/wp\/v2\/media?parent=2416"}],"wp:term":[{"taxonomy":"category","embeddable":true,"href":"https:\/\/thepueblatimes.mx\/index.php\/wp-json\/wp\/v2\/categories?post=2416"},{"taxonomy":"post_tag","embeddable":true,"href":"https:\/\/thepueblatimes.mx\/index.php\/wp-json\/wp\/v2\/tags?post=2416"}],"curies":[{"name":"wp","href":"https:\/\/api.w.org\/{rel}","templated":true}]}}