{"id":2415,"date":"2020-08-11T10:23:29","date_gmt":"2020-08-11T15:23:29","guid":{"rendered":"https:\/\/thepueblatimes.mx\/?p=2415"},"modified":"2020-08-11T10:23:29","modified_gmt":"2020-08-11T15:23:29","slug":"gobierno-destinara-hasta-100-mil-mdp-para-vacuna-de-covid-19-amlo","status":"publish","type":"post","link":"https:\/\/thepueblatimes.mx\/index.php\/2020\/08\/11\/gobierno-destinara-hasta-100-mil-mdp-para-vacuna-de-covid-19-amlo\/","title":{"rendered":"Gobierno destinar\u00e1 hasta 100 mil mdp para vacuna de Covid-19: AMLO"},"content":{"rendered":"<p>El presidente, Andr\u00e9s Manuel L\u00f3pez Obrador (AMLO) asegur\u00f3 que el gobierno de M\u00e9xico cuenta con una reserva de hasta 100 mil millones de pesos para la adquisici\u00f3n de la vacuna contra el COVID-19, adelantando que el 6 de septiembre se presentar\u00e1 el anteproyecto de presupuesto a la C\u00e1mara de Diputados, y de ah\u00ed ya se contemplar\u00e1 la partida para dicha vacuna.<\/p>\n<p>En conferencia de prensa, el mandatario se\u00f1al\u00f3 que a pesar de haber empresas que anunciaron que pondr\u00e1n la vacuna al servicio de las personas sin fines de lucro, el gobierno cuenta con presupuesto para la adquisici\u00f3n del f\u00e1rmaco.<\/p>\n<p>\u201cSi cuestan mucho las dosis se tiene una reserva de hasta <strong>100 mil<\/strong> millones de pesos, si es un costo moderado hasta <strong>50 mil<\/strong> , y si es un costo bajo hasta <strong>25 mil<\/strong> millones de pesos, porque tenemos finanzas p\u00fablicas sanas, y lo m\u00e1s importante es la salud del pueblo\u201d, AMLO<\/p>\n<p>Por \u00faltimo, el presidente L\u00f3pez obrador afirm\u00f3 que se tiene el presupuesto necesario para comprar las vacunas con el compromiso de no lucrar con salud del pueblo y que se espera terminar el a\u00f1o con al menos un apoyo para el 70% de la poblaci\u00f3n del pa\u00eds, es decir con al menos un programa social.<\/p>\n","protected":false},"excerpt":{"rendered":"<p>El presidente, Andr\u00e9s Manuel L\u00f3pez Obrador (AMLO) asegur\u00f3 que el gobierno de M\u00e9xico cuenta con una reserva de hasta 100 mil millones de pesos para la adquisici\u00f3n de la vacuna contra el COVID-19, adelantando que el 6 de septiembre se presentar\u00e1 el anteproyecto de presupuesto a la C\u00e1mara de Diputados, y de ah\u00ed ya se&#8230;<\/p>\n","protected":false},"author":3,"featured_media":2420,"comment_status":"open","ping_status":"open","sticky":false,"template":"","format":"standard","meta":[],"categories":[110],"tags":[],"yoast_head":"<!-- This site is optimized with the Yoast SEO plugin v20.8 - https:\/\/yoast.com\/wordpress\/plugins\/seo\/ -->\n<title>Gobierno destinar\u00e1 hasta 100 mil mdp para vacuna de Covid-19: AMLO - The Puebla Times<\/title>\n<meta name=\"robots\" content=\"index, follow, max-snippet:-1, max-image-preview:large, max-video-preview:-1\" \/>\n<link rel=\"canonical\" href=\"https:\/\/thepueblatimes.mx\/index.php\/2020\/08\/11\/gobierno-destinara-hasta-100-mil-mdp-para-vacuna-de-covid-19-amlo\/\" \/>\n<meta property=\"og:locale\" content=\"es_ES\" \/>\n<meta property=\"og:type\" content=\"article\" \/>\n<meta property=\"og:title\" content=\"Gobierno destinar\u00e1 hasta 100 mil mdp para vacuna de Covid-19: AMLO - The Puebla Times\" \/>\n<meta property=\"og:description\" content=\"El presidente, Andr\u00e9s Manuel L\u00f3pez Obrador (AMLO) asegur\u00f3 que el gobierno de M\u00e9xico cuenta con una reserva de hasta 100 mil millones de pesos para la adquisici\u00f3n de la vacuna contra el COVID-19, adelantando que el 6 de septiembre se presentar\u00e1 el anteproyecto de presupuesto a la C\u00e1mara de Diputados, y de ah\u00ed ya se...\" \/>\n<meta property=\"og:url\" content=\"https:\/\/thepueblatimes.mx\/index.php\/2020\/08\/11\/gobierno-destinara-hasta-100-mil-mdp-para-vacuna-de-covid-19-amlo\/\" \/>\n<meta property=\"og:site_name\" content=\"The Puebla Times\" \/>\n<meta property=\"article:published_time\" content=\"2020-08-11T15:23:29+00:00\" \/>\n<meta property=\"og:image\" content=\"https:\/\/thepueblatimes.mx\/wp-content\/uploads\/2020\/08\/AMLO-1-11.jpg\" \/>\n\t<meta property=\"og:image:width\" content=\"800\" \/>\n\t<meta property=\"og:image:height\" content=\"535\" \/>\n\t<meta property=\"og:image:type\" content=\"image\/jpeg\" \/>\n<meta name=\"author\" content=\"The Puebla Times\" \/>\n<meta name=\"twitter:card\" content=\"summary_large_image\" \/>\n<meta name=\"twitter:label1\" content=\"Escrito por\" \/>\n\t<meta name=\"twitter:data1\" content=\"The Puebla Times\" \/>\n\t<meta name=\"twitter:label2\" content=\"Tiempo de lectura\" \/>\n\t<meta name=\"twitter:data2\" content=\"1 minuto\" \/>\n<script type=\"application\/ld+json\" class=\"yoast-schema-graph\">{\"@context\":\"https:\/\/schema.org\",\"@graph\":[{\"@type\":\"WebPage\",\"@id\":\"https:\/\/thepueblatimes.mx\/index.php\/2020\/08\/11\/gobierno-destinara-hasta-100-mil-mdp-para-vacuna-de-covid-19-amlo\/\",\"url\":\"https:\/\/thepueblatimes.mx\/index.php\/2020\/08\/11\/gobierno-destinara-hasta-100-mil-mdp-para-vacuna-de-covid-19-amlo\/\",\"name\":\"Gobierno destinar\u00e1 hasta 100 mil mdp para vacuna de Covid-19: AMLO - The Puebla Times\",\"isPartOf\":{\"@id\":\"https:\/\/thepueblatimes.mx\/#website\"},\"datePublished\":\"2020-08-11T15:23:29+00:00\",\"dateModified\":\"2020-08-11T15:23:29+00:00\",\"author\":{\"@id\":\"https:\/\/thepueblatimes.mx\/#\/schema\/person\/ad152a907a5f1fb40553a2551dbadb8e\"},\"breadcrumb\":{\"@id\":\"https:\/\/thepueblatimes.mx\/index.php\/2020\/08\/11\/gobierno-destinara-hasta-100-mil-mdp-para-vacuna-de-covid-19-amlo\/#breadcrumb\"},\"inLanguage\":\"es\",\"potentialAction\":[{\"@type\":\"ReadAction\",\"target\":[\"https:\/\/thepueblatimes.mx\/index.php\/2020\/08\/11\/gobierno-destinara-hasta-100-mil-mdp-para-vacuna-de-covid-19-amlo\/\"]}]},{\"@type\":\"BreadcrumbList\",\"@id\":\"https:\/\/thepueblatimes.mx\/index.php\/2020\/08\/11\/gobierno-destinara-hasta-100-mil-mdp-para-vacuna-de-covid-19-amlo\/#breadcrumb\",\"itemListElement\":[{\"@type\":\"ListItem\",\"position\":1,\"name\":\"Portada\",\"item\":\"https:\/\/thepueblatimes.mx\/\"},{\"@type\":\"ListItem\",\"position\":2,\"name\":\"Gobierno destinar\u00e1 hasta 100 mil mdp para vacuna de Covid-19: AMLO\"}]},{\"@type\":\"WebSite\",\"@id\":\"https:\/\/thepueblatimes.mx\/#website\",\"url\":\"https:\/\/thepueblatimes.mx\/\",\"name\":\"The Puebla Times\",\"description\":\"Noticias del Estado de Puebla\",\"potentialAction\":[{\"@type\":\"SearchAction\",\"target\":{\"@type\":\"EntryPoint\",\"urlTemplate\":\"https:\/\/thepueblatimes.mx\/?s={search_term_string}\"},\"query-input\":\"required name=search_term_string\"}],\"inLanguage\":\"es\"},{\"@type\":\"Person\",\"@id\":\"https:\/\/thepueblatimes.mx\/#\/schema\/person\/ad152a907a5f1fb40553a2551dbadb8e\",\"name\":\"The Puebla Times\",\"image\":{\"@type\":\"ImageObject\",\"inLanguage\":\"es\",\"@id\":\"https:\/\/thepueblatimes.mx\/#\/schema\/person\/image\/\",\"url\":\"https:\/\/secure.gravatar.com\/avatar\/82859cd6fbb1a3801d3e7ee27c92b8c9?s=96&d=mm&r=g\",\"contentUrl\":\"https:\/\/secure.gravatar.com\/avatar\/82859cd6fbb1a3801d3e7ee27c92b8c9?s=96&d=mm&r=g\",\"caption\":\"The Puebla Times\"},\"url\":\"https:\/\/thepueblatimes.mx\/index.php\/author\/ferhz\/\"}]}<\/script>\n<!-- \/ Yoast SEO plugin. -->","yoast_head_json":{"title":"Gobierno destinar\u00e1 hasta 100 mil mdp para vacuna de Covid-19: AMLO - The Puebla Times","robots":{"index":"index","follow":"follow","max-snippet":"max-snippet:-1","max-image-preview":"max-image-preview:large","max-video-preview":"max-video-preview:-1"},"canonical":"https:\/\/thepueblatimes.mx\/index.php\/2020\/08\/11\/gobierno-destinara-hasta-100-mil-mdp-para-vacuna-de-covid-19-amlo\/","og_locale":"es_ES","og_type":"article","og_title":"Gobierno destinar\u00e1 hasta 100 mil mdp para vacuna de Covid-19: AMLO - The Puebla Times","og_description":"El presidente, Andr\u00e9s Manuel L\u00f3pez Obrador (AMLO) asegur\u00f3 que el gobierno de M\u00e9xico cuenta con una reserva de hasta 100 mil millones de pesos para la adquisici\u00f3n de la vacuna contra el COVID-19, adelantando que el 6 de septiembre se presentar\u00e1 el anteproyecto de presupuesto a la C\u00e1mara de Diputados, y de ah\u00ed ya se...","og_url":"https:\/\/thepueblatimes.mx\/index.php\/2020\/08\/11\/gobierno-destinara-hasta-100-mil-mdp-para-vacuna-de-covid-19-amlo\/","og_site_name":"The Puebla Times","article_published_time":"2020-08-11T15:23:29+00:00","og_image":[{"width":800,"height":535,"url":"https:\/\/thepueblatimes.mx\/wp-content\/uploads\/2020\/08\/AMLO-1-11.jpg","type":"image\/jpeg"}],"author":"The Puebla Times","twitter_card":"summary_large_image","twitter_misc":{"Escrito por":"The Puebla Times","Tiempo de lectura":"1 minuto"},"schema":{"@context":"https:\/\/schema.org","@graph":[{"@type":"WebPage","@id":"https:\/\/thepueblatimes.mx\/index.php\/2020\/08\/11\/gobierno-destinara-hasta-100-mil-mdp-para-vacuna-de-covid-19-amlo\/","url":"https:\/\/thepueblatimes.mx\/index.php\/2020\/08\/11\/gobierno-destinara-hasta-100-mil-mdp-para-vacuna-de-covid-19-amlo\/","name":"Gobierno destinar\u00e1 hasta 100 mil mdp para vacuna de Covid-19: AMLO - The Puebla Times","isPartOf":{"@id":"https:\/\/thepueblatimes.mx\/#website"},"datePublished":"2020-08-11T15:23:29+00:00","dateModified":"2020-08-11T15:23:29+00:00","author":{"@id":"https:\/\/thepueblatimes.mx\/#\/schema\/person\/ad152a907a5f1fb40553a2551dbadb8e"},"breadcrumb":{"@id":"https:\/\/thepueblatimes.mx\/index.php\/2020\/08\/11\/gobierno-destinara-hasta-100-mil-mdp-para-vacuna-de-covid-19-amlo\/#breadcrumb"},"inLanguage":"es","potentialAction":[{"@type":"ReadAction","target":["https:\/\/thepueblatimes.mx\/index.php\/2020\/08\/11\/gobierno-destinara-hasta-100-mil-mdp-para-vacuna-de-covid-19-amlo\/"]}]},{"@type":"BreadcrumbList","@id":"https:\/\/thepueblatimes.mx\/index.php\/2020\/08\/11\/gobierno-destinara-hasta-100-mil-mdp-para-vacuna-de-covid-19-amlo\/#breadcrumb","itemListElement":[{"@type":"ListItem","position":1,"name":"Portada","item":"https:\/\/thepueblatimes.mx\/"},{"@type":"ListItem","position":2,"name":"Gobierno destinar\u00e1 hasta 100 mil mdp para vacuna de Covid-19: AMLO"}]},{"@type":"WebSite","@id":"https:\/\/thepueblatimes.mx\/#website","url":"https:\/\/thepueblatimes.mx\/","name":"The Puebla Times","description":"Noticias del Estado de Puebla","potentialAction":[{"@type":"SearchAction","target":{"@type":"EntryPoint","urlTemplate":"https:\/\/thepueblatimes.mx\/?s={search_term_string}"},"query-input":"required name=search_term_string"}],"inLanguage":"es"},{"@type":"Person","@id":"https:\/\/thepueblatimes.mx\/#\/schema\/person\/ad152a907a5f1fb40553a2551dbadb8e","name":"The Puebla Times","image":{"@type":"ImageObject","inLanguage":"es","@id":"https:\/\/thepueblatimes.mx\/#\/schema\/person\/image\/","url":"https:\/\/secure.gravatar.com\/avatar\/82859cd6fbb1a3801d3e7ee27c92b8c9?s=96&d=mm&r=g","contentUrl":"https:\/\/secure.gravatar.com\/avatar\/82859cd6fbb1a3801d3e7ee27c92b8c9?s=96&d=mm&r=g","caption":"The Puebla Times"},"url":"https:\/\/thepueblatimes.mx\/index.php\/author\/ferhz\/"}]}},"jetpack_featured_media_url":"https:\/\/thepueblatimes.mx\/wp-content\/uploads\/2020\/08\/AMLO-1-11.jpg","_links":{"self":[{"href":"https:\/\/thepueblatimes.mx\/index.php\/wp-json\/wp\/v2\/posts\/2415"}],"collection":[{"href":"https:\/\/thepueblatimes.mx\/index.php\/wp-json\/wp\/v2\/posts"}],"about":[{"href":"https:\/\/thepueblatimes.mx\/index.php\/wp-json\/wp\/v2\/types\/post"}],"author":[{"embeddable":true,"href":"https:\/\/thepueblatimes.mx\/index.php\/wp-json\/wp\/v2\/users\/3"}],"replies":[{"embeddable":true,"href":"https:\/\/thepueblatimes.mx\/index.php\/wp-json\/wp\/v2\/comments?post=2415"}],"version-history":[{"count":1,"href":"https:\/\/thepueblatimes.mx\/index.php\/wp-json\/wp\/v2\/posts\/2415\/revisions"}],"predecessor-version":[{"id":2421,"href":"https:\/\/thepueblatimes.mx\/index.php\/wp-json\/wp\/v2\/posts\/2415\/revisions\/2421"}],"wp:featuredmedia":[{"embeddable":true,"href":"https:\/\/thepueblatimes.mx\/index.php\/wp-json\/wp\/v2\/media\/2420"}],"wp:attachment":[{"href":"https:\/\/thepueblatimes.mx\/index.php\/wp-json\/wp\/v2\/media?parent=2415"}],"wp:term":[{"taxonomy":"category","embeddable":true,"href":"https:\/\/thepueblatimes.mx\/index.php\/wp-json\/wp\/v2\/categories?post=2415"},{"taxonomy":"post_tag","embeddable":true,"href":"https:\/\/thepueblatimes.mx\/index.php\/wp-json\/wp\/v2\/tags?post=2415"}],"curies":[{"name":"wp","href":"https:\/\/api.w.org\/{rel}","templated":true}]}}