{"id":23838,"date":"2024-07-24T13:38:34","date_gmt":"2024-07-24T19:38:34","guid":{"rendered":"https:\/\/thepueblatimes.mx\/?p=23838"},"modified":"2024-07-24T13:38:34","modified_gmt":"2024-07-24T19:38:34","slug":"en-puebla-nueve-personas-hospitalizadas-por-dengue-salud","status":"publish","type":"post","link":"https:\/\/thepueblatimes.mx\/index.php\/2024\/07\/24\/en-puebla-nueve-personas-hospitalizadas-por-dengue-salud\/","title":{"rendered":"En Puebla, nueve personas hospitalizadas por dengue: Salud"},"content":{"rendered":"<h3><em>&#8211; En las \u00faltimas 24 horas se registraron cinco nuevos contagios por esta enfermedad<\/em><\/h3>\n<p><strong>CIUDAD DE PUEBLA, Pue.-\u00a0<\/strong>En las \u00faltimas 24 horas en el estado se registraron nueve personas hospitalizadas y ninguna defunci\u00f3n por dengue, informa la Secretar\u00eda de Salud.<\/p>\n<p>La titular de la dependencia, Araceli Soria C\u00f3rdoba puntualiz\u00f3 que, al corte del 23 de julio, hubo cinco nuevos casos confirmados, por lo que el n\u00famero de acumulados subi\u00f3 a 947 personas que tienen o cursaron esta enfermedad.<\/p>\n<p>Asimismo, indic\u00f3 que las y los poblanos que dieron positivo a dengue se encuentran distribuidos en 45 municipios del estado; Iz\u00facar de Matamoros y Huaquechula los que m\u00e1s casos documentamos tienen.<\/p>\n<p>Soria C\u00f3rdoba recomienda a las y los poblanos que viven en las zonas end\u00e9micas a tapar, limpiar y voltear recipientes de agua expuestos al aire libre, as\u00ed como mantener limpios patios y cacharros para evitar espacios de reproducci\u00f3n del mosquito transmisor, adem\u00e1s de atender las instrucciones de las autoridades sanitarias.<\/p>\n","protected":false},"excerpt":{"rendered":"<p>&#8211; En las \u00faltimas 24 horas se registraron cinco nuevos contagios por esta enfermedad CIUDAD DE PUEBLA, Pue.-\u00a0En las \u00faltimas 24 horas en el estado se registraron nueve personas hospitalizadas y ninguna defunci\u00f3n por dengue, informa la Secretar\u00eda de Salud. La titular de la dependencia, Araceli Soria C\u00f3rdoba puntualiz\u00f3 que, al corte del 23 de&#8230;<\/p>\n","protected":false},"author":16,"featured_media":23839,"comment_status":"closed","ping_status":"closed","sticky":false,"template":"","format":"standard","meta":[],"categories":[3],"tags":[1391,49],"yoast_head":"<!-- This site is optimized with the Yoast SEO plugin v20.8 - https:\/\/yoast.com\/wordpress\/plugins\/seo\/ -->\n<title>En Puebla, nueve personas hospitalizadas por dengue: Salud - The Puebla Times<\/title>\n<meta name=\"robots\" content=\"index, follow, max-snippet:-1, max-image-preview:large, max-video-preview:-1\" \/>\n<link rel=\"canonical\" href=\"https:\/\/thepueblatimes.mx\/index.php\/2024\/07\/24\/en-puebla-nueve-personas-hospitalizadas-por-dengue-salud\/\" \/>\n<meta property=\"og:locale\" content=\"es_ES\" \/>\n<meta property=\"og:type\" content=\"article\" \/>\n<meta property=\"og:title\" content=\"En Puebla, nueve personas hospitalizadas por dengue: Salud - The Puebla Times\" \/>\n<meta property=\"og:description\" content=\"&#8211; En las \u00faltimas 24 horas se registraron cinco nuevos contagios por esta enfermedad CIUDAD DE PUEBLA, Pue.-\u00a0En las \u00faltimas 24 horas en el estado se registraron nueve personas hospitalizadas y ninguna defunci\u00f3n por dengue, informa la Secretar\u00eda de Salud. La titular de la dependencia, Araceli Soria C\u00f3rdoba puntualiz\u00f3 que, al corte del 23 de...\" \/>\n<meta property=\"og:url\" content=\"https:\/\/thepueblatimes.mx\/index.php\/2024\/07\/24\/en-puebla-nueve-personas-hospitalizadas-por-dengue-salud\/\" \/>\n<meta property=\"og:site_name\" content=\"The Puebla Times\" \/>\n<meta property=\"article:published_time\" content=\"2024-07-24T19:38:34+00:00\" \/>\n<meta property=\"og:image\" content=\"https:\/\/thepueblatimes.mx\/wp-content\/uploads\/2024\/07\/mosquito-virus-zika-1.jpg\" \/>\n\t<meta property=\"og:image:width\" content=\"1178\" \/>\n\t<meta property=\"og:image:height\" content=\"659\" \/>\n\t<meta property=\"og:image:type\" content=\"image\/jpeg\" \/>\n<meta name=\"author\" content=\"Sa\u00fal Hern\u00e1ndez\" \/>\n<meta name=\"twitter:card\" content=\"summary_large_image\" \/>\n<meta name=\"twitter:label1\" content=\"Escrito por\" \/>\n\t<meta name=\"twitter:data1\" content=\"Sa\u00fal Hern\u00e1ndez\" \/>\n\t<meta name=\"twitter:label2\" content=\"Tiempo de lectura\" \/>\n\t<meta name=\"twitter:data2\" content=\"1 minuto\" \/>\n<script type=\"application\/ld+json\" class=\"yoast-schema-graph\">{\"@context\":\"https:\/\/schema.org\",\"@graph\":[{\"@type\":\"WebPage\",\"@id\":\"https:\/\/thepueblatimes.mx\/index.php\/2024\/07\/24\/en-puebla-nueve-personas-hospitalizadas-por-dengue-salud\/\",\"url\":\"https:\/\/thepueblatimes.mx\/index.php\/2024\/07\/24\/en-puebla-nueve-personas-hospitalizadas-por-dengue-salud\/\",\"name\":\"En Puebla, nueve personas hospitalizadas por dengue: Salud - The Puebla Times\",\"isPartOf\":{\"@id\":\"https:\/\/thepueblatimes.mx\/#website\"},\"datePublished\":\"2024-07-24T19:38:34+00:00\",\"dateModified\":\"2024-07-24T19:38:34+00:00\",\"author\":{\"@id\":\"https:\/\/thepueblatimes.mx\/#\/schema\/person\/1664894c2f65ce2c7a08d8f5f905c13c\"},\"breadcrumb\":{\"@id\":\"https:\/\/thepueblatimes.mx\/index.php\/2024\/07\/24\/en-puebla-nueve-personas-hospitalizadas-por-dengue-salud\/#breadcrumb\"},\"inLanguage\":\"es\",\"potentialAction\":[{\"@type\":\"ReadAction\",\"target\":[\"https:\/\/thepueblatimes.mx\/index.php\/2024\/07\/24\/en-puebla-nueve-personas-hospitalizadas-por-dengue-salud\/\"]}]},{\"@type\":\"BreadcrumbList\",\"@id\":\"https:\/\/thepueblatimes.mx\/index.php\/2024\/07\/24\/en-puebla-nueve-personas-hospitalizadas-por-dengue-salud\/#breadcrumb\",\"itemListElement\":[{\"@type\":\"ListItem\",\"position\":1,\"name\":\"Portada\",\"item\":\"https:\/\/thepueblatimes.mx\/\"},{\"@type\":\"ListItem\",\"position\":2,\"name\":\"En Puebla, nueve personas hospitalizadas por dengue: Salud\"}]},{\"@type\":\"WebSite\",\"@id\":\"https:\/\/thepueblatimes.mx\/#website\",\"url\":\"https:\/\/thepueblatimes.mx\/\",\"name\":\"The Puebla Times\",\"description\":\"Noticias del Estado de Puebla\",\"potentialAction\":[{\"@type\":\"SearchAction\",\"target\":{\"@type\":\"EntryPoint\",\"urlTemplate\":\"https:\/\/thepueblatimes.mx\/?s={search_term_string}\"},\"query-input\":\"required name=search_term_string\"}],\"inLanguage\":\"es\"},{\"@type\":\"Person\",\"@id\":\"https:\/\/thepueblatimes.mx\/#\/schema\/person\/1664894c2f65ce2c7a08d8f5f905c13c\",\"name\":\"Sa\u00fal Hern\u00e1ndez\",\"image\":{\"@type\":\"ImageObject\",\"inLanguage\":\"es\",\"@id\":\"https:\/\/thepueblatimes.mx\/#\/schema\/person\/image\/\",\"url\":\"https:\/\/secure.gravatar.com\/avatar\/11be338693f243309532caad8f10c930?s=96&d=mm&r=g\",\"contentUrl\":\"https:\/\/secure.gravatar.com\/avatar\/11be338693f243309532caad8f10c930?s=96&d=mm&r=g\",\"caption\":\"Sa\u00fal Hern\u00e1ndez\"},\"url\":\"https:\/\/thepueblatimes.mx\/index.php\/author\/saulhernandez\/\"}]}<\/script>\n<!-- \/ Yoast SEO plugin. -->","yoast_head_json":{"title":"En Puebla, nueve personas hospitalizadas por dengue: Salud - The Puebla Times","robots":{"index":"index","follow":"follow","max-snippet":"max-snippet:-1","max-image-preview":"max-image-preview:large","max-video-preview":"max-video-preview:-1"},"canonical":"https:\/\/thepueblatimes.mx\/index.php\/2024\/07\/24\/en-puebla-nueve-personas-hospitalizadas-por-dengue-salud\/","og_locale":"es_ES","og_type":"article","og_title":"En Puebla, nueve personas hospitalizadas por dengue: Salud - The Puebla Times","og_description":"&#8211; En las \u00faltimas 24 horas se registraron cinco nuevos contagios por esta enfermedad CIUDAD DE PUEBLA, Pue.-\u00a0En las \u00faltimas 24 horas en el estado se registraron nueve personas hospitalizadas y ninguna defunci\u00f3n por dengue, informa la Secretar\u00eda de Salud. La titular de la dependencia, Araceli Soria C\u00f3rdoba puntualiz\u00f3 que, al corte del 23 de...","og_url":"https:\/\/thepueblatimes.mx\/index.php\/2024\/07\/24\/en-puebla-nueve-personas-hospitalizadas-por-dengue-salud\/","og_site_name":"The Puebla Times","article_published_time":"2024-07-24T19:38:34+00:00","og_image":[{"width":1178,"height":659,"url":"https:\/\/thepueblatimes.mx\/wp-content\/uploads\/2024\/07\/mosquito-virus-zika-1.jpg","type":"image\/jpeg"}],"author":"Sa\u00fal Hern\u00e1ndez","twitter_card":"summary_large_image","twitter_misc":{"Escrito por":"Sa\u00fal Hern\u00e1ndez","Tiempo de lectura":"1 minuto"},"schema":{"@context":"https:\/\/schema.org","@graph":[{"@type":"WebPage","@id":"https:\/\/thepueblatimes.mx\/index.php\/2024\/07\/24\/en-puebla-nueve-personas-hospitalizadas-por-dengue-salud\/","url":"https:\/\/thepueblatimes.mx\/index.php\/2024\/07\/24\/en-puebla-nueve-personas-hospitalizadas-por-dengue-salud\/","name":"En Puebla, nueve personas hospitalizadas por dengue: Salud - The Puebla Times","isPartOf":{"@id":"https:\/\/thepueblatimes.mx\/#website"},"datePublished":"2024-07-24T19:38:34+00:00","dateModified":"2024-07-24T19:38:34+00:00","author":{"@id":"https:\/\/thepueblatimes.mx\/#\/schema\/person\/1664894c2f65ce2c7a08d8f5f905c13c"},"breadcrumb":{"@id":"https:\/\/thepueblatimes.mx\/index.php\/2024\/07\/24\/en-puebla-nueve-personas-hospitalizadas-por-dengue-salud\/#breadcrumb"},"inLanguage":"es","potentialAction":[{"@type":"ReadAction","target":["https:\/\/thepueblatimes.mx\/index.php\/2024\/07\/24\/en-puebla-nueve-personas-hospitalizadas-por-dengue-salud\/"]}]},{"@type":"BreadcrumbList","@id":"https:\/\/thepueblatimes.mx\/index.php\/2024\/07\/24\/en-puebla-nueve-personas-hospitalizadas-por-dengue-salud\/#breadcrumb","itemListElement":[{"@type":"ListItem","position":1,"name":"Portada","item":"https:\/\/thepueblatimes.mx\/"},{"@type":"ListItem","position":2,"name":"En Puebla, nueve personas hospitalizadas por dengue: Salud"}]},{"@type":"WebSite","@id":"https:\/\/thepueblatimes.mx\/#website","url":"https:\/\/thepueblatimes.mx\/","name":"The Puebla Times","description":"Noticias del Estado de Puebla","potentialAction":[{"@type":"SearchAction","target":{"@type":"EntryPoint","urlTemplate":"https:\/\/thepueblatimes.mx\/?s={search_term_string}"},"query-input":"required name=search_term_string"}],"inLanguage":"es"},{"@type":"Person","@id":"https:\/\/thepueblatimes.mx\/#\/schema\/person\/1664894c2f65ce2c7a08d8f5f905c13c","name":"Sa\u00fal Hern\u00e1ndez","image":{"@type":"ImageObject","inLanguage":"es","@id":"https:\/\/thepueblatimes.mx\/#\/schema\/person\/image\/","url":"https:\/\/secure.gravatar.com\/avatar\/11be338693f243309532caad8f10c930?s=96&d=mm&r=g","contentUrl":"https:\/\/secure.gravatar.com\/avatar\/11be338693f243309532caad8f10c930?s=96&d=mm&r=g","caption":"Sa\u00fal Hern\u00e1ndez"},"url":"https:\/\/thepueblatimes.mx\/index.php\/author\/saulhernandez\/"}]}},"jetpack_featured_media_url":"https:\/\/thepueblatimes.mx\/wp-content\/uploads\/2024\/07\/mosquito-virus-zika-1.jpg","_links":{"self":[{"href":"https:\/\/thepueblatimes.mx\/index.php\/wp-json\/wp\/v2\/posts\/23838"}],"collection":[{"href":"https:\/\/thepueblatimes.mx\/index.php\/wp-json\/wp\/v2\/posts"}],"about":[{"href":"https:\/\/thepueblatimes.mx\/index.php\/wp-json\/wp\/v2\/types\/post"}],"author":[{"embeddable":true,"href":"https:\/\/thepueblatimes.mx\/index.php\/wp-json\/wp\/v2\/users\/16"}],"replies":[{"embeddable":true,"href":"https:\/\/thepueblatimes.mx\/index.php\/wp-json\/wp\/v2\/comments?post=23838"}],"version-history":[{"count":1,"href":"https:\/\/thepueblatimes.mx\/index.php\/wp-json\/wp\/v2\/posts\/23838\/revisions"}],"predecessor-version":[{"id":23840,"href":"https:\/\/thepueblatimes.mx\/index.php\/wp-json\/wp\/v2\/posts\/23838\/revisions\/23840"}],"wp:featuredmedia":[{"embeddable":true,"href":"https:\/\/thepueblatimes.mx\/index.php\/wp-json\/wp\/v2\/media\/23839"}],"wp:attachment":[{"href":"https:\/\/thepueblatimes.mx\/index.php\/wp-json\/wp\/v2\/media?parent=23838"}],"wp:term":[{"taxonomy":"category","embeddable":true,"href":"https:\/\/thepueblatimes.mx\/index.php\/wp-json\/wp\/v2\/categories?post=23838"},{"taxonomy":"post_tag","embeddable":true,"href":"https:\/\/thepueblatimes.mx\/index.php\/wp-json\/wp\/v2\/tags?post=23838"}],"curies":[{"name":"wp","href":"https:\/\/api.w.org\/{rel}","templated":true}]}}