{"id":23635,"date":"2024-07-04T17:55:14","date_gmt":"2024-07-04T23:55:14","guid":{"rendered":"https:\/\/thepueblatimes.mx\/?p=23635"},"modified":"2024-07-04T17:55:14","modified_gmt":"2024-07-04T23:55:14","slug":"rinde-lxi-legislatura-homenaje-postumo-al-diputado-carlos-navarro-corro","status":"publish","type":"post","link":"https:\/\/thepueblatimes.mx\/index.php\/2024\/07\/04\/rinde-lxi-legislatura-homenaje-postumo-al-diputado-carlos-navarro-corro\/","title":{"rendered":"Rinde LXI Legislatura homenaje p\u00f3stumo al diputado Carlos Navarro Corro"},"content":{"rendered":"<h3><em>&#8211; Edgar Garmendia de los Santos, presidente del Congreso, resalt\u00f3 que el legislador dejar\u00e1 una huella imborrable<\/em><\/h3>\n<h3><em>&#8211; Carlos Navarro fue una persona comprometida con el bienestar de la gente: gobernador Sergio Salom\u00f3n C\u00e9spedes <\/em><\/h3>\n<p>&nbsp;<\/p>\n<p>El gobernador de Puebla, Sergio Salom\u00f3n C\u00e9spedes Peregrina; diputadas y diputados de la LXI Legislatura, encabezados por el presidente del Congreso del Estado, Edgar Garmendia de los Santos; el presidente del Consejo de la Judicatura, Jos\u00e9 Eduardo Hern\u00e1ndez S\u00e1nchez; familiares y amigos del diputado Carlos Froyl\u00e1n Navarro Corro participaron en el homenaje p\u00f3stumo dedicado al legislador, tras su fallecimiento el pasado 2 de julio.<\/p>\n<p>&nbsp;<\/p>\n<p>El presidente de la Junta de Gobierno y Coordinaci\u00f3n Pol\u00edtica de la LXI Legislatura, Edgar Garmendia de los Santos record\u00f3 al legislador como un hombre que dej\u00f3 una huella imborrable, que estuvo a la altura de las y los poblanos, pero sobre todo de las personas m\u00e1s vulnerables de la entidad.<\/p>\n<p>&nbsp;<\/p>\n<p>Expuso que la LXI Legislatura se fortaleci\u00f3 con un hombre que crey\u00f3 en sus convicciones y luch\u00f3 por ellas, tambi\u00e9n dej\u00f3 como ense\u00f1anza el no detenerse a pesar de haber llegado a la meta; fue un hombre que supo trascender su historia y su tiempo.<\/p>\n<p>&nbsp;<\/p>\n<p>Por su parte, el gobernador de Puebla, Sergio Salom\u00f3n C\u00e9spedes Peregrina destac\u00f3 que el diputado Carlos Navarro fue una persona comprometida con el bienestar de la gente, sus propuestas y dedicaci\u00f3n por las causas justas dejan un legado que trascender\u00e1 en el tiempo.<\/p>\n<p>&nbsp;<\/p>\n<p>Del mismo modo, expres\u00f3 que el legislador se caracteriz\u00f3 por ser un hombre \u00edntegro y de convicciones, as\u00ed lo demostr\u00f3 en las aulas como docente y en el resto de su trayectoria.<\/p>\n<p>&nbsp;<\/p>\n<p>Durante el homenaje, las y los integrantes de la Junta de Gobierno y Coordinaci\u00f3n Pol\u00edtica montaron la primera guardia de honor, posteriormente, las diputadas y diputados miembros de la Mesa Directiva, as\u00ed como las y los legisladores de los diferentes Grupos y Representaciones Legislativas.<\/p>\n<p>&nbsp;<\/p>\n<p>Familiares del diputado tambi\u00e9n montaron una guardia de honor, mientras que el gobernador Sergio Salom\u00f3n C\u00e9spedes Peregrina y el magistrado presidente del Consejo de la Judicatura del Poder Judicial, Jos\u00e9 Eduardo Hern\u00e1ndez S\u00e1nchez, participaron en la colocaci\u00f3n del arreglo floral en memoria del legislador.<\/p>\n","protected":false},"excerpt":{"rendered":"<p>&#8211; Edgar Garmendia de los Santos, presidente del Congreso, resalt\u00f3 que el legislador dejar\u00e1 una huella imborrable &#8211; Carlos Navarro fue una persona comprometida con el bienestar de la gente: gobernador Sergio Salom\u00f3n C\u00e9spedes &nbsp; El gobernador de Puebla, Sergio Salom\u00f3n C\u00e9spedes Peregrina; diputadas y diputados de la LXI Legislatura, encabezados por el presidente del&#8230;<\/p>\n","protected":false},"author":16,"featured_media":23636,"comment_status":"closed","ping_status":"closed","sticky":false,"template":"","format":"standard","meta":[],"categories":[3],"tags":[1608,1271],"yoast_head":"<!-- This site is optimized with the Yoast SEO plugin v20.8 - https:\/\/yoast.com\/wordpress\/plugins\/seo\/ -->\n<title>Rinde LXI Legislatura homenaje p\u00f3stumo al diputado Carlos Navarro Corro - The Puebla Times<\/title>\n<meta name=\"robots\" content=\"index, follow, max-snippet:-1, max-image-preview:large, max-video-preview:-1\" \/>\n<link rel=\"canonical\" href=\"https:\/\/thepueblatimes.mx\/index.php\/2024\/07\/04\/rinde-lxi-legislatura-homenaje-postumo-al-diputado-carlos-navarro-corro\/\" \/>\n<meta property=\"og:locale\" content=\"es_ES\" \/>\n<meta property=\"og:type\" content=\"article\" \/>\n<meta property=\"og:title\" content=\"Rinde LXI Legislatura homenaje p\u00f3stumo al diputado Carlos Navarro Corro - The Puebla Times\" \/>\n<meta property=\"og:description\" content=\"&#8211; Edgar Garmendia de los Santos, presidente del Congreso, resalt\u00f3 que el legislador dejar\u00e1 una huella imborrable &#8211; Carlos Navarro fue una persona comprometida con el bienestar de la gente: gobernador Sergio Salom\u00f3n C\u00e9spedes &nbsp; El gobernador de Puebla, Sergio Salom\u00f3n C\u00e9spedes Peregrina; diputadas y diputados de la LXI Legislatura, encabezados por el presidente del...\" \/>\n<meta property=\"og:url\" content=\"https:\/\/thepueblatimes.mx\/index.php\/2024\/07\/04\/rinde-lxi-legislatura-homenaje-postumo-al-diputado-carlos-navarro-corro\/\" \/>\n<meta property=\"og:site_name\" content=\"The Puebla Times\" \/>\n<meta property=\"article:published_time\" content=\"2024-07-04T23:55:14+00:00\" \/>\n<meta property=\"og:image\" content=\"https:\/\/thepueblatimes.mx\/wp-content\/uploads\/2024\/07\/WhatsApp-Image-2024-07-04-at-11.15.02.jpeg\" \/>\n\t<meta property=\"og:image:width\" content=\"1600\" \/>\n\t<meta property=\"og:image:height\" content=\"1066\" \/>\n\t<meta property=\"og:image:type\" content=\"image\/jpeg\" \/>\n<meta name=\"author\" content=\"Sa\u00fal Hern\u00e1ndez\" \/>\n<meta name=\"twitter:card\" content=\"summary_large_image\" \/>\n<meta name=\"twitter:label1\" content=\"Escrito por\" \/>\n\t<meta name=\"twitter:data1\" content=\"Sa\u00fal Hern\u00e1ndez\" \/>\n\t<meta name=\"twitter:label2\" content=\"Tiempo de lectura\" \/>\n\t<meta name=\"twitter:data2\" content=\"2 minutos\" \/>\n<script type=\"application\/ld+json\" class=\"yoast-schema-graph\">{\"@context\":\"https:\/\/schema.org\",\"@graph\":[{\"@type\":\"WebPage\",\"@id\":\"https:\/\/thepueblatimes.mx\/index.php\/2024\/07\/04\/rinde-lxi-legislatura-homenaje-postumo-al-diputado-carlos-navarro-corro\/\",\"url\":\"https:\/\/thepueblatimes.mx\/index.php\/2024\/07\/04\/rinde-lxi-legislatura-homenaje-postumo-al-diputado-carlos-navarro-corro\/\",\"name\":\"Rinde LXI Legislatura homenaje p\u00f3stumo al diputado Carlos Navarro Corro - The Puebla Times\",\"isPartOf\":{\"@id\":\"https:\/\/thepueblatimes.mx\/#website\"},\"datePublished\":\"2024-07-04T23:55:14+00:00\",\"dateModified\":\"2024-07-04T23:55:14+00:00\",\"author\":{\"@id\":\"https:\/\/thepueblatimes.mx\/#\/schema\/person\/1664894c2f65ce2c7a08d8f5f905c13c\"},\"breadcrumb\":{\"@id\":\"https:\/\/thepueblatimes.mx\/index.php\/2024\/07\/04\/rinde-lxi-legislatura-homenaje-postumo-al-diputado-carlos-navarro-corro\/#breadcrumb\"},\"inLanguage\":\"es\",\"potentialAction\":[{\"@type\":\"ReadAction\",\"target\":[\"https:\/\/thepueblatimes.mx\/index.php\/2024\/07\/04\/rinde-lxi-legislatura-homenaje-postumo-al-diputado-carlos-navarro-corro\/\"]}]},{\"@type\":\"BreadcrumbList\",\"@id\":\"https:\/\/thepueblatimes.mx\/index.php\/2024\/07\/04\/rinde-lxi-legislatura-homenaje-postumo-al-diputado-carlos-navarro-corro\/#breadcrumb\",\"itemListElement\":[{\"@type\":\"ListItem\",\"position\":1,\"name\":\"Portada\",\"item\":\"https:\/\/thepueblatimes.mx\/\"},{\"@type\":\"ListItem\",\"position\":2,\"name\":\"Rinde LXI Legislatura homenaje p\u00f3stumo al diputado Carlos Navarro Corro\"}]},{\"@type\":\"WebSite\",\"@id\":\"https:\/\/thepueblatimes.mx\/#website\",\"url\":\"https:\/\/thepueblatimes.mx\/\",\"name\":\"The Puebla Times\",\"description\":\"Noticias del Estado de Puebla\",\"potentialAction\":[{\"@type\":\"SearchAction\",\"target\":{\"@type\":\"EntryPoint\",\"urlTemplate\":\"https:\/\/thepueblatimes.mx\/?s={search_term_string}\"},\"query-input\":\"required name=search_term_string\"}],\"inLanguage\":\"es\"},{\"@type\":\"Person\",\"@id\":\"https:\/\/thepueblatimes.mx\/#\/schema\/person\/1664894c2f65ce2c7a08d8f5f905c13c\",\"name\":\"Sa\u00fal Hern\u00e1ndez\",\"image\":{\"@type\":\"ImageObject\",\"inLanguage\":\"es\",\"@id\":\"https:\/\/thepueblatimes.mx\/#\/schema\/person\/image\/\",\"url\":\"https:\/\/secure.gravatar.com\/avatar\/11be338693f243309532caad8f10c930?s=96&d=mm&r=g\",\"contentUrl\":\"https:\/\/secure.gravatar.com\/avatar\/11be338693f243309532caad8f10c930?s=96&d=mm&r=g\",\"caption\":\"Sa\u00fal Hern\u00e1ndez\"},\"url\":\"https:\/\/thepueblatimes.mx\/index.php\/author\/saulhernandez\/\"}]}<\/script>\n<!-- \/ Yoast SEO plugin. -->","yoast_head_json":{"title":"Rinde LXI Legislatura homenaje p\u00f3stumo al diputado Carlos Navarro Corro - The Puebla Times","robots":{"index":"index","follow":"follow","max-snippet":"max-snippet:-1","max-image-preview":"max-image-preview:large","max-video-preview":"max-video-preview:-1"},"canonical":"https:\/\/thepueblatimes.mx\/index.php\/2024\/07\/04\/rinde-lxi-legislatura-homenaje-postumo-al-diputado-carlos-navarro-corro\/","og_locale":"es_ES","og_type":"article","og_title":"Rinde LXI Legislatura homenaje p\u00f3stumo al diputado Carlos Navarro Corro - The Puebla Times","og_description":"&#8211; Edgar Garmendia de los Santos, presidente del Congreso, resalt\u00f3 que el legislador dejar\u00e1 una huella imborrable &#8211; Carlos Navarro fue una persona comprometida con el bienestar de la gente: gobernador Sergio Salom\u00f3n C\u00e9spedes &nbsp; El gobernador de Puebla, Sergio Salom\u00f3n C\u00e9spedes Peregrina; diputadas y diputados de la LXI Legislatura, encabezados por el presidente del...","og_url":"https:\/\/thepueblatimes.mx\/index.php\/2024\/07\/04\/rinde-lxi-legislatura-homenaje-postumo-al-diputado-carlos-navarro-corro\/","og_site_name":"The Puebla Times","article_published_time":"2024-07-04T23:55:14+00:00","og_image":[{"width":1600,"height":1066,"url":"https:\/\/thepueblatimes.mx\/wp-content\/uploads\/2024\/07\/WhatsApp-Image-2024-07-04-at-11.15.02.jpeg","type":"image\/jpeg"}],"author":"Sa\u00fal Hern\u00e1ndez","twitter_card":"summary_large_image","twitter_misc":{"Escrito por":"Sa\u00fal Hern\u00e1ndez","Tiempo de lectura":"2 minutos"},"schema":{"@context":"https:\/\/schema.org","@graph":[{"@type":"WebPage","@id":"https:\/\/thepueblatimes.mx\/index.php\/2024\/07\/04\/rinde-lxi-legislatura-homenaje-postumo-al-diputado-carlos-navarro-corro\/","url":"https:\/\/thepueblatimes.mx\/index.php\/2024\/07\/04\/rinde-lxi-legislatura-homenaje-postumo-al-diputado-carlos-navarro-corro\/","name":"Rinde LXI Legislatura homenaje p\u00f3stumo al diputado Carlos Navarro Corro - The Puebla Times","isPartOf":{"@id":"https:\/\/thepueblatimes.mx\/#website"},"datePublished":"2024-07-04T23:55:14+00:00","dateModified":"2024-07-04T23:55:14+00:00","author":{"@id":"https:\/\/thepueblatimes.mx\/#\/schema\/person\/1664894c2f65ce2c7a08d8f5f905c13c"},"breadcrumb":{"@id":"https:\/\/thepueblatimes.mx\/index.php\/2024\/07\/04\/rinde-lxi-legislatura-homenaje-postumo-al-diputado-carlos-navarro-corro\/#breadcrumb"},"inLanguage":"es","potentialAction":[{"@type":"ReadAction","target":["https:\/\/thepueblatimes.mx\/index.php\/2024\/07\/04\/rinde-lxi-legislatura-homenaje-postumo-al-diputado-carlos-navarro-corro\/"]}]},{"@type":"BreadcrumbList","@id":"https:\/\/thepueblatimes.mx\/index.php\/2024\/07\/04\/rinde-lxi-legislatura-homenaje-postumo-al-diputado-carlos-navarro-corro\/#breadcrumb","itemListElement":[{"@type":"ListItem","position":1,"name":"Portada","item":"https:\/\/thepueblatimes.mx\/"},{"@type":"ListItem","position":2,"name":"Rinde LXI Legislatura homenaje p\u00f3stumo al diputado Carlos Navarro Corro"}]},{"@type":"WebSite","@id":"https:\/\/thepueblatimes.mx\/#website","url":"https:\/\/thepueblatimes.mx\/","name":"The Puebla Times","description":"Noticias del Estado de Puebla","potentialAction":[{"@type":"SearchAction","target":{"@type":"EntryPoint","urlTemplate":"https:\/\/thepueblatimes.mx\/?s={search_term_string}"},"query-input":"required name=search_term_string"}],"inLanguage":"es"},{"@type":"Person","@id":"https:\/\/thepueblatimes.mx\/#\/schema\/person\/1664894c2f65ce2c7a08d8f5f905c13c","name":"Sa\u00fal Hern\u00e1ndez","image":{"@type":"ImageObject","inLanguage":"es","@id":"https:\/\/thepueblatimes.mx\/#\/schema\/person\/image\/","url":"https:\/\/secure.gravatar.com\/avatar\/11be338693f243309532caad8f10c930?s=96&d=mm&r=g","contentUrl":"https:\/\/secure.gravatar.com\/avatar\/11be338693f243309532caad8f10c930?s=96&d=mm&r=g","caption":"Sa\u00fal Hern\u00e1ndez"},"url":"https:\/\/thepueblatimes.mx\/index.php\/author\/saulhernandez\/"}]}},"jetpack_featured_media_url":"https:\/\/thepueblatimes.mx\/wp-content\/uploads\/2024\/07\/WhatsApp-Image-2024-07-04-at-11.15.02.jpeg","_links":{"self":[{"href":"https:\/\/thepueblatimes.mx\/index.php\/wp-json\/wp\/v2\/posts\/23635"}],"collection":[{"href":"https:\/\/thepueblatimes.mx\/index.php\/wp-json\/wp\/v2\/posts"}],"about":[{"href":"https:\/\/thepueblatimes.mx\/index.php\/wp-json\/wp\/v2\/types\/post"}],"author":[{"embeddable":true,"href":"https:\/\/thepueblatimes.mx\/index.php\/wp-json\/wp\/v2\/users\/16"}],"replies":[{"embeddable":true,"href":"https:\/\/thepueblatimes.mx\/index.php\/wp-json\/wp\/v2\/comments?post=23635"}],"version-history":[{"count":1,"href":"https:\/\/thepueblatimes.mx\/index.php\/wp-json\/wp\/v2\/posts\/23635\/revisions"}],"predecessor-version":[{"id":23637,"href":"https:\/\/thepueblatimes.mx\/index.php\/wp-json\/wp\/v2\/posts\/23635\/revisions\/23637"}],"wp:featuredmedia":[{"embeddable":true,"href":"https:\/\/thepueblatimes.mx\/index.php\/wp-json\/wp\/v2\/media\/23636"}],"wp:attachment":[{"href":"https:\/\/thepueblatimes.mx\/index.php\/wp-json\/wp\/v2\/media?parent=23635"}],"wp:term":[{"taxonomy":"category","embeddable":true,"href":"https:\/\/thepueblatimes.mx\/index.php\/wp-json\/wp\/v2\/categories?post=23635"},{"taxonomy":"post_tag","embeddable":true,"href":"https:\/\/thepueblatimes.mx\/index.php\/wp-json\/wp\/v2\/tags?post=23635"}],"curies":[{"name":"wp","href":"https:\/\/api.w.org\/{rel}","templated":true}]}}