{"id":23431,"date":"2024-06-19T13:06:27","date_gmt":"2024-06-19T19:06:27","guid":{"rendered":"https:\/\/thepueblatimes.mx\/?p=23431"},"modified":"2024-06-19T13:06:27","modified_gmt":"2024-06-19T19:06:27","slug":"grupo-delictivo-dispara-contra-policias-para-rescatar-a-2-detenidos-en-quecholac-hay-un-delincuente-muerto","status":"publish","type":"post","link":"https:\/\/thepueblatimes.mx\/index.php\/2024\/06\/19\/grupo-delictivo-dispara-contra-policias-para-rescatar-a-2-detenidos-en-quecholac-hay-un-delincuente-muerto\/","title":{"rendered":"Grupo delictivo dispara contra polic\u00edas para rescatar a 2 detenidos en Quecholac; hay un delincuente muerto"},"content":{"rendered":"<p>POR REDACCI\u00d3N<\/p>\n<p>Un grupo delictivo dispar\u00f3 contra elementos de la Polic\u00edas Municipal para rescatar a dos hombres que fueron detenidos en Quecholac, por un robo a un cuentahabiente.<\/p>\n<p>La balacera se registr\u00f3 sobre la carretera Tecamachalco-Ca\u00f1ada Morelos cuando los asaltantes eran trasladados a la agencia del Ministerio P\u00fablico.<\/p>\n<p>Los sujetos, que fueron detenidos por los polic\u00edas, viajaban en una motocicleta, pero sus c\u00f3mplices lograron huir tras el atraco a bordo de un autom\u00f3vil. Horas despu\u00e9s, buscaron la patrulla para realizar el rescate.<\/p>\n<p>En el intercambio de balas uno de los delincuente que trat\u00f3 de huir fue abatido, sin que de tenga informaci\u00f3n si hay personas heridas. El otro hombre, s\u00ed fue rescatado.<\/p>\n<p>Cabe decir que los detenidos fueron capturados la tarde de este martes, cerca del Oxxo ubicado a un lado del parque de Quecholac, tras despojar de una fuerte cantidad de dinero a un campesino de Palmarito Tochapan.<\/p>\n<p>La v\u00edctima fue seguida por los ladrones para despojarla de 320 mil pesos.<\/p>\n","protected":false},"excerpt":{"rendered":"<p>POR REDACCI\u00d3N Un grupo delictivo dispar\u00f3 contra elementos de la Polic\u00edas Municipal para rescatar a dos hombres que fueron detenidos en Quecholac, por un robo a un cuentahabiente. La balacera se registr\u00f3 sobre la carretera Tecamachalco-Ca\u00f1ada Morelos cuando los asaltantes eran trasladados a la agencia del Ministerio P\u00fablico. Los sujetos, que fueron detenidos por los&#8230;<\/p>\n","protected":false},"author":16,"featured_media":23432,"comment_status":"closed","ping_status":"closed","sticky":false,"template":"","format":"standard","meta":[],"categories":[121],"tags":[1416,1965,436],"yoast_head":"<!-- This site is optimized with the Yoast SEO plugin v20.8 - https:\/\/yoast.com\/wordpress\/plugins\/seo\/ -->\n<title>Grupo delictivo dispara contra polic\u00edas para rescatar a 2 detenidos en Quecholac; hay un delincuente muerto - The Puebla Times<\/title>\n<meta name=\"robots\" content=\"index, follow, max-snippet:-1, max-image-preview:large, max-video-preview:-1\" \/>\n<link rel=\"canonical\" href=\"https:\/\/thepueblatimes.mx\/index.php\/2024\/06\/19\/grupo-delictivo-dispara-contra-policias-para-rescatar-a-2-detenidos-en-quecholac-hay-un-delincuente-muerto\/\" \/>\n<meta property=\"og:locale\" content=\"es_ES\" \/>\n<meta property=\"og:type\" content=\"article\" \/>\n<meta property=\"og:title\" content=\"Grupo delictivo dispara contra polic\u00edas para rescatar a 2 detenidos en Quecholac; hay un delincuente muerto - The Puebla Times\" \/>\n<meta property=\"og:description\" content=\"POR REDACCI\u00d3N Un grupo delictivo dispar\u00f3 contra elementos de la Polic\u00edas Municipal para rescatar a dos hombres que fueron detenidos en Quecholac, por un robo a un cuentahabiente. La balacera se registr\u00f3 sobre la carretera Tecamachalco-Ca\u00f1ada Morelos cuando los asaltantes eran trasladados a la agencia del Ministerio P\u00fablico. Los sujetos, que fueron detenidos por los...\" \/>\n<meta property=\"og:url\" content=\"https:\/\/thepueblatimes.mx\/index.php\/2024\/06\/19\/grupo-delictivo-dispara-contra-policias-para-rescatar-a-2-detenidos-en-quecholac-hay-un-delincuente-muerto\/\" \/>\n<meta property=\"og:site_name\" content=\"The Puebla Times\" \/>\n<meta property=\"article:published_time\" content=\"2024-06-19T19:06:27+00:00\" \/>\n<meta property=\"og:image\" content=\"https:\/\/thepueblatimes.mx\/wp-content\/uploads\/2024\/06\/comando-armado-Tecamachalco.webp\" \/>\n\t<meta property=\"og:image:width\" content=\"1200\" \/>\n\t<meta property=\"og:image:height\" content=\"675\" \/>\n\t<meta property=\"og:image:type\" content=\"image\/webp\" \/>\n<meta name=\"author\" content=\"Sa\u00fal Hern\u00e1ndez\" \/>\n<meta name=\"twitter:card\" content=\"summary_large_image\" \/>\n<meta name=\"twitter:label1\" content=\"Escrito por\" \/>\n\t<meta name=\"twitter:data1\" content=\"Sa\u00fal Hern\u00e1ndez\" \/>\n\t<meta name=\"twitter:label2\" content=\"Tiempo de lectura\" \/>\n\t<meta name=\"twitter:data2\" content=\"1 minuto\" \/>\n<script type=\"application\/ld+json\" class=\"yoast-schema-graph\">{\"@context\":\"https:\/\/schema.org\",\"@graph\":[{\"@type\":\"WebPage\",\"@id\":\"https:\/\/thepueblatimes.mx\/index.php\/2024\/06\/19\/grupo-delictivo-dispara-contra-policias-para-rescatar-a-2-detenidos-en-quecholac-hay-un-delincuente-muerto\/\",\"url\":\"https:\/\/thepueblatimes.mx\/index.php\/2024\/06\/19\/grupo-delictivo-dispara-contra-policias-para-rescatar-a-2-detenidos-en-quecholac-hay-un-delincuente-muerto\/\",\"name\":\"Grupo delictivo dispara contra polic\u00edas para rescatar a 2 detenidos en Quecholac; hay un delincuente muerto - The Puebla Times\",\"isPartOf\":{\"@id\":\"https:\/\/thepueblatimes.mx\/#website\"},\"datePublished\":\"2024-06-19T19:06:27+00:00\",\"dateModified\":\"2024-06-19T19:06:27+00:00\",\"author\":{\"@id\":\"https:\/\/thepueblatimes.mx\/#\/schema\/person\/1664894c2f65ce2c7a08d8f5f905c13c\"},\"breadcrumb\":{\"@id\":\"https:\/\/thepueblatimes.mx\/index.php\/2024\/06\/19\/grupo-delictivo-dispara-contra-policias-para-rescatar-a-2-detenidos-en-quecholac-hay-un-delincuente-muerto\/#breadcrumb\"},\"inLanguage\":\"es\",\"potentialAction\":[{\"@type\":\"ReadAction\",\"target\":[\"https:\/\/thepueblatimes.mx\/index.php\/2024\/06\/19\/grupo-delictivo-dispara-contra-policias-para-rescatar-a-2-detenidos-en-quecholac-hay-un-delincuente-muerto\/\"]}]},{\"@type\":\"BreadcrumbList\",\"@id\":\"https:\/\/thepueblatimes.mx\/index.php\/2024\/06\/19\/grupo-delictivo-dispara-contra-policias-para-rescatar-a-2-detenidos-en-quecholac-hay-un-delincuente-muerto\/#breadcrumb\",\"itemListElement\":[{\"@type\":\"ListItem\",\"position\":1,\"name\":\"Portada\",\"item\":\"https:\/\/thepueblatimes.mx\/\"},{\"@type\":\"ListItem\",\"position\":2,\"name\":\"Grupo delictivo dispara contra polic\u00edas para rescatar a 2 detenidos en Quecholac; hay un delincuente muerto\"}]},{\"@type\":\"WebSite\",\"@id\":\"https:\/\/thepueblatimes.mx\/#website\",\"url\":\"https:\/\/thepueblatimes.mx\/\",\"name\":\"The Puebla Times\",\"description\":\"Noticias del Estado de Puebla\",\"potentialAction\":[{\"@type\":\"SearchAction\",\"target\":{\"@type\":\"EntryPoint\",\"urlTemplate\":\"https:\/\/thepueblatimes.mx\/?s={search_term_string}\"},\"query-input\":\"required name=search_term_string\"}],\"inLanguage\":\"es\"},{\"@type\":\"Person\",\"@id\":\"https:\/\/thepueblatimes.mx\/#\/schema\/person\/1664894c2f65ce2c7a08d8f5f905c13c\",\"name\":\"Sa\u00fal Hern\u00e1ndez\",\"image\":{\"@type\":\"ImageObject\",\"inLanguage\":\"es\",\"@id\":\"https:\/\/thepueblatimes.mx\/#\/schema\/person\/image\/\",\"url\":\"https:\/\/secure.gravatar.com\/avatar\/11be338693f243309532caad8f10c930?s=96&d=mm&r=g\",\"contentUrl\":\"https:\/\/secure.gravatar.com\/avatar\/11be338693f243309532caad8f10c930?s=96&d=mm&r=g\",\"caption\":\"Sa\u00fal Hern\u00e1ndez\"},\"url\":\"https:\/\/thepueblatimes.mx\/index.php\/author\/saulhernandez\/\"}]}<\/script>\n<!-- \/ Yoast SEO plugin. -->","yoast_head_json":{"title":"Grupo delictivo dispara contra polic\u00edas para rescatar a 2 detenidos en Quecholac; hay un delincuente muerto - The Puebla Times","robots":{"index":"index","follow":"follow","max-snippet":"max-snippet:-1","max-image-preview":"max-image-preview:large","max-video-preview":"max-video-preview:-1"},"canonical":"https:\/\/thepueblatimes.mx\/index.php\/2024\/06\/19\/grupo-delictivo-dispara-contra-policias-para-rescatar-a-2-detenidos-en-quecholac-hay-un-delincuente-muerto\/","og_locale":"es_ES","og_type":"article","og_title":"Grupo delictivo dispara contra polic\u00edas para rescatar a 2 detenidos en Quecholac; hay un delincuente muerto - The Puebla Times","og_description":"POR REDACCI\u00d3N Un grupo delictivo dispar\u00f3 contra elementos de la Polic\u00edas Municipal para rescatar a dos hombres que fueron detenidos en Quecholac, por un robo a un cuentahabiente. La balacera se registr\u00f3 sobre la carretera Tecamachalco-Ca\u00f1ada Morelos cuando los asaltantes eran trasladados a la agencia del Ministerio P\u00fablico. Los sujetos, que fueron detenidos por los...","og_url":"https:\/\/thepueblatimes.mx\/index.php\/2024\/06\/19\/grupo-delictivo-dispara-contra-policias-para-rescatar-a-2-detenidos-en-quecholac-hay-un-delincuente-muerto\/","og_site_name":"The Puebla Times","article_published_time":"2024-06-19T19:06:27+00:00","og_image":[{"width":1200,"height":675,"url":"https:\/\/thepueblatimes.mx\/wp-content\/uploads\/2024\/06\/comando-armado-Tecamachalco.webp","type":"image\/webp"}],"author":"Sa\u00fal Hern\u00e1ndez","twitter_card":"summary_large_image","twitter_misc":{"Escrito por":"Sa\u00fal Hern\u00e1ndez","Tiempo de lectura":"1 minuto"},"schema":{"@context":"https:\/\/schema.org","@graph":[{"@type":"WebPage","@id":"https:\/\/thepueblatimes.mx\/index.php\/2024\/06\/19\/grupo-delictivo-dispara-contra-policias-para-rescatar-a-2-detenidos-en-quecholac-hay-un-delincuente-muerto\/","url":"https:\/\/thepueblatimes.mx\/index.php\/2024\/06\/19\/grupo-delictivo-dispara-contra-policias-para-rescatar-a-2-detenidos-en-quecholac-hay-un-delincuente-muerto\/","name":"Grupo delictivo dispara contra polic\u00edas para rescatar a 2 detenidos en Quecholac; hay un delincuente muerto - The Puebla Times","isPartOf":{"@id":"https:\/\/thepueblatimes.mx\/#website"},"datePublished":"2024-06-19T19:06:27+00:00","dateModified":"2024-06-19T19:06:27+00:00","author":{"@id":"https:\/\/thepueblatimes.mx\/#\/schema\/person\/1664894c2f65ce2c7a08d8f5f905c13c"},"breadcrumb":{"@id":"https:\/\/thepueblatimes.mx\/index.php\/2024\/06\/19\/grupo-delictivo-dispara-contra-policias-para-rescatar-a-2-detenidos-en-quecholac-hay-un-delincuente-muerto\/#breadcrumb"},"inLanguage":"es","potentialAction":[{"@type":"ReadAction","target":["https:\/\/thepueblatimes.mx\/index.php\/2024\/06\/19\/grupo-delictivo-dispara-contra-policias-para-rescatar-a-2-detenidos-en-quecholac-hay-un-delincuente-muerto\/"]}]},{"@type":"BreadcrumbList","@id":"https:\/\/thepueblatimes.mx\/index.php\/2024\/06\/19\/grupo-delictivo-dispara-contra-policias-para-rescatar-a-2-detenidos-en-quecholac-hay-un-delincuente-muerto\/#breadcrumb","itemListElement":[{"@type":"ListItem","position":1,"name":"Portada","item":"https:\/\/thepueblatimes.mx\/"},{"@type":"ListItem","position":2,"name":"Grupo delictivo dispara contra polic\u00edas para rescatar a 2 detenidos en Quecholac; hay un delincuente muerto"}]},{"@type":"WebSite","@id":"https:\/\/thepueblatimes.mx\/#website","url":"https:\/\/thepueblatimes.mx\/","name":"The Puebla Times","description":"Noticias del Estado de Puebla","potentialAction":[{"@type":"SearchAction","target":{"@type":"EntryPoint","urlTemplate":"https:\/\/thepueblatimes.mx\/?s={search_term_string}"},"query-input":"required name=search_term_string"}],"inLanguage":"es"},{"@type":"Person","@id":"https:\/\/thepueblatimes.mx\/#\/schema\/person\/1664894c2f65ce2c7a08d8f5f905c13c","name":"Sa\u00fal Hern\u00e1ndez","image":{"@type":"ImageObject","inLanguage":"es","@id":"https:\/\/thepueblatimes.mx\/#\/schema\/person\/image\/","url":"https:\/\/secure.gravatar.com\/avatar\/11be338693f243309532caad8f10c930?s=96&d=mm&r=g","contentUrl":"https:\/\/secure.gravatar.com\/avatar\/11be338693f243309532caad8f10c930?s=96&d=mm&r=g","caption":"Sa\u00fal Hern\u00e1ndez"},"url":"https:\/\/thepueblatimes.mx\/index.php\/author\/saulhernandez\/"}]}},"jetpack_featured_media_url":"https:\/\/thepueblatimes.mx\/wp-content\/uploads\/2024\/06\/comando-armado-Tecamachalco.webp","_links":{"self":[{"href":"https:\/\/thepueblatimes.mx\/index.php\/wp-json\/wp\/v2\/posts\/23431"}],"collection":[{"href":"https:\/\/thepueblatimes.mx\/index.php\/wp-json\/wp\/v2\/posts"}],"about":[{"href":"https:\/\/thepueblatimes.mx\/index.php\/wp-json\/wp\/v2\/types\/post"}],"author":[{"embeddable":true,"href":"https:\/\/thepueblatimes.mx\/index.php\/wp-json\/wp\/v2\/users\/16"}],"replies":[{"embeddable":true,"href":"https:\/\/thepueblatimes.mx\/index.php\/wp-json\/wp\/v2\/comments?post=23431"}],"version-history":[{"count":1,"href":"https:\/\/thepueblatimes.mx\/index.php\/wp-json\/wp\/v2\/posts\/23431\/revisions"}],"predecessor-version":[{"id":23433,"href":"https:\/\/thepueblatimes.mx\/index.php\/wp-json\/wp\/v2\/posts\/23431\/revisions\/23433"}],"wp:featuredmedia":[{"embeddable":true,"href":"https:\/\/thepueblatimes.mx\/index.php\/wp-json\/wp\/v2\/media\/23432"}],"wp:attachment":[{"href":"https:\/\/thepueblatimes.mx\/index.php\/wp-json\/wp\/v2\/media?parent=23431"}],"wp:term":[{"taxonomy":"category","embeddable":true,"href":"https:\/\/thepueblatimes.mx\/index.php\/wp-json\/wp\/v2\/categories?post=23431"},{"taxonomy":"post_tag","embeddable":true,"href":"https:\/\/thepueblatimes.mx\/index.php\/wp-json\/wp\/v2\/tags?post=23431"}],"curies":[{"name":"wp","href":"https:\/\/api.w.org\/{rel}","templated":true}]}}