{"id":23334,"date":"2024-06-13T11:25:17","date_gmt":"2024-06-13T17:25:17","guid":{"rendered":"https:\/\/thepueblatimes.mx\/?p=23334"},"modified":"2024-06-13T11:25:17","modified_gmt":"2024-06-13T17:25:17","slug":"con-municipios-gobierno-estatal-promueve-obras-para-fortalecer-lazos-familiares","status":"publish","type":"post","link":"https:\/\/thepueblatimes.mx\/index.php\/2024\/06\/13\/con-municipios-gobierno-estatal-promueve-obras-para-fortalecer-lazos-familiares\/","title":{"rendered":"Con municipios, gobierno estatal promueve obras para fortalecer lazos familiares"},"content":{"rendered":"<h3><em>-El gobernador Sergio Salom\u00f3n presidi\u00f3 la inauguraci\u00f3n del Parque Ecol\u00f3gico \u00abQuetzalc\u00f3atl\u00bb en el municipio de Cuautlancingo<\/em><\/h3>\n<p>&nbsp;<\/p>\n<p><b>CUAUTLANCINGO, Pue.-<\/b>\u00a0En coordinaci\u00f3n con los 217 ayuntamientos, el gobierno de Puebla promueve obras para fortalecer los lazos familiares y el tejido social, manifest\u00f3 el gobernador Sergio Salom\u00f3n al presidir la inauguraci\u00f3n del Parque Ecol\u00f3gico \u00abQuetzalc\u00f3atl\u00bb en este municipio.<\/p>\n<p>&nbsp;<\/p>\n<p>En compa\u00f1\u00eda del edil, Filomeno Sarmiento Torres, el mandatario explic\u00f3 que invertir en este tipo de acciones tiene como fin generar espacios de encuentro, recreaci\u00f3n e identidad comunitaria. Asimismo, agreg\u00f3 que el rescate y creaci\u00f3n de \u00e1reas p\u00fablicas propician el sentido de comunidad, adem\u00e1s de que sirven de puente para fomentar las relaciones sociales, en especial las familiares.<\/p>\n<p>&nbsp;<\/p>\n<p>Recalc\u00f3 que, hasta el \u00faltimo minuto, su administraci\u00f3n no dejar\u00e1 de coadyuvar con las y los 217 alcaldes con la finalidad de que el progreso y bienestar sean consolidados en todos los rincones de la entidad.<\/p>\n<p>&nbsp;<\/p>\n<p>Con una inversi\u00f3n superior a los 15 millones de pesos, el gobierno presente de Sergio Salom\u00f3n construy\u00f3 el Parque Ecol\u00f3gico \u00abQuetzalc\u00f3atl\u00bb en la Reserva Territorial en el municipio de Cuautlancingo, donde m\u00e1s de 18 mil metros cuadrados servir\u00e1n para que las familias puedan convivir en espacios dignos, seguros y limpios, inform\u00f3 el secretario de Infraestructura, Luis Roberto Tenorio Garc\u00eda.<\/p>\n<p>&nbsp;<\/p>\n<p>Expuso que este espacio cuenta con: trotapista, canchas deportivas, pasillos, andadores, m\u00f3dulos sanitarios, caseta de vigilancia, palapas, asadores y \u00e1rea de estacionamiento.<\/p>\n<p>&nbsp;<\/p>\n<p>En el acto estuvieron presentes los secretarios de Gobernaci\u00f3n y de Medio Ambiente, Desarrollo Sustentable y Ordenamiento Territorial, Javier Aquino Lim\u00f3n y Norma Ang\u00e9lica Sandoval G\u00f3mez.<\/p>\n","protected":false},"excerpt":{"rendered":"<p>-El gobernador Sergio Salom\u00f3n presidi\u00f3 la inauguraci\u00f3n del Parque Ecol\u00f3gico \u00abQuetzalc\u00f3atl\u00bb en el municipio de Cuautlancingo &nbsp; CUAUTLANCINGO, Pue.-\u00a0En coordinaci\u00f3n con los 217 ayuntamientos, el gobierno de Puebla promueve obras para fortalecer los lazos familiares y el tejido social, manifest\u00f3 el gobernador Sergio Salom\u00f3n al presidir la inauguraci\u00f3n del Parque Ecol\u00f3gico \u00abQuetzalc\u00f3atl\u00bb en este municipio&#8230;.<\/p>\n","protected":false},"author":16,"featured_media":23335,"comment_status":"closed","ping_status":"closed","sticky":false,"template":"","format":"standard","meta":[],"categories":[3],"tags":[343,49,1275],"yoast_head":"<!-- This site is optimized with the Yoast SEO plugin v20.8 - https:\/\/yoast.com\/wordpress\/plugins\/seo\/ -->\n<title>Con municipios, gobierno estatal promueve obras para fortalecer lazos familiares - The Puebla Times<\/title>\n<meta name=\"robots\" content=\"index, follow, max-snippet:-1, max-image-preview:large, max-video-preview:-1\" \/>\n<link rel=\"canonical\" href=\"https:\/\/thepueblatimes.mx\/index.php\/2024\/06\/13\/con-municipios-gobierno-estatal-promueve-obras-para-fortalecer-lazos-familiares\/\" \/>\n<meta property=\"og:locale\" content=\"es_ES\" \/>\n<meta property=\"og:type\" content=\"article\" \/>\n<meta property=\"og:title\" content=\"Con municipios, gobierno estatal promueve obras para fortalecer lazos familiares - The Puebla Times\" \/>\n<meta property=\"og:description\" content=\"-El gobernador Sergio Salom\u00f3n presidi\u00f3 la inauguraci\u00f3n del Parque Ecol\u00f3gico \u00abQuetzalc\u00f3atl\u00bb en el municipio de Cuautlancingo &nbsp; CUAUTLANCINGO, Pue.-\u00a0En coordinaci\u00f3n con los 217 ayuntamientos, el gobierno de Puebla promueve obras para fortalecer los lazos familiares y el tejido social, manifest\u00f3 el gobernador Sergio Salom\u00f3n al presidir la inauguraci\u00f3n del Parque Ecol\u00f3gico \u00abQuetzalc\u00f3atl\u00bb en este municipio....\" \/>\n<meta property=\"og:url\" content=\"https:\/\/thepueblatimes.mx\/index.php\/2024\/06\/13\/con-municipios-gobierno-estatal-promueve-obras-para-fortalecer-lazos-familiares\/\" \/>\n<meta property=\"og:site_name\" content=\"The Puebla Times\" \/>\n<meta property=\"article:published_time\" content=\"2024-06-13T17:25:17+00:00\" \/>\n<meta property=\"og:image\" content=\"https:\/\/thepueblatimes.mx\/wp-content\/uploads\/2024\/06\/20240611234702_IMG_3739-scaled.jpg\" \/>\n\t<meta property=\"og:image:width\" content=\"2560\" \/>\n\t<meta property=\"og:image:height\" content=\"1704\" \/>\n\t<meta property=\"og:image:type\" content=\"image\/jpeg\" \/>\n<meta name=\"author\" content=\"Sa\u00fal Hern\u00e1ndez\" \/>\n<meta name=\"twitter:card\" content=\"summary_large_image\" \/>\n<meta name=\"twitter:label1\" content=\"Escrito por\" \/>\n\t<meta name=\"twitter:data1\" content=\"Sa\u00fal Hern\u00e1ndez\" \/>\n\t<meta name=\"twitter:label2\" content=\"Tiempo de lectura\" \/>\n\t<meta name=\"twitter:data2\" content=\"2 minutos\" \/>\n<script type=\"application\/ld+json\" class=\"yoast-schema-graph\">{\"@context\":\"https:\/\/schema.org\",\"@graph\":[{\"@type\":\"WebPage\",\"@id\":\"https:\/\/thepueblatimes.mx\/index.php\/2024\/06\/13\/con-municipios-gobierno-estatal-promueve-obras-para-fortalecer-lazos-familiares\/\",\"url\":\"https:\/\/thepueblatimes.mx\/index.php\/2024\/06\/13\/con-municipios-gobierno-estatal-promueve-obras-para-fortalecer-lazos-familiares\/\",\"name\":\"Con municipios, gobierno estatal promueve obras para fortalecer lazos familiares - The Puebla Times\",\"isPartOf\":{\"@id\":\"https:\/\/thepueblatimes.mx\/#website\"},\"datePublished\":\"2024-06-13T17:25:17+00:00\",\"dateModified\":\"2024-06-13T17:25:17+00:00\",\"author\":{\"@id\":\"https:\/\/thepueblatimes.mx\/#\/schema\/person\/1664894c2f65ce2c7a08d8f5f905c13c\"},\"breadcrumb\":{\"@id\":\"https:\/\/thepueblatimes.mx\/index.php\/2024\/06\/13\/con-municipios-gobierno-estatal-promueve-obras-para-fortalecer-lazos-familiares\/#breadcrumb\"},\"inLanguage\":\"es\",\"potentialAction\":[{\"@type\":\"ReadAction\",\"target\":[\"https:\/\/thepueblatimes.mx\/index.php\/2024\/06\/13\/con-municipios-gobierno-estatal-promueve-obras-para-fortalecer-lazos-familiares\/\"]}]},{\"@type\":\"BreadcrumbList\",\"@id\":\"https:\/\/thepueblatimes.mx\/index.php\/2024\/06\/13\/con-municipios-gobierno-estatal-promueve-obras-para-fortalecer-lazos-familiares\/#breadcrumb\",\"itemListElement\":[{\"@type\":\"ListItem\",\"position\":1,\"name\":\"Portada\",\"item\":\"https:\/\/thepueblatimes.mx\/\"},{\"@type\":\"ListItem\",\"position\":2,\"name\":\"Con municipios, gobierno estatal promueve obras para fortalecer lazos familiares\"}]},{\"@type\":\"WebSite\",\"@id\":\"https:\/\/thepueblatimes.mx\/#website\",\"url\":\"https:\/\/thepueblatimes.mx\/\",\"name\":\"The Puebla Times\",\"description\":\"Noticias del Estado de Puebla\",\"potentialAction\":[{\"@type\":\"SearchAction\",\"target\":{\"@type\":\"EntryPoint\",\"urlTemplate\":\"https:\/\/thepueblatimes.mx\/?s={search_term_string}\"},\"query-input\":\"required name=search_term_string\"}],\"inLanguage\":\"es\"},{\"@type\":\"Person\",\"@id\":\"https:\/\/thepueblatimes.mx\/#\/schema\/person\/1664894c2f65ce2c7a08d8f5f905c13c\",\"name\":\"Sa\u00fal Hern\u00e1ndez\",\"image\":{\"@type\":\"ImageObject\",\"inLanguage\":\"es\",\"@id\":\"https:\/\/thepueblatimes.mx\/#\/schema\/person\/image\/\",\"url\":\"https:\/\/secure.gravatar.com\/avatar\/11be338693f243309532caad8f10c930?s=96&d=mm&r=g\",\"contentUrl\":\"https:\/\/secure.gravatar.com\/avatar\/11be338693f243309532caad8f10c930?s=96&d=mm&r=g\",\"caption\":\"Sa\u00fal Hern\u00e1ndez\"},\"url\":\"https:\/\/thepueblatimes.mx\/index.php\/author\/saulhernandez\/\"}]}<\/script>\n<!-- \/ Yoast SEO plugin. -->","yoast_head_json":{"title":"Con municipios, gobierno estatal promueve obras para fortalecer lazos familiares - The Puebla Times","robots":{"index":"index","follow":"follow","max-snippet":"max-snippet:-1","max-image-preview":"max-image-preview:large","max-video-preview":"max-video-preview:-1"},"canonical":"https:\/\/thepueblatimes.mx\/index.php\/2024\/06\/13\/con-municipios-gobierno-estatal-promueve-obras-para-fortalecer-lazos-familiares\/","og_locale":"es_ES","og_type":"article","og_title":"Con municipios, gobierno estatal promueve obras para fortalecer lazos familiares - The Puebla Times","og_description":"-El gobernador Sergio Salom\u00f3n presidi\u00f3 la inauguraci\u00f3n del Parque Ecol\u00f3gico \u00abQuetzalc\u00f3atl\u00bb en el municipio de Cuautlancingo &nbsp; CUAUTLANCINGO, Pue.-\u00a0En coordinaci\u00f3n con los 217 ayuntamientos, el gobierno de Puebla promueve obras para fortalecer los lazos familiares y el tejido social, manifest\u00f3 el gobernador Sergio Salom\u00f3n al presidir la inauguraci\u00f3n del Parque Ecol\u00f3gico \u00abQuetzalc\u00f3atl\u00bb en este municipio....","og_url":"https:\/\/thepueblatimes.mx\/index.php\/2024\/06\/13\/con-municipios-gobierno-estatal-promueve-obras-para-fortalecer-lazos-familiares\/","og_site_name":"The Puebla Times","article_published_time":"2024-06-13T17:25:17+00:00","og_image":[{"width":2560,"height":1704,"url":"https:\/\/thepueblatimes.mx\/wp-content\/uploads\/2024\/06\/20240611234702_IMG_3739-scaled.jpg","type":"image\/jpeg"}],"author":"Sa\u00fal Hern\u00e1ndez","twitter_card":"summary_large_image","twitter_misc":{"Escrito por":"Sa\u00fal Hern\u00e1ndez","Tiempo de lectura":"2 minutos"},"schema":{"@context":"https:\/\/schema.org","@graph":[{"@type":"WebPage","@id":"https:\/\/thepueblatimes.mx\/index.php\/2024\/06\/13\/con-municipios-gobierno-estatal-promueve-obras-para-fortalecer-lazos-familiares\/","url":"https:\/\/thepueblatimes.mx\/index.php\/2024\/06\/13\/con-municipios-gobierno-estatal-promueve-obras-para-fortalecer-lazos-familiares\/","name":"Con municipios, gobierno estatal promueve obras para fortalecer lazos familiares - The Puebla Times","isPartOf":{"@id":"https:\/\/thepueblatimes.mx\/#website"},"datePublished":"2024-06-13T17:25:17+00:00","dateModified":"2024-06-13T17:25:17+00:00","author":{"@id":"https:\/\/thepueblatimes.mx\/#\/schema\/person\/1664894c2f65ce2c7a08d8f5f905c13c"},"breadcrumb":{"@id":"https:\/\/thepueblatimes.mx\/index.php\/2024\/06\/13\/con-municipios-gobierno-estatal-promueve-obras-para-fortalecer-lazos-familiares\/#breadcrumb"},"inLanguage":"es","potentialAction":[{"@type":"ReadAction","target":["https:\/\/thepueblatimes.mx\/index.php\/2024\/06\/13\/con-municipios-gobierno-estatal-promueve-obras-para-fortalecer-lazos-familiares\/"]}]},{"@type":"BreadcrumbList","@id":"https:\/\/thepueblatimes.mx\/index.php\/2024\/06\/13\/con-municipios-gobierno-estatal-promueve-obras-para-fortalecer-lazos-familiares\/#breadcrumb","itemListElement":[{"@type":"ListItem","position":1,"name":"Portada","item":"https:\/\/thepueblatimes.mx\/"},{"@type":"ListItem","position":2,"name":"Con municipios, gobierno estatal promueve obras para fortalecer lazos familiares"}]},{"@type":"WebSite","@id":"https:\/\/thepueblatimes.mx\/#website","url":"https:\/\/thepueblatimes.mx\/","name":"The Puebla Times","description":"Noticias del Estado de Puebla","potentialAction":[{"@type":"SearchAction","target":{"@type":"EntryPoint","urlTemplate":"https:\/\/thepueblatimes.mx\/?s={search_term_string}"},"query-input":"required name=search_term_string"}],"inLanguage":"es"},{"@type":"Person","@id":"https:\/\/thepueblatimes.mx\/#\/schema\/person\/1664894c2f65ce2c7a08d8f5f905c13c","name":"Sa\u00fal Hern\u00e1ndez","image":{"@type":"ImageObject","inLanguage":"es","@id":"https:\/\/thepueblatimes.mx\/#\/schema\/person\/image\/","url":"https:\/\/secure.gravatar.com\/avatar\/11be338693f243309532caad8f10c930?s=96&d=mm&r=g","contentUrl":"https:\/\/secure.gravatar.com\/avatar\/11be338693f243309532caad8f10c930?s=96&d=mm&r=g","caption":"Sa\u00fal Hern\u00e1ndez"},"url":"https:\/\/thepueblatimes.mx\/index.php\/author\/saulhernandez\/"}]}},"jetpack_featured_media_url":"https:\/\/thepueblatimes.mx\/wp-content\/uploads\/2024\/06\/20240611234702_IMG_3739-scaled.jpg","_links":{"self":[{"href":"https:\/\/thepueblatimes.mx\/index.php\/wp-json\/wp\/v2\/posts\/23334"}],"collection":[{"href":"https:\/\/thepueblatimes.mx\/index.php\/wp-json\/wp\/v2\/posts"}],"about":[{"href":"https:\/\/thepueblatimes.mx\/index.php\/wp-json\/wp\/v2\/types\/post"}],"author":[{"embeddable":true,"href":"https:\/\/thepueblatimes.mx\/index.php\/wp-json\/wp\/v2\/users\/16"}],"replies":[{"embeddable":true,"href":"https:\/\/thepueblatimes.mx\/index.php\/wp-json\/wp\/v2\/comments?post=23334"}],"version-history":[{"count":1,"href":"https:\/\/thepueblatimes.mx\/index.php\/wp-json\/wp\/v2\/posts\/23334\/revisions"}],"predecessor-version":[{"id":23336,"href":"https:\/\/thepueblatimes.mx\/index.php\/wp-json\/wp\/v2\/posts\/23334\/revisions\/23336"}],"wp:featuredmedia":[{"embeddable":true,"href":"https:\/\/thepueblatimes.mx\/index.php\/wp-json\/wp\/v2\/media\/23335"}],"wp:attachment":[{"href":"https:\/\/thepueblatimes.mx\/index.php\/wp-json\/wp\/v2\/media?parent=23334"}],"wp:term":[{"taxonomy":"category","embeddable":true,"href":"https:\/\/thepueblatimes.mx\/index.php\/wp-json\/wp\/v2\/categories?post=23334"},{"taxonomy":"post_tag","embeddable":true,"href":"https:\/\/thepueblatimes.mx\/index.php\/wp-json\/wp\/v2\/tags?post=23334"}],"curies":[{"name":"wp","href":"https:\/\/api.w.org\/{rel}","templated":true}]}}