{"id":23290,"date":"2024-06-08T10:54:12","date_gmt":"2024-06-08T16:54:12","guid":{"rendered":"https:\/\/thepueblatimes.mx\/?p=23290"},"modified":"2024-06-08T10:54:12","modified_gmt":"2024-06-08T16:54:12","slug":"ine-batea-solicitud-del-prd-de-conteo-voto-por-voto-de-eleccion-presidencial-y-congreso","status":"publish","type":"post","link":"https:\/\/thepueblatimes.mx\/index.php\/2024\/06\/08\/ine-batea-solicitud-del-prd-de-conteo-voto-por-voto-de-eleccion-presidencial-y-congreso\/","title":{"rendered":"INE batea solicitud del PRD de conteo voto por voto de elecci\u00f3n presidencial y Congreso"},"content":{"rendered":"<h3 class=\"subTitle text-2xl mb-5\"><em>El acuerdo presentado por \u00c1ngel \u00c1vila, representante del PRD, planteaba girar instrucciones a los 300 distritos electorales<\/em><\/h3>\n<p class=\"sc__font-paragraph\">El Consejo General del Instituto Nacional Electoral (<b>INE<\/b>) rechaz\u00f3 por unanimidad hacer un\u00a0<b>conteo total de votos<\/b><b>\u00a0<\/b>de la elecci\u00f3n Presidencial y del Congreso, como solicit\u00f3 el\u00a0<b>PRD<\/b>.<\/p>\n<p class=\"sc__font-paragraph\">El acuerdo presentado por \u00c1ngel \u00c1vila, representante del PRD, planteaba girar instrucciones a los\u00a0<b>300 distritos electorales<\/b>\u00a0\u201ca fin de que se abran la totalidad de los paquetes electorales de la elecci\u00f3n de presidente de la Rep\u00fablica, senadores y diputados federales de la pasada de la jornada electoral, a fin de realizar el c\u00f3mputo de la totalidad de estos y verificar la consistencia de los datos arrojados con lo que se encuentra en los paquetes, m\u00e1xime que existe un consenso de todas las fuerzas pol\u00edticas de buscar legitimar los resultados obtenidos en la pasada jornada electoral del 2 de junio\u201d.<\/p>\n<p class=\"sc__font-paragraph\">Mencion\u00f3 que la propia virtual candidata de la Presidencia,\u00a0<b>Claudia Sheinbaum<\/b>, tambi\u00e9n estuvo de acuerdo en abrir la totalidad de los paquetes, como se\u00f1al\u00f3 en un video.<\/p>\n<p class=\"sc__font-paragraph\">\u00c1ngel \u00c1vila dijo que se pueden recontar el\u00a0<b>30% de las casillas<\/b>\u00a0restantes que no solo fueron cotejadas una vez para subsanar errores y as\u00ed tener un 100% de recuento.<\/p>\n<p class=\"sc__font-paragraph\">\u00abEs decir que no cuadren completamente las boletas que se entregaron con las boletas que se exponen en el acta tanto los votos por partido como los votos por coalici\u00f3n. Es decir,\u00a0<b>son errores humanos<\/b>\u00ab, apunt\u00f3.<\/p>\n<p class=\"sc__font-paragraph\">\u00abEstamos apelando a los grandes dem\u00f3cratas del partido oficialista y la coalici\u00f3n oficialista y que han luchado el voto por voto y casilla por casilla a que puedan acompa\u00f1ar esta apertura total de los paquetes\u00bb, dijo.<\/p>\n<p class=\"sc__font-paragraph\">Puntualiz\u00f3 que en un 90% de los paquetes recontados se han logrado recuperar votos para todos los partidos pol\u00edticos, sin afectar el resultado en la mayor\u00eda de los casos.<\/p>\n<p class=\"sc__font-paragraph\">El diputado del PT,\u00a0<b>Gerardo Fern\u00e1ndez Noro\u00f1a<\/b>, subray\u00f3 que un recuento total en este momento es ocioso, ya que se perfila a que pierda el registro como partido pol\u00edtico.<\/p>\n<p class=\"sc__font-paragraph\">\u00abUn segundo c\u00f3mputo para que el PRD piense que va a encontrar los votos que le van a dar el 3% del registro, creo que debe buscarlo en los escombros, en sus principios abandonados, en la burla que hac\u00edan en el propio Consejo General del INE diciendo que son la \u00fanica izquierda apoyando al PRIAN\u00bb, expres\u00f3.<\/p>\n<p class=\"sc__font-paragraph\">El diputado de Morena hizo un llamado a los militantes y simpatizantes del PRD a unirse al proyecto de la Cuarta Transformaci\u00f3n, al asegurar que apoya las causas que en alg\u00fan momento abander\u00f3 el Sol Azteca.<\/p>\n<h3 class=\"sc__header\"><em>Jes\u00fas Zambrano pide flexibilidad al INE<\/em><\/h3>\n<p class=\"sc__font-paragraph\">El l\u00edder nacional de PRD,\u00a0<b>Jes\u00fas Zambrano<\/b>, sugiri\u00f3 que el\u00a0<b>INE debe ser m\u00e1s flexible<\/b>\u00a0respecto a las exigencias de m\u00e1xima transparencia.<\/p>\n<p class=\"sc__font-paragraph\">En su cuenta de X, el perredista se\u00f1al\u00f3 que el Instituto puede estar avalando \u00abel pelot\u00f3n de fusilamiento de quienes los vendr\u00e1n a ejecutar desde el legislativo\u00bb.<\/p>\n<p class=\"sc__font-paragraph\">\u00abSobre aviso no hay enga\u00f1o\u00bb, advirti\u00f3.<\/p>\n<p>Fuente: <a href=\"https:\/\/www.eluniversal.com.mx\/elecciones\/ine-batea-solicitud-del-prd-de-conteo-voto-por-voto-de-eleccion-presidencial-y-congreso\/\">https:\/\/www.eluniversal.com.mx\/elecciones\/ine-batea-solicitud-del-prd-de-conteo-voto-por-voto-de-eleccion-presidencial-y-congreso\/<\/a><\/p>\n","protected":false},"excerpt":{"rendered":"<p>El acuerdo presentado por \u00c1ngel \u00c1vila, representante del PRD, planteaba girar instrucciones a los 300 distritos electorales El Consejo General del Instituto Nacional Electoral (INE) rechaz\u00f3 por unanimidad hacer un\u00a0conteo total de votos\u00a0de la elecci\u00f3n Presidencial y del Congreso, como solicit\u00f3 el\u00a0PRD. El acuerdo presentado por \u00c1ngel \u00c1vila, representante del PRD, planteaba girar instrucciones a&#8230;<\/p>\n","protected":false},"author":3,"featured_media":23291,"comment_status":"closed","ping_status":"closed","sticky":false,"template":"","format":"standard","meta":[],"categories":[1708],"tags":[1944,1945,162],"yoast_head":"<!-- This site is optimized with the Yoast SEO plugin v20.8 - https:\/\/yoast.com\/wordpress\/plugins\/seo\/ -->\n<title>INE batea solicitud del PRD de conteo voto por voto de elecci\u00f3n presidencial y Congreso - The Puebla Times<\/title>\n<meta name=\"robots\" content=\"index, follow, max-snippet:-1, max-image-preview:large, max-video-preview:-1\" \/>\n<link rel=\"canonical\" href=\"https:\/\/thepueblatimes.mx\/index.php\/2024\/06\/08\/ine-batea-solicitud-del-prd-de-conteo-voto-por-voto-de-eleccion-presidencial-y-congreso\/\" \/>\n<meta property=\"og:locale\" content=\"es_ES\" \/>\n<meta property=\"og:type\" content=\"article\" \/>\n<meta property=\"og:title\" content=\"INE batea solicitud del PRD de conteo voto por voto de elecci\u00f3n presidencial y Congreso - The Puebla Times\" \/>\n<meta property=\"og:description\" content=\"El acuerdo presentado por \u00c1ngel \u00c1vila, representante del PRD, planteaba girar instrucciones a los 300 distritos electorales El Consejo General del Instituto Nacional Electoral (INE) rechaz\u00f3 por unanimidad hacer un\u00a0conteo total de votos\u00a0de la elecci\u00f3n Presidencial y del Congreso, como solicit\u00f3 el\u00a0PRD. El acuerdo presentado por \u00c1ngel \u00c1vila, representante del PRD, planteaba girar instrucciones a...\" \/>\n<meta property=\"og:url\" content=\"https:\/\/thepueblatimes.mx\/index.php\/2024\/06\/08\/ine-batea-solicitud-del-prd-de-conteo-voto-por-voto-de-eleccion-presidencial-y-congreso\/\" \/>\n<meta property=\"og:site_name\" content=\"The Puebla Times\" \/>\n<meta property=\"article:published_time\" content=\"2024-06-08T16:54:12+00:00\" \/>\n<meta property=\"og:image\" content=\"https:\/\/thepueblatimes.mx\/wp-content\/uploads\/2024\/06\/Captura-de-pantalla-2024-06-08-104959.png\" \/>\n\t<meta property=\"og:image:width\" content=\"1371\" \/>\n\t<meta property=\"og:image:height\" content=\"832\" \/>\n\t<meta property=\"og:image:type\" content=\"image\/png\" \/>\n<meta name=\"author\" content=\"The Puebla Times\" \/>\n<meta name=\"twitter:card\" content=\"summary_large_image\" \/>\n<meta name=\"twitter:label1\" content=\"Escrito por\" \/>\n\t<meta name=\"twitter:data1\" content=\"The Puebla Times\" \/>\n\t<meta name=\"twitter:label2\" content=\"Tiempo de lectura\" \/>\n\t<meta name=\"twitter:data2\" content=\"3 minutos\" \/>\n<script type=\"application\/ld+json\" class=\"yoast-schema-graph\">{\"@context\":\"https:\/\/schema.org\",\"@graph\":[{\"@type\":\"WebPage\",\"@id\":\"https:\/\/thepueblatimes.mx\/index.php\/2024\/06\/08\/ine-batea-solicitud-del-prd-de-conteo-voto-por-voto-de-eleccion-presidencial-y-congreso\/\",\"url\":\"https:\/\/thepueblatimes.mx\/index.php\/2024\/06\/08\/ine-batea-solicitud-del-prd-de-conteo-voto-por-voto-de-eleccion-presidencial-y-congreso\/\",\"name\":\"INE batea solicitud del PRD de conteo voto por voto de elecci\u00f3n presidencial y Congreso - The Puebla Times\",\"isPartOf\":{\"@id\":\"https:\/\/thepueblatimes.mx\/#website\"},\"datePublished\":\"2024-06-08T16:54:12+00:00\",\"dateModified\":\"2024-06-08T16:54:12+00:00\",\"author\":{\"@id\":\"https:\/\/thepueblatimes.mx\/#\/schema\/person\/ad152a907a5f1fb40553a2551dbadb8e\"},\"breadcrumb\":{\"@id\":\"https:\/\/thepueblatimes.mx\/index.php\/2024\/06\/08\/ine-batea-solicitud-del-prd-de-conteo-voto-por-voto-de-eleccion-presidencial-y-congreso\/#breadcrumb\"},\"inLanguage\":\"es\",\"potentialAction\":[{\"@type\":\"ReadAction\",\"target\":[\"https:\/\/thepueblatimes.mx\/index.php\/2024\/06\/08\/ine-batea-solicitud-del-prd-de-conteo-voto-por-voto-de-eleccion-presidencial-y-congreso\/\"]}]},{\"@type\":\"BreadcrumbList\",\"@id\":\"https:\/\/thepueblatimes.mx\/index.php\/2024\/06\/08\/ine-batea-solicitud-del-prd-de-conteo-voto-por-voto-de-eleccion-presidencial-y-congreso\/#breadcrumb\",\"itemListElement\":[{\"@type\":\"ListItem\",\"position\":1,\"name\":\"Portada\",\"item\":\"https:\/\/thepueblatimes.mx\/\"},{\"@type\":\"ListItem\",\"position\":2,\"name\":\"INE batea solicitud del PRD de conteo voto por voto de elecci\u00f3n presidencial y Congreso\"}]},{\"@type\":\"WebSite\",\"@id\":\"https:\/\/thepueblatimes.mx\/#website\",\"url\":\"https:\/\/thepueblatimes.mx\/\",\"name\":\"The Puebla Times\",\"description\":\"Noticias del Estado de Puebla\",\"potentialAction\":[{\"@type\":\"SearchAction\",\"target\":{\"@type\":\"EntryPoint\",\"urlTemplate\":\"https:\/\/thepueblatimes.mx\/?s={search_term_string}\"},\"query-input\":\"required name=search_term_string\"}],\"inLanguage\":\"es\"},{\"@type\":\"Person\",\"@id\":\"https:\/\/thepueblatimes.mx\/#\/schema\/person\/ad152a907a5f1fb40553a2551dbadb8e\",\"name\":\"The Puebla Times\",\"image\":{\"@type\":\"ImageObject\",\"inLanguage\":\"es\",\"@id\":\"https:\/\/thepueblatimes.mx\/#\/schema\/person\/image\/\",\"url\":\"https:\/\/secure.gravatar.com\/avatar\/82859cd6fbb1a3801d3e7ee27c92b8c9?s=96&d=mm&r=g\",\"contentUrl\":\"https:\/\/secure.gravatar.com\/avatar\/82859cd6fbb1a3801d3e7ee27c92b8c9?s=96&d=mm&r=g\",\"caption\":\"The Puebla Times\"},\"url\":\"https:\/\/thepueblatimes.mx\/index.php\/author\/ferhz\/\"}]}<\/script>\n<!-- \/ Yoast SEO plugin. -->","yoast_head_json":{"title":"INE batea solicitud del PRD de conteo voto por voto de elecci\u00f3n presidencial y Congreso - The Puebla Times","robots":{"index":"index","follow":"follow","max-snippet":"max-snippet:-1","max-image-preview":"max-image-preview:large","max-video-preview":"max-video-preview:-1"},"canonical":"https:\/\/thepueblatimes.mx\/index.php\/2024\/06\/08\/ine-batea-solicitud-del-prd-de-conteo-voto-por-voto-de-eleccion-presidencial-y-congreso\/","og_locale":"es_ES","og_type":"article","og_title":"INE batea solicitud del PRD de conteo voto por voto de elecci\u00f3n presidencial y Congreso - The Puebla Times","og_description":"El acuerdo presentado por \u00c1ngel \u00c1vila, representante del PRD, planteaba girar instrucciones a los 300 distritos electorales El Consejo General del Instituto Nacional Electoral (INE) rechaz\u00f3 por unanimidad hacer un\u00a0conteo total de votos\u00a0de la elecci\u00f3n Presidencial y del Congreso, como solicit\u00f3 el\u00a0PRD. El acuerdo presentado por \u00c1ngel \u00c1vila, representante del PRD, planteaba girar instrucciones a...","og_url":"https:\/\/thepueblatimes.mx\/index.php\/2024\/06\/08\/ine-batea-solicitud-del-prd-de-conteo-voto-por-voto-de-eleccion-presidencial-y-congreso\/","og_site_name":"The Puebla Times","article_published_time":"2024-06-08T16:54:12+00:00","og_image":[{"width":1371,"height":832,"url":"https:\/\/thepueblatimes.mx\/wp-content\/uploads\/2024\/06\/Captura-de-pantalla-2024-06-08-104959.png","type":"image\/png"}],"author":"The Puebla Times","twitter_card":"summary_large_image","twitter_misc":{"Escrito por":"The Puebla Times","Tiempo de lectura":"3 minutos"},"schema":{"@context":"https:\/\/schema.org","@graph":[{"@type":"WebPage","@id":"https:\/\/thepueblatimes.mx\/index.php\/2024\/06\/08\/ine-batea-solicitud-del-prd-de-conteo-voto-por-voto-de-eleccion-presidencial-y-congreso\/","url":"https:\/\/thepueblatimes.mx\/index.php\/2024\/06\/08\/ine-batea-solicitud-del-prd-de-conteo-voto-por-voto-de-eleccion-presidencial-y-congreso\/","name":"INE batea solicitud del PRD de conteo voto por voto de elecci\u00f3n presidencial y Congreso - The Puebla Times","isPartOf":{"@id":"https:\/\/thepueblatimes.mx\/#website"},"datePublished":"2024-06-08T16:54:12+00:00","dateModified":"2024-06-08T16:54:12+00:00","author":{"@id":"https:\/\/thepueblatimes.mx\/#\/schema\/person\/ad152a907a5f1fb40553a2551dbadb8e"},"breadcrumb":{"@id":"https:\/\/thepueblatimes.mx\/index.php\/2024\/06\/08\/ine-batea-solicitud-del-prd-de-conteo-voto-por-voto-de-eleccion-presidencial-y-congreso\/#breadcrumb"},"inLanguage":"es","potentialAction":[{"@type":"ReadAction","target":["https:\/\/thepueblatimes.mx\/index.php\/2024\/06\/08\/ine-batea-solicitud-del-prd-de-conteo-voto-por-voto-de-eleccion-presidencial-y-congreso\/"]}]},{"@type":"BreadcrumbList","@id":"https:\/\/thepueblatimes.mx\/index.php\/2024\/06\/08\/ine-batea-solicitud-del-prd-de-conteo-voto-por-voto-de-eleccion-presidencial-y-congreso\/#breadcrumb","itemListElement":[{"@type":"ListItem","position":1,"name":"Portada","item":"https:\/\/thepueblatimes.mx\/"},{"@type":"ListItem","position":2,"name":"INE batea solicitud del PRD de conteo voto por voto de elecci\u00f3n presidencial y Congreso"}]},{"@type":"WebSite","@id":"https:\/\/thepueblatimes.mx\/#website","url":"https:\/\/thepueblatimes.mx\/","name":"The Puebla Times","description":"Noticias del Estado de Puebla","potentialAction":[{"@type":"SearchAction","target":{"@type":"EntryPoint","urlTemplate":"https:\/\/thepueblatimes.mx\/?s={search_term_string}"},"query-input":"required name=search_term_string"}],"inLanguage":"es"},{"@type":"Person","@id":"https:\/\/thepueblatimes.mx\/#\/schema\/person\/ad152a907a5f1fb40553a2551dbadb8e","name":"The Puebla Times","image":{"@type":"ImageObject","inLanguage":"es","@id":"https:\/\/thepueblatimes.mx\/#\/schema\/person\/image\/","url":"https:\/\/secure.gravatar.com\/avatar\/82859cd6fbb1a3801d3e7ee27c92b8c9?s=96&d=mm&r=g","contentUrl":"https:\/\/secure.gravatar.com\/avatar\/82859cd6fbb1a3801d3e7ee27c92b8c9?s=96&d=mm&r=g","caption":"The Puebla Times"},"url":"https:\/\/thepueblatimes.mx\/index.php\/author\/ferhz\/"}]}},"jetpack_featured_media_url":"https:\/\/thepueblatimes.mx\/wp-content\/uploads\/2024\/06\/Captura-de-pantalla-2024-06-08-104959.png","_links":{"self":[{"href":"https:\/\/thepueblatimes.mx\/index.php\/wp-json\/wp\/v2\/posts\/23290"}],"collection":[{"href":"https:\/\/thepueblatimes.mx\/index.php\/wp-json\/wp\/v2\/posts"}],"about":[{"href":"https:\/\/thepueblatimes.mx\/index.php\/wp-json\/wp\/v2\/types\/post"}],"author":[{"embeddable":true,"href":"https:\/\/thepueblatimes.mx\/index.php\/wp-json\/wp\/v2\/users\/3"}],"replies":[{"embeddable":true,"href":"https:\/\/thepueblatimes.mx\/index.php\/wp-json\/wp\/v2\/comments?post=23290"}],"version-history":[{"count":1,"href":"https:\/\/thepueblatimes.mx\/index.php\/wp-json\/wp\/v2\/posts\/23290\/revisions"}],"predecessor-version":[{"id":23292,"href":"https:\/\/thepueblatimes.mx\/index.php\/wp-json\/wp\/v2\/posts\/23290\/revisions\/23292"}],"wp:featuredmedia":[{"embeddable":true,"href":"https:\/\/thepueblatimes.mx\/index.php\/wp-json\/wp\/v2\/media\/23291"}],"wp:attachment":[{"href":"https:\/\/thepueblatimes.mx\/index.php\/wp-json\/wp\/v2\/media?parent=23290"}],"wp:term":[{"taxonomy":"category","embeddable":true,"href":"https:\/\/thepueblatimes.mx\/index.php\/wp-json\/wp\/v2\/categories?post=23290"},{"taxonomy":"post_tag","embeddable":true,"href":"https:\/\/thepueblatimes.mx\/index.php\/wp-json\/wp\/v2\/tags?post=23290"}],"curies":[{"name":"wp","href":"https:\/\/api.w.org\/{rel}","templated":true}]}}