{"id":23213,"date":"2024-06-06T19:33:11","date_gmt":"2024-06-07T01:33:11","guid":{"rendered":"https:\/\/thepueblatimes.mx\/?p=23213"},"modified":"2024-06-06T19:33:11","modified_gmt":"2024-06-07T01:33:11","slug":"candidatos-que-arrasaron-en-la-jornada-del-2-de-junio","status":"publish","type":"post","link":"https:\/\/thepueblatimes.mx\/index.php\/2024\/06\/06\/candidatos-que-arrasaron-en-la-jornada-del-2-de-junio\/","title":{"rendered":"Candidatos que arrasaron en la jornada del 2 de junio"},"content":{"rendered":"<p>Uruviel Gonz\u00e1lez Vieyra en Serd\u00e1n, Carlos Barrag\u00e1n en Xicotepec, Alejandro Barroso en Tehuac\u00e1n y Ariadna Ayala en Atlixco destacan entre los candidatos que obtuvieron mejores resultados al ganar en la jornada electoral del 2 de junio de acuerdo a los resultados del Programa de Resultados Electorales Preliminares (PREP) del IEE, con ventajas de 44 a 25 puntos.<\/p>\n<p>Otros son Juan Alfredo Vel\u00e1zquez en Tepeaca, \u2018Lupita\u2019 Cuautle en San Andr\u00e9s Cholula, Mateo Hern\u00e1ndez en Tecamachalco, Roberto Sol\u00eds en Huejotzingo, Eliseo Rosales en Iz\u00facar y la cierra Rogelio L\u00f3pez Angulo en Huauchinango.<\/p>\n<p>El candidato de Movimiento Ciudadano en Ciudad Serd\u00e1n, Uruviel Gonz\u00e1lez Vieyra de Movimiento Ciudadano, logr\u00f3 su reelecci\u00f3n con una ventaja de 44 por ciento con relaci\u00f3n al segundo lugar, con 11 mil 59 votos.<\/p>\n<p>En Xicotepec Carlos Barrag\u00e1n Amador obtuvo una ventaja de 39.89 por ciento de acuerdo al PREP; consigui\u00f3 16 mil 949 votos, equivalentes al 58.25 por ciento.<\/p>\n<p>En Tehuac\u00e1n, Alejandro Barroso gan\u00f3 con una ventaja de 26.75 por ciento sobre Eliseo Lezama, al obtener 59 mil 367 votos.<\/p>\n<p>En Atlixco, Ariadna Ayala Camarillo logr\u00f3 su reelecci\u00f3n con 28 mil 782 votos, que equivalen al 49.18 por ciento del total de sufragios.<\/p>\n<p>Eliseo Morales Rosales, candidato a la presidencia municipal de Iz\u00facar de Matamoros, obtuvo 9 mil 462 votos, que representan el 40.31 por ciento de la\u00a0votaci\u00f3n\u00a0total.<\/p>\n","protected":false},"excerpt":{"rendered":"<p>Uruviel Gonz\u00e1lez Vieyra en Serd\u00e1n, Carlos Barrag\u00e1n en Xicotepec, Alejandro Barroso en Tehuac\u00e1n y Ariadna Ayala en Atlixco destacan entre los candidatos que obtuvieron mejores resultados al ganar en la jornada electoral del 2 de junio de acuerdo a los resultados del Programa de Resultados Electorales Preliminares (PREP) del IEE, con ventajas de 44 a&#8230;<\/p>\n","protected":false},"author":3,"featured_media":23214,"comment_status":"closed","ping_status":"closed","sticky":false,"template":"","format":"standard","meta":[],"categories":[1708],"tags":[1925,212,1893,1873],"yoast_head":"<!-- This site is optimized with the Yoast SEO plugin v20.8 - https:\/\/yoast.com\/wordpress\/plugins\/seo\/ -->\n<title>Candidatos que arrasaron en la jornada del 2 de junio - The Puebla Times<\/title>\n<meta name=\"robots\" content=\"index, follow, max-snippet:-1, max-image-preview:large, max-video-preview:-1\" \/>\n<link rel=\"canonical\" href=\"https:\/\/thepueblatimes.mx\/index.php\/2024\/06\/06\/candidatos-que-arrasaron-en-la-jornada-del-2-de-junio\/\" \/>\n<meta property=\"og:locale\" content=\"es_ES\" \/>\n<meta property=\"og:type\" content=\"article\" \/>\n<meta property=\"og:title\" content=\"Candidatos que arrasaron en la jornada del 2 de junio - The Puebla Times\" \/>\n<meta property=\"og:description\" content=\"Uruviel Gonz\u00e1lez Vieyra en Serd\u00e1n, Carlos Barrag\u00e1n en Xicotepec, Alejandro Barroso en Tehuac\u00e1n y Ariadna Ayala en Atlixco destacan entre los candidatos que obtuvieron mejores resultados al ganar en la jornada electoral del 2 de junio de acuerdo a los resultados del Programa de Resultados Electorales Preliminares (PREP) del IEE, con ventajas de 44 a...\" \/>\n<meta property=\"og:url\" content=\"https:\/\/thepueblatimes.mx\/index.php\/2024\/06\/06\/candidatos-que-arrasaron-en-la-jornada-del-2-de-junio\/\" \/>\n<meta property=\"og:site_name\" content=\"The Puebla Times\" \/>\n<meta property=\"article:published_time\" content=\"2024-06-07T01:33:11+00:00\" \/>\n<meta property=\"og:image\" content=\"https:\/\/thepueblatimes.mx\/wp-content\/uploads\/2024\/06\/top-ten-cendidatos-alcaldes-que-barrieron-elecciones-2024-puebla.jpg\" \/>\n\t<meta property=\"og:image:width\" content=\"592\" \/>\n\t<meta property=\"og:image:height\" content=\"589\" \/>\n\t<meta property=\"og:image:type\" content=\"image\/jpeg\" \/>\n<meta name=\"author\" content=\"The Puebla Times\" \/>\n<meta name=\"twitter:card\" content=\"summary_large_image\" \/>\n<meta name=\"twitter:label1\" content=\"Escrito por\" \/>\n\t<meta name=\"twitter:data1\" content=\"The Puebla Times\" \/>\n\t<meta name=\"twitter:label2\" content=\"Tiempo de lectura\" \/>\n\t<meta name=\"twitter:data2\" content=\"2 minutos\" \/>\n<script type=\"application\/ld+json\" class=\"yoast-schema-graph\">{\"@context\":\"https:\/\/schema.org\",\"@graph\":[{\"@type\":\"WebPage\",\"@id\":\"https:\/\/thepueblatimes.mx\/index.php\/2024\/06\/06\/candidatos-que-arrasaron-en-la-jornada-del-2-de-junio\/\",\"url\":\"https:\/\/thepueblatimes.mx\/index.php\/2024\/06\/06\/candidatos-que-arrasaron-en-la-jornada-del-2-de-junio\/\",\"name\":\"Candidatos que arrasaron en la jornada del 2 de junio - The Puebla Times\",\"isPartOf\":{\"@id\":\"https:\/\/thepueblatimes.mx\/#website\"},\"datePublished\":\"2024-06-07T01:33:11+00:00\",\"dateModified\":\"2024-06-07T01:33:11+00:00\",\"author\":{\"@id\":\"https:\/\/thepueblatimes.mx\/#\/schema\/person\/ad152a907a5f1fb40553a2551dbadb8e\"},\"breadcrumb\":{\"@id\":\"https:\/\/thepueblatimes.mx\/index.php\/2024\/06\/06\/candidatos-que-arrasaron-en-la-jornada-del-2-de-junio\/#breadcrumb\"},\"inLanguage\":\"es\",\"potentialAction\":[{\"@type\":\"ReadAction\",\"target\":[\"https:\/\/thepueblatimes.mx\/index.php\/2024\/06\/06\/candidatos-que-arrasaron-en-la-jornada-del-2-de-junio\/\"]}]},{\"@type\":\"BreadcrumbList\",\"@id\":\"https:\/\/thepueblatimes.mx\/index.php\/2024\/06\/06\/candidatos-que-arrasaron-en-la-jornada-del-2-de-junio\/#breadcrumb\",\"itemListElement\":[{\"@type\":\"ListItem\",\"position\":1,\"name\":\"Portada\",\"item\":\"https:\/\/thepueblatimes.mx\/\"},{\"@type\":\"ListItem\",\"position\":2,\"name\":\"Candidatos que arrasaron en la jornada del 2 de junio\"}]},{\"@type\":\"WebSite\",\"@id\":\"https:\/\/thepueblatimes.mx\/#website\",\"url\":\"https:\/\/thepueblatimes.mx\/\",\"name\":\"The Puebla Times\",\"description\":\"Noticias del Estado de Puebla\",\"potentialAction\":[{\"@type\":\"SearchAction\",\"target\":{\"@type\":\"EntryPoint\",\"urlTemplate\":\"https:\/\/thepueblatimes.mx\/?s={search_term_string}\"},\"query-input\":\"required name=search_term_string\"}],\"inLanguage\":\"es\"},{\"@type\":\"Person\",\"@id\":\"https:\/\/thepueblatimes.mx\/#\/schema\/person\/ad152a907a5f1fb40553a2551dbadb8e\",\"name\":\"The Puebla Times\",\"image\":{\"@type\":\"ImageObject\",\"inLanguage\":\"es\",\"@id\":\"https:\/\/thepueblatimes.mx\/#\/schema\/person\/image\/\",\"url\":\"https:\/\/secure.gravatar.com\/avatar\/82859cd6fbb1a3801d3e7ee27c92b8c9?s=96&d=mm&r=g\",\"contentUrl\":\"https:\/\/secure.gravatar.com\/avatar\/82859cd6fbb1a3801d3e7ee27c92b8c9?s=96&d=mm&r=g\",\"caption\":\"The Puebla Times\"},\"url\":\"https:\/\/thepueblatimes.mx\/index.php\/author\/ferhz\/\"}]}<\/script>\n<!-- \/ Yoast SEO plugin. -->","yoast_head_json":{"title":"Candidatos que arrasaron en la jornada del 2 de junio - The Puebla Times","robots":{"index":"index","follow":"follow","max-snippet":"max-snippet:-1","max-image-preview":"max-image-preview:large","max-video-preview":"max-video-preview:-1"},"canonical":"https:\/\/thepueblatimes.mx\/index.php\/2024\/06\/06\/candidatos-que-arrasaron-en-la-jornada-del-2-de-junio\/","og_locale":"es_ES","og_type":"article","og_title":"Candidatos que arrasaron en la jornada del 2 de junio - The Puebla Times","og_description":"Uruviel Gonz\u00e1lez Vieyra en Serd\u00e1n, Carlos Barrag\u00e1n en Xicotepec, Alejandro Barroso en Tehuac\u00e1n y Ariadna Ayala en Atlixco destacan entre los candidatos que obtuvieron mejores resultados al ganar en la jornada electoral del 2 de junio de acuerdo a los resultados del Programa de Resultados Electorales Preliminares (PREP) del IEE, con ventajas de 44 a...","og_url":"https:\/\/thepueblatimes.mx\/index.php\/2024\/06\/06\/candidatos-que-arrasaron-en-la-jornada-del-2-de-junio\/","og_site_name":"The Puebla Times","article_published_time":"2024-06-07T01:33:11+00:00","og_image":[{"width":592,"height":589,"url":"https:\/\/thepueblatimes.mx\/wp-content\/uploads\/2024\/06\/top-ten-cendidatos-alcaldes-que-barrieron-elecciones-2024-puebla.jpg","type":"image\/jpeg"}],"author":"The Puebla Times","twitter_card":"summary_large_image","twitter_misc":{"Escrito por":"The Puebla Times","Tiempo de lectura":"2 minutos"},"schema":{"@context":"https:\/\/schema.org","@graph":[{"@type":"WebPage","@id":"https:\/\/thepueblatimes.mx\/index.php\/2024\/06\/06\/candidatos-que-arrasaron-en-la-jornada-del-2-de-junio\/","url":"https:\/\/thepueblatimes.mx\/index.php\/2024\/06\/06\/candidatos-que-arrasaron-en-la-jornada-del-2-de-junio\/","name":"Candidatos que arrasaron en la jornada del 2 de junio - The Puebla Times","isPartOf":{"@id":"https:\/\/thepueblatimes.mx\/#website"},"datePublished":"2024-06-07T01:33:11+00:00","dateModified":"2024-06-07T01:33:11+00:00","author":{"@id":"https:\/\/thepueblatimes.mx\/#\/schema\/person\/ad152a907a5f1fb40553a2551dbadb8e"},"breadcrumb":{"@id":"https:\/\/thepueblatimes.mx\/index.php\/2024\/06\/06\/candidatos-que-arrasaron-en-la-jornada-del-2-de-junio\/#breadcrumb"},"inLanguage":"es","potentialAction":[{"@type":"ReadAction","target":["https:\/\/thepueblatimes.mx\/index.php\/2024\/06\/06\/candidatos-que-arrasaron-en-la-jornada-del-2-de-junio\/"]}]},{"@type":"BreadcrumbList","@id":"https:\/\/thepueblatimes.mx\/index.php\/2024\/06\/06\/candidatos-que-arrasaron-en-la-jornada-del-2-de-junio\/#breadcrumb","itemListElement":[{"@type":"ListItem","position":1,"name":"Portada","item":"https:\/\/thepueblatimes.mx\/"},{"@type":"ListItem","position":2,"name":"Candidatos que arrasaron en la jornada del 2 de junio"}]},{"@type":"WebSite","@id":"https:\/\/thepueblatimes.mx\/#website","url":"https:\/\/thepueblatimes.mx\/","name":"The Puebla Times","description":"Noticias del Estado de Puebla","potentialAction":[{"@type":"SearchAction","target":{"@type":"EntryPoint","urlTemplate":"https:\/\/thepueblatimes.mx\/?s={search_term_string}"},"query-input":"required name=search_term_string"}],"inLanguage":"es"},{"@type":"Person","@id":"https:\/\/thepueblatimes.mx\/#\/schema\/person\/ad152a907a5f1fb40553a2551dbadb8e","name":"The Puebla Times","image":{"@type":"ImageObject","inLanguage":"es","@id":"https:\/\/thepueblatimes.mx\/#\/schema\/person\/image\/","url":"https:\/\/secure.gravatar.com\/avatar\/82859cd6fbb1a3801d3e7ee27c92b8c9?s=96&d=mm&r=g","contentUrl":"https:\/\/secure.gravatar.com\/avatar\/82859cd6fbb1a3801d3e7ee27c92b8c9?s=96&d=mm&r=g","caption":"The Puebla Times"},"url":"https:\/\/thepueblatimes.mx\/index.php\/author\/ferhz\/"}]}},"jetpack_featured_media_url":"https:\/\/thepueblatimes.mx\/wp-content\/uploads\/2024\/06\/top-ten-cendidatos-alcaldes-que-barrieron-elecciones-2024-puebla.jpg","_links":{"self":[{"href":"https:\/\/thepueblatimes.mx\/index.php\/wp-json\/wp\/v2\/posts\/23213"}],"collection":[{"href":"https:\/\/thepueblatimes.mx\/index.php\/wp-json\/wp\/v2\/posts"}],"about":[{"href":"https:\/\/thepueblatimes.mx\/index.php\/wp-json\/wp\/v2\/types\/post"}],"author":[{"embeddable":true,"href":"https:\/\/thepueblatimes.mx\/index.php\/wp-json\/wp\/v2\/users\/3"}],"replies":[{"embeddable":true,"href":"https:\/\/thepueblatimes.mx\/index.php\/wp-json\/wp\/v2\/comments?post=23213"}],"version-history":[{"count":1,"href":"https:\/\/thepueblatimes.mx\/index.php\/wp-json\/wp\/v2\/posts\/23213\/revisions"}],"predecessor-version":[{"id":23215,"href":"https:\/\/thepueblatimes.mx\/index.php\/wp-json\/wp\/v2\/posts\/23213\/revisions\/23215"}],"wp:featuredmedia":[{"embeddable":true,"href":"https:\/\/thepueblatimes.mx\/index.php\/wp-json\/wp\/v2\/media\/23214"}],"wp:attachment":[{"href":"https:\/\/thepueblatimes.mx\/index.php\/wp-json\/wp\/v2\/media?parent=23213"}],"wp:term":[{"taxonomy":"category","embeddable":true,"href":"https:\/\/thepueblatimes.mx\/index.php\/wp-json\/wp\/v2\/categories?post=23213"},{"taxonomy":"post_tag","embeddable":true,"href":"https:\/\/thepueblatimes.mx\/index.php\/wp-json\/wp\/v2\/tags?post=23213"}],"curies":[{"name":"wp","href":"https:\/\/api.w.org\/{rel}","templated":true}]}}