{"id":22851,"date":"2024-05-23T17:18:10","date_gmt":"2024-05-23T23:18:10","guid":{"rendered":"https:\/\/thepueblatimes.mx\/?p=22851"},"modified":"2024-05-23T17:21:23","modified_gmt":"2024-05-23T23:21:23","slug":"es-atipico-lo-que-sucedio-me-siento-triste-dice-maynez-por-caida-de-templete","status":"publish","type":"post","link":"https:\/\/thepueblatimes.mx\/index.php\/2024\/05\/23\/es-atipico-lo-que-sucedio-me-siento-triste-dice-maynez-por-caida-de-templete\/","title":{"rendered":"\u00abEs at\u00edpico lo que sucedi\u00f3. Me siento triste\u00bb, dice M\u00e1ynez por ca\u00edda de templete"},"content":{"rendered":"<h3 class=\"subTitle text-2xl mb-5\">El candidato a la presidencia explic\u00f3 que fue un fen\u00f3meno meteorol\u00f3gico \u00abat\u00edpico\u00bb lo que caus\u00f3 la tragedia<\/h3>\n<p class=\"sc__font-paragraph\">La noche de est\u00e9 mi\u00e9rcoles 22 de de mayo, en el cierre de campa\u00f1a de la candidata\u00a0<b>Lorenia Canavati<\/b>\u00a0de\u00a0<b>Movimiento Ciudadano<\/b>\u00a0una estructura cay\u00f3 por los fuertes vientos que que se presentaron en el municpio, donde se presentaba el tambi\u00e9n candidato a la presidencia\u00a0<b>Jorge \u00c1lvarez M\u00e1ynez<\/b>.<\/p>\n<p class=\"sc__font-paragraph\"><b>Jorge \u00c1lvarez M\u00e1ynez\u00a0<\/b>asegur\u00f3 que el incidente ocurrido en\u00a0<b>San Pedro<\/b>, donde debido a los fuertes vientos un escenario cay\u00f3 sobre simpatizantes de Movimiento Ciudadano (MC)<b>\u00a0\u201cfue at\u00edpico\u201d<\/b>, hecho por el que se encuentra\u00a0<b>\u201ctriste y consternado\u201d<\/b>\u00a0y lamenta lo ocurrido.<\/p>\n<p class=\"sc__font-paragraph\">A dos horas del incidente, el\u00a0<b>abanderado presidencial\u00a0<\/b>del partido naranja inform\u00f3 que seis personas fallecieron y 56 resultaron heridas tras el colapso del escenario en donde\u00a0<b>Lorenia Cannavati<\/b> cerrar\u00eda su campa\u00f1a por dicha alcald\u00eda.<\/p>\n<p class=\"sc__font-paragraph\">\u201cHe estado tratando de estar en\u00a0<b>comunicaci\u00f3n\u00a0<\/b>(con los heridos y sus familias), pues estoy muy consternado. Voy a estar al pendiente de las<b>\u00a054 personas\u00a0<\/b>lesionadas, de sus familiares, de las 6 personas que han sido reportadas como\u00a0<b>fallecidas<\/b>, creo que tenemos que tener un alto grado de<b>\u00a0solidaridad<\/b>\u00a0porque no hay nada que pueda reparar un accidente de esta naturaleza, un da\u00f1o de esta naturaleza\u2026 No van a estar solas, no van a estar solos en esta tragedia y en las\u00a0<b>consecuencias\u00a0<\/b>que tenga esta\u00a0<b>tragedia<\/b>\u00a0en sus vidas\u201d, dijo en entrevista con medios.<\/p>\n<p class=\"sc__font-paragraph\">El\u00a0<b>emecista<\/b>\u00a0explic\u00f3 que fue un fen\u00f3meno meteorol\u00f3gico \u201cat\u00edpico\u201d lo que caus\u00f3 la\u00a0<b>tragedia<\/b>\u00a0pues previo al evento<b>\u00a0Protecci\u00f3n Civil de Nuevo Le\u00f3n<\/b>\u00a0acudi\u00f3 al lugar para verificar que las condiciones del evento fueran \u00f3ptimas.<\/p>\n<p class=\"sc__font-paragraph\">Asimismo,\u00a0<b>describi\u00f3<\/b>\u00a0como fue que sali\u00f3 del \u00e1rea en compa\u00f1\u00eda de sus invitados y equipo de campa\u00f1a.<\/p>\n<p class=\"sc__font-paragraph\">\u201cLas condiciones\u00a0<b>meteorol\u00f3gicas\u00a0<\/b>fueron at\u00edpicas porque la lluvia dur\u00f3 5 minutos\u2026 Hicimos un chequeo r\u00e1pido de la integridad de todos, de camino al hospital vimos arboles ca\u00eddos y en un tiempo tan breve no hay una\u00a0<b>tormenta\u00a0<\/b>o una lluvia, ustedes ven, como esta, en la ciudad. Es at\u00edpico y conf\u00edo en que deslinden las\u00a0<b>responsabilidades<\/b>\u00a0y saber si los permisos fueron exhaustivos.<\/p>\n<p class=\"sc__font-paragraph\">\u201cEl instinto o la l\u00f3gica fue que pod\u00eda levantarse el escenario y lo que iba a hacer era saltar. Yo le avis\u00e9 a\u00a0<b>Lorena Cannavati<\/b>\u00a0que incluso pienso que ella no se dio cuenta, yo vi primero que iba a volar la bater\u00eda del grupo que iba a tocar y cuando se da cuenta corre en otra direcci\u00f3n, salta a los costados, yo salto hacia atr\u00e1s, saltamos juntos y nos pegamos en la cabeza porque saltamos atr\u00e1s del templete\u201d, narr\u00f3 el\u00a0<b>emecista<\/b>.<\/p>\n<p class=\"sc__font-paragraph\">Antes de retirarse de la zona,<b>\u00a0Jorge \u00c1lvarez M\u00e1ynez<\/b>\u00a0reiter\u00f3 que sus actividades de campa\u00f1a quedan canceladas para brindar atenci\u00f3n oportuna a las\u00a0<b>v\u00edctimas<\/b>\u00a0<b>del accidente<\/b>. Inform\u00f3 que esta noche se mantendr\u00e1 en el \u00e1rea.<\/p>\n<p>Fuente: <a href=\"https:\/\/www.eluniversal.com.mx\/elecciones\/es-atipico-lo-que-sucedio-me-siento-triste-dice-maynez-por-caida-de-templete\/\">https:\/\/www.eluniversal.com.mx\/elecciones\/es-atipico-lo-que-sucedio-me-siento-triste-dice-maynez-por-caida-de-templete\/<\/a><\/p>\n","protected":false},"excerpt":{"rendered":"<p>El candidato a la presidencia explic\u00f3 que fue un fen\u00f3meno meteorol\u00f3gico \u00abat\u00edpico\u00bb lo que caus\u00f3 la tragedia La noche de est\u00e9 mi\u00e9rcoles 22 de de mayo, en el cierre de campa\u00f1a de la candidata\u00a0Lorenia Canavati\u00a0de\u00a0Movimiento Ciudadano\u00a0una estructura cay\u00f3 por los fuertes vientos que que se presentaron en el municpio, donde se presentaba el tambi\u00e9n candidato&#8230;<\/p>\n","protected":false},"author":3,"featured_media":22852,"comment_status":"closed","ping_status":"closed","sticky":false,"template":"","format":"standard","meta":[],"categories":[2,110],"tags":[1851,1849,1850],"yoast_head":"<!-- This site is optimized with the Yoast SEO plugin v20.8 - https:\/\/yoast.com\/wordpress\/plugins\/seo\/ -->\n<title>&quot;Es at\u00edpico lo que sucedi\u00f3. Me siento triste&quot;, dice M\u00e1ynez por ca\u00edda de templete - The Puebla Times<\/title>\n<meta name=\"robots\" content=\"index, follow, max-snippet:-1, max-image-preview:large, max-video-preview:-1\" \/>\n<link rel=\"canonical\" href=\"https:\/\/thepueblatimes.mx\/index.php\/2024\/05\/23\/es-atipico-lo-que-sucedio-me-siento-triste-dice-maynez-por-caida-de-templete\/\" \/>\n<meta property=\"og:locale\" content=\"es_ES\" \/>\n<meta property=\"og:type\" content=\"article\" \/>\n<meta property=\"og:title\" content=\"&quot;Es at\u00edpico lo que sucedi\u00f3. Me siento triste&quot;, dice M\u00e1ynez por ca\u00edda de templete - The Puebla Times\" \/>\n<meta property=\"og:description\" content=\"El candidato a la presidencia explic\u00f3 que fue un fen\u00f3meno meteorol\u00f3gico \u00abat\u00edpico\u00bb lo que caus\u00f3 la tragedia La noche de est\u00e9 mi\u00e9rcoles 22 de de mayo, en el cierre de campa\u00f1a de la candidata\u00a0Lorenia Canavati\u00a0de\u00a0Movimiento Ciudadano\u00a0una estructura cay\u00f3 por los fuertes vientos que que se presentaron en el municpio, donde se presentaba el tambi\u00e9n candidato...\" \/>\n<meta property=\"og:url\" content=\"https:\/\/thepueblatimes.mx\/index.php\/2024\/05\/23\/es-atipico-lo-que-sucedio-me-siento-triste-dice-maynez-por-caida-de-templete\/\" \/>\n<meta property=\"og:site_name\" content=\"The Puebla Times\" \/>\n<meta property=\"article:published_time\" content=\"2024-05-23T23:18:10+00:00\" \/>\n<meta property=\"article:modified_time\" content=\"2024-05-23T23:21:23+00:00\" \/>\n<meta property=\"og:image\" content=\"https:\/\/thepueblatimes.mx\/wp-content\/uploads\/2024\/05\/Captura-de-pantalla-2024-05-23-171449.png\" \/>\n\t<meta property=\"og:image:width\" content=\"1363\" \/>\n\t<meta property=\"og:image:height\" content=\"745\" \/>\n\t<meta property=\"og:image:type\" content=\"image\/png\" \/>\n<meta name=\"author\" content=\"The Puebla Times\" \/>\n<meta name=\"twitter:card\" content=\"summary_large_image\" \/>\n<meta name=\"twitter:label1\" content=\"Escrito por\" \/>\n\t<meta name=\"twitter:data1\" content=\"The Puebla Times\" \/>\n\t<meta name=\"twitter:label2\" content=\"Tiempo de lectura\" \/>\n\t<meta name=\"twitter:data2\" content=\"3 minutos\" \/>\n<script type=\"application\/ld+json\" class=\"yoast-schema-graph\">{\"@context\":\"https:\/\/schema.org\",\"@graph\":[{\"@type\":\"WebPage\",\"@id\":\"https:\/\/thepueblatimes.mx\/index.php\/2024\/05\/23\/es-atipico-lo-que-sucedio-me-siento-triste-dice-maynez-por-caida-de-templete\/\",\"url\":\"https:\/\/thepueblatimes.mx\/index.php\/2024\/05\/23\/es-atipico-lo-que-sucedio-me-siento-triste-dice-maynez-por-caida-de-templete\/\",\"name\":\"\\\"Es at\u00edpico lo que sucedi\u00f3. Me siento triste\\\", dice M\u00e1ynez por ca\u00edda de templete - The Puebla Times\",\"isPartOf\":{\"@id\":\"https:\/\/thepueblatimes.mx\/#website\"},\"datePublished\":\"2024-05-23T23:18:10+00:00\",\"dateModified\":\"2024-05-23T23:21:23+00:00\",\"author\":{\"@id\":\"https:\/\/thepueblatimes.mx\/#\/schema\/person\/ad152a907a5f1fb40553a2551dbadb8e\"},\"breadcrumb\":{\"@id\":\"https:\/\/thepueblatimes.mx\/index.php\/2024\/05\/23\/es-atipico-lo-que-sucedio-me-siento-triste-dice-maynez-por-caida-de-templete\/#breadcrumb\"},\"inLanguage\":\"es\",\"potentialAction\":[{\"@type\":\"ReadAction\",\"target\":[\"https:\/\/thepueblatimes.mx\/index.php\/2024\/05\/23\/es-atipico-lo-que-sucedio-me-siento-triste-dice-maynez-por-caida-de-templete\/\"]}]},{\"@type\":\"BreadcrumbList\",\"@id\":\"https:\/\/thepueblatimes.mx\/index.php\/2024\/05\/23\/es-atipico-lo-que-sucedio-me-siento-triste-dice-maynez-por-caida-de-templete\/#breadcrumb\",\"itemListElement\":[{\"@type\":\"ListItem\",\"position\":1,\"name\":\"Portada\",\"item\":\"https:\/\/thepueblatimes.mx\/\"},{\"@type\":\"ListItem\",\"position\":2,\"name\":\"\u00abEs at\u00edpico lo que sucedi\u00f3. Me siento triste\u00bb, dice M\u00e1ynez por ca\u00edda de templete\"}]},{\"@type\":\"WebSite\",\"@id\":\"https:\/\/thepueblatimes.mx\/#website\",\"url\":\"https:\/\/thepueblatimes.mx\/\",\"name\":\"The Puebla Times\",\"description\":\"Noticias del Estado de Puebla\",\"potentialAction\":[{\"@type\":\"SearchAction\",\"target\":{\"@type\":\"EntryPoint\",\"urlTemplate\":\"https:\/\/thepueblatimes.mx\/?s={search_term_string}\"},\"query-input\":\"required name=search_term_string\"}],\"inLanguage\":\"es\"},{\"@type\":\"Person\",\"@id\":\"https:\/\/thepueblatimes.mx\/#\/schema\/person\/ad152a907a5f1fb40553a2551dbadb8e\",\"name\":\"The Puebla Times\",\"image\":{\"@type\":\"ImageObject\",\"inLanguage\":\"es\",\"@id\":\"https:\/\/thepueblatimes.mx\/#\/schema\/person\/image\/\",\"url\":\"https:\/\/secure.gravatar.com\/avatar\/82859cd6fbb1a3801d3e7ee27c92b8c9?s=96&d=mm&r=g\",\"contentUrl\":\"https:\/\/secure.gravatar.com\/avatar\/82859cd6fbb1a3801d3e7ee27c92b8c9?s=96&d=mm&r=g\",\"caption\":\"The Puebla Times\"},\"url\":\"https:\/\/thepueblatimes.mx\/index.php\/author\/ferhz\/\"}]}<\/script>\n<!-- \/ Yoast SEO plugin. -->","yoast_head_json":{"title":"\"Es at\u00edpico lo que sucedi\u00f3. Me siento triste\", dice M\u00e1ynez por ca\u00edda de templete - The Puebla Times","robots":{"index":"index","follow":"follow","max-snippet":"max-snippet:-1","max-image-preview":"max-image-preview:large","max-video-preview":"max-video-preview:-1"},"canonical":"https:\/\/thepueblatimes.mx\/index.php\/2024\/05\/23\/es-atipico-lo-que-sucedio-me-siento-triste-dice-maynez-por-caida-de-templete\/","og_locale":"es_ES","og_type":"article","og_title":"\"Es at\u00edpico lo que sucedi\u00f3. Me siento triste\", dice M\u00e1ynez por ca\u00edda de templete - The Puebla Times","og_description":"El candidato a la presidencia explic\u00f3 que fue un fen\u00f3meno meteorol\u00f3gico \u00abat\u00edpico\u00bb lo que caus\u00f3 la tragedia La noche de est\u00e9 mi\u00e9rcoles 22 de de mayo, en el cierre de campa\u00f1a de la candidata\u00a0Lorenia Canavati\u00a0de\u00a0Movimiento Ciudadano\u00a0una estructura cay\u00f3 por los fuertes vientos que que se presentaron en el municpio, donde se presentaba el tambi\u00e9n candidato...","og_url":"https:\/\/thepueblatimes.mx\/index.php\/2024\/05\/23\/es-atipico-lo-que-sucedio-me-siento-triste-dice-maynez-por-caida-de-templete\/","og_site_name":"The Puebla Times","article_published_time":"2024-05-23T23:18:10+00:00","article_modified_time":"2024-05-23T23:21:23+00:00","og_image":[{"width":1363,"height":745,"url":"https:\/\/thepueblatimes.mx\/wp-content\/uploads\/2024\/05\/Captura-de-pantalla-2024-05-23-171449.png","type":"image\/png"}],"author":"The Puebla Times","twitter_card":"summary_large_image","twitter_misc":{"Escrito por":"The Puebla Times","Tiempo de lectura":"3 minutos"},"schema":{"@context":"https:\/\/schema.org","@graph":[{"@type":"WebPage","@id":"https:\/\/thepueblatimes.mx\/index.php\/2024\/05\/23\/es-atipico-lo-que-sucedio-me-siento-triste-dice-maynez-por-caida-de-templete\/","url":"https:\/\/thepueblatimes.mx\/index.php\/2024\/05\/23\/es-atipico-lo-que-sucedio-me-siento-triste-dice-maynez-por-caida-de-templete\/","name":"\"Es at\u00edpico lo que sucedi\u00f3. Me siento triste\", dice M\u00e1ynez por ca\u00edda de templete - The Puebla Times","isPartOf":{"@id":"https:\/\/thepueblatimes.mx\/#website"},"datePublished":"2024-05-23T23:18:10+00:00","dateModified":"2024-05-23T23:21:23+00:00","author":{"@id":"https:\/\/thepueblatimes.mx\/#\/schema\/person\/ad152a907a5f1fb40553a2551dbadb8e"},"breadcrumb":{"@id":"https:\/\/thepueblatimes.mx\/index.php\/2024\/05\/23\/es-atipico-lo-que-sucedio-me-siento-triste-dice-maynez-por-caida-de-templete\/#breadcrumb"},"inLanguage":"es","potentialAction":[{"@type":"ReadAction","target":["https:\/\/thepueblatimes.mx\/index.php\/2024\/05\/23\/es-atipico-lo-que-sucedio-me-siento-triste-dice-maynez-por-caida-de-templete\/"]}]},{"@type":"BreadcrumbList","@id":"https:\/\/thepueblatimes.mx\/index.php\/2024\/05\/23\/es-atipico-lo-que-sucedio-me-siento-triste-dice-maynez-por-caida-de-templete\/#breadcrumb","itemListElement":[{"@type":"ListItem","position":1,"name":"Portada","item":"https:\/\/thepueblatimes.mx\/"},{"@type":"ListItem","position":2,"name":"\u00abEs at\u00edpico lo que sucedi\u00f3. Me siento triste\u00bb, dice M\u00e1ynez por ca\u00edda de templete"}]},{"@type":"WebSite","@id":"https:\/\/thepueblatimes.mx\/#website","url":"https:\/\/thepueblatimes.mx\/","name":"The Puebla Times","description":"Noticias del Estado de Puebla","potentialAction":[{"@type":"SearchAction","target":{"@type":"EntryPoint","urlTemplate":"https:\/\/thepueblatimes.mx\/?s={search_term_string}"},"query-input":"required name=search_term_string"}],"inLanguage":"es"},{"@type":"Person","@id":"https:\/\/thepueblatimes.mx\/#\/schema\/person\/ad152a907a5f1fb40553a2551dbadb8e","name":"The Puebla Times","image":{"@type":"ImageObject","inLanguage":"es","@id":"https:\/\/thepueblatimes.mx\/#\/schema\/person\/image\/","url":"https:\/\/secure.gravatar.com\/avatar\/82859cd6fbb1a3801d3e7ee27c92b8c9?s=96&d=mm&r=g","contentUrl":"https:\/\/secure.gravatar.com\/avatar\/82859cd6fbb1a3801d3e7ee27c92b8c9?s=96&d=mm&r=g","caption":"The Puebla Times"},"url":"https:\/\/thepueblatimes.mx\/index.php\/author\/ferhz\/"}]}},"jetpack_featured_media_url":"https:\/\/thepueblatimes.mx\/wp-content\/uploads\/2024\/05\/Captura-de-pantalla-2024-05-23-171449.png","_links":{"self":[{"href":"https:\/\/thepueblatimes.mx\/index.php\/wp-json\/wp\/v2\/posts\/22851"}],"collection":[{"href":"https:\/\/thepueblatimes.mx\/index.php\/wp-json\/wp\/v2\/posts"}],"about":[{"href":"https:\/\/thepueblatimes.mx\/index.php\/wp-json\/wp\/v2\/types\/post"}],"author":[{"embeddable":true,"href":"https:\/\/thepueblatimes.mx\/index.php\/wp-json\/wp\/v2\/users\/3"}],"replies":[{"embeddable":true,"href":"https:\/\/thepueblatimes.mx\/index.php\/wp-json\/wp\/v2\/comments?post=22851"}],"version-history":[{"count":2,"href":"https:\/\/thepueblatimes.mx\/index.php\/wp-json\/wp\/v2\/posts\/22851\/revisions"}],"predecessor-version":[{"id":22854,"href":"https:\/\/thepueblatimes.mx\/index.php\/wp-json\/wp\/v2\/posts\/22851\/revisions\/22854"}],"wp:featuredmedia":[{"embeddable":true,"href":"https:\/\/thepueblatimes.mx\/index.php\/wp-json\/wp\/v2\/media\/22852"}],"wp:attachment":[{"href":"https:\/\/thepueblatimes.mx\/index.php\/wp-json\/wp\/v2\/media?parent=22851"}],"wp:term":[{"taxonomy":"category","embeddable":true,"href":"https:\/\/thepueblatimes.mx\/index.php\/wp-json\/wp\/v2\/categories?post=22851"},{"taxonomy":"post_tag","embeddable":true,"href":"https:\/\/thepueblatimes.mx\/index.php\/wp-json\/wp\/v2\/tags?post=22851"}],"curies":[{"name":"wp","href":"https:\/\/api.w.org\/{rel}","templated":true}]}}