{"id":22848,"date":"2024-05-23T17:08:53","date_gmt":"2024-05-23T23:08:53","guid":{"rendered":"https:\/\/thepueblatimes.mx\/?p=22848"},"modified":"2024-05-23T17:08:53","modified_gmt":"2024-05-23T23:08:53","slug":"por-que-se-llama-de-flores-a-la-luna-llena-de-mayo","status":"publish","type":"post","link":"https:\/\/thepueblatimes.mx\/index.php\/2024\/05\/23\/por-que-se-llama-de-flores-a-la-luna-llena-de-mayo\/","title":{"rendered":"\u00bfPor qu\u00e9 se llama \u201cde flores\u201d a la Luna llena de mayo?"},"content":{"rendered":"<h3 class=\"com-subhead --bajada --m-xs-\">Hoy se puede ver este sat\u00e9lite natural completamente en el cielo; \u00bfcu\u00e1l es el origen de su nombre y cu\u00e1ndo ser\u00e1 el pr\u00f3ximo plenilunio?<\/h3>\n<p class=\"com-paragraph   --s\">Este jueves 23 de mayo se puede ver en el cielo la\u00a0<strong>Luna llena<\/strong>. Se trata de la\u00a0<strong>fase lunar<\/strong>\u00a0en que se puede ver al sat\u00e9lite natural en su totalidad. Cuando el\u00a0<strong>plenilunio\u00a0<\/strong>se da en el quinto mes del a\u00f1o, se la llama \u201c<strong>Luna de las flores<\/strong>\u201d. En ese sentido, muchas personas se preguntan<strong>\u00a0por qu\u00e9 lleva este nombre\u00a0<\/strong>peculiar. Si bien no se trata de un fen\u00f3meno visual, la denominaci\u00f3n tiene que ver con una<strong>\u00a0tradici\u00f3n hist\u00f3rica.<\/strong><\/p>\n<p class=\"com-paragraph   --s\">Cada mes, este sat\u00e9lite natural que orbita alrededor de nuestro planeta pasa por distintas\u00a0<strong>fases<\/strong>\u00a0que se producen a partir del cambio de posici\u00f3n de este cuerpo celeste respecto a la\u00a0<strong>Tierra<\/strong>\u00a0y al\u00a0<strong>Sol<\/strong>. Este gira alrededor de nuestro planeta en aproximadamente 28 d\u00edas y con ese movimiento se puede ver en su totalidad o casi nada, seg\u00fan la sombra que pueda causar el planeta sobre ella.<\/p>\n<p class=\"com-paragraph   --s\">Los nombres que se le dan a esta\u00a0<strong>fase lunar\u00a0<\/strong>tienen que ver con la forma en que las antiguas comunidades med\u00edan el tiempo. La \u201c<strong>Luna de <\/strong><strong>las<\/strong><strong> flores<\/strong>\u201d proviene de los pueblos originarios norteamericanos. Con la llegada del\u00a0<strong>plenilunio\u00a0<\/strong>de esta \u00e9poca del a\u00f1o, suelen florecer las flores silvestres. Esto se debe a que en el hemisferio norte es\u00a0<strong>primavera\u00a0<\/strong>durante mayo, por lo que esta escena colorida inspir\u00f3 a las personas en ese entonces a elegir este t\u00edtulo. De todos modos, tambi\u00e9n la llaman \u201c<strong>Luna en ciernes<\/strong>\u201d \u2015es decir, que algo se encuentra en fase de elaboraci\u00f3n o de formaci\u00f3n, o sin haber madurado\u2015, \u201c<strong>Luna que pone huevos<\/strong>\u201d y \u201c<strong>Luna de plantaci\u00f3n<\/strong>\u201d. Todas ellas hacen referencia a esta estaci\u00f3n del a\u00f1o y a las actividades que llevaban adelante los ind\u00edgenas en este per\u00edodo.<\/p>\n<p class=\"com-paragraph   --s\">De todos modos, el\u00a0<strong>plenilunio\u00a0<\/strong>del mes de mayo tambi\u00e9n lleva diferentes nombres en diferentes culturas. Las antiguas comunidades inglesas le pusieron el nombre de la \u201c<strong>Luna de Leche<\/strong>\u201d. Esto se debe a que marcaba el mes de tres orde\u00f1os, puesto que las vacas eran orde\u00f1adas tres veces al d\u00eda durante esta \u00e9poca del a\u00f1o. En tanto, los nombres celtas y en ingl\u00e9s antiguo son \u201c<strong>Luna de la madre<\/strong>\u201d, \u201c<strong>Luna brillate<\/strong>\u201d, \u201c<strong>Luna de la liebre<\/strong>\u201d y \u201c<strong>Luna del pasto<\/strong>\u201d.<\/p>\n<p>Fuente: <a href=\"https:\/\/www.lanacion.com.ar\/lifestyle\/por-que-se-llama-de-flores-a-la-luna-llena-de-mayo-nid23052024\/\">https:\/\/www.lanacion.com.ar\/lifestyle\/por-que-se-llama-de-flores-a-la-luna-llena-de-mayo-nid23052024\/<\/a><\/p>\n","protected":false},"excerpt":{"rendered":"<p>Hoy se puede ver este sat\u00e9lite natural completamente en el cielo; \u00bfcu\u00e1l es el origen de su nombre y cu\u00e1ndo ser\u00e1 el pr\u00f3ximo plenilunio? Este jueves 23 de mayo se puede ver en el cielo la\u00a0Luna llena. Se trata de la\u00a0fase lunar\u00a0en que se puede ver al sat\u00e9lite natural en su totalidad. Cuando el\u00a0plenilunio\u00a0se da&#8230;<\/p>\n","protected":false},"author":3,"featured_media":22849,"comment_status":"closed","ping_status":"closed","sticky":false,"template":"","format":"standard","meta":[],"categories":[9,110],"tags":[1847,1846,1848],"yoast_head":"<!-- This site is optimized with the Yoast SEO plugin v20.8 - https:\/\/yoast.com\/wordpress\/plugins\/seo\/ -->\n<title>\u00bfPor qu\u00e9 se llama \u201cde flores\u201d a la Luna llena de mayo? - The Puebla Times<\/title>\n<meta name=\"robots\" content=\"index, follow, max-snippet:-1, max-image-preview:large, max-video-preview:-1\" \/>\n<link rel=\"canonical\" href=\"https:\/\/thepueblatimes.mx\/index.php\/2024\/05\/23\/por-que-se-llama-de-flores-a-la-luna-llena-de-mayo\/\" \/>\n<meta property=\"og:locale\" content=\"es_ES\" \/>\n<meta property=\"og:type\" content=\"article\" \/>\n<meta property=\"og:title\" content=\"\u00bfPor qu\u00e9 se llama \u201cde flores\u201d a la Luna llena de mayo? - The Puebla Times\" \/>\n<meta property=\"og:description\" content=\"Hoy se puede ver este sat\u00e9lite natural completamente en el cielo; \u00bfcu\u00e1l es el origen de su nombre y cu\u00e1ndo ser\u00e1 el pr\u00f3ximo plenilunio? Este jueves 23 de mayo se puede ver en el cielo la\u00a0Luna llena. Se trata de la\u00a0fase lunar\u00a0en que se puede ver al sat\u00e9lite natural en su totalidad. Cuando el\u00a0plenilunio\u00a0se da...\" \/>\n<meta property=\"og:url\" content=\"https:\/\/thepueblatimes.mx\/index.php\/2024\/05\/23\/por-que-se-llama-de-flores-a-la-luna-llena-de-mayo\/\" \/>\n<meta property=\"og:site_name\" content=\"The Puebla Times\" \/>\n<meta property=\"article:published_time\" content=\"2024-05-23T23:08:53+00:00\" \/>\n<meta property=\"og:image\" content=\"https:\/\/thepueblatimes.mx\/wp-content\/uploads\/2024\/05\/Captura-de-pantalla-2024-05-23-170427.png\" \/>\n\t<meta property=\"og:image:width\" content=\"1093\" \/>\n\t<meta property=\"og:image:height\" content=\"722\" \/>\n\t<meta property=\"og:image:type\" content=\"image\/png\" \/>\n<meta name=\"author\" content=\"The Puebla Times\" \/>\n<meta name=\"twitter:card\" content=\"summary_large_image\" \/>\n<meta name=\"twitter:label1\" content=\"Escrito por\" \/>\n\t<meta name=\"twitter:data1\" content=\"The Puebla Times\" \/>\n\t<meta name=\"twitter:label2\" content=\"Tiempo de lectura\" \/>\n\t<meta name=\"twitter:data2\" content=\"2 minutos\" \/>\n<script type=\"application\/ld+json\" class=\"yoast-schema-graph\">{\"@context\":\"https:\/\/schema.org\",\"@graph\":[{\"@type\":\"WebPage\",\"@id\":\"https:\/\/thepueblatimes.mx\/index.php\/2024\/05\/23\/por-que-se-llama-de-flores-a-la-luna-llena-de-mayo\/\",\"url\":\"https:\/\/thepueblatimes.mx\/index.php\/2024\/05\/23\/por-que-se-llama-de-flores-a-la-luna-llena-de-mayo\/\",\"name\":\"\u00bfPor qu\u00e9 se llama \u201cde flores\u201d a la Luna llena de mayo? - The Puebla Times\",\"isPartOf\":{\"@id\":\"https:\/\/thepueblatimes.mx\/#website\"},\"datePublished\":\"2024-05-23T23:08:53+00:00\",\"dateModified\":\"2024-05-23T23:08:53+00:00\",\"author\":{\"@id\":\"https:\/\/thepueblatimes.mx\/#\/schema\/person\/ad152a907a5f1fb40553a2551dbadb8e\"},\"breadcrumb\":{\"@id\":\"https:\/\/thepueblatimes.mx\/index.php\/2024\/05\/23\/por-que-se-llama-de-flores-a-la-luna-llena-de-mayo\/#breadcrumb\"},\"inLanguage\":\"es\",\"potentialAction\":[{\"@type\":\"ReadAction\",\"target\":[\"https:\/\/thepueblatimes.mx\/index.php\/2024\/05\/23\/por-que-se-llama-de-flores-a-la-luna-llena-de-mayo\/\"]}]},{\"@type\":\"BreadcrumbList\",\"@id\":\"https:\/\/thepueblatimes.mx\/index.php\/2024\/05\/23\/por-que-se-llama-de-flores-a-la-luna-llena-de-mayo\/#breadcrumb\",\"itemListElement\":[{\"@type\":\"ListItem\",\"position\":1,\"name\":\"Portada\",\"item\":\"https:\/\/thepueblatimes.mx\/\"},{\"@type\":\"ListItem\",\"position\":2,\"name\":\"\u00bfPor qu\u00e9 se llama \u201cde flores\u201d a la Luna llena de mayo?\"}]},{\"@type\":\"WebSite\",\"@id\":\"https:\/\/thepueblatimes.mx\/#website\",\"url\":\"https:\/\/thepueblatimes.mx\/\",\"name\":\"The Puebla Times\",\"description\":\"Noticias del Estado de Puebla\",\"potentialAction\":[{\"@type\":\"SearchAction\",\"target\":{\"@type\":\"EntryPoint\",\"urlTemplate\":\"https:\/\/thepueblatimes.mx\/?s={search_term_string}\"},\"query-input\":\"required name=search_term_string\"}],\"inLanguage\":\"es\"},{\"@type\":\"Person\",\"@id\":\"https:\/\/thepueblatimes.mx\/#\/schema\/person\/ad152a907a5f1fb40553a2551dbadb8e\",\"name\":\"The Puebla Times\",\"image\":{\"@type\":\"ImageObject\",\"inLanguage\":\"es\",\"@id\":\"https:\/\/thepueblatimes.mx\/#\/schema\/person\/image\/\",\"url\":\"https:\/\/secure.gravatar.com\/avatar\/82859cd6fbb1a3801d3e7ee27c92b8c9?s=96&d=mm&r=g\",\"contentUrl\":\"https:\/\/secure.gravatar.com\/avatar\/82859cd6fbb1a3801d3e7ee27c92b8c9?s=96&d=mm&r=g\",\"caption\":\"The Puebla Times\"},\"url\":\"https:\/\/thepueblatimes.mx\/index.php\/author\/ferhz\/\"}]}<\/script>\n<!-- \/ Yoast SEO plugin. -->","yoast_head_json":{"title":"\u00bfPor qu\u00e9 se llama \u201cde flores\u201d a la Luna llena de mayo? - The Puebla Times","robots":{"index":"index","follow":"follow","max-snippet":"max-snippet:-1","max-image-preview":"max-image-preview:large","max-video-preview":"max-video-preview:-1"},"canonical":"https:\/\/thepueblatimes.mx\/index.php\/2024\/05\/23\/por-que-se-llama-de-flores-a-la-luna-llena-de-mayo\/","og_locale":"es_ES","og_type":"article","og_title":"\u00bfPor qu\u00e9 se llama \u201cde flores\u201d a la Luna llena de mayo? - The Puebla Times","og_description":"Hoy se puede ver este sat\u00e9lite natural completamente en el cielo; \u00bfcu\u00e1l es el origen de su nombre y cu\u00e1ndo ser\u00e1 el pr\u00f3ximo plenilunio? Este jueves 23 de mayo se puede ver en el cielo la\u00a0Luna llena. Se trata de la\u00a0fase lunar\u00a0en que se puede ver al sat\u00e9lite natural en su totalidad. Cuando el\u00a0plenilunio\u00a0se da...","og_url":"https:\/\/thepueblatimes.mx\/index.php\/2024\/05\/23\/por-que-se-llama-de-flores-a-la-luna-llena-de-mayo\/","og_site_name":"The Puebla Times","article_published_time":"2024-05-23T23:08:53+00:00","og_image":[{"width":1093,"height":722,"url":"https:\/\/thepueblatimes.mx\/wp-content\/uploads\/2024\/05\/Captura-de-pantalla-2024-05-23-170427.png","type":"image\/png"}],"author":"The Puebla Times","twitter_card":"summary_large_image","twitter_misc":{"Escrito por":"The Puebla Times","Tiempo de lectura":"2 minutos"},"schema":{"@context":"https:\/\/schema.org","@graph":[{"@type":"WebPage","@id":"https:\/\/thepueblatimes.mx\/index.php\/2024\/05\/23\/por-que-se-llama-de-flores-a-la-luna-llena-de-mayo\/","url":"https:\/\/thepueblatimes.mx\/index.php\/2024\/05\/23\/por-que-se-llama-de-flores-a-la-luna-llena-de-mayo\/","name":"\u00bfPor qu\u00e9 se llama \u201cde flores\u201d a la Luna llena de mayo? - The Puebla Times","isPartOf":{"@id":"https:\/\/thepueblatimes.mx\/#website"},"datePublished":"2024-05-23T23:08:53+00:00","dateModified":"2024-05-23T23:08:53+00:00","author":{"@id":"https:\/\/thepueblatimes.mx\/#\/schema\/person\/ad152a907a5f1fb40553a2551dbadb8e"},"breadcrumb":{"@id":"https:\/\/thepueblatimes.mx\/index.php\/2024\/05\/23\/por-que-se-llama-de-flores-a-la-luna-llena-de-mayo\/#breadcrumb"},"inLanguage":"es","potentialAction":[{"@type":"ReadAction","target":["https:\/\/thepueblatimes.mx\/index.php\/2024\/05\/23\/por-que-se-llama-de-flores-a-la-luna-llena-de-mayo\/"]}]},{"@type":"BreadcrumbList","@id":"https:\/\/thepueblatimes.mx\/index.php\/2024\/05\/23\/por-que-se-llama-de-flores-a-la-luna-llena-de-mayo\/#breadcrumb","itemListElement":[{"@type":"ListItem","position":1,"name":"Portada","item":"https:\/\/thepueblatimes.mx\/"},{"@type":"ListItem","position":2,"name":"\u00bfPor qu\u00e9 se llama \u201cde flores\u201d a la Luna llena de mayo?"}]},{"@type":"WebSite","@id":"https:\/\/thepueblatimes.mx\/#website","url":"https:\/\/thepueblatimes.mx\/","name":"The Puebla Times","description":"Noticias del Estado de Puebla","potentialAction":[{"@type":"SearchAction","target":{"@type":"EntryPoint","urlTemplate":"https:\/\/thepueblatimes.mx\/?s={search_term_string}"},"query-input":"required name=search_term_string"}],"inLanguage":"es"},{"@type":"Person","@id":"https:\/\/thepueblatimes.mx\/#\/schema\/person\/ad152a907a5f1fb40553a2551dbadb8e","name":"The Puebla Times","image":{"@type":"ImageObject","inLanguage":"es","@id":"https:\/\/thepueblatimes.mx\/#\/schema\/person\/image\/","url":"https:\/\/secure.gravatar.com\/avatar\/82859cd6fbb1a3801d3e7ee27c92b8c9?s=96&d=mm&r=g","contentUrl":"https:\/\/secure.gravatar.com\/avatar\/82859cd6fbb1a3801d3e7ee27c92b8c9?s=96&d=mm&r=g","caption":"The Puebla Times"},"url":"https:\/\/thepueblatimes.mx\/index.php\/author\/ferhz\/"}]}},"jetpack_featured_media_url":"https:\/\/thepueblatimes.mx\/wp-content\/uploads\/2024\/05\/Captura-de-pantalla-2024-05-23-170427.png","_links":{"self":[{"href":"https:\/\/thepueblatimes.mx\/index.php\/wp-json\/wp\/v2\/posts\/22848"}],"collection":[{"href":"https:\/\/thepueblatimes.mx\/index.php\/wp-json\/wp\/v2\/posts"}],"about":[{"href":"https:\/\/thepueblatimes.mx\/index.php\/wp-json\/wp\/v2\/types\/post"}],"author":[{"embeddable":true,"href":"https:\/\/thepueblatimes.mx\/index.php\/wp-json\/wp\/v2\/users\/3"}],"replies":[{"embeddable":true,"href":"https:\/\/thepueblatimes.mx\/index.php\/wp-json\/wp\/v2\/comments?post=22848"}],"version-history":[{"count":1,"href":"https:\/\/thepueblatimes.mx\/index.php\/wp-json\/wp\/v2\/posts\/22848\/revisions"}],"predecessor-version":[{"id":22850,"href":"https:\/\/thepueblatimes.mx\/index.php\/wp-json\/wp\/v2\/posts\/22848\/revisions\/22850"}],"wp:featuredmedia":[{"embeddable":true,"href":"https:\/\/thepueblatimes.mx\/index.php\/wp-json\/wp\/v2\/media\/22849"}],"wp:attachment":[{"href":"https:\/\/thepueblatimes.mx\/index.php\/wp-json\/wp\/v2\/media?parent=22848"}],"wp:term":[{"taxonomy":"category","embeddable":true,"href":"https:\/\/thepueblatimes.mx\/index.php\/wp-json\/wp\/v2\/categories?post=22848"},{"taxonomy":"post_tag","embeddable":true,"href":"https:\/\/thepueblatimes.mx\/index.php\/wp-json\/wp\/v2\/tags?post=22848"}],"curies":[{"name":"wp","href":"https:\/\/api.w.org\/{rel}","templated":true}]}}