{"id":22845,"date":"2024-05-23T16:31:40","date_gmt":"2024-05-23T22:31:40","guid":{"rendered":"https:\/\/thepueblatimes.mx\/?p=22845"},"modified":"2024-05-23T16:31:40","modified_gmt":"2024-05-23T22:31:40","slug":"domo-de-calor-ahoga-a-mexico-centroamerica-y-el-sur-de-estados-unidos","status":"publish","type":"post","link":"https:\/\/thepueblatimes.mx\/index.php\/2024\/05\/23\/domo-de-calor-ahoga-a-mexico-centroamerica-y-el-sur-de-estados-unidos\/","title":{"rendered":"Domo de calor \u00abahoga\u00bb a M\u00e9xico, Centroam\u00e9rica y el sur de Estados Unidos"},"content":{"rendered":"<p class=\"subTitle text-2xl mb-5\">Expertos se\u00f1alan que el evento de calor genera preocupaciones sobre las temperaturas del agua del oc\u00e9ano y su influencia en la pr\u00f3xima temporada de huracanes.<\/p>\n<p class=\"sc__font-paragraph\">El\u00a0<b>calor extremo<\/b>\u00a0en\u00a0<b>M\u00e9xico<\/b>,\u00a0<b>Centroam\u00e9rica\u00a0<\/b>y partes del sur de\u00a0<b>Estados Unidos<\/b>\u00a0ha dejado a millones de personas bajo temperaturas sofocantes, ha sobrecargado las\u00a0<b>redes de energ\u00eda<\/b>\u00a0y provocado que los ic\u00f3nicos\u00a0<b>monos aulladores\u00a0<\/b>en M\u00e9xico se\u00a0<b>caigan muertos<\/b>\u00a0de los \u00e1rboles.<\/p>\n<p class=\"sc__font-paragraph\">Los meteor\u00f3logos se\u00f1alaron que las condiciones han sido causadas por lo que algunos llaman<b>\u00a0<\/b><b>domo de calor<\/b>,<b>\u00a0<\/b>una zona de fuertes altas presiones centrada en el sur del\u00a0<b>Golfo de M\u00e9xico<\/b>\u00a0y el norte de\u00a0<b>Centroam\u00e9rica\u00a0<\/b>que impidi\u00f3 la formaci\u00f3n de nubes y provoc\u00f3 una gran insolaci\u00f3n y altas temperaturas.<\/p>\n<p class=\"sc__font-paragraph\">Este calor extremo se produce en un mundo que se calienta r\u00e1pidamente debido a los\u00a0<b>gases de efecto invernadero<\/b>, que provienen de la quema de combustibles f\u00f3siles como el petr\u00f3leo, el gas y el carb\u00f3n.<\/p>\n<p>Las altas temperaturas se extienden a lo largo del\u00a0<b>Golfo de M\u00e9xico\u00a0<\/b>hasta partes de Estados Unidos, incluidas Texas y Florida. Esta\u00a0<b>ola de calor<\/b>\u00a0ocurre cuando miles de personas en Texas permanecen sin electricidad despu\u00e9s de que las\u00a0<b>tormentas el\u00e9ctricas<\/b>\u00a0azotaran partes del estado la semana pasada.<\/p>\n<p class=\"sc__font-paragraph\">Shawn Bhatti, meteor\u00f3logo de la oficina de pron\u00f3sticos del\u00a0<b>Servicio Meteorol\u00f3gico Nacional<\/b>\u00a0(NWS por sus siglas en ingl\u00e9s), en Miami, dijo que los vientos del sur que provienen de los tr\u00f3picos transportaron aire caliente y h\u00famedo hacia el norte desde el ecuador, lo que contribuy\u00f3 a las condiciones inusualmente c\u00e1lidas.<\/p>\n<p class=\"sc__font-paragraph\">El sur de\u00a0<b>Florida\u00a0<\/b>ha estado m\u00e1s caluroso de lo normal. El Aeropuerto Internacional de Miami registr\u00f3 una temperatura m\u00e1xima diaria de 35,6 grados Celsius (96 grados Fahrenheit) el 19 de mayo. Eso super\u00f3 las temperaturas de alrededor de 30 grados Celsius (86 a 88 grados Fahrenheit) que Miami normalmente registra en esta \u00e9poca del a\u00f1o.<\/p>\n<p class=\"sc__font-paragraph\">Un aviso de calor emitido por el NWS entr\u00f3 en vigor el jueves para zonas de Texas. Se tiene previsto que las temperaturas a lo largo del r\u00edo Bravo aumenten hasta los 43,9 grados Celsius y 35 grados Celsius en las monta\u00f1as Davis y Chinati.<\/p>\n<p>Fuente: <a href=\"https:\/\/www.eluniversal.com.mx\/mundo\/domo-de-calor-ahoga-a-mexico-centroamerica-y-el-sur-de-estados-unidos\/\">https:\/\/www.eluniversal.com.mx\/mundo\/domo-de-calor-ahoga-a-mexico-centroamerica-y-el-sur-de-estados-unidos\/<\/a><\/p>\n","protected":false},"excerpt":{"rendered":"<p>Expertos se\u00f1alan que el evento de calor genera preocupaciones sobre las temperaturas del agua del oc\u00e9ano y su influencia en la pr\u00f3xima temporada de huracanes. El\u00a0calor extremo\u00a0en\u00a0M\u00e9xico,\u00a0Centroam\u00e9rica\u00a0y partes del sur de\u00a0Estados Unidos\u00a0ha dejado a millones de personas bajo temperaturas sofocantes, ha sobrecargado las\u00a0redes de energ\u00eda\u00a0y provocado que los ic\u00f3nicos\u00a0monos aulladores\u00a0en M\u00e9xico se\u00a0caigan muertos\u00a0de los \u00e1rboles&#8230;.<\/p>\n","protected":false},"author":3,"featured_media":22846,"comment_status":"closed","ping_status":"closed","sticky":false,"template":"","format":"standard","meta":[],"categories":[2,22],"tags":[1845,1770,1498,191],"yoast_head":"<!-- This site is optimized with the Yoast SEO plugin v20.8 - https:\/\/yoast.com\/wordpress\/plugins\/seo\/ -->\n<title>Domo de calor &quot;ahoga&quot; a M\u00e9xico, Centroam\u00e9rica y el sur de Estados Unidos - The Puebla Times<\/title>\n<meta name=\"robots\" content=\"index, follow, max-snippet:-1, max-image-preview:large, max-video-preview:-1\" \/>\n<link rel=\"canonical\" href=\"https:\/\/thepueblatimes.mx\/index.php\/2024\/05\/23\/domo-de-calor-ahoga-a-mexico-centroamerica-y-el-sur-de-estados-unidos\/\" \/>\n<meta property=\"og:locale\" content=\"es_ES\" \/>\n<meta property=\"og:type\" content=\"article\" \/>\n<meta property=\"og:title\" content=\"Domo de calor &quot;ahoga&quot; a M\u00e9xico, Centroam\u00e9rica y el sur de Estados Unidos - The Puebla Times\" \/>\n<meta property=\"og:description\" content=\"Expertos se\u00f1alan que el evento de calor genera preocupaciones sobre las temperaturas del agua del oc\u00e9ano y su influencia en la pr\u00f3xima temporada de huracanes. El\u00a0calor extremo\u00a0en\u00a0M\u00e9xico,\u00a0Centroam\u00e9rica\u00a0y partes del sur de\u00a0Estados Unidos\u00a0ha dejado a millones de personas bajo temperaturas sofocantes, ha sobrecargado las\u00a0redes de energ\u00eda\u00a0y provocado que los ic\u00f3nicos\u00a0monos aulladores\u00a0en M\u00e9xico se\u00a0caigan muertos\u00a0de los \u00e1rboles....\" \/>\n<meta property=\"og:url\" content=\"https:\/\/thepueblatimes.mx\/index.php\/2024\/05\/23\/domo-de-calor-ahoga-a-mexico-centroamerica-y-el-sur-de-estados-unidos\/\" \/>\n<meta property=\"og:site_name\" content=\"The Puebla Times\" \/>\n<meta property=\"article:published_time\" content=\"2024-05-23T22:31:40+00:00\" \/>\n<meta property=\"og:image\" content=\"https:\/\/thepueblatimes.mx\/wp-content\/uploads\/2024\/05\/Captura-de-pantalla-2024-05-23-162400.png\" \/>\n\t<meta property=\"og:image:width\" content=\"1367\" \/>\n\t<meta property=\"og:image:height\" content=\"745\" \/>\n\t<meta property=\"og:image:type\" content=\"image\/png\" \/>\n<meta name=\"author\" content=\"The Puebla Times\" \/>\n<meta name=\"twitter:card\" content=\"summary_large_image\" \/>\n<meta name=\"twitter:label1\" content=\"Escrito por\" \/>\n\t<meta name=\"twitter:data1\" content=\"The Puebla Times\" \/>\n\t<meta name=\"twitter:label2\" content=\"Tiempo de lectura\" \/>\n\t<meta name=\"twitter:data2\" content=\"2 minutos\" \/>\n<script type=\"application\/ld+json\" class=\"yoast-schema-graph\">{\"@context\":\"https:\/\/schema.org\",\"@graph\":[{\"@type\":\"WebPage\",\"@id\":\"https:\/\/thepueblatimes.mx\/index.php\/2024\/05\/23\/domo-de-calor-ahoga-a-mexico-centroamerica-y-el-sur-de-estados-unidos\/\",\"url\":\"https:\/\/thepueblatimes.mx\/index.php\/2024\/05\/23\/domo-de-calor-ahoga-a-mexico-centroamerica-y-el-sur-de-estados-unidos\/\",\"name\":\"Domo de calor \\\"ahoga\\\" a M\u00e9xico, Centroam\u00e9rica y el sur de Estados Unidos - The Puebla Times\",\"isPartOf\":{\"@id\":\"https:\/\/thepueblatimes.mx\/#website\"},\"datePublished\":\"2024-05-23T22:31:40+00:00\",\"dateModified\":\"2024-05-23T22:31:40+00:00\",\"author\":{\"@id\":\"https:\/\/thepueblatimes.mx\/#\/schema\/person\/ad152a907a5f1fb40553a2551dbadb8e\"},\"breadcrumb\":{\"@id\":\"https:\/\/thepueblatimes.mx\/index.php\/2024\/05\/23\/domo-de-calor-ahoga-a-mexico-centroamerica-y-el-sur-de-estados-unidos\/#breadcrumb\"},\"inLanguage\":\"es\",\"potentialAction\":[{\"@type\":\"ReadAction\",\"target\":[\"https:\/\/thepueblatimes.mx\/index.php\/2024\/05\/23\/domo-de-calor-ahoga-a-mexico-centroamerica-y-el-sur-de-estados-unidos\/\"]}]},{\"@type\":\"BreadcrumbList\",\"@id\":\"https:\/\/thepueblatimes.mx\/index.php\/2024\/05\/23\/domo-de-calor-ahoga-a-mexico-centroamerica-y-el-sur-de-estados-unidos\/#breadcrumb\",\"itemListElement\":[{\"@type\":\"ListItem\",\"position\":1,\"name\":\"Portada\",\"item\":\"https:\/\/thepueblatimes.mx\/\"},{\"@type\":\"ListItem\",\"position\":2,\"name\":\"Domo de calor \u00abahoga\u00bb a M\u00e9xico, Centroam\u00e9rica y el sur de Estados Unidos\"}]},{\"@type\":\"WebSite\",\"@id\":\"https:\/\/thepueblatimes.mx\/#website\",\"url\":\"https:\/\/thepueblatimes.mx\/\",\"name\":\"The Puebla Times\",\"description\":\"Noticias del Estado de Puebla\",\"potentialAction\":[{\"@type\":\"SearchAction\",\"target\":{\"@type\":\"EntryPoint\",\"urlTemplate\":\"https:\/\/thepueblatimes.mx\/?s={search_term_string}\"},\"query-input\":\"required name=search_term_string\"}],\"inLanguage\":\"es\"},{\"@type\":\"Person\",\"@id\":\"https:\/\/thepueblatimes.mx\/#\/schema\/person\/ad152a907a5f1fb40553a2551dbadb8e\",\"name\":\"The Puebla Times\",\"image\":{\"@type\":\"ImageObject\",\"inLanguage\":\"es\",\"@id\":\"https:\/\/thepueblatimes.mx\/#\/schema\/person\/image\/\",\"url\":\"https:\/\/secure.gravatar.com\/avatar\/82859cd6fbb1a3801d3e7ee27c92b8c9?s=96&d=mm&r=g\",\"contentUrl\":\"https:\/\/secure.gravatar.com\/avatar\/82859cd6fbb1a3801d3e7ee27c92b8c9?s=96&d=mm&r=g\",\"caption\":\"The Puebla Times\"},\"url\":\"https:\/\/thepueblatimes.mx\/index.php\/author\/ferhz\/\"}]}<\/script>\n<!-- \/ Yoast SEO plugin. -->","yoast_head_json":{"title":"Domo de calor \"ahoga\" a M\u00e9xico, Centroam\u00e9rica y el sur de Estados Unidos - The Puebla Times","robots":{"index":"index","follow":"follow","max-snippet":"max-snippet:-1","max-image-preview":"max-image-preview:large","max-video-preview":"max-video-preview:-1"},"canonical":"https:\/\/thepueblatimes.mx\/index.php\/2024\/05\/23\/domo-de-calor-ahoga-a-mexico-centroamerica-y-el-sur-de-estados-unidos\/","og_locale":"es_ES","og_type":"article","og_title":"Domo de calor \"ahoga\" a M\u00e9xico, Centroam\u00e9rica y el sur de Estados Unidos - The Puebla Times","og_description":"Expertos se\u00f1alan que el evento de calor genera preocupaciones sobre las temperaturas del agua del oc\u00e9ano y su influencia en la pr\u00f3xima temporada de huracanes. El\u00a0calor extremo\u00a0en\u00a0M\u00e9xico,\u00a0Centroam\u00e9rica\u00a0y partes del sur de\u00a0Estados Unidos\u00a0ha dejado a millones de personas bajo temperaturas sofocantes, ha sobrecargado las\u00a0redes de energ\u00eda\u00a0y provocado que los ic\u00f3nicos\u00a0monos aulladores\u00a0en M\u00e9xico se\u00a0caigan muertos\u00a0de los \u00e1rboles....","og_url":"https:\/\/thepueblatimes.mx\/index.php\/2024\/05\/23\/domo-de-calor-ahoga-a-mexico-centroamerica-y-el-sur-de-estados-unidos\/","og_site_name":"The Puebla Times","article_published_time":"2024-05-23T22:31:40+00:00","og_image":[{"width":1367,"height":745,"url":"https:\/\/thepueblatimes.mx\/wp-content\/uploads\/2024\/05\/Captura-de-pantalla-2024-05-23-162400.png","type":"image\/png"}],"author":"The Puebla Times","twitter_card":"summary_large_image","twitter_misc":{"Escrito por":"The Puebla Times","Tiempo de lectura":"2 minutos"},"schema":{"@context":"https:\/\/schema.org","@graph":[{"@type":"WebPage","@id":"https:\/\/thepueblatimes.mx\/index.php\/2024\/05\/23\/domo-de-calor-ahoga-a-mexico-centroamerica-y-el-sur-de-estados-unidos\/","url":"https:\/\/thepueblatimes.mx\/index.php\/2024\/05\/23\/domo-de-calor-ahoga-a-mexico-centroamerica-y-el-sur-de-estados-unidos\/","name":"Domo de calor \"ahoga\" a M\u00e9xico, Centroam\u00e9rica y el sur de Estados Unidos - The Puebla Times","isPartOf":{"@id":"https:\/\/thepueblatimes.mx\/#website"},"datePublished":"2024-05-23T22:31:40+00:00","dateModified":"2024-05-23T22:31:40+00:00","author":{"@id":"https:\/\/thepueblatimes.mx\/#\/schema\/person\/ad152a907a5f1fb40553a2551dbadb8e"},"breadcrumb":{"@id":"https:\/\/thepueblatimes.mx\/index.php\/2024\/05\/23\/domo-de-calor-ahoga-a-mexico-centroamerica-y-el-sur-de-estados-unidos\/#breadcrumb"},"inLanguage":"es","potentialAction":[{"@type":"ReadAction","target":["https:\/\/thepueblatimes.mx\/index.php\/2024\/05\/23\/domo-de-calor-ahoga-a-mexico-centroamerica-y-el-sur-de-estados-unidos\/"]}]},{"@type":"BreadcrumbList","@id":"https:\/\/thepueblatimes.mx\/index.php\/2024\/05\/23\/domo-de-calor-ahoga-a-mexico-centroamerica-y-el-sur-de-estados-unidos\/#breadcrumb","itemListElement":[{"@type":"ListItem","position":1,"name":"Portada","item":"https:\/\/thepueblatimes.mx\/"},{"@type":"ListItem","position":2,"name":"Domo de calor \u00abahoga\u00bb a M\u00e9xico, Centroam\u00e9rica y el sur de Estados Unidos"}]},{"@type":"WebSite","@id":"https:\/\/thepueblatimes.mx\/#website","url":"https:\/\/thepueblatimes.mx\/","name":"The Puebla Times","description":"Noticias del Estado de Puebla","potentialAction":[{"@type":"SearchAction","target":{"@type":"EntryPoint","urlTemplate":"https:\/\/thepueblatimes.mx\/?s={search_term_string}"},"query-input":"required name=search_term_string"}],"inLanguage":"es"},{"@type":"Person","@id":"https:\/\/thepueblatimes.mx\/#\/schema\/person\/ad152a907a5f1fb40553a2551dbadb8e","name":"The Puebla Times","image":{"@type":"ImageObject","inLanguage":"es","@id":"https:\/\/thepueblatimes.mx\/#\/schema\/person\/image\/","url":"https:\/\/secure.gravatar.com\/avatar\/82859cd6fbb1a3801d3e7ee27c92b8c9?s=96&d=mm&r=g","contentUrl":"https:\/\/secure.gravatar.com\/avatar\/82859cd6fbb1a3801d3e7ee27c92b8c9?s=96&d=mm&r=g","caption":"The Puebla Times"},"url":"https:\/\/thepueblatimes.mx\/index.php\/author\/ferhz\/"}]}},"jetpack_featured_media_url":"https:\/\/thepueblatimes.mx\/wp-content\/uploads\/2024\/05\/Captura-de-pantalla-2024-05-23-162400.png","_links":{"self":[{"href":"https:\/\/thepueblatimes.mx\/index.php\/wp-json\/wp\/v2\/posts\/22845"}],"collection":[{"href":"https:\/\/thepueblatimes.mx\/index.php\/wp-json\/wp\/v2\/posts"}],"about":[{"href":"https:\/\/thepueblatimes.mx\/index.php\/wp-json\/wp\/v2\/types\/post"}],"author":[{"embeddable":true,"href":"https:\/\/thepueblatimes.mx\/index.php\/wp-json\/wp\/v2\/users\/3"}],"replies":[{"embeddable":true,"href":"https:\/\/thepueblatimes.mx\/index.php\/wp-json\/wp\/v2\/comments?post=22845"}],"version-history":[{"count":1,"href":"https:\/\/thepueblatimes.mx\/index.php\/wp-json\/wp\/v2\/posts\/22845\/revisions"}],"predecessor-version":[{"id":22847,"href":"https:\/\/thepueblatimes.mx\/index.php\/wp-json\/wp\/v2\/posts\/22845\/revisions\/22847"}],"wp:featuredmedia":[{"embeddable":true,"href":"https:\/\/thepueblatimes.mx\/index.php\/wp-json\/wp\/v2\/media\/22846"}],"wp:attachment":[{"href":"https:\/\/thepueblatimes.mx\/index.php\/wp-json\/wp\/v2\/media?parent=22845"}],"wp:term":[{"taxonomy":"category","embeddable":true,"href":"https:\/\/thepueblatimes.mx\/index.php\/wp-json\/wp\/v2\/categories?post=22845"},{"taxonomy":"post_tag","embeddable":true,"href":"https:\/\/thepueblatimes.mx\/index.php\/wp-json\/wp\/v2\/tags?post=22845"}],"curies":[{"name":"wp","href":"https:\/\/api.w.org\/{rel}","templated":true}]}}