{"id":22826,"date":"2024-05-23T13:14:31","date_gmt":"2024-05-23T19:14:31","guid":{"rendered":"https:\/\/thepueblatimes.mx\/?p=22826"},"modified":"2024-05-23T13:14:31","modified_gmt":"2024-05-23T19:14:31","slug":"comunicado-2","status":"publish","type":"post","link":"https:\/\/thepueblatimes.mx\/index.php\/2024\/05\/23\/comunicado-2\/","title":{"rendered":"COMUNICADO"},"content":{"rendered":"<p><strong>CIUDAD DE PUEBLA, Pue.-<\/strong>\u00a0La Secretar\u00eda de Movilidad y Transporte (SMT) informa que, a partir del 22 de mayo, se llevar\u00e1n a cabo trabajos nocturnos intermitentes sobre carriles centrales en V\u00eda Atlixc\u00e1yotl, a la altura del Perif\u00e9rico Ecol\u00f3gico, sentido al Centro de Puebla, debido a los avances en la construcci\u00f3n del Distribuidor Vial \u201cPerif\u00e9rico Ecol\u00f3gico-V\u00eda Atlixc\u00e1yotl\u201d, por lo que la circulaci\u00f3n en esta zona ser\u00e1 en contraflujo de las 22:00 a las 06:00 horas.<\/p>\n<p>Esta medida acelerar\u00e1 los procesos constructivos mayores, por lo que la dependencia exhorta a las y los automovilistas manejar con precauci\u00f3n en la zona, ya que habr\u00e1 personal realizando labores y maniobras con maquinaria pesada.<\/p>\n<p>Cabe recordar a las y los usuarios que contin\u00faan cerradas las laterales en V\u00eda Atlixc\u00e1yotl, a la altura del Perif\u00e9rico Ecol\u00f3gico. Asimismo, sobre V\u00eda Atlixc\u00e1yotl se mantienen abiertas las gasas de incorporaci\u00f3n sentido a la autopista M\u00e9xico-Puebla y direcci\u00f3n Valsequillo, as\u00ed como las gasas sobre Perif\u00e9rico Ecol\u00f3gico con sentido a Atlixco y a la Ciudad de Puebla.<\/p>\n<p>La zona est\u00e1 se\u00f1alizada para que los automovilistas circulen a baja velocidad, pero de forma fluida.<\/p>\n","protected":false},"excerpt":{"rendered":"<p>CIUDAD DE PUEBLA, Pue.-\u00a0La Secretar\u00eda de Movilidad y Transporte (SMT) informa que, a partir del 22 de mayo, se llevar\u00e1n a cabo trabajos nocturnos intermitentes sobre carriles centrales en V\u00eda Atlixc\u00e1yotl, a la altura del Perif\u00e9rico Ecol\u00f3gico, sentido al Centro de Puebla, debido a los avances en la construcci\u00f3n del Distribuidor Vial \u201cPerif\u00e9rico Ecol\u00f3gico-V\u00eda Atlixc\u00e1yotl\u201d,&#8230;<\/p>\n","protected":false},"author":16,"featured_media":22829,"comment_status":"closed","ping_status":"closed","sticky":false,"template":"","format":"standard","meta":[],"categories":[3],"tags":[49],"yoast_head":"<!-- This site is optimized with the Yoast SEO plugin v20.8 - https:\/\/yoast.com\/wordpress\/plugins\/seo\/ -->\n<title>COMUNICADO - The Puebla Times<\/title>\n<meta name=\"robots\" content=\"index, follow, max-snippet:-1, max-image-preview:large, max-video-preview:-1\" \/>\n<link rel=\"canonical\" href=\"https:\/\/thepueblatimes.mx\/index.php\/2024\/05\/23\/comunicado-2\/\" \/>\n<meta property=\"og:locale\" content=\"es_ES\" \/>\n<meta property=\"og:type\" content=\"article\" \/>\n<meta property=\"og:title\" content=\"COMUNICADO - The Puebla Times\" \/>\n<meta property=\"og:description\" content=\"CIUDAD DE PUEBLA, Pue.-\u00a0La Secretar\u00eda de Movilidad y Transporte (SMT) informa que, a partir del 22 de mayo, se llevar\u00e1n a cabo trabajos nocturnos intermitentes sobre carriles centrales en V\u00eda Atlixc\u00e1yotl, a la altura del Perif\u00e9rico Ecol\u00f3gico, sentido al Centro de Puebla, debido a los avances en la construcci\u00f3n del Distribuidor Vial \u201cPerif\u00e9rico Ecol\u00f3gico-V\u00eda Atlixc\u00e1yotl\u201d,...\" \/>\n<meta property=\"og:url\" content=\"https:\/\/thepueblatimes.mx\/index.php\/2024\/05\/23\/comunicado-2\/\" \/>\n<meta property=\"og:site_name\" content=\"The Puebla Times\" \/>\n<meta property=\"article:published_time\" content=\"2024-05-23T19:14:31+00:00\" \/>\n<meta property=\"og:image\" content=\"https:\/\/thepueblatimes.mx\/wp-content\/uploads\/2024\/05\/Trabajos_Nocturnos-scaled.jpg\" \/>\n\t<meta property=\"og:image:width\" content=\"2560\" \/>\n\t<meta property=\"og:image:height\" content=\"2187\" \/>\n\t<meta property=\"og:image:type\" content=\"image\/jpeg\" \/>\n<meta name=\"author\" content=\"Sa\u00fal Hern\u00e1ndez\" \/>\n<meta name=\"twitter:card\" content=\"summary_large_image\" \/>\n<meta name=\"twitter:label1\" content=\"Escrito por\" \/>\n\t<meta name=\"twitter:data1\" content=\"Sa\u00fal Hern\u00e1ndez\" \/>\n\t<meta name=\"twitter:label2\" content=\"Tiempo de lectura\" \/>\n\t<meta name=\"twitter:data2\" content=\"1 minuto\" \/>\n<script type=\"application\/ld+json\" class=\"yoast-schema-graph\">{\"@context\":\"https:\/\/schema.org\",\"@graph\":[{\"@type\":\"WebPage\",\"@id\":\"https:\/\/thepueblatimes.mx\/index.php\/2024\/05\/23\/comunicado-2\/\",\"url\":\"https:\/\/thepueblatimes.mx\/index.php\/2024\/05\/23\/comunicado-2\/\",\"name\":\"COMUNICADO - The Puebla Times\",\"isPartOf\":{\"@id\":\"https:\/\/thepueblatimes.mx\/#website\"},\"datePublished\":\"2024-05-23T19:14:31+00:00\",\"dateModified\":\"2024-05-23T19:14:31+00:00\",\"author\":{\"@id\":\"https:\/\/thepueblatimes.mx\/#\/schema\/person\/1664894c2f65ce2c7a08d8f5f905c13c\"},\"breadcrumb\":{\"@id\":\"https:\/\/thepueblatimes.mx\/index.php\/2024\/05\/23\/comunicado-2\/#breadcrumb\"},\"inLanguage\":\"es\",\"potentialAction\":[{\"@type\":\"ReadAction\",\"target\":[\"https:\/\/thepueblatimes.mx\/index.php\/2024\/05\/23\/comunicado-2\/\"]}]},{\"@type\":\"BreadcrumbList\",\"@id\":\"https:\/\/thepueblatimes.mx\/index.php\/2024\/05\/23\/comunicado-2\/#breadcrumb\",\"itemListElement\":[{\"@type\":\"ListItem\",\"position\":1,\"name\":\"Portada\",\"item\":\"https:\/\/thepueblatimes.mx\/\"},{\"@type\":\"ListItem\",\"position\":2,\"name\":\"COMUNICADO\"}]},{\"@type\":\"WebSite\",\"@id\":\"https:\/\/thepueblatimes.mx\/#website\",\"url\":\"https:\/\/thepueblatimes.mx\/\",\"name\":\"The Puebla Times\",\"description\":\"Noticias del Estado de Puebla\",\"potentialAction\":[{\"@type\":\"SearchAction\",\"target\":{\"@type\":\"EntryPoint\",\"urlTemplate\":\"https:\/\/thepueblatimes.mx\/?s={search_term_string}\"},\"query-input\":\"required name=search_term_string\"}],\"inLanguage\":\"es\"},{\"@type\":\"Person\",\"@id\":\"https:\/\/thepueblatimes.mx\/#\/schema\/person\/1664894c2f65ce2c7a08d8f5f905c13c\",\"name\":\"Sa\u00fal Hern\u00e1ndez\",\"image\":{\"@type\":\"ImageObject\",\"inLanguage\":\"es\",\"@id\":\"https:\/\/thepueblatimes.mx\/#\/schema\/person\/image\/\",\"url\":\"https:\/\/secure.gravatar.com\/avatar\/11be338693f243309532caad8f10c930?s=96&d=mm&r=g\",\"contentUrl\":\"https:\/\/secure.gravatar.com\/avatar\/11be338693f243309532caad8f10c930?s=96&d=mm&r=g\",\"caption\":\"Sa\u00fal Hern\u00e1ndez\"},\"url\":\"https:\/\/thepueblatimes.mx\/index.php\/author\/saulhernandez\/\"}]}<\/script>\n<!-- \/ Yoast SEO plugin. -->","yoast_head_json":{"title":"COMUNICADO - The Puebla Times","robots":{"index":"index","follow":"follow","max-snippet":"max-snippet:-1","max-image-preview":"max-image-preview:large","max-video-preview":"max-video-preview:-1"},"canonical":"https:\/\/thepueblatimes.mx\/index.php\/2024\/05\/23\/comunicado-2\/","og_locale":"es_ES","og_type":"article","og_title":"COMUNICADO - The Puebla Times","og_description":"CIUDAD DE PUEBLA, Pue.-\u00a0La Secretar\u00eda de Movilidad y Transporte (SMT) informa que, a partir del 22 de mayo, se llevar\u00e1n a cabo trabajos nocturnos intermitentes sobre carriles centrales en V\u00eda Atlixc\u00e1yotl, a la altura del Perif\u00e9rico Ecol\u00f3gico, sentido al Centro de Puebla, debido a los avances en la construcci\u00f3n del Distribuidor Vial \u201cPerif\u00e9rico Ecol\u00f3gico-V\u00eda Atlixc\u00e1yotl\u201d,...","og_url":"https:\/\/thepueblatimes.mx\/index.php\/2024\/05\/23\/comunicado-2\/","og_site_name":"The Puebla Times","article_published_time":"2024-05-23T19:14:31+00:00","og_image":[{"width":2560,"height":2187,"url":"https:\/\/thepueblatimes.mx\/wp-content\/uploads\/2024\/05\/Trabajos_Nocturnos-scaled.jpg","type":"image\/jpeg"}],"author":"Sa\u00fal Hern\u00e1ndez","twitter_card":"summary_large_image","twitter_misc":{"Escrito por":"Sa\u00fal Hern\u00e1ndez","Tiempo de lectura":"1 minuto"},"schema":{"@context":"https:\/\/schema.org","@graph":[{"@type":"WebPage","@id":"https:\/\/thepueblatimes.mx\/index.php\/2024\/05\/23\/comunicado-2\/","url":"https:\/\/thepueblatimes.mx\/index.php\/2024\/05\/23\/comunicado-2\/","name":"COMUNICADO - The Puebla Times","isPartOf":{"@id":"https:\/\/thepueblatimes.mx\/#website"},"datePublished":"2024-05-23T19:14:31+00:00","dateModified":"2024-05-23T19:14:31+00:00","author":{"@id":"https:\/\/thepueblatimes.mx\/#\/schema\/person\/1664894c2f65ce2c7a08d8f5f905c13c"},"breadcrumb":{"@id":"https:\/\/thepueblatimes.mx\/index.php\/2024\/05\/23\/comunicado-2\/#breadcrumb"},"inLanguage":"es","potentialAction":[{"@type":"ReadAction","target":["https:\/\/thepueblatimes.mx\/index.php\/2024\/05\/23\/comunicado-2\/"]}]},{"@type":"BreadcrumbList","@id":"https:\/\/thepueblatimes.mx\/index.php\/2024\/05\/23\/comunicado-2\/#breadcrumb","itemListElement":[{"@type":"ListItem","position":1,"name":"Portada","item":"https:\/\/thepueblatimes.mx\/"},{"@type":"ListItem","position":2,"name":"COMUNICADO"}]},{"@type":"WebSite","@id":"https:\/\/thepueblatimes.mx\/#website","url":"https:\/\/thepueblatimes.mx\/","name":"The Puebla Times","description":"Noticias del Estado de Puebla","potentialAction":[{"@type":"SearchAction","target":{"@type":"EntryPoint","urlTemplate":"https:\/\/thepueblatimes.mx\/?s={search_term_string}"},"query-input":"required name=search_term_string"}],"inLanguage":"es"},{"@type":"Person","@id":"https:\/\/thepueblatimes.mx\/#\/schema\/person\/1664894c2f65ce2c7a08d8f5f905c13c","name":"Sa\u00fal Hern\u00e1ndez","image":{"@type":"ImageObject","inLanguage":"es","@id":"https:\/\/thepueblatimes.mx\/#\/schema\/person\/image\/","url":"https:\/\/secure.gravatar.com\/avatar\/11be338693f243309532caad8f10c930?s=96&d=mm&r=g","contentUrl":"https:\/\/secure.gravatar.com\/avatar\/11be338693f243309532caad8f10c930?s=96&d=mm&r=g","caption":"Sa\u00fal Hern\u00e1ndez"},"url":"https:\/\/thepueblatimes.mx\/index.php\/author\/saulhernandez\/"}]}},"jetpack_featured_media_url":"https:\/\/thepueblatimes.mx\/wp-content\/uploads\/2024\/05\/Trabajos_Nocturnos-scaled.jpg","_links":{"self":[{"href":"https:\/\/thepueblatimes.mx\/index.php\/wp-json\/wp\/v2\/posts\/22826"}],"collection":[{"href":"https:\/\/thepueblatimes.mx\/index.php\/wp-json\/wp\/v2\/posts"}],"about":[{"href":"https:\/\/thepueblatimes.mx\/index.php\/wp-json\/wp\/v2\/types\/post"}],"author":[{"embeddable":true,"href":"https:\/\/thepueblatimes.mx\/index.php\/wp-json\/wp\/v2\/users\/16"}],"replies":[{"embeddable":true,"href":"https:\/\/thepueblatimes.mx\/index.php\/wp-json\/wp\/v2\/comments?post=22826"}],"version-history":[{"count":1,"href":"https:\/\/thepueblatimes.mx\/index.php\/wp-json\/wp\/v2\/posts\/22826\/revisions"}],"predecessor-version":[{"id":22830,"href":"https:\/\/thepueblatimes.mx\/index.php\/wp-json\/wp\/v2\/posts\/22826\/revisions\/22830"}],"wp:featuredmedia":[{"embeddable":true,"href":"https:\/\/thepueblatimes.mx\/index.php\/wp-json\/wp\/v2\/media\/22829"}],"wp:attachment":[{"href":"https:\/\/thepueblatimes.mx\/index.php\/wp-json\/wp\/v2\/media?parent=22826"}],"wp:term":[{"taxonomy":"category","embeddable":true,"href":"https:\/\/thepueblatimes.mx\/index.php\/wp-json\/wp\/v2\/categories?post=22826"},{"taxonomy":"post_tag","embeddable":true,"href":"https:\/\/thepueblatimes.mx\/index.php\/wp-json\/wp\/v2\/tags?post=22826"}],"curies":[{"name":"wp","href":"https:\/\/api.w.org\/{rel}","templated":true}]}}