{"id":22821,"date":"2024-05-23T12:56:04","date_gmt":"2024-05-23T18:56:04","guid":{"rendered":"https:\/\/thepueblatimes.mx\/?p=22821"},"modified":"2024-05-23T12:56:04","modified_gmt":"2024-05-23T18:56:04","slug":"realizaran-5o-festival-del-tlayoyo-en-pueblo-magico-de-teziutlan","status":"publish","type":"post","link":"https:\/\/thepueblatimes.mx\/index.php\/2024\/05\/23\/realizaran-5o-festival-del-tlayoyo-en-pueblo-magico-de-teziutlan\/","title":{"rendered":"Realizar\u00e1n \u201c5\u00ba Festival del Tlayoyo\u201d en Pueblo M\u00e1gico de Teziutl\u00e1n"},"content":{"rendered":"<h3><em>&#8211; Est\u00e1 prevista la participaci\u00f3n de m\u00e1s de 40 expositores de este y otros municipios, as\u00ed como la visita de m\u00e1s de 25 mil personas<\/em><\/h3>\n<p><strong>CIUDAD DE PUEBLA, Pue.-<\/strong>\u00a0M\u00e1s de 25 mil asistentes y una derrama econ\u00f3mica superior a los 5 millones de pesos est\u00e1 previsto para el \u201c5\u00ba Festival del Tlayoyo\u201d, que se llevar\u00e1 a cabo el viernes 24 y s\u00e1bado 25 de mayo en el Pueblo M\u00e1gico de Teziutl\u00e1n.<\/p>\n<p>En esta ocasi\u00f3n, se estima la participaci\u00f3n de 40 expositores entre cocineras tradicionales, representantes de juntas auxiliares, mercados, negocios de la regi\u00f3n y de cinco municipios aleda\u00f1os como Chignautla, Hueyapan, Hueytamalco, Tlatlauquitepec y Zacapoaxtla, los cuales mostrar\u00e1n las diferentes variedades de este platillo tradicional que distingue a la Sierra Nororiental de Puebla.<\/p>\n<p>En rueda de prensa, la cocinera tradicional de Teziutl\u00e1n, Mar\u00eda Luisa Salazar Garc\u00eda invit\u00f3 a las y los poblanos, as\u00ed como a visitantes nacionales y extranjeros para que acudan a este festival, que es considerado el evento gastron\u00f3mico m\u00e1s importante de la zona norte de Puebla, con horario de atenci\u00f3n de 09:00 a 19:00 horas y cuyo precio por pieza, es de 10 pesos.<\/p>\n<p>Adem\u00e1s de este platillo en diversas presentaciones (frijol, papa, alverj\u00f3n y chicharr\u00f3n), coment\u00f3 que habr\u00e1 otros guisos ancestrales de la regi\u00f3n como chilposo, mole tradicional, arroz y chilposo de panza, as\u00ed como la tradicional gelatina de rompope; adem\u00e1s de actividades art\u00edsticas que incluyen danzas de las juntas auxiliares.<\/p>\n<p>Tambi\u00e9n, a\u00f1adi\u00f3 que el Pueblo M\u00e1gico de Teziutl\u00e1n, ofrece otros atractivos tur\u00edsticos, entre los que destacan el centro hist\u00f3rico que incluye la antigua estaci\u00f3n del ferrocarril que hoy es Centro Cultural Ferrocarrilero, la antigua m\u00e1quina del tren, una Plaza de Toros \u00abEl Pinal\u00bb, la Casa de Cultura que es una casona del siglo XIX, la Catedral, el Teatro Victoria, un bosque de bamb\u00fa y cascadas, solo por mencionar algunos.<\/p>\n","protected":false},"excerpt":{"rendered":"<p>&#8211; Est\u00e1 prevista la participaci\u00f3n de m\u00e1s de 40 expositores de este y otros municipios, as\u00ed como la visita de m\u00e1s de 25 mil personas CIUDAD DE PUEBLA, Pue.-\u00a0M\u00e1s de 25 mil asistentes y una derrama econ\u00f3mica superior a los 5 millones de pesos est\u00e1 previsto para el \u201c5\u00ba Festival del Tlayoyo\u201d, que se llevar\u00e1&#8230;<\/p>\n","protected":false},"author":16,"featured_media":22822,"comment_status":"closed","ping_status":"closed","sticky":false,"template":"","format":"standard","meta":[],"categories":[3],"tags":[49,221,1840],"yoast_head":"<!-- This site is optimized with the Yoast SEO plugin v20.8 - https:\/\/yoast.com\/wordpress\/plugins\/seo\/ -->\n<title>Realizar\u00e1n \u201c5\u00ba Festival del Tlayoyo\u201d en Pueblo M\u00e1gico de Teziutl\u00e1n - The Puebla Times<\/title>\n<meta name=\"robots\" content=\"index, follow, max-snippet:-1, max-image-preview:large, max-video-preview:-1\" \/>\n<link rel=\"canonical\" href=\"https:\/\/thepueblatimes.mx\/index.php\/2024\/05\/23\/realizaran-5o-festival-del-tlayoyo-en-pueblo-magico-de-teziutlan\/\" \/>\n<meta property=\"og:locale\" content=\"es_ES\" \/>\n<meta property=\"og:type\" content=\"article\" \/>\n<meta property=\"og:title\" content=\"Realizar\u00e1n \u201c5\u00ba Festival del Tlayoyo\u201d en Pueblo M\u00e1gico de Teziutl\u00e1n - The Puebla Times\" \/>\n<meta property=\"og:description\" content=\"&#8211; Est\u00e1 prevista la participaci\u00f3n de m\u00e1s de 40 expositores de este y otros municipios, as\u00ed como la visita de m\u00e1s de 25 mil personas CIUDAD DE PUEBLA, Pue.-\u00a0M\u00e1s de 25 mil asistentes y una derrama econ\u00f3mica superior a los 5 millones de pesos est\u00e1 previsto para el \u201c5\u00ba Festival del Tlayoyo\u201d, que se llevar\u00e1...\" \/>\n<meta property=\"og:url\" content=\"https:\/\/thepueblatimes.mx\/index.php\/2024\/05\/23\/realizaran-5o-festival-del-tlayoyo-en-pueblo-magico-de-teziutlan\/\" \/>\n<meta property=\"og:site_name\" content=\"The Puebla Times\" \/>\n<meta property=\"article:published_time\" content=\"2024-05-23T18:56:04+00:00\" \/>\n<meta property=\"og:image\" content=\"https:\/\/thepueblatimes.mx\/wp-content\/uploads\/2024\/05\/7_RP_FESTIVAL_TLAYOYO_TEZIUTLAN_21052024.jpeg\" \/>\n\t<meta property=\"og:image:width\" content=\"2560\" \/>\n\t<meta property=\"og:image:height\" content=\"1706\" \/>\n\t<meta property=\"og:image:type\" content=\"image\/jpeg\" \/>\n<meta name=\"author\" content=\"Sa\u00fal Hern\u00e1ndez\" \/>\n<meta name=\"twitter:card\" content=\"summary_large_image\" \/>\n<meta name=\"twitter:label1\" content=\"Escrito por\" \/>\n\t<meta name=\"twitter:data1\" content=\"Sa\u00fal Hern\u00e1ndez\" \/>\n\t<meta name=\"twitter:label2\" content=\"Tiempo de lectura\" \/>\n\t<meta name=\"twitter:data2\" content=\"2 minutos\" \/>\n<script type=\"application\/ld+json\" class=\"yoast-schema-graph\">{\"@context\":\"https:\/\/schema.org\",\"@graph\":[{\"@type\":\"WebPage\",\"@id\":\"https:\/\/thepueblatimes.mx\/index.php\/2024\/05\/23\/realizaran-5o-festival-del-tlayoyo-en-pueblo-magico-de-teziutlan\/\",\"url\":\"https:\/\/thepueblatimes.mx\/index.php\/2024\/05\/23\/realizaran-5o-festival-del-tlayoyo-en-pueblo-magico-de-teziutlan\/\",\"name\":\"Realizar\u00e1n \u201c5\u00ba Festival del Tlayoyo\u201d en Pueblo M\u00e1gico de Teziutl\u00e1n - The Puebla Times\",\"isPartOf\":{\"@id\":\"https:\/\/thepueblatimes.mx\/#website\"},\"datePublished\":\"2024-05-23T18:56:04+00:00\",\"dateModified\":\"2024-05-23T18:56:04+00:00\",\"author\":{\"@id\":\"https:\/\/thepueblatimes.mx\/#\/schema\/person\/1664894c2f65ce2c7a08d8f5f905c13c\"},\"breadcrumb\":{\"@id\":\"https:\/\/thepueblatimes.mx\/index.php\/2024\/05\/23\/realizaran-5o-festival-del-tlayoyo-en-pueblo-magico-de-teziutlan\/#breadcrumb\"},\"inLanguage\":\"es\",\"potentialAction\":[{\"@type\":\"ReadAction\",\"target\":[\"https:\/\/thepueblatimes.mx\/index.php\/2024\/05\/23\/realizaran-5o-festival-del-tlayoyo-en-pueblo-magico-de-teziutlan\/\"]}]},{\"@type\":\"BreadcrumbList\",\"@id\":\"https:\/\/thepueblatimes.mx\/index.php\/2024\/05\/23\/realizaran-5o-festival-del-tlayoyo-en-pueblo-magico-de-teziutlan\/#breadcrumb\",\"itemListElement\":[{\"@type\":\"ListItem\",\"position\":1,\"name\":\"Portada\",\"item\":\"https:\/\/thepueblatimes.mx\/\"},{\"@type\":\"ListItem\",\"position\":2,\"name\":\"Realizar\u00e1n \u201c5\u00ba Festival del Tlayoyo\u201d en Pueblo M\u00e1gico de Teziutl\u00e1n\"}]},{\"@type\":\"WebSite\",\"@id\":\"https:\/\/thepueblatimes.mx\/#website\",\"url\":\"https:\/\/thepueblatimes.mx\/\",\"name\":\"The Puebla Times\",\"description\":\"Noticias del Estado de Puebla\",\"potentialAction\":[{\"@type\":\"SearchAction\",\"target\":{\"@type\":\"EntryPoint\",\"urlTemplate\":\"https:\/\/thepueblatimes.mx\/?s={search_term_string}\"},\"query-input\":\"required name=search_term_string\"}],\"inLanguage\":\"es\"},{\"@type\":\"Person\",\"@id\":\"https:\/\/thepueblatimes.mx\/#\/schema\/person\/1664894c2f65ce2c7a08d8f5f905c13c\",\"name\":\"Sa\u00fal Hern\u00e1ndez\",\"image\":{\"@type\":\"ImageObject\",\"inLanguage\":\"es\",\"@id\":\"https:\/\/thepueblatimes.mx\/#\/schema\/person\/image\/\",\"url\":\"https:\/\/secure.gravatar.com\/avatar\/11be338693f243309532caad8f10c930?s=96&d=mm&r=g\",\"contentUrl\":\"https:\/\/secure.gravatar.com\/avatar\/11be338693f243309532caad8f10c930?s=96&d=mm&r=g\",\"caption\":\"Sa\u00fal Hern\u00e1ndez\"},\"url\":\"https:\/\/thepueblatimes.mx\/index.php\/author\/saulhernandez\/\"}]}<\/script>\n<!-- \/ Yoast SEO plugin. -->","yoast_head_json":{"title":"Realizar\u00e1n \u201c5\u00ba Festival del Tlayoyo\u201d en Pueblo M\u00e1gico de Teziutl\u00e1n - The Puebla Times","robots":{"index":"index","follow":"follow","max-snippet":"max-snippet:-1","max-image-preview":"max-image-preview:large","max-video-preview":"max-video-preview:-1"},"canonical":"https:\/\/thepueblatimes.mx\/index.php\/2024\/05\/23\/realizaran-5o-festival-del-tlayoyo-en-pueblo-magico-de-teziutlan\/","og_locale":"es_ES","og_type":"article","og_title":"Realizar\u00e1n \u201c5\u00ba Festival del Tlayoyo\u201d en Pueblo M\u00e1gico de Teziutl\u00e1n - The Puebla Times","og_description":"&#8211; Est\u00e1 prevista la participaci\u00f3n de m\u00e1s de 40 expositores de este y otros municipios, as\u00ed como la visita de m\u00e1s de 25 mil personas CIUDAD DE PUEBLA, Pue.-\u00a0M\u00e1s de 25 mil asistentes y una derrama econ\u00f3mica superior a los 5 millones de pesos est\u00e1 previsto para el \u201c5\u00ba Festival del Tlayoyo\u201d, que se llevar\u00e1...","og_url":"https:\/\/thepueblatimes.mx\/index.php\/2024\/05\/23\/realizaran-5o-festival-del-tlayoyo-en-pueblo-magico-de-teziutlan\/","og_site_name":"The Puebla Times","article_published_time":"2024-05-23T18:56:04+00:00","og_image":[{"width":2560,"height":1706,"url":"https:\/\/thepueblatimes.mx\/wp-content\/uploads\/2024\/05\/7_RP_FESTIVAL_TLAYOYO_TEZIUTLAN_21052024.jpeg","type":"image\/jpeg"}],"author":"Sa\u00fal Hern\u00e1ndez","twitter_card":"summary_large_image","twitter_misc":{"Escrito por":"Sa\u00fal Hern\u00e1ndez","Tiempo de lectura":"2 minutos"},"schema":{"@context":"https:\/\/schema.org","@graph":[{"@type":"WebPage","@id":"https:\/\/thepueblatimes.mx\/index.php\/2024\/05\/23\/realizaran-5o-festival-del-tlayoyo-en-pueblo-magico-de-teziutlan\/","url":"https:\/\/thepueblatimes.mx\/index.php\/2024\/05\/23\/realizaran-5o-festival-del-tlayoyo-en-pueblo-magico-de-teziutlan\/","name":"Realizar\u00e1n \u201c5\u00ba Festival del Tlayoyo\u201d en Pueblo M\u00e1gico de Teziutl\u00e1n - The Puebla Times","isPartOf":{"@id":"https:\/\/thepueblatimes.mx\/#website"},"datePublished":"2024-05-23T18:56:04+00:00","dateModified":"2024-05-23T18:56:04+00:00","author":{"@id":"https:\/\/thepueblatimes.mx\/#\/schema\/person\/1664894c2f65ce2c7a08d8f5f905c13c"},"breadcrumb":{"@id":"https:\/\/thepueblatimes.mx\/index.php\/2024\/05\/23\/realizaran-5o-festival-del-tlayoyo-en-pueblo-magico-de-teziutlan\/#breadcrumb"},"inLanguage":"es","potentialAction":[{"@type":"ReadAction","target":["https:\/\/thepueblatimes.mx\/index.php\/2024\/05\/23\/realizaran-5o-festival-del-tlayoyo-en-pueblo-magico-de-teziutlan\/"]}]},{"@type":"BreadcrumbList","@id":"https:\/\/thepueblatimes.mx\/index.php\/2024\/05\/23\/realizaran-5o-festival-del-tlayoyo-en-pueblo-magico-de-teziutlan\/#breadcrumb","itemListElement":[{"@type":"ListItem","position":1,"name":"Portada","item":"https:\/\/thepueblatimes.mx\/"},{"@type":"ListItem","position":2,"name":"Realizar\u00e1n \u201c5\u00ba Festival del Tlayoyo\u201d en Pueblo M\u00e1gico de Teziutl\u00e1n"}]},{"@type":"WebSite","@id":"https:\/\/thepueblatimes.mx\/#website","url":"https:\/\/thepueblatimes.mx\/","name":"The Puebla Times","description":"Noticias del Estado de Puebla","potentialAction":[{"@type":"SearchAction","target":{"@type":"EntryPoint","urlTemplate":"https:\/\/thepueblatimes.mx\/?s={search_term_string}"},"query-input":"required name=search_term_string"}],"inLanguage":"es"},{"@type":"Person","@id":"https:\/\/thepueblatimes.mx\/#\/schema\/person\/1664894c2f65ce2c7a08d8f5f905c13c","name":"Sa\u00fal Hern\u00e1ndez","image":{"@type":"ImageObject","inLanguage":"es","@id":"https:\/\/thepueblatimes.mx\/#\/schema\/person\/image\/","url":"https:\/\/secure.gravatar.com\/avatar\/11be338693f243309532caad8f10c930?s=96&d=mm&r=g","contentUrl":"https:\/\/secure.gravatar.com\/avatar\/11be338693f243309532caad8f10c930?s=96&d=mm&r=g","caption":"Sa\u00fal Hern\u00e1ndez"},"url":"https:\/\/thepueblatimes.mx\/index.php\/author\/saulhernandez\/"}]}},"jetpack_featured_media_url":"https:\/\/thepueblatimes.mx\/wp-content\/uploads\/2024\/05\/7_RP_FESTIVAL_TLAYOYO_TEZIUTLAN_21052024.jpeg","_links":{"self":[{"href":"https:\/\/thepueblatimes.mx\/index.php\/wp-json\/wp\/v2\/posts\/22821"}],"collection":[{"href":"https:\/\/thepueblatimes.mx\/index.php\/wp-json\/wp\/v2\/posts"}],"about":[{"href":"https:\/\/thepueblatimes.mx\/index.php\/wp-json\/wp\/v2\/types\/post"}],"author":[{"embeddable":true,"href":"https:\/\/thepueblatimes.mx\/index.php\/wp-json\/wp\/v2\/users\/16"}],"replies":[{"embeddable":true,"href":"https:\/\/thepueblatimes.mx\/index.php\/wp-json\/wp\/v2\/comments?post=22821"}],"version-history":[{"count":1,"href":"https:\/\/thepueblatimes.mx\/index.php\/wp-json\/wp\/v2\/posts\/22821\/revisions"}],"predecessor-version":[{"id":22823,"href":"https:\/\/thepueblatimes.mx\/index.php\/wp-json\/wp\/v2\/posts\/22821\/revisions\/22823"}],"wp:featuredmedia":[{"embeddable":true,"href":"https:\/\/thepueblatimes.mx\/index.php\/wp-json\/wp\/v2\/media\/22822"}],"wp:attachment":[{"href":"https:\/\/thepueblatimes.mx\/index.php\/wp-json\/wp\/v2\/media?parent=22821"}],"wp:term":[{"taxonomy":"category","embeddable":true,"href":"https:\/\/thepueblatimes.mx\/index.php\/wp-json\/wp\/v2\/categories?post=22821"},{"taxonomy":"post_tag","embeddable":true,"href":"https:\/\/thepueblatimes.mx\/index.php\/wp-json\/wp\/v2\/tags?post=22821"}],"curies":[{"name":"wp","href":"https:\/\/api.w.org\/{rel}","templated":true}]}}