{"id":22816,"date":"2024-05-23T12:18:42","date_gmt":"2024-05-23T18:18:42","guid":{"rendered":"https:\/\/thepueblatimes.mx\/?p=22816"},"modified":"2024-05-23T12:18:42","modified_gmt":"2024-05-23T18:18:42","slug":"la-respuesta-tajante-de-jennifer-lopez-a-una-pregunta-sobre-su-matrimonio","status":"publish","type":"post","link":"https:\/\/thepueblatimes.mx\/index.php\/2024\/05\/23\/la-respuesta-tajante-de-jennifer-lopez-a-una-pregunta-sobre-su-matrimonio\/","title":{"rendered":"La respuesta tajante de Jennifer L\u00f3pez a una pregunta sobre su matrimonio"},"content":{"rendered":"<h2>La actriz y productora vivi\u00f3 un momento desagradable en M\u00e9xico al ser cuestionada por un reportero sobre los rumores de crisis con Ben Affleck<\/h2>\n<p>Durante la conferencia de prensa para presentar el lanzamiento de la pel\u00edcula\u00a0<em>Atlas,<\/em>\u00a0de Netflix, Jennifer L\u00f3pez se incomod\u00f3 cuando una persona de los medios le pregunt\u00f3 acerca del rumor sobre su supuesta separaci\u00f3n de Ben Affleck, un momento tenso que puso fin al evento.<\/p>\n<p>Un d\u00eda despu\u00e9s de la alfombra roja con motivo de la premier de la cinta, el director Brad Peyton, JLo y su coprotagonista, el actor Simu Liu, atendieron a reporteros, creadores de contenido e influencers que se dieron cita para la protocolaria sesi\u00f3n de preguntas y respuestas con relaci\u00f3n a la producci\u00f3n que se promueve.<\/p>\n<p>Sin embargo, el orden del acto se rompi\u00f3 en cuanto se le cuestion\u00f3 a la actriz por un tema que nada ten\u00eda que ver con el prop\u00f3sito de su visita a M\u00e9xico. Amable y sonriente para contenerse ante la pregunta sobre los trascendidos de divorcio con Affleck, JLo quiso ignorar la pregunta.\u00a0<strong>Pero ante la insistencia de la persona que la cuestion\u00f3, se puso seria para decir que no iba a responder nada.\u00a0<\/strong>\u00abSabes que eso no est\u00e1 bien\u00bb, le dijo.<\/p>\n<p>Adem\u00e1s de la incomodidad que evidenci\u00f3 L\u00f3pez,\u00a0<strong>su compa\u00f1ero Simu Liu tambi\u00e9n se molest\u00f3 por la situaci\u00f3n, sobre todo porque interpret\u00f3 esa acci\u00f3n como una actitud grosera hacia JLo.\u00a0<\/strong>Fue por esa raz\u00f3n que pidi\u00f3 el micr\u00f3fono para enaltecer la figura de ella respecto a lo importante de su presencia, la pel\u00edcula\u00a0<em>Atlas<\/em>.<\/p>\n<p>Liu especific\u00f3 a los presentes que adem\u00e1s de ser la protagonista, L\u00f3pez es productora.<strong>\u00a0Indic\u00f3 que es una gran jefa y una mujer a la que agradece por estar en ese proyecto debido a su visi\u00f3n de diversidad y la representaci\u00f3n racial.\u00a0<\/strong>De esa manera calm\u00f3 la tensi\u00f3n propiciada por la imprudencia de una pregunta fuera de lugar y gener\u00f3 aplausos hacia JLo.<\/p>\n<p>Toda vez que Liu termin\u00f3 de hablar, la conductora del evento, Ileana Rodr\u00edguez, dio por concluida la conferencia de prensa. Agradeci\u00f3 a Peyton, Lopez y Liu por su presencia. En el trayecto de salida,\u00a0<strong>JLo pronunci\u00f3 en perfecto castellano \u201clos quiero, gracias\u201d.\u00a0<\/strong>De paso, emiti\u00f3 un reclamo amistoso para los medios asistentes:\u00a0<strong>\u201cNadie me pregunt\u00f3 nada en espa\u00f1ol, pero okey\u201d.<\/strong><\/p>\n<p>Ella iba preparada para responder en espa\u00f1ol aquellas dudas sobre la pel\u00edcula, un proyecto en el que combina roles como actriz y productora, demostrando as\u00ed que contin\u00faa vigente en las pantallas con posicionamiento en c\u00e1mara y control en la producci\u00f3n.\u00a0<strong>Nadie quiso cuestionarla en el idioma del pa\u00eds al que visit\u00f3.\u00a0<\/strong>Cabe mencionar que en la alfombra roja s\u00ed se expres\u00f3 en espa\u00f1ol.<\/p>\n<div class=\"caas-iframe-wrapper\" data-embed-anchor=\"edaf1ac4-14be-5cff-abf9-b700f75c624c\">\n<p>Por otra parte, lo acontecido en esta rueda de prensa pone de manifiesto una vez m\u00e1s un problema que se ha salido de control en este tipo de ejercicios, pues plataformas,\u00a0<strong>agencias y productoras apuestan por priorizar a influencers y creadores de contenido por encima de periodistas especializados.<\/strong><\/p>\n<p>Esa din\u00e1mica es todav\u00eda m\u00e1s contraproducente para quienes pueden asistir a estas coberturas, porque los y las artistas comienzan a construir barreras de atenci\u00f3n hacia la prensa debido a las groser\u00edas que les hacen.\u00a0<strong>En este caso fue la irresponsabilidad de no entender que la promoci\u00f3n de una pel\u00edcula es para que se hable precisamente del contenido y sobre el trabajo de quienes participan en \u00e9l.<\/strong><\/p>\n<p>Jennifer L\u00f3pez se comport\u00f3 a la altura a pesar del agravio.\u00a0<strong>Liu, pese a la claridad de su molestia, logr\u00f3 sacar adelante un discurso para dignificar a la actriz y cerrar as\u00ed una rueda de prensa que pudo aprovecharse m\u00e1s.\u00a0<\/strong>En tanto, Ileana Rodr\u00edguez actu\u00f3 con inteligencia en funci\u00f3n de la prudencia para no proseguir con un acto que se ech\u00f3 a perder de manera burda por una persona que tampoco entendi\u00f3 el nivel de celebridad que tuvo enfrente.<\/p>\n<p>Fuente: <a href=\"https:\/\/es-us.vida-estilo.yahoo.com\/la-respuesta-tajante-de-jennifer-lopez-a-una-pregunta-sobre-su-matrimonio-010730843.html\">https:\/\/es-us.vida-estilo.yahoo.com\/la-respuesta-tajante-de-jennifer-lopez-a-una-pregunta-sobre-su-matrimonio-010730843.html<\/a><\/p>\n<\/div>\n","protected":false},"excerpt":{"rendered":"<p>La actriz y productora vivi\u00f3 un momento desagradable en M\u00e9xico al ser cuestionada por un reportero sobre los rumores de crisis con Ben Affleck Durante la conferencia de prensa para presentar el lanzamiento de la pel\u00edcula\u00a0Atlas,\u00a0de Netflix, Jennifer L\u00f3pez se incomod\u00f3 cuando una persona de los medios le pregunt\u00f3 acerca del rumor sobre su supuesta&#8230;<\/p>\n","protected":false},"author":3,"featured_media":22817,"comment_status":"closed","ping_status":"closed","sticky":false,"template":"","format":"standard","meta":[],"categories":[9],"tags":[1839,1838,191],"yoast_head":"<!-- This site is optimized with the Yoast SEO plugin v20.8 - https:\/\/yoast.com\/wordpress\/plugins\/seo\/ -->\n<title>La respuesta tajante de Jennifer L\u00f3pez a una pregunta sobre su matrimonio - The Puebla Times<\/title>\n<meta name=\"robots\" content=\"index, follow, max-snippet:-1, max-image-preview:large, max-video-preview:-1\" \/>\n<link rel=\"canonical\" href=\"https:\/\/thepueblatimes.mx\/index.php\/2024\/05\/23\/la-respuesta-tajante-de-jennifer-lopez-a-una-pregunta-sobre-su-matrimonio\/\" \/>\n<meta property=\"og:locale\" content=\"es_ES\" \/>\n<meta property=\"og:type\" content=\"article\" \/>\n<meta property=\"og:title\" content=\"La respuesta tajante de Jennifer L\u00f3pez a una pregunta sobre su matrimonio - The Puebla Times\" \/>\n<meta property=\"og:description\" content=\"La actriz y productora vivi\u00f3 un momento desagradable en M\u00e9xico al ser cuestionada por un reportero sobre los rumores de crisis con Ben Affleck Durante la conferencia de prensa para presentar el lanzamiento de la pel\u00edcula\u00a0Atlas,\u00a0de Netflix, Jennifer L\u00f3pez se incomod\u00f3 cuando una persona de los medios le pregunt\u00f3 acerca del rumor sobre su supuesta...\" \/>\n<meta property=\"og:url\" content=\"https:\/\/thepueblatimes.mx\/index.php\/2024\/05\/23\/la-respuesta-tajante-de-jennifer-lopez-a-una-pregunta-sobre-su-matrimonio\/\" \/>\n<meta property=\"og:site_name\" content=\"The Puebla Times\" \/>\n<meta property=\"article:published_time\" content=\"2024-05-23T18:18:42+00:00\" \/>\n<meta property=\"og:image\" content=\"https:\/\/thepueblatimes.mx\/wp-content\/uploads\/2024\/05\/0580a0f0-189e-11ef-b7ff-600c48459c1f.webp\" \/>\n\t<meta property=\"og:image:width\" content=\"1242\" \/>\n\t<meta property=\"og:image:height\" content=\"828\" \/>\n\t<meta property=\"og:image:type\" content=\"image\/webp\" \/>\n<meta name=\"author\" content=\"The Puebla Times\" \/>\n<meta name=\"twitter:card\" content=\"summary_large_image\" \/>\n<meta name=\"twitter:label1\" content=\"Escrito por\" \/>\n\t<meta name=\"twitter:data1\" content=\"The Puebla Times\" \/>\n\t<meta name=\"twitter:label2\" content=\"Tiempo de lectura\" \/>\n\t<meta name=\"twitter:data2\" content=\"3 minutos\" \/>\n<script type=\"application\/ld+json\" class=\"yoast-schema-graph\">{\"@context\":\"https:\/\/schema.org\",\"@graph\":[{\"@type\":\"WebPage\",\"@id\":\"https:\/\/thepueblatimes.mx\/index.php\/2024\/05\/23\/la-respuesta-tajante-de-jennifer-lopez-a-una-pregunta-sobre-su-matrimonio\/\",\"url\":\"https:\/\/thepueblatimes.mx\/index.php\/2024\/05\/23\/la-respuesta-tajante-de-jennifer-lopez-a-una-pregunta-sobre-su-matrimonio\/\",\"name\":\"La respuesta tajante de Jennifer L\u00f3pez a una pregunta sobre su matrimonio - The Puebla Times\",\"isPartOf\":{\"@id\":\"https:\/\/thepueblatimes.mx\/#website\"},\"datePublished\":\"2024-05-23T18:18:42+00:00\",\"dateModified\":\"2024-05-23T18:18:42+00:00\",\"author\":{\"@id\":\"https:\/\/thepueblatimes.mx\/#\/schema\/person\/ad152a907a5f1fb40553a2551dbadb8e\"},\"breadcrumb\":{\"@id\":\"https:\/\/thepueblatimes.mx\/index.php\/2024\/05\/23\/la-respuesta-tajante-de-jennifer-lopez-a-una-pregunta-sobre-su-matrimonio\/#breadcrumb\"},\"inLanguage\":\"es\",\"potentialAction\":[{\"@type\":\"ReadAction\",\"target\":[\"https:\/\/thepueblatimes.mx\/index.php\/2024\/05\/23\/la-respuesta-tajante-de-jennifer-lopez-a-una-pregunta-sobre-su-matrimonio\/\"]}]},{\"@type\":\"BreadcrumbList\",\"@id\":\"https:\/\/thepueblatimes.mx\/index.php\/2024\/05\/23\/la-respuesta-tajante-de-jennifer-lopez-a-una-pregunta-sobre-su-matrimonio\/#breadcrumb\",\"itemListElement\":[{\"@type\":\"ListItem\",\"position\":1,\"name\":\"Portada\",\"item\":\"https:\/\/thepueblatimes.mx\/\"},{\"@type\":\"ListItem\",\"position\":2,\"name\":\"La respuesta tajante de Jennifer L\u00f3pez a una pregunta sobre su matrimonio\"}]},{\"@type\":\"WebSite\",\"@id\":\"https:\/\/thepueblatimes.mx\/#website\",\"url\":\"https:\/\/thepueblatimes.mx\/\",\"name\":\"The Puebla Times\",\"description\":\"Noticias del Estado de Puebla\",\"potentialAction\":[{\"@type\":\"SearchAction\",\"target\":{\"@type\":\"EntryPoint\",\"urlTemplate\":\"https:\/\/thepueblatimes.mx\/?s={search_term_string}\"},\"query-input\":\"required name=search_term_string\"}],\"inLanguage\":\"es\"},{\"@type\":\"Person\",\"@id\":\"https:\/\/thepueblatimes.mx\/#\/schema\/person\/ad152a907a5f1fb40553a2551dbadb8e\",\"name\":\"The Puebla Times\",\"image\":{\"@type\":\"ImageObject\",\"inLanguage\":\"es\",\"@id\":\"https:\/\/thepueblatimes.mx\/#\/schema\/person\/image\/\",\"url\":\"https:\/\/secure.gravatar.com\/avatar\/82859cd6fbb1a3801d3e7ee27c92b8c9?s=96&d=mm&r=g\",\"contentUrl\":\"https:\/\/secure.gravatar.com\/avatar\/82859cd6fbb1a3801d3e7ee27c92b8c9?s=96&d=mm&r=g\",\"caption\":\"The Puebla Times\"},\"url\":\"https:\/\/thepueblatimes.mx\/index.php\/author\/ferhz\/\"}]}<\/script>\n<!-- \/ Yoast SEO plugin. -->","yoast_head_json":{"title":"La respuesta tajante de Jennifer L\u00f3pez a una pregunta sobre su matrimonio - The Puebla Times","robots":{"index":"index","follow":"follow","max-snippet":"max-snippet:-1","max-image-preview":"max-image-preview:large","max-video-preview":"max-video-preview:-1"},"canonical":"https:\/\/thepueblatimes.mx\/index.php\/2024\/05\/23\/la-respuesta-tajante-de-jennifer-lopez-a-una-pregunta-sobre-su-matrimonio\/","og_locale":"es_ES","og_type":"article","og_title":"La respuesta tajante de Jennifer L\u00f3pez a una pregunta sobre su matrimonio - The Puebla Times","og_description":"La actriz y productora vivi\u00f3 un momento desagradable en M\u00e9xico al ser cuestionada por un reportero sobre los rumores de crisis con Ben Affleck Durante la conferencia de prensa para presentar el lanzamiento de la pel\u00edcula\u00a0Atlas,\u00a0de Netflix, Jennifer L\u00f3pez se incomod\u00f3 cuando una persona de los medios le pregunt\u00f3 acerca del rumor sobre su supuesta...","og_url":"https:\/\/thepueblatimes.mx\/index.php\/2024\/05\/23\/la-respuesta-tajante-de-jennifer-lopez-a-una-pregunta-sobre-su-matrimonio\/","og_site_name":"The Puebla Times","article_published_time":"2024-05-23T18:18:42+00:00","og_image":[{"width":1242,"height":828,"url":"https:\/\/thepueblatimes.mx\/wp-content\/uploads\/2024\/05\/0580a0f0-189e-11ef-b7ff-600c48459c1f.webp","type":"image\/webp"}],"author":"The Puebla Times","twitter_card":"summary_large_image","twitter_misc":{"Escrito por":"The Puebla Times","Tiempo de lectura":"3 minutos"},"schema":{"@context":"https:\/\/schema.org","@graph":[{"@type":"WebPage","@id":"https:\/\/thepueblatimes.mx\/index.php\/2024\/05\/23\/la-respuesta-tajante-de-jennifer-lopez-a-una-pregunta-sobre-su-matrimonio\/","url":"https:\/\/thepueblatimes.mx\/index.php\/2024\/05\/23\/la-respuesta-tajante-de-jennifer-lopez-a-una-pregunta-sobre-su-matrimonio\/","name":"La respuesta tajante de Jennifer L\u00f3pez a una pregunta sobre su matrimonio - The Puebla Times","isPartOf":{"@id":"https:\/\/thepueblatimes.mx\/#website"},"datePublished":"2024-05-23T18:18:42+00:00","dateModified":"2024-05-23T18:18:42+00:00","author":{"@id":"https:\/\/thepueblatimes.mx\/#\/schema\/person\/ad152a907a5f1fb40553a2551dbadb8e"},"breadcrumb":{"@id":"https:\/\/thepueblatimes.mx\/index.php\/2024\/05\/23\/la-respuesta-tajante-de-jennifer-lopez-a-una-pregunta-sobre-su-matrimonio\/#breadcrumb"},"inLanguage":"es","potentialAction":[{"@type":"ReadAction","target":["https:\/\/thepueblatimes.mx\/index.php\/2024\/05\/23\/la-respuesta-tajante-de-jennifer-lopez-a-una-pregunta-sobre-su-matrimonio\/"]}]},{"@type":"BreadcrumbList","@id":"https:\/\/thepueblatimes.mx\/index.php\/2024\/05\/23\/la-respuesta-tajante-de-jennifer-lopez-a-una-pregunta-sobre-su-matrimonio\/#breadcrumb","itemListElement":[{"@type":"ListItem","position":1,"name":"Portada","item":"https:\/\/thepueblatimes.mx\/"},{"@type":"ListItem","position":2,"name":"La respuesta tajante de Jennifer L\u00f3pez a una pregunta sobre su matrimonio"}]},{"@type":"WebSite","@id":"https:\/\/thepueblatimes.mx\/#website","url":"https:\/\/thepueblatimes.mx\/","name":"The Puebla Times","description":"Noticias del Estado de Puebla","potentialAction":[{"@type":"SearchAction","target":{"@type":"EntryPoint","urlTemplate":"https:\/\/thepueblatimes.mx\/?s={search_term_string}"},"query-input":"required name=search_term_string"}],"inLanguage":"es"},{"@type":"Person","@id":"https:\/\/thepueblatimes.mx\/#\/schema\/person\/ad152a907a5f1fb40553a2551dbadb8e","name":"The Puebla Times","image":{"@type":"ImageObject","inLanguage":"es","@id":"https:\/\/thepueblatimes.mx\/#\/schema\/person\/image\/","url":"https:\/\/secure.gravatar.com\/avatar\/82859cd6fbb1a3801d3e7ee27c92b8c9?s=96&d=mm&r=g","contentUrl":"https:\/\/secure.gravatar.com\/avatar\/82859cd6fbb1a3801d3e7ee27c92b8c9?s=96&d=mm&r=g","caption":"The Puebla Times"},"url":"https:\/\/thepueblatimes.mx\/index.php\/author\/ferhz\/"}]}},"jetpack_featured_media_url":"https:\/\/thepueblatimes.mx\/wp-content\/uploads\/2024\/05\/0580a0f0-189e-11ef-b7ff-600c48459c1f.webp","_links":{"self":[{"href":"https:\/\/thepueblatimes.mx\/index.php\/wp-json\/wp\/v2\/posts\/22816"}],"collection":[{"href":"https:\/\/thepueblatimes.mx\/index.php\/wp-json\/wp\/v2\/posts"}],"about":[{"href":"https:\/\/thepueblatimes.mx\/index.php\/wp-json\/wp\/v2\/types\/post"}],"author":[{"embeddable":true,"href":"https:\/\/thepueblatimes.mx\/index.php\/wp-json\/wp\/v2\/users\/3"}],"replies":[{"embeddable":true,"href":"https:\/\/thepueblatimes.mx\/index.php\/wp-json\/wp\/v2\/comments?post=22816"}],"version-history":[{"count":1,"href":"https:\/\/thepueblatimes.mx\/index.php\/wp-json\/wp\/v2\/posts\/22816\/revisions"}],"predecessor-version":[{"id":22818,"href":"https:\/\/thepueblatimes.mx\/index.php\/wp-json\/wp\/v2\/posts\/22816\/revisions\/22818"}],"wp:featuredmedia":[{"embeddable":true,"href":"https:\/\/thepueblatimes.mx\/index.php\/wp-json\/wp\/v2\/media\/22817"}],"wp:attachment":[{"href":"https:\/\/thepueblatimes.mx\/index.php\/wp-json\/wp\/v2\/media?parent=22816"}],"wp:term":[{"taxonomy":"category","embeddable":true,"href":"https:\/\/thepueblatimes.mx\/index.php\/wp-json\/wp\/v2\/categories?post=22816"},{"taxonomy":"post_tag","embeddable":true,"href":"https:\/\/thepueblatimes.mx\/index.php\/wp-json\/wp\/v2\/tags?post=22816"}],"curies":[{"name":"wp","href":"https:\/\/api.w.org\/{rel}","templated":true}]}}