{"id":22747,"date":"2024-05-20T19:12:19","date_gmt":"2024-05-21T01:12:19","guid":{"rendered":"https:\/\/thepueblatimes.mx\/?p=22747"},"modified":"2024-05-20T19:15:21","modified_gmt":"2024-05-21T01:15:21","slug":"duermes-con-el-ventilador-encendido-esto-podria-implicar-una-serie-de-peligros","status":"publish","type":"post","link":"https:\/\/thepueblatimes.mx\/index.php\/2024\/05\/20\/duermes-con-el-ventilador-encendido-esto-podria-implicar-una-serie-de-peligros\/","title":{"rendered":"\u00bfDuermes con el ventilador encendido? Esto podr\u00eda implicar una serie de peligros"},"content":{"rendered":"<p class=\"subtitle\">Los especialistas han se\u00f1alado que este h\u00e1bito puede ocasionar que se generen consecuencias negativas.<\/p>\n<div class=\"content-body clearfix \">\n<div id=\"content-body-225-11949436\">\n<p>Los\u00a0<b>ventiladores<\/b>\u00a0son aparatos dise\u00f1ados para\u00a0<b>refrescar ambientes,\u00a0<\/b>por lo que son utilizados\u00a0<b>principalmente<\/b>\u00a0durante la\u00a0<b>temporada de\u00a0calor,\u00a0<\/b>es decir, entre la primavera y el verano. Asimismo, hay quien decide instalar un servicio de aire acondicionado, pues de este modo se tiene un hogar mucho m\u00e1s agradable.<\/p>\n<p>Es\u00a0<b>importante<\/b>\u00a0tomar en cuenta que<b>\u00a0estos art\u00edculos se deben ocupar con cuidado, de lo contrario se podr\u00edan generar consecuencias negativas,\u00a0<\/b>en especial problemas de salud, lo que puede afectar la realizaci\u00f3n de las actividades diarias, adem\u00e1s, si no se\u00a0<b>controla<\/b> de forma adecuada el problema puede hacerse m\u00e1s grave.<\/p>\n<\/div>\n<\/div>\n<article class=\"content-continued-body clearfix \">\n<div id=\"content-body-5851641-11949436\">\n<p>Ante esta situaci\u00f3n, lo m\u00e1s importante es no tener encendidos estos objetos toda la noche, ya que<b>\u00a0este h\u00e1bito puede traer malos resultados,<\/b>\u00a0a pesar de que a simple vista es inofensivo. No importa c\u00f3mo sea el ambiente, pues lo\u00a0<b>mejor<\/b> en estos casos es ocupar ropa de cama fresca, al igual que prendas ligeras.<\/p>\n<p>Si no se apagan estos\u00a0<b>aparatos<\/b>\u00a0al dormir se pueden desarrollar distintos padecimientos, siendo uno de los m\u00e1s\u00a0<b>comunes<\/b>\u00a0la resequedad\u00a0<b>de las mucosas nasales,\u00a0<\/b>al igual que de la garganta; esto fue explicado por la\u00a0<b>Fundaci\u00f3n Ren\u00e9 Quinton,\u00a0<\/b>de Espa\u00f1a.<\/p>\n<p>Esto se debe al\u00a0<b>flujo<\/b>\u00a0constante de aire fr\u00edo que circula por toda una habitaci\u00f3n, lo que trae\u00a0<b>irritaci\u00f3n y molestias.\u00a0<\/b>Esto puede hacer que las\u00a0<b>personas<\/b>\u00a0sean m\u00e1s susceptibles a infecciones respiratorias y alergias, adem\u00e1s de agravar otras condiciones.<\/p>\n<p>Esta exposici\u00f3n\u00a0<b>prolongada<\/b>\u00a0igual puede causar rigidez y dolor muscular, pues al recibir estas corrientes directamente sobre el cuerpo\u00a0<b>se generan tensiones musculares.\u00a0<\/b>Es com\u00fan en el cuello y la espalda.<\/p>\n<p>Se resalt\u00f3 que estos aparatos pueden pueden redistribuir part\u00edculas que causan alergias. Esto puede ser especialmente problem\u00e1tico\u00a0<b>en ambientes donde la limpieza\u00a0<\/b>no es constante, ya que las part\u00edculas pueden acumularse en los filtros y luego ser redistribuidas en el aire.<\/p>\n<p>Algunos distribuidores\u00a0<b>sostienen<\/b>\u00a0que otro riesgo se encuentra en el aumento de\u00a0<b>consumo de energ\u00eda; pues al tenerlos de esta forma se incrementa el uso de electricidad,\u00a0<\/b>lo que se traduce en facturas m\u00e1s elevadas, as\u00ed como se corre el riesgo de sufrir alg\u00fan accidente.<\/p>\n<p>En cuanto a las recomendaciones que se pueden\u00a0<b>seguir<\/b>\u00a0para no tener que ocupar estos aparatos est\u00e1 la de mantener las ventanas\u00a0<b>abiertas<\/b>, as\u00ed como poner varias plantas o no ocupar muchas cobijas.<\/p>\n<p>Fuente: <a href=\"https:\/\/www.elsoldepuebla.com.mx\/doble-via\/salud\/duermes-con-el-ventilador-encendido-esto-podria-implicar-una-serie-de-peligros-11949436.html\">https:\/\/www.elsoldepuebla.com.mx\/doble-via\/salud\/duermes-con-el-ventilador-encendido-esto-podria-implicar-una-serie-de-peligros-11949436.html<\/a><\/p>\n<\/div>\n<\/article>\n","protected":false},"excerpt":{"rendered":"<p>Los especialistas han se\u00f1alado que este h\u00e1bito puede ocasionar que se generen consecuencias negativas. Los\u00a0ventiladores\u00a0son aparatos dise\u00f1ados para\u00a0refrescar ambientes,\u00a0por lo que son utilizados\u00a0principalmente\u00a0durante la\u00a0temporada de\u00a0calor,\u00a0es decir, entre la primavera y el verano. Asimismo, hay quien decide instalar un servicio de aire acondicionado, pues de este modo se tiene un hogar mucho m\u00e1s agradable. Es\u00a0importante\u00a0tomar en&#8230;<\/p>\n","protected":false},"author":3,"featured_media":22748,"comment_status":"closed","ping_status":"closed","sticky":false,"template":"","format":"standard","meta":[],"categories":[22],"tags":[1770,539,1824],"yoast_head":"<!-- This site is optimized with the Yoast SEO plugin v20.8 - https:\/\/yoast.com\/wordpress\/plugins\/seo\/ -->\n<title>\u00bfDuermes con el ventilador encendido? Esto podr\u00eda implicar una serie de peligros - The Puebla Times<\/title>\n<meta name=\"robots\" content=\"index, follow, max-snippet:-1, max-image-preview:large, max-video-preview:-1\" \/>\n<link rel=\"canonical\" href=\"https:\/\/thepueblatimes.mx\/index.php\/2024\/05\/20\/duermes-con-el-ventilador-encendido-esto-podria-implicar-una-serie-de-peligros\/\" \/>\n<meta property=\"og:locale\" content=\"es_ES\" \/>\n<meta property=\"og:type\" content=\"article\" \/>\n<meta property=\"og:title\" content=\"\u00bfDuermes con el ventilador encendido? Esto podr\u00eda implicar una serie de peligros - The Puebla Times\" \/>\n<meta property=\"og:description\" content=\"Los especialistas han se\u00f1alado que este h\u00e1bito puede ocasionar que se generen consecuencias negativas. Los\u00a0ventiladores\u00a0son aparatos dise\u00f1ados para\u00a0refrescar ambientes,\u00a0por lo que son utilizados\u00a0principalmente\u00a0durante la\u00a0temporada de\u00a0calor,\u00a0es decir, entre la primavera y el verano. Asimismo, hay quien decide instalar un servicio de aire acondicionado, pues de este modo se tiene un hogar mucho m\u00e1s agradable. Es\u00a0importante\u00a0tomar en...\" \/>\n<meta property=\"og:url\" content=\"https:\/\/thepueblatimes.mx\/index.php\/2024\/05\/20\/duermes-con-el-ventilador-encendido-esto-podria-implicar-una-serie-de-peligros\/\" \/>\n<meta property=\"og:site_name\" content=\"The Puebla Times\" \/>\n<meta property=\"article:published_time\" content=\"2024-05-21T01:12:19+00:00\" \/>\n<meta property=\"article:modified_time\" content=\"2024-05-21T01:15:21+00:00\" \/>\n<meta property=\"og:image\" content=\"https:\/\/thepueblatimes.mx\/wp-content\/uploads\/2024\/05\/\u00bfDuermes-con-el-ventilador-encendido-Esto-podria-implicar-una-serie-de-peligros.jpeg\" \/>\n\t<meta property=\"og:image:width\" content=\"768\" \/>\n\t<meta property=\"og:image:height\" content=\"479\" \/>\n\t<meta property=\"og:image:type\" content=\"image\/jpeg\" \/>\n<meta name=\"author\" content=\"The Puebla Times\" \/>\n<meta name=\"twitter:card\" content=\"summary_large_image\" \/>\n<meta name=\"twitter:label1\" content=\"Escrito por\" \/>\n\t<meta name=\"twitter:data1\" content=\"The Puebla Times\" \/>\n\t<meta name=\"twitter:label2\" content=\"Tiempo de lectura\" \/>\n\t<meta name=\"twitter:data2\" content=\"2 minutos\" \/>\n<script type=\"application\/ld+json\" class=\"yoast-schema-graph\">{\"@context\":\"https:\/\/schema.org\",\"@graph\":[{\"@type\":\"WebPage\",\"@id\":\"https:\/\/thepueblatimes.mx\/index.php\/2024\/05\/20\/duermes-con-el-ventilador-encendido-esto-podria-implicar-una-serie-de-peligros\/\",\"url\":\"https:\/\/thepueblatimes.mx\/index.php\/2024\/05\/20\/duermes-con-el-ventilador-encendido-esto-podria-implicar-una-serie-de-peligros\/\",\"name\":\"\u00bfDuermes con el ventilador encendido? Esto podr\u00eda implicar una serie de peligros - The Puebla Times\",\"isPartOf\":{\"@id\":\"https:\/\/thepueblatimes.mx\/#website\"},\"datePublished\":\"2024-05-21T01:12:19+00:00\",\"dateModified\":\"2024-05-21T01:15:21+00:00\",\"author\":{\"@id\":\"https:\/\/thepueblatimes.mx\/#\/schema\/person\/ad152a907a5f1fb40553a2551dbadb8e\"},\"breadcrumb\":{\"@id\":\"https:\/\/thepueblatimes.mx\/index.php\/2024\/05\/20\/duermes-con-el-ventilador-encendido-esto-podria-implicar-una-serie-de-peligros\/#breadcrumb\"},\"inLanguage\":\"es\",\"potentialAction\":[{\"@type\":\"ReadAction\",\"target\":[\"https:\/\/thepueblatimes.mx\/index.php\/2024\/05\/20\/duermes-con-el-ventilador-encendido-esto-podria-implicar-una-serie-de-peligros\/\"]}]},{\"@type\":\"BreadcrumbList\",\"@id\":\"https:\/\/thepueblatimes.mx\/index.php\/2024\/05\/20\/duermes-con-el-ventilador-encendido-esto-podria-implicar-una-serie-de-peligros\/#breadcrumb\",\"itemListElement\":[{\"@type\":\"ListItem\",\"position\":1,\"name\":\"Portada\",\"item\":\"https:\/\/thepueblatimes.mx\/\"},{\"@type\":\"ListItem\",\"position\":2,\"name\":\"\u00bfDuermes con el ventilador encendido? Esto podr\u00eda implicar una serie de peligros\"}]},{\"@type\":\"WebSite\",\"@id\":\"https:\/\/thepueblatimes.mx\/#website\",\"url\":\"https:\/\/thepueblatimes.mx\/\",\"name\":\"The Puebla Times\",\"description\":\"Noticias del Estado de Puebla\",\"potentialAction\":[{\"@type\":\"SearchAction\",\"target\":{\"@type\":\"EntryPoint\",\"urlTemplate\":\"https:\/\/thepueblatimes.mx\/?s={search_term_string}\"},\"query-input\":\"required name=search_term_string\"}],\"inLanguage\":\"es\"},{\"@type\":\"Person\",\"@id\":\"https:\/\/thepueblatimes.mx\/#\/schema\/person\/ad152a907a5f1fb40553a2551dbadb8e\",\"name\":\"The Puebla Times\",\"image\":{\"@type\":\"ImageObject\",\"inLanguage\":\"es\",\"@id\":\"https:\/\/thepueblatimes.mx\/#\/schema\/person\/image\/\",\"url\":\"https:\/\/secure.gravatar.com\/avatar\/82859cd6fbb1a3801d3e7ee27c92b8c9?s=96&d=mm&r=g\",\"contentUrl\":\"https:\/\/secure.gravatar.com\/avatar\/82859cd6fbb1a3801d3e7ee27c92b8c9?s=96&d=mm&r=g\",\"caption\":\"The Puebla Times\"},\"url\":\"https:\/\/thepueblatimes.mx\/index.php\/author\/ferhz\/\"}]}<\/script>\n<!-- \/ Yoast SEO plugin. -->","yoast_head_json":{"title":"\u00bfDuermes con el ventilador encendido? Esto podr\u00eda implicar una serie de peligros - The Puebla Times","robots":{"index":"index","follow":"follow","max-snippet":"max-snippet:-1","max-image-preview":"max-image-preview:large","max-video-preview":"max-video-preview:-1"},"canonical":"https:\/\/thepueblatimes.mx\/index.php\/2024\/05\/20\/duermes-con-el-ventilador-encendido-esto-podria-implicar-una-serie-de-peligros\/","og_locale":"es_ES","og_type":"article","og_title":"\u00bfDuermes con el ventilador encendido? Esto podr\u00eda implicar una serie de peligros - The Puebla Times","og_description":"Los especialistas han se\u00f1alado que este h\u00e1bito puede ocasionar que se generen consecuencias negativas. Los\u00a0ventiladores\u00a0son aparatos dise\u00f1ados para\u00a0refrescar ambientes,\u00a0por lo que son utilizados\u00a0principalmente\u00a0durante la\u00a0temporada de\u00a0calor,\u00a0es decir, entre la primavera y el verano. Asimismo, hay quien decide instalar un servicio de aire acondicionado, pues de este modo se tiene un hogar mucho m\u00e1s agradable. Es\u00a0importante\u00a0tomar en...","og_url":"https:\/\/thepueblatimes.mx\/index.php\/2024\/05\/20\/duermes-con-el-ventilador-encendido-esto-podria-implicar-una-serie-de-peligros\/","og_site_name":"The Puebla Times","article_published_time":"2024-05-21T01:12:19+00:00","article_modified_time":"2024-05-21T01:15:21+00:00","og_image":[{"width":768,"height":479,"url":"https:\/\/thepueblatimes.mx\/wp-content\/uploads\/2024\/05\/\u00bfDuermes-con-el-ventilador-encendido-Esto-podria-implicar-una-serie-de-peligros.jpeg","type":"image\/jpeg"}],"author":"The Puebla Times","twitter_card":"summary_large_image","twitter_misc":{"Escrito por":"The Puebla Times","Tiempo de lectura":"2 minutos"},"schema":{"@context":"https:\/\/schema.org","@graph":[{"@type":"WebPage","@id":"https:\/\/thepueblatimes.mx\/index.php\/2024\/05\/20\/duermes-con-el-ventilador-encendido-esto-podria-implicar-una-serie-de-peligros\/","url":"https:\/\/thepueblatimes.mx\/index.php\/2024\/05\/20\/duermes-con-el-ventilador-encendido-esto-podria-implicar-una-serie-de-peligros\/","name":"\u00bfDuermes con el ventilador encendido? Esto podr\u00eda implicar una serie de peligros - The Puebla Times","isPartOf":{"@id":"https:\/\/thepueblatimes.mx\/#website"},"datePublished":"2024-05-21T01:12:19+00:00","dateModified":"2024-05-21T01:15:21+00:00","author":{"@id":"https:\/\/thepueblatimes.mx\/#\/schema\/person\/ad152a907a5f1fb40553a2551dbadb8e"},"breadcrumb":{"@id":"https:\/\/thepueblatimes.mx\/index.php\/2024\/05\/20\/duermes-con-el-ventilador-encendido-esto-podria-implicar-una-serie-de-peligros\/#breadcrumb"},"inLanguage":"es","potentialAction":[{"@type":"ReadAction","target":["https:\/\/thepueblatimes.mx\/index.php\/2024\/05\/20\/duermes-con-el-ventilador-encendido-esto-podria-implicar-una-serie-de-peligros\/"]}]},{"@type":"BreadcrumbList","@id":"https:\/\/thepueblatimes.mx\/index.php\/2024\/05\/20\/duermes-con-el-ventilador-encendido-esto-podria-implicar-una-serie-de-peligros\/#breadcrumb","itemListElement":[{"@type":"ListItem","position":1,"name":"Portada","item":"https:\/\/thepueblatimes.mx\/"},{"@type":"ListItem","position":2,"name":"\u00bfDuermes con el ventilador encendido? Esto podr\u00eda implicar una serie de peligros"}]},{"@type":"WebSite","@id":"https:\/\/thepueblatimes.mx\/#website","url":"https:\/\/thepueblatimes.mx\/","name":"The Puebla Times","description":"Noticias del Estado de Puebla","potentialAction":[{"@type":"SearchAction","target":{"@type":"EntryPoint","urlTemplate":"https:\/\/thepueblatimes.mx\/?s={search_term_string}"},"query-input":"required name=search_term_string"}],"inLanguage":"es"},{"@type":"Person","@id":"https:\/\/thepueblatimes.mx\/#\/schema\/person\/ad152a907a5f1fb40553a2551dbadb8e","name":"The Puebla Times","image":{"@type":"ImageObject","inLanguage":"es","@id":"https:\/\/thepueblatimes.mx\/#\/schema\/person\/image\/","url":"https:\/\/secure.gravatar.com\/avatar\/82859cd6fbb1a3801d3e7ee27c92b8c9?s=96&d=mm&r=g","contentUrl":"https:\/\/secure.gravatar.com\/avatar\/82859cd6fbb1a3801d3e7ee27c92b8c9?s=96&d=mm&r=g","caption":"The Puebla Times"},"url":"https:\/\/thepueblatimes.mx\/index.php\/author\/ferhz\/"}]}},"jetpack_featured_media_url":"https:\/\/thepueblatimes.mx\/wp-content\/uploads\/2024\/05\/\u00bfDuermes-con-el-ventilador-encendido-Esto-podria-implicar-una-serie-de-peligros.jpeg","_links":{"self":[{"href":"https:\/\/thepueblatimes.mx\/index.php\/wp-json\/wp\/v2\/posts\/22747"}],"collection":[{"href":"https:\/\/thepueblatimes.mx\/index.php\/wp-json\/wp\/v2\/posts"}],"about":[{"href":"https:\/\/thepueblatimes.mx\/index.php\/wp-json\/wp\/v2\/types\/post"}],"author":[{"embeddable":true,"href":"https:\/\/thepueblatimes.mx\/index.php\/wp-json\/wp\/v2\/users\/3"}],"replies":[{"embeddable":true,"href":"https:\/\/thepueblatimes.mx\/index.php\/wp-json\/wp\/v2\/comments?post=22747"}],"version-history":[{"count":2,"href":"https:\/\/thepueblatimes.mx\/index.php\/wp-json\/wp\/v2\/posts\/22747\/revisions"}],"predecessor-version":[{"id":22750,"href":"https:\/\/thepueblatimes.mx\/index.php\/wp-json\/wp\/v2\/posts\/22747\/revisions\/22750"}],"wp:featuredmedia":[{"embeddable":true,"href":"https:\/\/thepueblatimes.mx\/index.php\/wp-json\/wp\/v2\/media\/22748"}],"wp:attachment":[{"href":"https:\/\/thepueblatimes.mx\/index.php\/wp-json\/wp\/v2\/media?parent=22747"}],"wp:term":[{"taxonomy":"category","embeddable":true,"href":"https:\/\/thepueblatimes.mx\/index.php\/wp-json\/wp\/v2\/categories?post=22747"},{"taxonomy":"post_tag","embeddable":true,"href":"https:\/\/thepueblatimes.mx\/index.php\/wp-json\/wp\/v2\/tags?post=22747"}],"curies":[{"name":"wp","href":"https:\/\/api.w.org\/{rel}","templated":true}]}}