{"id":22737,"date":"2024-05-20T18:08:04","date_gmt":"2024-05-21T00:08:04","guid":{"rendered":"https:\/\/thepueblatimes.mx\/?p=22737"},"modified":"2024-05-20T18:08:04","modified_gmt":"2024-05-21T00:08:04","slug":"jason-momoa-y-adria-arjona-enamoran-con-su-primera-foto-juntos","status":"publish","type":"post","link":"https:\/\/thepueblatimes.mx\/index.php\/2024\/05\/20\/jason-momoa-y-adria-arjona-enamoran-con-su-primera-foto-juntos\/","title":{"rendered":"Jason Momoa y Adria Arjona enamoran con su primera foto juntos"},"content":{"rendered":"<p id=\"mntl-sc-block_1-0\" class=\"comp mntl-sc-block mntl-sc-block-html\">\u00a1Es oficial!\u00a0<strong>Adria Arjona<\/strong>\u00a0y\u00a0<strong>Jason Momoa\u00a0<\/strong>confirman su noviazgo<\/p>\n<p id=\"mntl-sc-block_3-0\" class=\"comp mntl-sc-block mntl-sc-block-html\">Tal parece que el actor Jason Momoa y la hija del cantante guatemalteco\u00a0<strong>Ricardo Arjona<\/strong>, Adria Arjona, se est\u00e1n dando una oportunidad en el amor.<\/p>\n<p id=\"mntl-sc-block_5-0\" class=\"comp mntl-sc-block mntl-sc-block-html\">Momoa, conocido por su papel de Aquaman en el Universo Cinematogr\u00e1fico de DC, public\u00f3 una serie de fotos en su cuenta de Instagram donde muestra c\u00f3mo ha pasado su tiempo en los \u00faltimos d\u00edas.<\/p>\n<p id=\"mntl-sc-block_7-0\" class=\"comp mntl-sc-block mntl-sc-block-html\">En la segunda foto de la publicaci\u00f3n, se puede ver a Momoa, de 44 a\u00f1os, disfrutando en compa\u00f1\u00eda de amigos en un restaurante en Jap\u00f3n, y sentado en una esquina abrazando a Adria Arjona, de 32 a\u00f1os. La imagen ha sido la que ha desatado la oleada de comentarios y &#8216;likes&#8217; en la publicaci\u00f3n.<\/p>\n<p id=\"mntl-sc-block_15-0\" class=\"comp mntl-sc-block mntl-sc-block-html\">El\u00a0ex de\u00a0<strong>Eiza Gonz\u00e1lez\u00a0<\/strong>acompa\u00f1\u00f3 la serie de fotos con un emotivo pie de foto en el que se refiri\u00f3 a Adria como \u00abmi amor\u00bb: \u00abJap\u00f3n, has sido un sue\u00f1o hecho realidad, me dejaste sin palabras. Estamos muy agradecidos con todos los que nos abrieron sus hogares, por crear recuerdos con nuevos y viejos amigos, compartiendo otra aventura incre\u00edble con mi amor. Sobre las carreteras, motocicletas y locura. Todo mi aloha.\u00bb<\/p>\n<p id=\"mntl-sc-block_17-0\" class=\"comp mntl-sc-block mntl-sc-block-html\">Por su parte, Adria tambi\u00e9n comparti\u00f3 una imagen junto a Momoa en su cuenta de Instagram, acompa\u00f1ada de varios corazoncitos, confirmando a\u00fan m\u00e1s lo que ya era evidente.<\/p>\n<p>Fuente: <a href=\"https:\/\/peopleenespanol.com\/adria-arjona-jason-momoa-son-novios-mira-la-foto-8651323\">https:\/\/peopleenespanol.com\/adria-arjona-jason-momoa-son-novios-mira-la-foto-8651323<\/a><\/p>\n","protected":false},"excerpt":{"rendered":"<p>\u00a1Es oficial!\u00a0Adria Arjona\u00a0y\u00a0Jason Momoa\u00a0confirman su noviazgo Tal parece que el actor Jason Momoa y la hija del cantante guatemalteco\u00a0Ricardo Arjona, Adria Arjona, se est\u00e1n dando una oportunidad en el amor. Momoa, conocido por su papel de Aquaman en el Universo Cinematogr\u00e1fico de DC, public\u00f3 una serie de fotos en su cuenta de Instagram donde muestra&#8230;<\/p>\n","protected":false},"author":3,"featured_media":22738,"comment_status":"closed","ping_status":"closed","sticky":false,"template":"","format":"standard","meta":[],"categories":[9],"tags":[1819,184,1818],"yoast_head":"<!-- This site is optimized with the Yoast SEO plugin v20.8 - https:\/\/yoast.com\/wordpress\/plugins\/seo\/ -->\n<title>Jason Momoa y Adria Arjona enamoran con su primera foto juntos - The Puebla Times<\/title>\n<meta name=\"robots\" content=\"index, follow, max-snippet:-1, max-image-preview:large, max-video-preview:-1\" \/>\n<link rel=\"canonical\" href=\"https:\/\/thepueblatimes.mx\/index.php\/2024\/05\/20\/jason-momoa-y-adria-arjona-enamoran-con-su-primera-foto-juntos\/\" \/>\n<meta property=\"og:locale\" content=\"es_ES\" \/>\n<meta property=\"og:type\" content=\"article\" \/>\n<meta property=\"og:title\" content=\"Jason Momoa y Adria Arjona enamoran con su primera foto juntos - The Puebla Times\" \/>\n<meta property=\"og:description\" content=\"\u00a1Es oficial!\u00a0Adria Arjona\u00a0y\u00a0Jason Momoa\u00a0confirman su noviazgo Tal parece que el actor Jason Momoa y la hija del cantante guatemalteco\u00a0Ricardo Arjona, Adria Arjona, se est\u00e1n dando una oportunidad en el amor. Momoa, conocido por su papel de Aquaman en el Universo Cinematogr\u00e1fico de DC, public\u00f3 una serie de fotos en su cuenta de Instagram donde muestra...\" \/>\n<meta property=\"og:url\" content=\"https:\/\/thepueblatimes.mx\/index.php\/2024\/05\/20\/jason-momoa-y-adria-arjona-enamoran-con-su-primera-foto-juntos\/\" \/>\n<meta property=\"og:site_name\" content=\"The Puebla Times\" \/>\n<meta property=\"article:published_time\" content=\"2024-05-21T00:08:04+00:00\" \/>\n<meta property=\"og:image\" content=\"https:\/\/thepueblatimes.mx\/wp-content\/uploads\/2024\/05\/adriaarjonajasonmomoanovios-b5dbe936f56148f4b5a5f5a5a605a8dc.webp\" \/>\n\t<meta property=\"og:image:width\" content=\"750\" \/>\n\t<meta property=\"og:image:height\" content=\"606\" \/>\n\t<meta property=\"og:image:type\" content=\"image\/webp\" \/>\n<meta name=\"author\" content=\"The Puebla Times\" \/>\n<meta name=\"twitter:card\" content=\"summary_large_image\" \/>\n<meta name=\"twitter:label1\" content=\"Escrito por\" \/>\n\t<meta name=\"twitter:data1\" content=\"The Puebla Times\" \/>\n\t<meta name=\"twitter:label2\" content=\"Tiempo de lectura\" \/>\n\t<meta name=\"twitter:data2\" content=\"2 minutos\" \/>\n<script type=\"application\/ld+json\" class=\"yoast-schema-graph\">{\"@context\":\"https:\/\/schema.org\",\"@graph\":[{\"@type\":\"WebPage\",\"@id\":\"https:\/\/thepueblatimes.mx\/index.php\/2024\/05\/20\/jason-momoa-y-adria-arjona-enamoran-con-su-primera-foto-juntos\/\",\"url\":\"https:\/\/thepueblatimes.mx\/index.php\/2024\/05\/20\/jason-momoa-y-adria-arjona-enamoran-con-su-primera-foto-juntos\/\",\"name\":\"Jason Momoa y Adria Arjona enamoran con su primera foto juntos - The Puebla Times\",\"isPartOf\":{\"@id\":\"https:\/\/thepueblatimes.mx\/#website\"},\"datePublished\":\"2024-05-21T00:08:04+00:00\",\"dateModified\":\"2024-05-21T00:08:04+00:00\",\"author\":{\"@id\":\"https:\/\/thepueblatimes.mx\/#\/schema\/person\/ad152a907a5f1fb40553a2551dbadb8e\"},\"breadcrumb\":{\"@id\":\"https:\/\/thepueblatimes.mx\/index.php\/2024\/05\/20\/jason-momoa-y-adria-arjona-enamoran-con-su-primera-foto-juntos\/#breadcrumb\"},\"inLanguage\":\"es\",\"potentialAction\":[{\"@type\":\"ReadAction\",\"target\":[\"https:\/\/thepueblatimes.mx\/index.php\/2024\/05\/20\/jason-momoa-y-adria-arjona-enamoran-con-su-primera-foto-juntos\/\"]}]},{\"@type\":\"BreadcrumbList\",\"@id\":\"https:\/\/thepueblatimes.mx\/index.php\/2024\/05\/20\/jason-momoa-y-adria-arjona-enamoran-con-su-primera-foto-juntos\/#breadcrumb\",\"itemListElement\":[{\"@type\":\"ListItem\",\"position\":1,\"name\":\"Portada\",\"item\":\"https:\/\/thepueblatimes.mx\/\"},{\"@type\":\"ListItem\",\"position\":2,\"name\":\"Jason Momoa y Adria Arjona enamoran con su primera foto juntos\"}]},{\"@type\":\"WebSite\",\"@id\":\"https:\/\/thepueblatimes.mx\/#website\",\"url\":\"https:\/\/thepueblatimes.mx\/\",\"name\":\"The Puebla Times\",\"description\":\"Noticias del Estado de Puebla\",\"potentialAction\":[{\"@type\":\"SearchAction\",\"target\":{\"@type\":\"EntryPoint\",\"urlTemplate\":\"https:\/\/thepueblatimes.mx\/?s={search_term_string}\"},\"query-input\":\"required name=search_term_string\"}],\"inLanguage\":\"es\"},{\"@type\":\"Person\",\"@id\":\"https:\/\/thepueblatimes.mx\/#\/schema\/person\/ad152a907a5f1fb40553a2551dbadb8e\",\"name\":\"The Puebla Times\",\"image\":{\"@type\":\"ImageObject\",\"inLanguage\":\"es\",\"@id\":\"https:\/\/thepueblatimes.mx\/#\/schema\/person\/image\/\",\"url\":\"https:\/\/secure.gravatar.com\/avatar\/82859cd6fbb1a3801d3e7ee27c92b8c9?s=96&d=mm&r=g\",\"contentUrl\":\"https:\/\/secure.gravatar.com\/avatar\/82859cd6fbb1a3801d3e7ee27c92b8c9?s=96&d=mm&r=g\",\"caption\":\"The Puebla Times\"},\"url\":\"https:\/\/thepueblatimes.mx\/index.php\/author\/ferhz\/\"}]}<\/script>\n<!-- \/ Yoast SEO plugin. -->","yoast_head_json":{"title":"Jason Momoa y Adria Arjona enamoran con su primera foto juntos - The Puebla Times","robots":{"index":"index","follow":"follow","max-snippet":"max-snippet:-1","max-image-preview":"max-image-preview:large","max-video-preview":"max-video-preview:-1"},"canonical":"https:\/\/thepueblatimes.mx\/index.php\/2024\/05\/20\/jason-momoa-y-adria-arjona-enamoran-con-su-primera-foto-juntos\/","og_locale":"es_ES","og_type":"article","og_title":"Jason Momoa y Adria Arjona enamoran con su primera foto juntos - The Puebla Times","og_description":"\u00a1Es oficial!\u00a0Adria Arjona\u00a0y\u00a0Jason Momoa\u00a0confirman su noviazgo Tal parece que el actor Jason Momoa y la hija del cantante guatemalteco\u00a0Ricardo Arjona, Adria Arjona, se est\u00e1n dando una oportunidad en el amor. Momoa, conocido por su papel de Aquaman en el Universo Cinematogr\u00e1fico de DC, public\u00f3 una serie de fotos en su cuenta de Instagram donde muestra...","og_url":"https:\/\/thepueblatimes.mx\/index.php\/2024\/05\/20\/jason-momoa-y-adria-arjona-enamoran-con-su-primera-foto-juntos\/","og_site_name":"The Puebla Times","article_published_time":"2024-05-21T00:08:04+00:00","og_image":[{"width":750,"height":606,"url":"https:\/\/thepueblatimes.mx\/wp-content\/uploads\/2024\/05\/adriaarjonajasonmomoanovios-b5dbe936f56148f4b5a5f5a5a605a8dc.webp","type":"image\/webp"}],"author":"The Puebla Times","twitter_card":"summary_large_image","twitter_misc":{"Escrito por":"The Puebla Times","Tiempo de lectura":"2 minutos"},"schema":{"@context":"https:\/\/schema.org","@graph":[{"@type":"WebPage","@id":"https:\/\/thepueblatimes.mx\/index.php\/2024\/05\/20\/jason-momoa-y-adria-arjona-enamoran-con-su-primera-foto-juntos\/","url":"https:\/\/thepueblatimes.mx\/index.php\/2024\/05\/20\/jason-momoa-y-adria-arjona-enamoran-con-su-primera-foto-juntos\/","name":"Jason Momoa y Adria Arjona enamoran con su primera foto juntos - The Puebla Times","isPartOf":{"@id":"https:\/\/thepueblatimes.mx\/#website"},"datePublished":"2024-05-21T00:08:04+00:00","dateModified":"2024-05-21T00:08:04+00:00","author":{"@id":"https:\/\/thepueblatimes.mx\/#\/schema\/person\/ad152a907a5f1fb40553a2551dbadb8e"},"breadcrumb":{"@id":"https:\/\/thepueblatimes.mx\/index.php\/2024\/05\/20\/jason-momoa-y-adria-arjona-enamoran-con-su-primera-foto-juntos\/#breadcrumb"},"inLanguage":"es","potentialAction":[{"@type":"ReadAction","target":["https:\/\/thepueblatimes.mx\/index.php\/2024\/05\/20\/jason-momoa-y-adria-arjona-enamoran-con-su-primera-foto-juntos\/"]}]},{"@type":"BreadcrumbList","@id":"https:\/\/thepueblatimes.mx\/index.php\/2024\/05\/20\/jason-momoa-y-adria-arjona-enamoran-con-su-primera-foto-juntos\/#breadcrumb","itemListElement":[{"@type":"ListItem","position":1,"name":"Portada","item":"https:\/\/thepueblatimes.mx\/"},{"@type":"ListItem","position":2,"name":"Jason Momoa y Adria Arjona enamoran con su primera foto juntos"}]},{"@type":"WebSite","@id":"https:\/\/thepueblatimes.mx\/#website","url":"https:\/\/thepueblatimes.mx\/","name":"The Puebla Times","description":"Noticias del Estado de Puebla","potentialAction":[{"@type":"SearchAction","target":{"@type":"EntryPoint","urlTemplate":"https:\/\/thepueblatimes.mx\/?s={search_term_string}"},"query-input":"required name=search_term_string"}],"inLanguage":"es"},{"@type":"Person","@id":"https:\/\/thepueblatimes.mx\/#\/schema\/person\/ad152a907a5f1fb40553a2551dbadb8e","name":"The Puebla Times","image":{"@type":"ImageObject","inLanguage":"es","@id":"https:\/\/thepueblatimes.mx\/#\/schema\/person\/image\/","url":"https:\/\/secure.gravatar.com\/avatar\/82859cd6fbb1a3801d3e7ee27c92b8c9?s=96&d=mm&r=g","contentUrl":"https:\/\/secure.gravatar.com\/avatar\/82859cd6fbb1a3801d3e7ee27c92b8c9?s=96&d=mm&r=g","caption":"The Puebla Times"},"url":"https:\/\/thepueblatimes.mx\/index.php\/author\/ferhz\/"}]}},"jetpack_featured_media_url":"https:\/\/thepueblatimes.mx\/wp-content\/uploads\/2024\/05\/adriaarjonajasonmomoanovios-b5dbe936f56148f4b5a5f5a5a605a8dc.webp","_links":{"self":[{"href":"https:\/\/thepueblatimes.mx\/index.php\/wp-json\/wp\/v2\/posts\/22737"}],"collection":[{"href":"https:\/\/thepueblatimes.mx\/index.php\/wp-json\/wp\/v2\/posts"}],"about":[{"href":"https:\/\/thepueblatimes.mx\/index.php\/wp-json\/wp\/v2\/types\/post"}],"author":[{"embeddable":true,"href":"https:\/\/thepueblatimes.mx\/index.php\/wp-json\/wp\/v2\/users\/3"}],"replies":[{"embeddable":true,"href":"https:\/\/thepueblatimes.mx\/index.php\/wp-json\/wp\/v2\/comments?post=22737"}],"version-history":[{"count":1,"href":"https:\/\/thepueblatimes.mx\/index.php\/wp-json\/wp\/v2\/posts\/22737\/revisions"}],"predecessor-version":[{"id":22739,"href":"https:\/\/thepueblatimes.mx\/index.php\/wp-json\/wp\/v2\/posts\/22737\/revisions\/22739"}],"wp:featuredmedia":[{"embeddable":true,"href":"https:\/\/thepueblatimes.mx\/index.php\/wp-json\/wp\/v2\/media\/22738"}],"wp:attachment":[{"href":"https:\/\/thepueblatimes.mx\/index.php\/wp-json\/wp\/v2\/media?parent=22737"}],"wp:term":[{"taxonomy":"category","embeddable":true,"href":"https:\/\/thepueblatimes.mx\/index.php\/wp-json\/wp\/v2\/categories?post=22737"},{"taxonomy":"post_tag","embeddable":true,"href":"https:\/\/thepueblatimes.mx\/index.php\/wp-json\/wp\/v2\/tags?post=22737"}],"curies":[{"name":"wp","href":"https:\/\/api.w.org\/{rel}","templated":true}]}}