{"id":22734,"date":"2024-05-20T17:16:12","date_gmt":"2024-05-20T23:16:12","guid":{"rendered":"https:\/\/thepueblatimes.mx\/?p=22734"},"modified":"2024-05-20T17:19:15","modified_gmt":"2024-05-20T23:19:15","slug":"fans-de-inna-la-hacen-llorar-en-el-tecate-emblema","status":"publish","type":"post","link":"https:\/\/thepueblatimes.mx\/index.php\/2024\/05\/20\/fans-de-inna-la-hacen-llorar-en-el-tecate-emblema\/","title":{"rendered":"Fans de Inna la hacen llorar en el Tecate Emblema"},"content":{"rendered":"<p>La\u00a0cantante\u00a0rumana\u00a0<strong>Inna<\/strong>\u00a0se present\u00f3 este fin de semana en festival de m\u00fasica\u00a0<strong>Tecate Emblema\u00a0<\/strong>y aunque ten\u00eda mucho tiempo que no ven\u00eda a\u00a0<strong>M\u00e9xico<\/strong>, la int\u00e9rprete se sorprendi\u00f3 al ver que miles de personas asistieron al escenario donde se present\u00f3, situaci\u00f3n que la hizo romper en llanto de la emoci\u00f3n. \u00a1Pero lo mejor fue cuando emocionada recogi\u00f3 su propio\u00a0<strong>Dr. Simi<\/strong>!<\/p>\n<p>El espect\u00e1culo reuni\u00f3 a\u00a0<strong>artistas<\/strong>\u00a0nacionales y de talla internacional, entre los m\u00e1s famosos estuvieron\u00a0<strong>Christina Aguilera<\/strong>, Sam Smith, Belanova, Nelly Furtado, Calvin Harris, Anitta, Matisse y Paty Cant\u00fa. Pero sin duda, cuando Inna subi\u00f3 al escenario fue uno de los momentos que causaron m\u00e1s euforia.<\/p>\n<p>La estrella de m\u00fasica electr\u00f3nica se present\u00f3 el s\u00e1bado 18 de mayo en el\u00a0Tecate Emblema\u00a0y en medio del show sorprendi\u00f3 a sus fans hablando en espa\u00f1ol, un momento que caus\u00f3 revuelo porque sus palabras las dijo en espa\u00f1ol. Dijo que estaba muy nerviosa porque pens\u00f3 que no iba a llenar el\u00a0<strong>escenario<\/strong>, pues los organizadores le asignaron el lugar m\u00e1s peque\u00f1o, sin embargo, abarrot\u00f3 el lugar.<\/p>\n<p>Ya se ha vuelto toda una tradici\u00f3n que los fans regalen peluches del\u00a0<strong>Doctor Simi\u00a0<\/strong>a cantantes, y como era de esperarse,\u00a0Inna\u00a0no fue la excepci\u00f3n y orgullosa mostr\u00f3 su\u00a0<strong>Simi<\/strong>\u00a0en su cuenta de Instagram y aprovech\u00f3 para expresar su amor por M\u00e9xico. con varias fotos y v\u00eddeos mostr\u00f3 lo bien que la recibi\u00f3 nuestro pa\u00eds y lo incre\u00edble que fue su concierto.<\/p>\n<p>Fuente: <a href=\"https:\/\/heraldodemexico.com.mx\/espectaculos\/2024\/5\/20\/fans-de-inna-la-hacen-llorar-en-el-tecate-emblema-penso-que-nadie-iria-su-concierto-y-la-recibieron-con-un-dr-simi-video-604659.html\">https:\/\/heraldodemexico.com.mx\/espectaculos\/2024\/5\/20\/fans-de-inna-la-hacen-llorar-en-el-tecate-emblema-penso-que-nadie-iria-su-concierto-y-la-recibieron-con-un-dr-simi-video-604659.html<\/a><\/p>\n<p>&nbsp;<\/p>\n","protected":false},"excerpt":{"rendered":"<p>La\u00a0cantante\u00a0rumana\u00a0Inna\u00a0se present\u00f3 este fin de semana en festival de m\u00fasica\u00a0Tecate Emblema\u00a0y aunque ten\u00eda mucho tiempo que no ven\u00eda a\u00a0M\u00e9xico, la int\u00e9rprete se sorprendi\u00f3 al ver que miles de personas asistieron al escenario donde se present\u00f3, situaci\u00f3n que la hizo romper en llanto de la emoci\u00f3n. \u00a1Pero lo mejor fue cuando emocionada recogi\u00f3 su propio\u00a0Dr. Simi!&#8230;<\/p>\n","protected":false},"author":3,"featured_media":22732,"comment_status":"closed","ping_status":"closed","sticky":false,"template":"","format":"standard","meta":[],"categories":[9],"tags":[617,1816,1817],"yoast_head":"<!-- This site is optimized with the Yoast SEO plugin v20.8 - https:\/\/yoast.com\/wordpress\/plugins\/seo\/ -->\n<title>Fans de Inna la hacen llorar en el Tecate Emblema - The Puebla Times<\/title>\n<meta name=\"robots\" content=\"index, follow, max-snippet:-1, max-image-preview:large, max-video-preview:-1\" \/>\n<link rel=\"canonical\" href=\"https:\/\/thepueblatimes.mx\/index.php\/2024\/05\/20\/fans-de-inna-la-hacen-llorar-en-el-tecate-emblema\/\" \/>\n<meta property=\"og:locale\" content=\"es_ES\" \/>\n<meta property=\"og:type\" content=\"article\" \/>\n<meta property=\"og:title\" content=\"Fans de Inna la hacen llorar en el Tecate Emblema - The Puebla Times\" \/>\n<meta property=\"og:description\" content=\"La\u00a0cantante\u00a0rumana\u00a0Inna\u00a0se present\u00f3 este fin de semana en festival de m\u00fasica\u00a0Tecate Emblema\u00a0y aunque ten\u00eda mucho tiempo que no ven\u00eda a\u00a0M\u00e9xico, la int\u00e9rprete se sorprendi\u00f3 al ver que miles de personas asistieron al escenario donde se present\u00f3, situaci\u00f3n que la hizo romper en llanto de la emoci\u00f3n. \u00a1Pero lo mejor fue cuando emocionada recogi\u00f3 su propio\u00a0Dr. Simi!...\" \/>\n<meta property=\"og:url\" content=\"https:\/\/thepueblatimes.mx\/index.php\/2024\/05\/20\/fans-de-inna-la-hacen-llorar-en-el-tecate-emblema\/\" \/>\n<meta property=\"og:site_name\" content=\"The Puebla Times\" \/>\n<meta property=\"article:published_time\" content=\"2024-05-20T23:16:12+00:00\" \/>\n<meta property=\"article:modified_time\" content=\"2024-05-20T23:19:15+00:00\" \/>\n<meta property=\"og:image\" content=\"https:\/\/thepueblatimes.mx\/wp-content\/uploads\/2024\/05\/f768x1-944150_944277_145.jpg\" \/>\n\t<meta property=\"og:image:width\" content=\"768\" \/>\n\t<meta property=\"og:image:height\" content=\"1038\" \/>\n\t<meta property=\"og:image:type\" content=\"image\/jpeg\" \/>\n<meta name=\"author\" content=\"The Puebla Times\" \/>\n<meta name=\"twitter:card\" content=\"summary_large_image\" \/>\n<meta name=\"twitter:label1\" content=\"Escrito por\" \/>\n\t<meta name=\"twitter:data1\" content=\"The Puebla Times\" \/>\n\t<meta name=\"twitter:label2\" content=\"Tiempo de lectura\" \/>\n\t<meta name=\"twitter:data2\" content=\"2 minutos\" \/>\n<script type=\"application\/ld+json\" class=\"yoast-schema-graph\">{\"@context\":\"https:\/\/schema.org\",\"@graph\":[{\"@type\":\"WebPage\",\"@id\":\"https:\/\/thepueblatimes.mx\/index.php\/2024\/05\/20\/fans-de-inna-la-hacen-llorar-en-el-tecate-emblema\/\",\"url\":\"https:\/\/thepueblatimes.mx\/index.php\/2024\/05\/20\/fans-de-inna-la-hacen-llorar-en-el-tecate-emblema\/\",\"name\":\"Fans de Inna la hacen llorar en el Tecate Emblema - The Puebla Times\",\"isPartOf\":{\"@id\":\"https:\/\/thepueblatimes.mx\/#website\"},\"datePublished\":\"2024-05-20T23:16:12+00:00\",\"dateModified\":\"2024-05-20T23:19:15+00:00\",\"author\":{\"@id\":\"https:\/\/thepueblatimes.mx\/#\/schema\/person\/ad152a907a5f1fb40553a2551dbadb8e\"},\"breadcrumb\":{\"@id\":\"https:\/\/thepueblatimes.mx\/index.php\/2024\/05\/20\/fans-de-inna-la-hacen-llorar-en-el-tecate-emblema\/#breadcrumb\"},\"inLanguage\":\"es\",\"potentialAction\":[{\"@type\":\"ReadAction\",\"target\":[\"https:\/\/thepueblatimes.mx\/index.php\/2024\/05\/20\/fans-de-inna-la-hacen-llorar-en-el-tecate-emblema\/\"]}]},{\"@type\":\"BreadcrumbList\",\"@id\":\"https:\/\/thepueblatimes.mx\/index.php\/2024\/05\/20\/fans-de-inna-la-hacen-llorar-en-el-tecate-emblema\/#breadcrumb\",\"itemListElement\":[{\"@type\":\"ListItem\",\"position\":1,\"name\":\"Portada\",\"item\":\"https:\/\/thepueblatimes.mx\/\"},{\"@type\":\"ListItem\",\"position\":2,\"name\":\"Fans de Inna la hacen llorar en el Tecate Emblema\"}]},{\"@type\":\"WebSite\",\"@id\":\"https:\/\/thepueblatimes.mx\/#website\",\"url\":\"https:\/\/thepueblatimes.mx\/\",\"name\":\"The Puebla Times\",\"description\":\"Noticias del Estado de Puebla\",\"potentialAction\":[{\"@type\":\"SearchAction\",\"target\":{\"@type\":\"EntryPoint\",\"urlTemplate\":\"https:\/\/thepueblatimes.mx\/?s={search_term_string}\"},\"query-input\":\"required name=search_term_string\"}],\"inLanguage\":\"es\"},{\"@type\":\"Person\",\"@id\":\"https:\/\/thepueblatimes.mx\/#\/schema\/person\/ad152a907a5f1fb40553a2551dbadb8e\",\"name\":\"The Puebla Times\",\"image\":{\"@type\":\"ImageObject\",\"inLanguage\":\"es\",\"@id\":\"https:\/\/thepueblatimes.mx\/#\/schema\/person\/image\/\",\"url\":\"https:\/\/secure.gravatar.com\/avatar\/82859cd6fbb1a3801d3e7ee27c92b8c9?s=96&d=mm&r=g\",\"contentUrl\":\"https:\/\/secure.gravatar.com\/avatar\/82859cd6fbb1a3801d3e7ee27c92b8c9?s=96&d=mm&r=g\",\"caption\":\"The Puebla Times\"},\"url\":\"https:\/\/thepueblatimes.mx\/index.php\/author\/ferhz\/\"}]}<\/script>\n<!-- \/ Yoast SEO plugin. -->","yoast_head_json":{"title":"Fans de Inna la hacen llorar en el Tecate Emblema - The Puebla Times","robots":{"index":"index","follow":"follow","max-snippet":"max-snippet:-1","max-image-preview":"max-image-preview:large","max-video-preview":"max-video-preview:-1"},"canonical":"https:\/\/thepueblatimes.mx\/index.php\/2024\/05\/20\/fans-de-inna-la-hacen-llorar-en-el-tecate-emblema\/","og_locale":"es_ES","og_type":"article","og_title":"Fans de Inna la hacen llorar en el Tecate Emblema - The Puebla Times","og_description":"La\u00a0cantante\u00a0rumana\u00a0Inna\u00a0se present\u00f3 este fin de semana en festival de m\u00fasica\u00a0Tecate Emblema\u00a0y aunque ten\u00eda mucho tiempo que no ven\u00eda a\u00a0M\u00e9xico, la int\u00e9rprete se sorprendi\u00f3 al ver que miles de personas asistieron al escenario donde se present\u00f3, situaci\u00f3n que la hizo romper en llanto de la emoci\u00f3n. \u00a1Pero lo mejor fue cuando emocionada recogi\u00f3 su propio\u00a0Dr. Simi!...","og_url":"https:\/\/thepueblatimes.mx\/index.php\/2024\/05\/20\/fans-de-inna-la-hacen-llorar-en-el-tecate-emblema\/","og_site_name":"The Puebla Times","article_published_time":"2024-05-20T23:16:12+00:00","article_modified_time":"2024-05-20T23:19:15+00:00","og_image":[{"width":768,"height":1038,"url":"https:\/\/thepueblatimes.mx\/wp-content\/uploads\/2024\/05\/f768x1-944150_944277_145.jpg","type":"image\/jpeg"}],"author":"The Puebla Times","twitter_card":"summary_large_image","twitter_misc":{"Escrito por":"The Puebla Times","Tiempo de lectura":"2 minutos"},"schema":{"@context":"https:\/\/schema.org","@graph":[{"@type":"WebPage","@id":"https:\/\/thepueblatimes.mx\/index.php\/2024\/05\/20\/fans-de-inna-la-hacen-llorar-en-el-tecate-emblema\/","url":"https:\/\/thepueblatimes.mx\/index.php\/2024\/05\/20\/fans-de-inna-la-hacen-llorar-en-el-tecate-emblema\/","name":"Fans de Inna la hacen llorar en el Tecate Emblema - The Puebla Times","isPartOf":{"@id":"https:\/\/thepueblatimes.mx\/#website"},"datePublished":"2024-05-20T23:16:12+00:00","dateModified":"2024-05-20T23:19:15+00:00","author":{"@id":"https:\/\/thepueblatimes.mx\/#\/schema\/person\/ad152a907a5f1fb40553a2551dbadb8e"},"breadcrumb":{"@id":"https:\/\/thepueblatimes.mx\/index.php\/2024\/05\/20\/fans-de-inna-la-hacen-llorar-en-el-tecate-emblema\/#breadcrumb"},"inLanguage":"es","potentialAction":[{"@type":"ReadAction","target":["https:\/\/thepueblatimes.mx\/index.php\/2024\/05\/20\/fans-de-inna-la-hacen-llorar-en-el-tecate-emblema\/"]}]},{"@type":"BreadcrumbList","@id":"https:\/\/thepueblatimes.mx\/index.php\/2024\/05\/20\/fans-de-inna-la-hacen-llorar-en-el-tecate-emblema\/#breadcrumb","itemListElement":[{"@type":"ListItem","position":1,"name":"Portada","item":"https:\/\/thepueblatimes.mx\/"},{"@type":"ListItem","position":2,"name":"Fans de Inna la hacen llorar en el Tecate Emblema"}]},{"@type":"WebSite","@id":"https:\/\/thepueblatimes.mx\/#website","url":"https:\/\/thepueblatimes.mx\/","name":"The Puebla Times","description":"Noticias del Estado de Puebla","potentialAction":[{"@type":"SearchAction","target":{"@type":"EntryPoint","urlTemplate":"https:\/\/thepueblatimes.mx\/?s={search_term_string}"},"query-input":"required name=search_term_string"}],"inLanguage":"es"},{"@type":"Person","@id":"https:\/\/thepueblatimes.mx\/#\/schema\/person\/ad152a907a5f1fb40553a2551dbadb8e","name":"The Puebla Times","image":{"@type":"ImageObject","inLanguage":"es","@id":"https:\/\/thepueblatimes.mx\/#\/schema\/person\/image\/","url":"https:\/\/secure.gravatar.com\/avatar\/82859cd6fbb1a3801d3e7ee27c92b8c9?s=96&d=mm&r=g","contentUrl":"https:\/\/secure.gravatar.com\/avatar\/82859cd6fbb1a3801d3e7ee27c92b8c9?s=96&d=mm&r=g","caption":"The Puebla Times"},"url":"https:\/\/thepueblatimes.mx\/index.php\/author\/ferhz\/"}]}},"jetpack_featured_media_url":"https:\/\/thepueblatimes.mx\/wp-content\/uploads\/2024\/05\/f768x1-944150_944277_145.jpg","_links":{"self":[{"href":"https:\/\/thepueblatimes.mx\/index.php\/wp-json\/wp\/v2\/posts\/22734"}],"collection":[{"href":"https:\/\/thepueblatimes.mx\/index.php\/wp-json\/wp\/v2\/posts"}],"about":[{"href":"https:\/\/thepueblatimes.mx\/index.php\/wp-json\/wp\/v2\/types\/post"}],"author":[{"embeddable":true,"href":"https:\/\/thepueblatimes.mx\/index.php\/wp-json\/wp\/v2\/users\/3"}],"replies":[{"embeddable":true,"href":"https:\/\/thepueblatimes.mx\/index.php\/wp-json\/wp\/v2\/comments?post=22734"}],"version-history":[{"count":2,"href":"https:\/\/thepueblatimes.mx\/index.php\/wp-json\/wp\/v2\/posts\/22734\/revisions"}],"predecessor-version":[{"id":22736,"href":"https:\/\/thepueblatimes.mx\/index.php\/wp-json\/wp\/v2\/posts\/22734\/revisions\/22736"}],"wp:featuredmedia":[{"embeddable":true,"href":"https:\/\/thepueblatimes.mx\/index.php\/wp-json\/wp\/v2\/media\/22732"}],"wp:attachment":[{"href":"https:\/\/thepueblatimes.mx\/index.php\/wp-json\/wp\/v2\/media?parent=22734"}],"wp:term":[{"taxonomy":"category","embeddable":true,"href":"https:\/\/thepueblatimes.mx\/index.php\/wp-json\/wp\/v2\/categories?post=22734"},{"taxonomy":"post_tag","embeddable":true,"href":"https:\/\/thepueblatimes.mx\/index.php\/wp-json\/wp\/v2\/tags?post=22734"}],"curies":[{"name":"wp","href":"https:\/\/api.w.org\/{rel}","templated":true}]}}