{"id":21163,"date":"2024-02-12T10:10:38","date_gmt":"2024-02-12T16:10:38","guid":{"rendered":"https:\/\/thepueblatimes.mx\/?p=21163"},"modified":"2024-02-12T10:11:28","modified_gmt":"2024-02-12T16:11:28","slug":"en-puebla-unidades-de-igualdad-de-genero-pactan-trabajar-en-conjunto-y-promover-acciones-afirmativas","status":"publish","type":"post","link":"https:\/\/thepueblatimes.mx\/index.php\/2024\/02\/12\/en-puebla-unidades-de-igualdad-de-genero-pactan-trabajar-en-conjunto-y-promover-acciones-afirmativas\/","title":{"rendered":"En Puebla, Unidades de Igualdad de G\u00e9nero pactan trabajar en conjunto y promover acciones afirmativas"},"content":{"rendered":"<h3><em>-Puebla fue sede del Encuentro Nacional de Unidades de Igualdad de G\u00e9nero de los Poderes Legislativos<\/em><\/h3>\n<h3><em>-Acudieron el presidente de la Junta de Gobierno y Coordinaci\u00f3n Pol\u00edtica de Quintana Roo y de Veracruz, Luis Humberto Aldana Navarro y Juan Javier G\u00f3mez Cazar\u00edn, respectivamente<\/em><\/h3>\n<p>&nbsp;<\/p>\n<p>Al concluir el Encuentro Nacional de Unidades de Igualdad de G\u00e9nero de los Poderes Legislativos, las y los participantes formaron parte de un pacto en el que destaca trabajar en conjunto, promover acciones afirmativas, as\u00ed como fortalecer los procesos de capacitaci\u00f3n y marcos normativos para, entre otros objetivos, consolidar una cultura organizacional en materia de igualdad y no discriminaci\u00f3n.<\/p>\n<p>&nbsp;<\/p>\n<p>Durante dos d\u00edas, el 8 y 9 de febrero, el Congreso del Estado de Puebla, que preside el diputado Eduardo Castillo L\u00f3pez, fue sede del Encuentro Nacional de Unidades de Igualdad de G\u00e9nero de los Poderes Legislativos. En este evento participaron el presidente de la Junta de Gobierno y Coordinaci\u00f3n Pol\u00edtica de Quintana Roo, Luis Humberto Aldana Navarro y el presidente de la Junta de Coordinaci\u00f3n Pol\u00edtica del Congreso del Estado de Veracruz, Juan Javier G\u00f3mez Cazar\u00edn.<\/p>\n<p>&nbsp;<\/p>\n<p>Adem\u00e1s, Sulma Eunice Campos Mata, titular de la Unidad T\u00e9cnica para la Igualdad de G\u00e9nero del Senado de la Rep\u00fablica y Yuriria Garc\u00eda N\u00fa\u00f1ez de la Unidad de G\u00e9nero de la C\u00e1mara de Diputados, as\u00ed como las titulares de Unidades en los diferentes Congresos del pa\u00eds y presidentas de las Comisiones de Igualdad de G\u00e9nero en los Poderes Legislativos.<\/p>\n<p>&nbsp;<\/p>\n<p>En el desarrollo del encuentro, se presentaron conferencias magistrales y mesas de trabajo relacionadas con temas como: la importancia de los mecanismos para la institucionalizaci\u00f3n de la perspectiva de g\u00e9nero en el Poder Legislativo; violencia pol\u00edtica de g\u00e9nero, mecanismos para la prevenci\u00f3n y la denuncia; identificaci\u00f3n de alianzas, buenas pr\u00e1cticas y liderazgos para el avance de las unidades; institucionalizaci\u00f3n de la pol\u00edtica de igualdad y no discriminaci\u00f3n; as\u00ed como corresponsabilidad y cuidados.<\/p>\n<p>&nbsp;<\/p>\n<p>La clausura del evento estuvo a cargo del diputado poblano Fernando Morales Mart\u00ednez, quien destac\u00f3 la importancia de fomentar la igualdad y la perspectiva de g\u00e9nero desde la educaci\u00f3n b\u00e1sica para que las nuevas generaciones crezcan con conciencia, a fin de contar con una mejor sociedad.<\/p>\n<p>&nbsp;<\/p>\n<p>Por su parte, la titular de la Unidad para la Igualdad de G\u00e9nero del Congreso del Estado de Puebla, Roc\u00edo Garc\u00eda Olmedo se\u00f1al\u00f3 que las y los participantes firmaron un documento a modo de conclusiones y declaratoria, que contiene los principales puntos que se deben impulsar en los Poderes Legislativos locales con el respaldo de las y los diputados.<\/p>\n<p>&nbsp;<\/p>\n<p>En esta declaratoria destacan: impulsar el acompa\u00f1amiento t\u00e9cnico para las Unidades a trav\u00e9s de la identificaci\u00f3n de quehaceres institucionales, como presupuesto, programas de igualdad, cultura institucional, acciones afirmativas, construcci\u00f3n de protocolos y procesos de certificaci\u00f3n de la norma 025.<\/p>\n<p>&nbsp;<\/p>\n<p>Elaborar una iniciativa modelo para dar sustento reglamentario a las Unidades; fortalecer habilidades t\u00e9cnicas a trav\u00e9s de procesos de capacitaci\u00f3n y mecanismos de interlocuci\u00f3n de las Unidades para consolidar nuevas pr\u00e1cticas; compartir instrumentos metodol\u00f3gicos para incorporar la perspectiva de g\u00e9nero en el trabajo legislativo y en los marcos program\u00e1ticos.<\/p>\n<p>&nbsp;<\/p>\n<p>Finalmente, se comprometieron a reunirse peri\u00f3dicamente para consolidar espacios que favorezcan la implementaci\u00f3n de mecanismos para la institucionalizaci\u00f3n de la perspectiva de g\u00e9nero y la cultura organizacional en materia de igualdad y no discriminaci\u00f3n.<\/p>\n<p>&nbsp;<\/p>\n<p>Durante la clausura del encuentro estuvo presente la Secretaria General del Congreso del Estado de Puebla, Fernanda Godos Balderas, as\u00ed como las ponentes del encuentro y titulares de Unidades de Igualdad de G\u00e9nero del pa\u00eds.<\/p>\n","protected":false},"excerpt":{"rendered":"<p>-Puebla fue sede del Encuentro Nacional de Unidades de Igualdad de G\u00e9nero de los Poderes Legislativos -Acudieron el presidente de la Junta de Gobierno y Coordinaci\u00f3n Pol\u00edtica de Quintana Roo y de Veracruz, Luis Humberto Aldana Navarro y Juan Javier G\u00f3mez Cazar\u00edn, respectivamente &nbsp; Al concluir el Encuentro Nacional de Unidades de Igualdad de G\u00e9nero&#8230;<\/p>\n","protected":false},"author":3,"featured_media":21164,"comment_status":"closed","ping_status":"closed","sticky":false,"template":"","format":"standard","meta":[],"categories":[3],"tags":[1480,1271,49],"yoast_head":"<!-- This site is optimized with the Yoast SEO plugin v20.8 - https:\/\/yoast.com\/wordpress\/plugins\/seo\/ -->\n<title>En Puebla, Unidades de Igualdad de G\u00e9nero pactan trabajar en conjunto y promover acciones afirmativas - The Puebla Times<\/title>\n<meta name=\"robots\" content=\"index, follow, max-snippet:-1, max-image-preview:large, max-video-preview:-1\" \/>\n<link rel=\"canonical\" href=\"https:\/\/thepueblatimes.mx\/index.php\/2024\/02\/12\/en-puebla-unidades-de-igualdad-de-genero-pactan-trabajar-en-conjunto-y-promover-acciones-afirmativas\/\" \/>\n<meta property=\"og:locale\" content=\"es_ES\" \/>\n<meta property=\"og:type\" content=\"article\" \/>\n<meta property=\"og:title\" content=\"En Puebla, Unidades de Igualdad de G\u00e9nero pactan trabajar en conjunto y promover acciones afirmativas - The Puebla Times\" \/>\n<meta property=\"og:description\" content=\"-Puebla fue sede del Encuentro Nacional de Unidades de Igualdad de G\u00e9nero de los Poderes Legislativos -Acudieron el presidente de la Junta de Gobierno y Coordinaci\u00f3n Pol\u00edtica de Quintana Roo y de Veracruz, Luis Humberto Aldana Navarro y Juan Javier G\u00f3mez Cazar\u00edn, respectivamente &nbsp; Al concluir el Encuentro Nacional de Unidades de Igualdad de G\u00e9nero...\" \/>\n<meta property=\"og:url\" content=\"https:\/\/thepueblatimes.mx\/index.php\/2024\/02\/12\/en-puebla-unidades-de-igualdad-de-genero-pactan-trabajar-en-conjunto-y-promover-acciones-afirmativas\/\" \/>\n<meta property=\"og:site_name\" content=\"The Puebla Times\" \/>\n<meta property=\"article:published_time\" content=\"2024-02-12T16:10:38+00:00\" \/>\n<meta property=\"article:modified_time\" content=\"2024-02-12T16:11:28+00:00\" \/>\n<meta property=\"og:image\" content=\"https:\/\/thepueblatimes.mx\/wp-content\/uploads\/2024\/02\/WhatsApp-Image-2024-02-11-at-11.20.27.jpeg\" \/>\n\t<meta property=\"og:image:width\" content=\"1600\" \/>\n\t<meta property=\"og:image:height\" content=\"1066\" \/>\n\t<meta property=\"og:image:type\" content=\"image\/jpeg\" \/>\n<meta name=\"author\" content=\"The Puebla Times\" \/>\n<meta name=\"twitter:card\" content=\"summary_large_image\" \/>\n<meta name=\"twitter:label1\" content=\"Escrito por\" \/>\n\t<meta name=\"twitter:data1\" content=\"The Puebla Times\" \/>\n\t<meta name=\"twitter:label2\" content=\"Tiempo de lectura\" \/>\n\t<meta name=\"twitter:data2\" content=\"3 minutos\" \/>\n<script type=\"application\/ld+json\" class=\"yoast-schema-graph\">{\"@context\":\"https:\/\/schema.org\",\"@graph\":[{\"@type\":\"WebPage\",\"@id\":\"https:\/\/thepueblatimes.mx\/index.php\/2024\/02\/12\/en-puebla-unidades-de-igualdad-de-genero-pactan-trabajar-en-conjunto-y-promover-acciones-afirmativas\/\",\"url\":\"https:\/\/thepueblatimes.mx\/index.php\/2024\/02\/12\/en-puebla-unidades-de-igualdad-de-genero-pactan-trabajar-en-conjunto-y-promover-acciones-afirmativas\/\",\"name\":\"En Puebla, Unidades de Igualdad de G\u00e9nero pactan trabajar en conjunto y promover acciones afirmativas - The Puebla Times\",\"isPartOf\":{\"@id\":\"https:\/\/thepueblatimes.mx\/#website\"},\"datePublished\":\"2024-02-12T16:10:38+00:00\",\"dateModified\":\"2024-02-12T16:11:28+00:00\",\"author\":{\"@id\":\"https:\/\/thepueblatimes.mx\/#\/schema\/person\/ad152a907a5f1fb40553a2551dbadb8e\"},\"breadcrumb\":{\"@id\":\"https:\/\/thepueblatimes.mx\/index.php\/2024\/02\/12\/en-puebla-unidades-de-igualdad-de-genero-pactan-trabajar-en-conjunto-y-promover-acciones-afirmativas\/#breadcrumb\"},\"inLanguage\":\"es\",\"potentialAction\":[{\"@type\":\"ReadAction\",\"target\":[\"https:\/\/thepueblatimes.mx\/index.php\/2024\/02\/12\/en-puebla-unidades-de-igualdad-de-genero-pactan-trabajar-en-conjunto-y-promover-acciones-afirmativas\/\"]}]},{\"@type\":\"BreadcrumbList\",\"@id\":\"https:\/\/thepueblatimes.mx\/index.php\/2024\/02\/12\/en-puebla-unidades-de-igualdad-de-genero-pactan-trabajar-en-conjunto-y-promover-acciones-afirmativas\/#breadcrumb\",\"itemListElement\":[{\"@type\":\"ListItem\",\"position\":1,\"name\":\"Portada\",\"item\":\"https:\/\/thepueblatimes.mx\/\"},{\"@type\":\"ListItem\",\"position\":2,\"name\":\"En Puebla, Unidades de Igualdad de G\u00e9nero pactan trabajar en conjunto y promover acciones afirmativas\"}]},{\"@type\":\"WebSite\",\"@id\":\"https:\/\/thepueblatimes.mx\/#website\",\"url\":\"https:\/\/thepueblatimes.mx\/\",\"name\":\"The Puebla Times\",\"description\":\"Noticias del Estado de Puebla\",\"potentialAction\":[{\"@type\":\"SearchAction\",\"target\":{\"@type\":\"EntryPoint\",\"urlTemplate\":\"https:\/\/thepueblatimes.mx\/?s={search_term_string}\"},\"query-input\":\"required name=search_term_string\"}],\"inLanguage\":\"es\"},{\"@type\":\"Person\",\"@id\":\"https:\/\/thepueblatimes.mx\/#\/schema\/person\/ad152a907a5f1fb40553a2551dbadb8e\",\"name\":\"The Puebla Times\",\"image\":{\"@type\":\"ImageObject\",\"inLanguage\":\"es\",\"@id\":\"https:\/\/thepueblatimes.mx\/#\/schema\/person\/image\/\",\"url\":\"https:\/\/secure.gravatar.com\/avatar\/82859cd6fbb1a3801d3e7ee27c92b8c9?s=96&d=mm&r=g\",\"contentUrl\":\"https:\/\/secure.gravatar.com\/avatar\/82859cd6fbb1a3801d3e7ee27c92b8c9?s=96&d=mm&r=g\",\"caption\":\"The Puebla Times\"},\"url\":\"https:\/\/thepueblatimes.mx\/index.php\/author\/ferhz\/\"}]}<\/script>\n<!-- \/ Yoast SEO plugin. -->","yoast_head_json":{"title":"En Puebla, Unidades de Igualdad de G\u00e9nero pactan trabajar en conjunto y promover acciones afirmativas - The Puebla Times","robots":{"index":"index","follow":"follow","max-snippet":"max-snippet:-1","max-image-preview":"max-image-preview:large","max-video-preview":"max-video-preview:-1"},"canonical":"https:\/\/thepueblatimes.mx\/index.php\/2024\/02\/12\/en-puebla-unidades-de-igualdad-de-genero-pactan-trabajar-en-conjunto-y-promover-acciones-afirmativas\/","og_locale":"es_ES","og_type":"article","og_title":"En Puebla, Unidades de Igualdad de G\u00e9nero pactan trabajar en conjunto y promover acciones afirmativas - The Puebla Times","og_description":"-Puebla fue sede del Encuentro Nacional de Unidades de Igualdad de G\u00e9nero de los Poderes Legislativos -Acudieron el presidente de la Junta de Gobierno y Coordinaci\u00f3n Pol\u00edtica de Quintana Roo y de Veracruz, Luis Humberto Aldana Navarro y Juan Javier G\u00f3mez Cazar\u00edn, respectivamente &nbsp; Al concluir el Encuentro Nacional de Unidades de Igualdad de G\u00e9nero...","og_url":"https:\/\/thepueblatimes.mx\/index.php\/2024\/02\/12\/en-puebla-unidades-de-igualdad-de-genero-pactan-trabajar-en-conjunto-y-promover-acciones-afirmativas\/","og_site_name":"The Puebla Times","article_published_time":"2024-02-12T16:10:38+00:00","article_modified_time":"2024-02-12T16:11:28+00:00","og_image":[{"width":1600,"height":1066,"url":"https:\/\/thepueblatimes.mx\/wp-content\/uploads\/2024\/02\/WhatsApp-Image-2024-02-11-at-11.20.27.jpeg","type":"image\/jpeg"}],"author":"The Puebla Times","twitter_card":"summary_large_image","twitter_misc":{"Escrito por":"The Puebla Times","Tiempo de lectura":"3 minutos"},"schema":{"@context":"https:\/\/schema.org","@graph":[{"@type":"WebPage","@id":"https:\/\/thepueblatimes.mx\/index.php\/2024\/02\/12\/en-puebla-unidades-de-igualdad-de-genero-pactan-trabajar-en-conjunto-y-promover-acciones-afirmativas\/","url":"https:\/\/thepueblatimes.mx\/index.php\/2024\/02\/12\/en-puebla-unidades-de-igualdad-de-genero-pactan-trabajar-en-conjunto-y-promover-acciones-afirmativas\/","name":"En Puebla, Unidades de Igualdad de G\u00e9nero pactan trabajar en conjunto y promover acciones afirmativas - The Puebla Times","isPartOf":{"@id":"https:\/\/thepueblatimes.mx\/#website"},"datePublished":"2024-02-12T16:10:38+00:00","dateModified":"2024-02-12T16:11:28+00:00","author":{"@id":"https:\/\/thepueblatimes.mx\/#\/schema\/person\/ad152a907a5f1fb40553a2551dbadb8e"},"breadcrumb":{"@id":"https:\/\/thepueblatimes.mx\/index.php\/2024\/02\/12\/en-puebla-unidades-de-igualdad-de-genero-pactan-trabajar-en-conjunto-y-promover-acciones-afirmativas\/#breadcrumb"},"inLanguage":"es","potentialAction":[{"@type":"ReadAction","target":["https:\/\/thepueblatimes.mx\/index.php\/2024\/02\/12\/en-puebla-unidades-de-igualdad-de-genero-pactan-trabajar-en-conjunto-y-promover-acciones-afirmativas\/"]}]},{"@type":"BreadcrumbList","@id":"https:\/\/thepueblatimes.mx\/index.php\/2024\/02\/12\/en-puebla-unidades-de-igualdad-de-genero-pactan-trabajar-en-conjunto-y-promover-acciones-afirmativas\/#breadcrumb","itemListElement":[{"@type":"ListItem","position":1,"name":"Portada","item":"https:\/\/thepueblatimes.mx\/"},{"@type":"ListItem","position":2,"name":"En Puebla, Unidades de Igualdad de G\u00e9nero pactan trabajar en conjunto y promover acciones afirmativas"}]},{"@type":"WebSite","@id":"https:\/\/thepueblatimes.mx\/#website","url":"https:\/\/thepueblatimes.mx\/","name":"The Puebla Times","description":"Noticias del Estado de Puebla","potentialAction":[{"@type":"SearchAction","target":{"@type":"EntryPoint","urlTemplate":"https:\/\/thepueblatimes.mx\/?s={search_term_string}"},"query-input":"required name=search_term_string"}],"inLanguage":"es"},{"@type":"Person","@id":"https:\/\/thepueblatimes.mx\/#\/schema\/person\/ad152a907a5f1fb40553a2551dbadb8e","name":"The Puebla Times","image":{"@type":"ImageObject","inLanguage":"es","@id":"https:\/\/thepueblatimes.mx\/#\/schema\/person\/image\/","url":"https:\/\/secure.gravatar.com\/avatar\/82859cd6fbb1a3801d3e7ee27c92b8c9?s=96&d=mm&r=g","contentUrl":"https:\/\/secure.gravatar.com\/avatar\/82859cd6fbb1a3801d3e7ee27c92b8c9?s=96&d=mm&r=g","caption":"The Puebla Times"},"url":"https:\/\/thepueblatimes.mx\/index.php\/author\/ferhz\/"}]}},"jetpack_featured_media_url":"https:\/\/thepueblatimes.mx\/wp-content\/uploads\/2024\/02\/WhatsApp-Image-2024-02-11-at-11.20.27.jpeg","_links":{"self":[{"href":"https:\/\/thepueblatimes.mx\/index.php\/wp-json\/wp\/v2\/posts\/21163"}],"collection":[{"href":"https:\/\/thepueblatimes.mx\/index.php\/wp-json\/wp\/v2\/posts"}],"about":[{"href":"https:\/\/thepueblatimes.mx\/index.php\/wp-json\/wp\/v2\/types\/post"}],"author":[{"embeddable":true,"href":"https:\/\/thepueblatimes.mx\/index.php\/wp-json\/wp\/v2\/users\/3"}],"replies":[{"embeddable":true,"href":"https:\/\/thepueblatimes.mx\/index.php\/wp-json\/wp\/v2\/comments?post=21163"}],"version-history":[{"count":1,"href":"https:\/\/thepueblatimes.mx\/index.php\/wp-json\/wp\/v2\/posts\/21163\/revisions"}],"predecessor-version":[{"id":21165,"href":"https:\/\/thepueblatimes.mx\/index.php\/wp-json\/wp\/v2\/posts\/21163\/revisions\/21165"}],"wp:featuredmedia":[{"embeddable":true,"href":"https:\/\/thepueblatimes.mx\/index.php\/wp-json\/wp\/v2\/media\/21164"}],"wp:attachment":[{"href":"https:\/\/thepueblatimes.mx\/index.php\/wp-json\/wp\/v2\/media?parent=21163"}],"wp:term":[{"taxonomy":"category","embeddable":true,"href":"https:\/\/thepueblatimes.mx\/index.php\/wp-json\/wp\/v2\/categories?post=21163"},{"taxonomy":"post_tag","embeddable":true,"href":"https:\/\/thepueblatimes.mx\/index.php\/wp-json\/wp\/v2\/tags?post=21163"}],"curies":[{"name":"wp","href":"https:\/\/api.w.org\/{rel}","templated":true}]}}