{"id":21134,"date":"2024-02-09T09:13:10","date_gmt":"2024-02-09T15:13:10","guid":{"rendered":"https:\/\/thepueblatimes.mx\/?p=21134"},"modified":"2024-02-09T09:15:58","modified_gmt":"2024-02-09T15:15:58","slug":"jorge-estefan-chidiac-a-casi-nada-de-conformar-la-segunda-fuerza-del-congreso-con-diputados-sin-partido","status":"publish","type":"post","link":"https:\/\/thepueblatimes.mx\/index.php\/2024\/02\/09\/jorge-estefan-chidiac-a-casi-nada-de-conformar-la-segunda-fuerza-del-congreso-con-diputados-sin-partido\/","title":{"rendered":"Jorge Estefan Chidiac a casi nada de conformar la segunda fuerza del Congreso, con diputados sin partido"},"content":{"rendered":"<p>Jorge Estefan es claro, tiene en la mira la posibilidad de conformar en el corto plazo un grupo de legisladores sin partido que se conviertan en la segunda fuerza pol\u00edtica al interior de Congreso del estado de Puebla.<\/p>\n<p>Advierte que recientemente se reunieron con la diputada Silvia Tan\u00fas, quien ser\u00eda la sexta integrante del grupo.<\/p>\n<p>Adem\u00e1s, dio la bienvenida a Eduardo Alc\u00e1ntara cuya inclusi\u00f3n permitir\u00e1 conforma un grupo plural ya que estar\u00eda integrado por representantes de al menos dos partidos, y con \u00e9l sumar\u00edan siete elementos.<\/p>\n<p>En tanto, adelant\u00f3 que est\u00e1 en pl\u00e1ticas con otros legisladores como Lupita Leal, con miras a convertirse en la segunda fuerza pol\u00edtica en el Congreso poblano.<\/p>\n<p>Evidentemente, todo indica que tiene amplias posibilidades de cumplir con ese objetivo, aunque hay que recordar que a\u00fan tiene ante s\u00ed la oferta por parte del gobernador Sergio Salom\u00f3n C\u00e9spedes Peregrina para que se integre al gabinete estatal.<\/p>\n<p>Jorge Estefan Chidiac, lo dijo claramente, no est\u00e1 en busca de trabajo. Pero todo indica que su futuro es promisorio.<\/p>\n","protected":false},"excerpt":{"rendered":"<p>Jorge Estefan es claro, tiene en la mira la posibilidad de conformar en el corto plazo un grupo de legisladores sin partido que se conviertan en la segunda fuerza pol\u00edtica al interior de Congreso del estado de Puebla. Advierte que recientemente se reunieron con la diputada Silvia Tan\u00fas, quien ser\u00eda la sexta integrante del grupo&#8230;.<\/p>\n","protected":false},"author":3,"featured_media":21135,"comment_status":"closed","ping_status":"closed","sticky":false,"template":"","format":"standard","meta":[],"categories":[10,8],"tags":[171,1480,1271,161,137],"yoast_head":"<!-- This site is optimized with the Yoast SEO plugin v20.8 - https:\/\/yoast.com\/wordpress\/plugins\/seo\/ -->\n<title>Jorge Estefan Chidiac a casi nada de conformar la segunda fuerza del Congreso, con diputados sin partido - The Puebla Times<\/title>\n<meta name=\"robots\" content=\"index, follow, max-snippet:-1, max-image-preview:large, max-video-preview:-1\" \/>\n<link rel=\"canonical\" href=\"https:\/\/thepueblatimes.mx\/index.php\/2024\/02\/09\/jorge-estefan-chidiac-a-casi-nada-de-conformar-la-segunda-fuerza-del-congreso-con-diputados-sin-partido\/\" \/>\n<meta property=\"og:locale\" content=\"es_ES\" \/>\n<meta property=\"og:type\" content=\"article\" \/>\n<meta property=\"og:title\" content=\"Jorge Estefan Chidiac a casi nada de conformar la segunda fuerza del Congreso, con diputados sin partido - The Puebla Times\" \/>\n<meta property=\"og:description\" content=\"Jorge Estefan es claro, tiene en la mira la posibilidad de conformar en el corto plazo un grupo de legisladores sin partido que se conviertan en la segunda fuerza pol\u00edtica al interior de Congreso del estado de Puebla. Advierte que recientemente se reunieron con la diputada Silvia Tan\u00fas, quien ser\u00eda la sexta integrante del grupo....\" \/>\n<meta property=\"og:url\" content=\"https:\/\/thepueblatimes.mx\/index.php\/2024\/02\/09\/jorge-estefan-chidiac-a-casi-nada-de-conformar-la-segunda-fuerza-del-congreso-con-diputados-sin-partido\/\" \/>\n<meta property=\"og:site_name\" content=\"The Puebla Times\" \/>\n<meta property=\"article:published_time\" content=\"2024-02-09T15:13:10+00:00\" \/>\n<meta property=\"article:modified_time\" content=\"2024-02-09T15:15:58+00:00\" \/>\n<meta property=\"og:image\" content=\"https:\/\/thepueblatimes.mx\/wp-content\/uploads\/2024\/02\/Estefan-Chidiac.jpg\" \/>\n\t<meta property=\"og:image:width\" content=\"600\" \/>\n\t<meta property=\"og:image:height\" content=\"400\" \/>\n\t<meta property=\"og:image:type\" content=\"image\/jpeg\" \/>\n<meta name=\"author\" content=\"The Puebla Times\" \/>\n<meta name=\"twitter:card\" content=\"summary_large_image\" \/>\n<meta name=\"twitter:label1\" content=\"Escrito por\" \/>\n\t<meta name=\"twitter:data1\" content=\"The Puebla Times\" \/>\n\t<meta name=\"twitter:label2\" content=\"Tiempo de lectura\" \/>\n\t<meta name=\"twitter:data2\" content=\"1 minuto\" \/>\n<script type=\"application\/ld+json\" class=\"yoast-schema-graph\">{\"@context\":\"https:\/\/schema.org\",\"@graph\":[{\"@type\":\"WebPage\",\"@id\":\"https:\/\/thepueblatimes.mx\/index.php\/2024\/02\/09\/jorge-estefan-chidiac-a-casi-nada-de-conformar-la-segunda-fuerza-del-congreso-con-diputados-sin-partido\/\",\"url\":\"https:\/\/thepueblatimes.mx\/index.php\/2024\/02\/09\/jorge-estefan-chidiac-a-casi-nada-de-conformar-la-segunda-fuerza-del-congreso-con-diputados-sin-partido\/\",\"name\":\"Jorge Estefan Chidiac a casi nada de conformar la segunda fuerza del Congreso, con diputados sin partido - The Puebla Times\",\"isPartOf\":{\"@id\":\"https:\/\/thepueblatimes.mx\/#website\"},\"datePublished\":\"2024-02-09T15:13:10+00:00\",\"dateModified\":\"2024-02-09T15:15:58+00:00\",\"author\":{\"@id\":\"https:\/\/thepueblatimes.mx\/#\/schema\/person\/ad152a907a5f1fb40553a2551dbadb8e\"},\"breadcrumb\":{\"@id\":\"https:\/\/thepueblatimes.mx\/index.php\/2024\/02\/09\/jorge-estefan-chidiac-a-casi-nada-de-conformar-la-segunda-fuerza-del-congreso-con-diputados-sin-partido\/#breadcrumb\"},\"inLanguage\":\"es\",\"potentialAction\":[{\"@type\":\"ReadAction\",\"target\":[\"https:\/\/thepueblatimes.mx\/index.php\/2024\/02\/09\/jorge-estefan-chidiac-a-casi-nada-de-conformar-la-segunda-fuerza-del-congreso-con-diputados-sin-partido\/\"]}]},{\"@type\":\"BreadcrumbList\",\"@id\":\"https:\/\/thepueblatimes.mx\/index.php\/2024\/02\/09\/jorge-estefan-chidiac-a-casi-nada-de-conformar-la-segunda-fuerza-del-congreso-con-diputados-sin-partido\/#breadcrumb\",\"itemListElement\":[{\"@type\":\"ListItem\",\"position\":1,\"name\":\"Portada\",\"item\":\"https:\/\/thepueblatimes.mx\/\"},{\"@type\":\"ListItem\",\"position\":2,\"name\":\"Jorge Estefan Chidiac a casi nada de conformar la segunda fuerza del Congreso, con diputados sin partido\"}]},{\"@type\":\"WebSite\",\"@id\":\"https:\/\/thepueblatimes.mx\/#website\",\"url\":\"https:\/\/thepueblatimes.mx\/\",\"name\":\"The Puebla Times\",\"description\":\"Noticias del Estado de Puebla\",\"potentialAction\":[{\"@type\":\"SearchAction\",\"target\":{\"@type\":\"EntryPoint\",\"urlTemplate\":\"https:\/\/thepueblatimes.mx\/?s={search_term_string}\"},\"query-input\":\"required name=search_term_string\"}],\"inLanguage\":\"es\"},{\"@type\":\"Person\",\"@id\":\"https:\/\/thepueblatimes.mx\/#\/schema\/person\/ad152a907a5f1fb40553a2551dbadb8e\",\"name\":\"The Puebla Times\",\"image\":{\"@type\":\"ImageObject\",\"inLanguage\":\"es\",\"@id\":\"https:\/\/thepueblatimes.mx\/#\/schema\/person\/image\/\",\"url\":\"https:\/\/secure.gravatar.com\/avatar\/82859cd6fbb1a3801d3e7ee27c92b8c9?s=96&d=mm&r=g\",\"contentUrl\":\"https:\/\/secure.gravatar.com\/avatar\/82859cd6fbb1a3801d3e7ee27c92b8c9?s=96&d=mm&r=g\",\"caption\":\"The Puebla Times\"},\"url\":\"https:\/\/thepueblatimes.mx\/index.php\/author\/ferhz\/\"}]}<\/script>\n<!-- \/ Yoast SEO plugin. -->","yoast_head_json":{"title":"Jorge Estefan Chidiac a casi nada de conformar la segunda fuerza del Congreso, con diputados sin partido - The Puebla Times","robots":{"index":"index","follow":"follow","max-snippet":"max-snippet:-1","max-image-preview":"max-image-preview:large","max-video-preview":"max-video-preview:-1"},"canonical":"https:\/\/thepueblatimes.mx\/index.php\/2024\/02\/09\/jorge-estefan-chidiac-a-casi-nada-de-conformar-la-segunda-fuerza-del-congreso-con-diputados-sin-partido\/","og_locale":"es_ES","og_type":"article","og_title":"Jorge Estefan Chidiac a casi nada de conformar la segunda fuerza del Congreso, con diputados sin partido - The Puebla Times","og_description":"Jorge Estefan es claro, tiene en la mira la posibilidad de conformar en el corto plazo un grupo de legisladores sin partido que se conviertan en la segunda fuerza pol\u00edtica al interior de Congreso del estado de Puebla. Advierte que recientemente se reunieron con la diputada Silvia Tan\u00fas, quien ser\u00eda la sexta integrante del grupo....","og_url":"https:\/\/thepueblatimes.mx\/index.php\/2024\/02\/09\/jorge-estefan-chidiac-a-casi-nada-de-conformar-la-segunda-fuerza-del-congreso-con-diputados-sin-partido\/","og_site_name":"The Puebla Times","article_published_time":"2024-02-09T15:13:10+00:00","article_modified_time":"2024-02-09T15:15:58+00:00","og_image":[{"width":600,"height":400,"url":"https:\/\/thepueblatimes.mx\/wp-content\/uploads\/2024\/02\/Estefan-Chidiac.jpg","type":"image\/jpeg"}],"author":"The Puebla Times","twitter_card":"summary_large_image","twitter_misc":{"Escrito por":"The Puebla Times","Tiempo de lectura":"1 minuto"},"schema":{"@context":"https:\/\/schema.org","@graph":[{"@type":"WebPage","@id":"https:\/\/thepueblatimes.mx\/index.php\/2024\/02\/09\/jorge-estefan-chidiac-a-casi-nada-de-conformar-la-segunda-fuerza-del-congreso-con-diputados-sin-partido\/","url":"https:\/\/thepueblatimes.mx\/index.php\/2024\/02\/09\/jorge-estefan-chidiac-a-casi-nada-de-conformar-la-segunda-fuerza-del-congreso-con-diputados-sin-partido\/","name":"Jorge Estefan Chidiac a casi nada de conformar la segunda fuerza del Congreso, con diputados sin partido - The Puebla Times","isPartOf":{"@id":"https:\/\/thepueblatimes.mx\/#website"},"datePublished":"2024-02-09T15:13:10+00:00","dateModified":"2024-02-09T15:15:58+00:00","author":{"@id":"https:\/\/thepueblatimes.mx\/#\/schema\/person\/ad152a907a5f1fb40553a2551dbadb8e"},"breadcrumb":{"@id":"https:\/\/thepueblatimes.mx\/index.php\/2024\/02\/09\/jorge-estefan-chidiac-a-casi-nada-de-conformar-la-segunda-fuerza-del-congreso-con-diputados-sin-partido\/#breadcrumb"},"inLanguage":"es","potentialAction":[{"@type":"ReadAction","target":["https:\/\/thepueblatimes.mx\/index.php\/2024\/02\/09\/jorge-estefan-chidiac-a-casi-nada-de-conformar-la-segunda-fuerza-del-congreso-con-diputados-sin-partido\/"]}]},{"@type":"BreadcrumbList","@id":"https:\/\/thepueblatimes.mx\/index.php\/2024\/02\/09\/jorge-estefan-chidiac-a-casi-nada-de-conformar-la-segunda-fuerza-del-congreso-con-diputados-sin-partido\/#breadcrumb","itemListElement":[{"@type":"ListItem","position":1,"name":"Portada","item":"https:\/\/thepueblatimes.mx\/"},{"@type":"ListItem","position":2,"name":"Jorge Estefan Chidiac a casi nada de conformar la segunda fuerza del Congreso, con diputados sin partido"}]},{"@type":"WebSite","@id":"https:\/\/thepueblatimes.mx\/#website","url":"https:\/\/thepueblatimes.mx\/","name":"The Puebla Times","description":"Noticias del Estado de Puebla","potentialAction":[{"@type":"SearchAction","target":{"@type":"EntryPoint","urlTemplate":"https:\/\/thepueblatimes.mx\/?s={search_term_string}"},"query-input":"required name=search_term_string"}],"inLanguage":"es"},{"@type":"Person","@id":"https:\/\/thepueblatimes.mx\/#\/schema\/person\/ad152a907a5f1fb40553a2551dbadb8e","name":"The Puebla Times","image":{"@type":"ImageObject","inLanguage":"es","@id":"https:\/\/thepueblatimes.mx\/#\/schema\/person\/image\/","url":"https:\/\/secure.gravatar.com\/avatar\/82859cd6fbb1a3801d3e7ee27c92b8c9?s=96&d=mm&r=g","contentUrl":"https:\/\/secure.gravatar.com\/avatar\/82859cd6fbb1a3801d3e7ee27c92b8c9?s=96&d=mm&r=g","caption":"The Puebla Times"},"url":"https:\/\/thepueblatimes.mx\/index.php\/author\/ferhz\/"}]}},"jetpack_featured_media_url":"https:\/\/thepueblatimes.mx\/wp-content\/uploads\/2024\/02\/Estefan-Chidiac.jpg","_links":{"self":[{"href":"https:\/\/thepueblatimes.mx\/index.php\/wp-json\/wp\/v2\/posts\/21134"}],"collection":[{"href":"https:\/\/thepueblatimes.mx\/index.php\/wp-json\/wp\/v2\/posts"}],"about":[{"href":"https:\/\/thepueblatimes.mx\/index.php\/wp-json\/wp\/v2\/types\/post"}],"author":[{"embeddable":true,"href":"https:\/\/thepueblatimes.mx\/index.php\/wp-json\/wp\/v2\/users\/3"}],"replies":[{"embeddable":true,"href":"https:\/\/thepueblatimes.mx\/index.php\/wp-json\/wp\/v2\/comments?post=21134"}],"version-history":[{"count":2,"href":"https:\/\/thepueblatimes.mx\/index.php\/wp-json\/wp\/v2\/posts\/21134\/revisions"}],"predecessor-version":[{"id":21137,"href":"https:\/\/thepueblatimes.mx\/index.php\/wp-json\/wp\/v2\/posts\/21134\/revisions\/21137"}],"wp:featuredmedia":[{"embeddable":true,"href":"https:\/\/thepueblatimes.mx\/index.php\/wp-json\/wp\/v2\/media\/21135"}],"wp:attachment":[{"href":"https:\/\/thepueblatimes.mx\/index.php\/wp-json\/wp\/v2\/media?parent=21134"}],"wp:term":[{"taxonomy":"category","embeddable":true,"href":"https:\/\/thepueblatimes.mx\/index.php\/wp-json\/wp\/v2\/categories?post=21134"},{"taxonomy":"post_tag","embeddable":true,"href":"https:\/\/thepueblatimes.mx\/index.php\/wp-json\/wp\/v2\/tags?post=21134"}],"curies":[{"name":"wp","href":"https:\/\/api.w.org\/{rel}","templated":true}]}}