{"id":20986,"date":"2024-01-31T18:46:39","date_gmt":"2024-02-01T00:46:39","guid":{"rendered":"https:\/\/thepueblatimes.mx\/?p=20986"},"modified":"2024-01-31T18:46:39","modified_gmt":"2024-02-01T00:46:39","slug":"ante-comision-del-congreso-del-estado-comparece-el-titular-de-la-secretaria-de-la-funcion-publica","status":"publish","type":"post","link":"https:\/\/thepueblatimes.mx\/index.php\/2024\/01\/31\/ante-comision-del-congreso-del-estado-comparece-el-titular-de-la-secretaria-de-la-funcion-publica\/","title":{"rendered":"Ante Comisi\u00f3n del Congreso del Estado comparece el titular de la Secretar\u00eda de la Funci\u00f3n P\u00fablica"},"content":{"rendered":"<h3><strong><em>\u2013 Destaca Juan Carlos Moreno Valle Abdala programas y estrategias para vigilar y hacer m\u00e1s transparente el funcionamiento y el uso correcto de los recursos p\u00fablicos<\/em><\/strong><\/h3>\n<h3><strong><em>\u2013 Diputados y diputadas cuestionan al servidor p\u00fablico sobre procesos de entrega-recepci\u00f3n, cumplimiento de obligaciones de transparencia, as\u00ed como los mecanismos para evitar actos de corrupci\u00f3n<\/em><\/strong><\/h3>\n<p>&nbsp;<\/p>\n<p>Ante la Comisi\u00f3n de Control, Vigilancia y Evaluaci\u00f3n de la Auditor\u00eda Superior del Estado de la LXI Legislatura, y como parte de la glosa del Informe de Gobierno, el titular de la Secretar\u00eda de la Funci\u00f3n P\u00fablica, Juan Carlos Moreno Valle Abdala compareci\u00f3 ante las y los integrantes del \u00f3rgano colegiado, para informar sobre el estado que guarda la dependencia.<\/p>\n<p>&nbsp;<\/p>\n<p>Durante la comparecencia, las y los diputados cuestionaron al secretario sobre las acciones de la dependencia para que se cumplan adecuadamente los procesos de entrega-recepci\u00f3n, el cumplimiento de las obligaciones de transparencia en las dependencias, los mecanismos para prevenir y evitar actos de corrupci\u00f3n, as\u00ed como las medidas para evitar que los servidores p\u00fablicos se involucren en delitos electorales.<\/p>\n<p>&nbsp;<\/p>\n<p>Al rendir su informe, el titular de la Secretar\u00eda de la Funci\u00f3n P\u00fablica Juan Carlos Moreno Valle inform\u00f3 sobre el fortalecimiento de la transparencia y el respeto al Estado de Derecho, as\u00ed como la integridad en el servicio p\u00fablico para coadyuvar en el combate a la corrupci\u00f3n, la vigilancia y control de los ingresos, gastos y obligaciones de la administraci\u00f3n, a trav\u00e9s de distintos programas y estrategias para vigilar y hacer m\u00e1s transparente el funcionamiento y el uso correcto de los recursos p\u00fablicos.<\/p>\n<p>&nbsp;<\/p>\n<p>En este sentido, mencion\u00f3 que, con la finalidad de garantizar el uso eficiente, oportuno y transparente de los recursos p\u00fablicos, l dependencia a su cargo estableci\u00f3 acciones de coordinaci\u00f3n interinstitucionales con la Secretar\u00eda de la Funci\u00f3n P\u00fablica federal, a trav\u00e9s de la firma de un acuerdo en materia de control interno fiscalizaci\u00f3n, prevenci\u00f3n y detecci\u00f3n de hechos de corrupci\u00f3n y mejora de la gesti\u00f3n gubernamental.<\/p>\n<p>&nbsp;<\/p>\n<p>De igual manera, destac\u00f3 los programas de evaluaci\u00f3n de los tr\u00e1mites y servicios con la finalidad de mejorar las acciones para las y los poblanos; tambi\u00e9n mencion\u00f3 la puesta en marcha del Sistema de Registro de Proveedores del Estado de Puebla, enmarcado en el Convenio \u00abHacia el Redise\u00f1o de los Servicio P\u00fablico\u00bb. Durante su comparecencia tambi\u00e9n subray\u00f3 el fortalecimiento del Programa de Supervisi\u00f3n de Obra P\u00fablica, a fin de garantizar su calidad y terminaci\u00f3n oportuna.<\/p>\n<p>&nbsp;<\/p>\n<p>Durante la sesi\u00f3n de preguntas y respuestas, en representaci\u00f3n del Grupo Legislativo del Partido del Trabajo, la diputada M\u00f3nica Silva Ruiz pregunt\u00f3 al secretario si la dependencia implement\u00f3 alg\u00fan mecanismo para evitar que las personas servidoras p\u00fablicas se involucren en delitos electorales, si hubo denuncias y qu\u00e9 sanciones se aplicaron, adem\u00e1s, qu\u00e9 acciones se est\u00e1n considerando para impedir estos actos.<\/p>\n<p>&nbsp;<\/p>\n<p>Asimismo, a nombre del Grupo Legislativo del Partido Acci\u00f3n Nacional, el diputado Oswaldo Jim\u00e9nez L\u00f3pez cuestion\u00f3 al titular de la Secretar\u00eda de la Funci\u00f3n P\u00fablica, sobre las acciones de la dependencia para la ejecuci\u00f3n de los procesos de entrega-recepci\u00f3n del Ejecutivo estatal y entidades de la administraci\u00f3n para evitar que este a\u00f1o se presenten porcentajes de incumplimiento, y tambi\u00e9n pregunt\u00f3 sobre las acciones para prevenir y detectar actos de corrupci\u00f3n.<\/p>\n<p>Asimismo, en representaci\u00f3n del Grupo Legislativo del Partido Acci\u00f3n Nacional, la diputada Patricia Valencia \u00c1vila pregunt\u00f3 al secretario cu\u00e1les han sido las principales observaciones detectadas en las auditor\u00edas y qu\u00e9 acciones se han implementado para mejorar, asimismo en qu\u00e9 abona la participaci\u00f3n de auditores externos.<\/p>\n<p>Finalmente, en representaci\u00f3n del Grupo Legislativo del Partido Movimiento Regeneraci\u00f3n Nacional, la diputada Karla Mart\u00ednez Gallegos pregunt\u00f3 al secretario de la Funci\u00f3n P\u00fablica de qu\u00e9 manera se verifica el cumplimiento de las obligaciones de transparencia por parte de la dependencia y de qu\u00e9 forma se fortaleci\u00f3 la vinculaci\u00f3n institucional del Gobierno del Estado con todos los municipios.<\/p>\n<p>&nbsp;<\/p>\n<p>Asimismo, la diputada Ruth Z\u00e1rate Dom\u00ednguez cuestion\u00f3 al servidor p\u00fablico sobre las acciones de la dependencia para evitar la presencia de \u00abfactureras\u00bb en la entidad, as\u00ed como las medidas realizadas para dar seguimiento a la compra del terreno de la nueva sede del Congreso del Estado.<\/p>\n","protected":false},"excerpt":{"rendered":"<p>\u2013 Destaca Juan Carlos Moreno Valle Abdala programas y estrategias para vigilar y hacer m\u00e1s transparente el funcionamiento y el uso correcto de los recursos p\u00fablicos \u2013 Diputados y diputadas cuestionan al servidor p\u00fablico sobre procesos de entrega-recepci\u00f3n, cumplimiento de obligaciones de transparencia, as\u00ed como los mecanismos para evitar actos de corrupci\u00f3n &nbsp; Ante la&#8230;<\/p>\n","protected":false},"author":3,"featured_media":20987,"comment_status":"closed","ping_status":"closed","sticky":false,"template":"","format":"standard","meta":[],"categories":[3],"tags":[1480,1401,1271],"yoast_head":"<!-- This site is optimized with the Yoast SEO plugin v20.8 - https:\/\/yoast.com\/wordpress\/plugins\/seo\/ -->\n<title>Ante Comisi\u00f3n del Congreso del Estado comparece el titular de la Secretar\u00eda de la Funci\u00f3n P\u00fablica - The Puebla Times<\/title>\n<meta name=\"robots\" content=\"index, follow, max-snippet:-1, max-image-preview:large, max-video-preview:-1\" \/>\n<link rel=\"canonical\" href=\"https:\/\/thepueblatimes.mx\/index.php\/2024\/01\/31\/ante-comision-del-congreso-del-estado-comparece-el-titular-de-la-secretaria-de-la-funcion-publica\/\" \/>\n<meta property=\"og:locale\" content=\"es_ES\" \/>\n<meta property=\"og:type\" content=\"article\" \/>\n<meta property=\"og:title\" content=\"Ante Comisi\u00f3n del Congreso del Estado comparece el titular de la Secretar\u00eda de la Funci\u00f3n P\u00fablica - The Puebla Times\" \/>\n<meta property=\"og:description\" content=\"\u2013 Destaca Juan Carlos Moreno Valle Abdala programas y estrategias para vigilar y hacer m\u00e1s transparente el funcionamiento y el uso correcto de los recursos p\u00fablicos \u2013 Diputados y diputadas cuestionan al servidor p\u00fablico sobre procesos de entrega-recepci\u00f3n, cumplimiento de obligaciones de transparencia, as\u00ed como los mecanismos para evitar actos de corrupci\u00f3n &nbsp; Ante la...\" \/>\n<meta property=\"og:url\" content=\"https:\/\/thepueblatimes.mx\/index.php\/2024\/01\/31\/ante-comision-del-congreso-del-estado-comparece-el-titular-de-la-secretaria-de-la-funcion-publica\/\" \/>\n<meta property=\"og:site_name\" content=\"The Puebla Times\" \/>\n<meta property=\"article:published_time\" content=\"2024-02-01T00:46:39+00:00\" \/>\n<meta property=\"og:image\" content=\"https:\/\/thepueblatimes.mx\/wp-content\/uploads\/2024\/01\/WhatsApp-Image-2024-01-31-at-18.04.06.jpeg\" \/>\n\t<meta property=\"og:image:width\" content=\"1600\" \/>\n\t<meta property=\"og:image:height\" content=\"1066\" \/>\n\t<meta property=\"og:image:type\" content=\"image\/jpeg\" \/>\n<meta name=\"author\" content=\"The Puebla Times\" \/>\n<meta name=\"twitter:card\" content=\"summary_large_image\" \/>\n<meta name=\"twitter:label1\" content=\"Escrito por\" \/>\n\t<meta name=\"twitter:data1\" content=\"The Puebla Times\" \/>\n\t<meta name=\"twitter:label2\" content=\"Tiempo de lectura\" \/>\n\t<meta name=\"twitter:data2\" content=\"4 minutos\" \/>\n<script type=\"application\/ld+json\" class=\"yoast-schema-graph\">{\"@context\":\"https:\/\/schema.org\",\"@graph\":[{\"@type\":\"WebPage\",\"@id\":\"https:\/\/thepueblatimes.mx\/index.php\/2024\/01\/31\/ante-comision-del-congreso-del-estado-comparece-el-titular-de-la-secretaria-de-la-funcion-publica\/\",\"url\":\"https:\/\/thepueblatimes.mx\/index.php\/2024\/01\/31\/ante-comision-del-congreso-del-estado-comparece-el-titular-de-la-secretaria-de-la-funcion-publica\/\",\"name\":\"Ante Comisi\u00f3n del Congreso del Estado comparece el titular de la Secretar\u00eda de la Funci\u00f3n P\u00fablica - The Puebla Times\",\"isPartOf\":{\"@id\":\"https:\/\/thepueblatimes.mx\/#website\"},\"datePublished\":\"2024-02-01T00:46:39+00:00\",\"dateModified\":\"2024-02-01T00:46:39+00:00\",\"author\":{\"@id\":\"https:\/\/thepueblatimes.mx\/#\/schema\/person\/ad152a907a5f1fb40553a2551dbadb8e\"},\"breadcrumb\":{\"@id\":\"https:\/\/thepueblatimes.mx\/index.php\/2024\/01\/31\/ante-comision-del-congreso-del-estado-comparece-el-titular-de-la-secretaria-de-la-funcion-publica\/#breadcrumb\"},\"inLanguage\":\"es\",\"potentialAction\":[{\"@type\":\"ReadAction\",\"target\":[\"https:\/\/thepueblatimes.mx\/index.php\/2024\/01\/31\/ante-comision-del-congreso-del-estado-comparece-el-titular-de-la-secretaria-de-la-funcion-publica\/\"]}]},{\"@type\":\"BreadcrumbList\",\"@id\":\"https:\/\/thepueblatimes.mx\/index.php\/2024\/01\/31\/ante-comision-del-congreso-del-estado-comparece-el-titular-de-la-secretaria-de-la-funcion-publica\/#breadcrumb\",\"itemListElement\":[{\"@type\":\"ListItem\",\"position\":1,\"name\":\"Portada\",\"item\":\"https:\/\/thepueblatimes.mx\/\"},{\"@type\":\"ListItem\",\"position\":2,\"name\":\"Ante Comisi\u00f3n del Congreso del Estado comparece el titular de la Secretar\u00eda de la Funci\u00f3n P\u00fablica\"}]},{\"@type\":\"WebSite\",\"@id\":\"https:\/\/thepueblatimes.mx\/#website\",\"url\":\"https:\/\/thepueblatimes.mx\/\",\"name\":\"The Puebla Times\",\"description\":\"Noticias del Estado de Puebla\",\"potentialAction\":[{\"@type\":\"SearchAction\",\"target\":{\"@type\":\"EntryPoint\",\"urlTemplate\":\"https:\/\/thepueblatimes.mx\/?s={search_term_string}\"},\"query-input\":\"required name=search_term_string\"}],\"inLanguage\":\"es\"},{\"@type\":\"Person\",\"@id\":\"https:\/\/thepueblatimes.mx\/#\/schema\/person\/ad152a907a5f1fb40553a2551dbadb8e\",\"name\":\"The Puebla Times\",\"image\":{\"@type\":\"ImageObject\",\"inLanguage\":\"es\",\"@id\":\"https:\/\/thepueblatimes.mx\/#\/schema\/person\/image\/\",\"url\":\"https:\/\/secure.gravatar.com\/avatar\/82859cd6fbb1a3801d3e7ee27c92b8c9?s=96&d=mm&r=g\",\"contentUrl\":\"https:\/\/secure.gravatar.com\/avatar\/82859cd6fbb1a3801d3e7ee27c92b8c9?s=96&d=mm&r=g\",\"caption\":\"The Puebla Times\"},\"url\":\"https:\/\/thepueblatimes.mx\/index.php\/author\/ferhz\/\"}]}<\/script>\n<!-- \/ Yoast SEO plugin. -->","yoast_head_json":{"title":"Ante Comisi\u00f3n del Congreso del Estado comparece el titular de la Secretar\u00eda de la Funci\u00f3n P\u00fablica - The Puebla Times","robots":{"index":"index","follow":"follow","max-snippet":"max-snippet:-1","max-image-preview":"max-image-preview:large","max-video-preview":"max-video-preview:-1"},"canonical":"https:\/\/thepueblatimes.mx\/index.php\/2024\/01\/31\/ante-comision-del-congreso-del-estado-comparece-el-titular-de-la-secretaria-de-la-funcion-publica\/","og_locale":"es_ES","og_type":"article","og_title":"Ante Comisi\u00f3n del Congreso del Estado comparece el titular de la Secretar\u00eda de la Funci\u00f3n P\u00fablica - The Puebla Times","og_description":"\u2013 Destaca Juan Carlos Moreno Valle Abdala programas y estrategias para vigilar y hacer m\u00e1s transparente el funcionamiento y el uso correcto de los recursos p\u00fablicos \u2013 Diputados y diputadas cuestionan al servidor p\u00fablico sobre procesos de entrega-recepci\u00f3n, cumplimiento de obligaciones de transparencia, as\u00ed como los mecanismos para evitar actos de corrupci\u00f3n &nbsp; Ante la...","og_url":"https:\/\/thepueblatimes.mx\/index.php\/2024\/01\/31\/ante-comision-del-congreso-del-estado-comparece-el-titular-de-la-secretaria-de-la-funcion-publica\/","og_site_name":"The Puebla Times","article_published_time":"2024-02-01T00:46:39+00:00","og_image":[{"width":1600,"height":1066,"url":"https:\/\/thepueblatimes.mx\/wp-content\/uploads\/2024\/01\/WhatsApp-Image-2024-01-31-at-18.04.06.jpeg","type":"image\/jpeg"}],"author":"The Puebla Times","twitter_card":"summary_large_image","twitter_misc":{"Escrito por":"The Puebla Times","Tiempo de lectura":"4 minutos"},"schema":{"@context":"https:\/\/schema.org","@graph":[{"@type":"WebPage","@id":"https:\/\/thepueblatimes.mx\/index.php\/2024\/01\/31\/ante-comision-del-congreso-del-estado-comparece-el-titular-de-la-secretaria-de-la-funcion-publica\/","url":"https:\/\/thepueblatimes.mx\/index.php\/2024\/01\/31\/ante-comision-del-congreso-del-estado-comparece-el-titular-de-la-secretaria-de-la-funcion-publica\/","name":"Ante Comisi\u00f3n del Congreso del Estado comparece el titular de la Secretar\u00eda de la Funci\u00f3n P\u00fablica - The Puebla Times","isPartOf":{"@id":"https:\/\/thepueblatimes.mx\/#website"},"datePublished":"2024-02-01T00:46:39+00:00","dateModified":"2024-02-01T00:46:39+00:00","author":{"@id":"https:\/\/thepueblatimes.mx\/#\/schema\/person\/ad152a907a5f1fb40553a2551dbadb8e"},"breadcrumb":{"@id":"https:\/\/thepueblatimes.mx\/index.php\/2024\/01\/31\/ante-comision-del-congreso-del-estado-comparece-el-titular-de-la-secretaria-de-la-funcion-publica\/#breadcrumb"},"inLanguage":"es","potentialAction":[{"@type":"ReadAction","target":["https:\/\/thepueblatimes.mx\/index.php\/2024\/01\/31\/ante-comision-del-congreso-del-estado-comparece-el-titular-de-la-secretaria-de-la-funcion-publica\/"]}]},{"@type":"BreadcrumbList","@id":"https:\/\/thepueblatimes.mx\/index.php\/2024\/01\/31\/ante-comision-del-congreso-del-estado-comparece-el-titular-de-la-secretaria-de-la-funcion-publica\/#breadcrumb","itemListElement":[{"@type":"ListItem","position":1,"name":"Portada","item":"https:\/\/thepueblatimes.mx\/"},{"@type":"ListItem","position":2,"name":"Ante Comisi\u00f3n del Congreso del Estado comparece el titular de la Secretar\u00eda de la Funci\u00f3n P\u00fablica"}]},{"@type":"WebSite","@id":"https:\/\/thepueblatimes.mx\/#website","url":"https:\/\/thepueblatimes.mx\/","name":"The Puebla Times","description":"Noticias del Estado de Puebla","potentialAction":[{"@type":"SearchAction","target":{"@type":"EntryPoint","urlTemplate":"https:\/\/thepueblatimes.mx\/?s={search_term_string}"},"query-input":"required name=search_term_string"}],"inLanguage":"es"},{"@type":"Person","@id":"https:\/\/thepueblatimes.mx\/#\/schema\/person\/ad152a907a5f1fb40553a2551dbadb8e","name":"The Puebla Times","image":{"@type":"ImageObject","inLanguage":"es","@id":"https:\/\/thepueblatimes.mx\/#\/schema\/person\/image\/","url":"https:\/\/secure.gravatar.com\/avatar\/82859cd6fbb1a3801d3e7ee27c92b8c9?s=96&d=mm&r=g","contentUrl":"https:\/\/secure.gravatar.com\/avatar\/82859cd6fbb1a3801d3e7ee27c92b8c9?s=96&d=mm&r=g","caption":"The Puebla Times"},"url":"https:\/\/thepueblatimes.mx\/index.php\/author\/ferhz\/"}]}},"jetpack_featured_media_url":"https:\/\/thepueblatimes.mx\/wp-content\/uploads\/2024\/01\/WhatsApp-Image-2024-01-31-at-18.04.06.jpeg","_links":{"self":[{"href":"https:\/\/thepueblatimes.mx\/index.php\/wp-json\/wp\/v2\/posts\/20986"}],"collection":[{"href":"https:\/\/thepueblatimes.mx\/index.php\/wp-json\/wp\/v2\/posts"}],"about":[{"href":"https:\/\/thepueblatimes.mx\/index.php\/wp-json\/wp\/v2\/types\/post"}],"author":[{"embeddable":true,"href":"https:\/\/thepueblatimes.mx\/index.php\/wp-json\/wp\/v2\/users\/3"}],"replies":[{"embeddable":true,"href":"https:\/\/thepueblatimes.mx\/index.php\/wp-json\/wp\/v2\/comments?post=20986"}],"version-history":[{"count":1,"href":"https:\/\/thepueblatimes.mx\/index.php\/wp-json\/wp\/v2\/posts\/20986\/revisions"}],"predecessor-version":[{"id":20988,"href":"https:\/\/thepueblatimes.mx\/index.php\/wp-json\/wp\/v2\/posts\/20986\/revisions\/20988"}],"wp:featuredmedia":[{"embeddable":true,"href":"https:\/\/thepueblatimes.mx\/index.php\/wp-json\/wp\/v2\/media\/20987"}],"wp:attachment":[{"href":"https:\/\/thepueblatimes.mx\/index.php\/wp-json\/wp\/v2\/media?parent=20986"}],"wp:term":[{"taxonomy":"category","embeddable":true,"href":"https:\/\/thepueblatimes.mx\/index.php\/wp-json\/wp\/v2\/categories?post=20986"},{"taxonomy":"post_tag","embeddable":true,"href":"https:\/\/thepueblatimes.mx\/index.php\/wp-json\/wp\/v2\/tags?post=20986"}],"curies":[{"name":"wp","href":"https:\/\/api.w.org\/{rel}","templated":true}]}}