{"id":20828,"date":"2024-01-19T19:05:22","date_gmt":"2024-01-20T01:05:22","guid":{"rendered":"https:\/\/thepueblatimes.mx\/?p=20828"},"modified":"2024-01-19T19:05:22","modified_gmt":"2024-01-20T01:05:22","slug":"avala-comision-del-congreso-reforma-para-propiciar-el-uso-responsable-de-la-tecnologia","status":"publish","type":"post","link":"https:\/\/thepueblatimes.mx\/index.php\/2024\/01\/19\/avala-comision-del-congreso-reforma-para-propiciar-el-uso-responsable-de-la-tecnologia\/","title":{"rendered":"Avala Comisi\u00f3n del Congreso reforma para propiciar el uso responsable de la tecnolog\u00eda"},"content":{"rendered":"<h3><em>-Diputadas y diputados aprobaron el proyecto de dictamen por virtud del cual se reforman diversas disposiciones de la Ley de Educaci\u00f3n del Estado de Puebla<\/em><\/h3>\n<p>&nbsp;<\/p>\n<p>Con el objetivo de propiciar el uso responsable de la tecnolog\u00eda desde la educaci\u00f3n primaria, secundaria y media superior, la Comisi\u00f3n de Educaci\u00f3n del Congreso del Estado aprob\u00f3 reformas a la Ley en la materia.<\/p>\n<p>&nbsp;<\/p>\n<p>La Comisi\u00f3n presidida por la diputada Xel Arianna Hern\u00e1ndez Garc\u00eda aprob\u00f3 el proyecto de dictamen por virtud del cual se reforman diversas disposiciones de la Ley de Educaci\u00f3n del Estado de Puebla, en el que se resalta la importancia de la inform\u00e1tica para la ense\u00f1anza, as\u00ed como la necesidad de hacer un manejo responsable de las tecnolog\u00edas sobre todo en los educandos.<\/p>\n<p>&nbsp;<\/p>\n<p>Con las reformas se adiciona otra caracter\u00edstica de la educaci\u00f3n primaria, secundaria y media superior, que es propiciar el ejercicio cr\u00edtico y reflexivo sobre los objetos de conocimientos mediante el trabajo intelectual, l\u00f3gico y sistem\u00e1tico, de tal modo que el educando se haga agente activo de su proceso de aprendizaje; as\u00ed como la comprensi\u00f3n, aplicaci\u00f3n y uso responsable de la tecnolog\u00eda.<\/p>\n<p>&nbsp;<\/p>\n<p>Al respecto, la diputada Xel Arianna Hern\u00e1ndez Garc\u00eda destac\u00f3 la importancia de continuar legislando en este rubro, pues el internet es un espacio p\u00fablico y una herramienta para promover la educaci\u00f3n, investigaci\u00f3n y mejora continua.<\/p>\n<p>&nbsp;<\/p>\n<p>En la sesi\u00f3n del \u00f3rgano colegiado estuvieron presentes las diputadas Xel Arianna Hern\u00e1ndez Garc\u00eda, Patricia Valencia \u00c1vila y Laura Zapata Mart\u00ednez, as\u00ed como el diputado Carlos Navarro Corro.<\/p>\n","protected":false},"excerpt":{"rendered":"<p>-Diputadas y diputados aprobaron el proyecto de dictamen por virtud del cual se reforman diversas disposiciones de la Ley de Educaci\u00f3n del Estado de Puebla &nbsp; Con el objetivo de propiciar el uso responsable de la tecnolog\u00eda desde la educaci\u00f3n primaria, secundaria y media superior, la Comisi\u00f3n de Educaci\u00f3n del Congreso del Estado aprob\u00f3 reformas&#8230;<\/p>\n","protected":false},"author":3,"featured_media":20829,"comment_status":"closed","ping_status":"closed","sticky":false,"template":"","format":"standard","meta":[],"categories":[3],"tags":[1480,1401,1271],"yoast_head":"<!-- This site is optimized with the Yoast SEO plugin v20.8 - https:\/\/yoast.com\/wordpress\/plugins\/seo\/ -->\n<title>Avala Comisi\u00f3n del Congreso reforma para propiciar el uso responsable de la tecnolog\u00eda - The Puebla Times<\/title>\n<meta name=\"robots\" content=\"index, follow, max-snippet:-1, max-image-preview:large, max-video-preview:-1\" \/>\n<link rel=\"canonical\" href=\"https:\/\/thepueblatimes.mx\/index.php\/2024\/01\/19\/avala-comision-del-congreso-reforma-para-propiciar-el-uso-responsable-de-la-tecnologia\/\" \/>\n<meta property=\"og:locale\" content=\"es_ES\" \/>\n<meta property=\"og:type\" content=\"article\" \/>\n<meta property=\"og:title\" content=\"Avala Comisi\u00f3n del Congreso reforma para propiciar el uso responsable de la tecnolog\u00eda - The Puebla Times\" \/>\n<meta property=\"og:description\" content=\"-Diputadas y diputados aprobaron el proyecto de dictamen por virtud del cual se reforman diversas disposiciones de la Ley de Educaci\u00f3n del Estado de Puebla &nbsp; Con el objetivo de propiciar el uso responsable de la tecnolog\u00eda desde la educaci\u00f3n primaria, secundaria y media superior, la Comisi\u00f3n de Educaci\u00f3n del Congreso del Estado aprob\u00f3 reformas...\" \/>\n<meta property=\"og:url\" content=\"https:\/\/thepueblatimes.mx\/index.php\/2024\/01\/19\/avala-comision-del-congreso-reforma-para-propiciar-el-uso-responsable-de-la-tecnologia\/\" \/>\n<meta property=\"og:site_name\" content=\"The Puebla Times\" \/>\n<meta property=\"article:published_time\" content=\"2024-01-20T01:05:22+00:00\" \/>\n<meta property=\"og:image\" content=\"https:\/\/thepueblatimes.mx\/wp-content\/uploads\/2024\/01\/WhatsApp-Image-2024-01-19-at-18.55.00.jpeg\" \/>\n\t<meta property=\"og:image:width\" content=\"1600\" \/>\n\t<meta property=\"og:image:height\" content=\"1066\" \/>\n\t<meta property=\"og:image:type\" content=\"image\/jpeg\" \/>\n<meta name=\"author\" content=\"The Puebla Times\" \/>\n<meta name=\"twitter:card\" content=\"summary_large_image\" \/>\n<meta name=\"twitter:label1\" content=\"Escrito por\" \/>\n\t<meta name=\"twitter:data1\" content=\"The Puebla Times\" \/>\n\t<meta name=\"twitter:label2\" content=\"Tiempo de lectura\" \/>\n\t<meta name=\"twitter:data2\" content=\"2 minutos\" \/>\n<script type=\"application\/ld+json\" class=\"yoast-schema-graph\">{\"@context\":\"https:\/\/schema.org\",\"@graph\":[{\"@type\":\"WebPage\",\"@id\":\"https:\/\/thepueblatimes.mx\/index.php\/2024\/01\/19\/avala-comision-del-congreso-reforma-para-propiciar-el-uso-responsable-de-la-tecnologia\/\",\"url\":\"https:\/\/thepueblatimes.mx\/index.php\/2024\/01\/19\/avala-comision-del-congreso-reforma-para-propiciar-el-uso-responsable-de-la-tecnologia\/\",\"name\":\"Avala Comisi\u00f3n del Congreso reforma para propiciar el uso responsable de la tecnolog\u00eda - The Puebla Times\",\"isPartOf\":{\"@id\":\"https:\/\/thepueblatimes.mx\/#website\"},\"datePublished\":\"2024-01-20T01:05:22+00:00\",\"dateModified\":\"2024-01-20T01:05:22+00:00\",\"author\":{\"@id\":\"https:\/\/thepueblatimes.mx\/#\/schema\/person\/ad152a907a5f1fb40553a2551dbadb8e\"},\"breadcrumb\":{\"@id\":\"https:\/\/thepueblatimes.mx\/index.php\/2024\/01\/19\/avala-comision-del-congreso-reforma-para-propiciar-el-uso-responsable-de-la-tecnologia\/#breadcrumb\"},\"inLanguage\":\"es\",\"potentialAction\":[{\"@type\":\"ReadAction\",\"target\":[\"https:\/\/thepueblatimes.mx\/index.php\/2024\/01\/19\/avala-comision-del-congreso-reforma-para-propiciar-el-uso-responsable-de-la-tecnologia\/\"]}]},{\"@type\":\"BreadcrumbList\",\"@id\":\"https:\/\/thepueblatimes.mx\/index.php\/2024\/01\/19\/avala-comision-del-congreso-reforma-para-propiciar-el-uso-responsable-de-la-tecnologia\/#breadcrumb\",\"itemListElement\":[{\"@type\":\"ListItem\",\"position\":1,\"name\":\"Portada\",\"item\":\"https:\/\/thepueblatimes.mx\/\"},{\"@type\":\"ListItem\",\"position\":2,\"name\":\"Avala Comisi\u00f3n del Congreso reforma para propiciar el uso responsable de la tecnolog\u00eda\"}]},{\"@type\":\"WebSite\",\"@id\":\"https:\/\/thepueblatimes.mx\/#website\",\"url\":\"https:\/\/thepueblatimes.mx\/\",\"name\":\"The Puebla Times\",\"description\":\"Noticias del Estado de Puebla\",\"potentialAction\":[{\"@type\":\"SearchAction\",\"target\":{\"@type\":\"EntryPoint\",\"urlTemplate\":\"https:\/\/thepueblatimes.mx\/?s={search_term_string}\"},\"query-input\":\"required name=search_term_string\"}],\"inLanguage\":\"es\"},{\"@type\":\"Person\",\"@id\":\"https:\/\/thepueblatimes.mx\/#\/schema\/person\/ad152a907a5f1fb40553a2551dbadb8e\",\"name\":\"The Puebla Times\",\"image\":{\"@type\":\"ImageObject\",\"inLanguage\":\"es\",\"@id\":\"https:\/\/thepueblatimes.mx\/#\/schema\/person\/image\/\",\"url\":\"https:\/\/secure.gravatar.com\/avatar\/82859cd6fbb1a3801d3e7ee27c92b8c9?s=96&d=mm&r=g\",\"contentUrl\":\"https:\/\/secure.gravatar.com\/avatar\/82859cd6fbb1a3801d3e7ee27c92b8c9?s=96&d=mm&r=g\",\"caption\":\"The Puebla Times\"},\"url\":\"https:\/\/thepueblatimes.mx\/index.php\/author\/ferhz\/\"}]}<\/script>\n<!-- \/ Yoast SEO plugin. -->","yoast_head_json":{"title":"Avala Comisi\u00f3n del Congreso reforma para propiciar el uso responsable de la tecnolog\u00eda - The Puebla Times","robots":{"index":"index","follow":"follow","max-snippet":"max-snippet:-1","max-image-preview":"max-image-preview:large","max-video-preview":"max-video-preview:-1"},"canonical":"https:\/\/thepueblatimes.mx\/index.php\/2024\/01\/19\/avala-comision-del-congreso-reforma-para-propiciar-el-uso-responsable-de-la-tecnologia\/","og_locale":"es_ES","og_type":"article","og_title":"Avala Comisi\u00f3n del Congreso reforma para propiciar el uso responsable de la tecnolog\u00eda - The Puebla Times","og_description":"-Diputadas y diputados aprobaron el proyecto de dictamen por virtud del cual se reforman diversas disposiciones de la Ley de Educaci\u00f3n del Estado de Puebla &nbsp; Con el objetivo de propiciar el uso responsable de la tecnolog\u00eda desde la educaci\u00f3n primaria, secundaria y media superior, la Comisi\u00f3n de Educaci\u00f3n del Congreso del Estado aprob\u00f3 reformas...","og_url":"https:\/\/thepueblatimes.mx\/index.php\/2024\/01\/19\/avala-comision-del-congreso-reforma-para-propiciar-el-uso-responsable-de-la-tecnologia\/","og_site_name":"The Puebla Times","article_published_time":"2024-01-20T01:05:22+00:00","og_image":[{"width":1600,"height":1066,"url":"https:\/\/thepueblatimes.mx\/wp-content\/uploads\/2024\/01\/WhatsApp-Image-2024-01-19-at-18.55.00.jpeg","type":"image\/jpeg"}],"author":"The Puebla Times","twitter_card":"summary_large_image","twitter_misc":{"Escrito por":"The Puebla Times","Tiempo de lectura":"2 minutos"},"schema":{"@context":"https:\/\/schema.org","@graph":[{"@type":"WebPage","@id":"https:\/\/thepueblatimes.mx\/index.php\/2024\/01\/19\/avala-comision-del-congreso-reforma-para-propiciar-el-uso-responsable-de-la-tecnologia\/","url":"https:\/\/thepueblatimes.mx\/index.php\/2024\/01\/19\/avala-comision-del-congreso-reforma-para-propiciar-el-uso-responsable-de-la-tecnologia\/","name":"Avala Comisi\u00f3n del Congreso reforma para propiciar el uso responsable de la tecnolog\u00eda - The Puebla Times","isPartOf":{"@id":"https:\/\/thepueblatimes.mx\/#website"},"datePublished":"2024-01-20T01:05:22+00:00","dateModified":"2024-01-20T01:05:22+00:00","author":{"@id":"https:\/\/thepueblatimes.mx\/#\/schema\/person\/ad152a907a5f1fb40553a2551dbadb8e"},"breadcrumb":{"@id":"https:\/\/thepueblatimes.mx\/index.php\/2024\/01\/19\/avala-comision-del-congreso-reforma-para-propiciar-el-uso-responsable-de-la-tecnologia\/#breadcrumb"},"inLanguage":"es","potentialAction":[{"@type":"ReadAction","target":["https:\/\/thepueblatimes.mx\/index.php\/2024\/01\/19\/avala-comision-del-congreso-reforma-para-propiciar-el-uso-responsable-de-la-tecnologia\/"]}]},{"@type":"BreadcrumbList","@id":"https:\/\/thepueblatimes.mx\/index.php\/2024\/01\/19\/avala-comision-del-congreso-reforma-para-propiciar-el-uso-responsable-de-la-tecnologia\/#breadcrumb","itemListElement":[{"@type":"ListItem","position":1,"name":"Portada","item":"https:\/\/thepueblatimes.mx\/"},{"@type":"ListItem","position":2,"name":"Avala Comisi\u00f3n del Congreso reforma para propiciar el uso responsable de la tecnolog\u00eda"}]},{"@type":"WebSite","@id":"https:\/\/thepueblatimes.mx\/#website","url":"https:\/\/thepueblatimes.mx\/","name":"The Puebla Times","description":"Noticias del Estado de Puebla","potentialAction":[{"@type":"SearchAction","target":{"@type":"EntryPoint","urlTemplate":"https:\/\/thepueblatimes.mx\/?s={search_term_string}"},"query-input":"required name=search_term_string"}],"inLanguage":"es"},{"@type":"Person","@id":"https:\/\/thepueblatimes.mx\/#\/schema\/person\/ad152a907a5f1fb40553a2551dbadb8e","name":"The Puebla Times","image":{"@type":"ImageObject","inLanguage":"es","@id":"https:\/\/thepueblatimes.mx\/#\/schema\/person\/image\/","url":"https:\/\/secure.gravatar.com\/avatar\/82859cd6fbb1a3801d3e7ee27c92b8c9?s=96&d=mm&r=g","contentUrl":"https:\/\/secure.gravatar.com\/avatar\/82859cd6fbb1a3801d3e7ee27c92b8c9?s=96&d=mm&r=g","caption":"The Puebla Times"},"url":"https:\/\/thepueblatimes.mx\/index.php\/author\/ferhz\/"}]}},"jetpack_featured_media_url":"https:\/\/thepueblatimes.mx\/wp-content\/uploads\/2024\/01\/WhatsApp-Image-2024-01-19-at-18.55.00.jpeg","_links":{"self":[{"href":"https:\/\/thepueblatimes.mx\/index.php\/wp-json\/wp\/v2\/posts\/20828"}],"collection":[{"href":"https:\/\/thepueblatimes.mx\/index.php\/wp-json\/wp\/v2\/posts"}],"about":[{"href":"https:\/\/thepueblatimes.mx\/index.php\/wp-json\/wp\/v2\/types\/post"}],"author":[{"embeddable":true,"href":"https:\/\/thepueblatimes.mx\/index.php\/wp-json\/wp\/v2\/users\/3"}],"replies":[{"embeddable":true,"href":"https:\/\/thepueblatimes.mx\/index.php\/wp-json\/wp\/v2\/comments?post=20828"}],"version-history":[{"count":1,"href":"https:\/\/thepueblatimes.mx\/index.php\/wp-json\/wp\/v2\/posts\/20828\/revisions"}],"predecessor-version":[{"id":20830,"href":"https:\/\/thepueblatimes.mx\/index.php\/wp-json\/wp\/v2\/posts\/20828\/revisions\/20830"}],"wp:featuredmedia":[{"embeddable":true,"href":"https:\/\/thepueblatimes.mx\/index.php\/wp-json\/wp\/v2\/media\/20829"}],"wp:attachment":[{"href":"https:\/\/thepueblatimes.mx\/index.php\/wp-json\/wp\/v2\/media?parent=20828"}],"wp:term":[{"taxonomy":"category","embeddable":true,"href":"https:\/\/thepueblatimes.mx\/index.php\/wp-json\/wp\/v2\/categories?post=20828"},{"taxonomy":"post_tag","embeddable":true,"href":"https:\/\/thepueblatimes.mx\/index.php\/wp-json\/wp\/v2\/tags?post=20828"}],"curies":[{"name":"wp","href":"https:\/\/api.w.org\/{rel}","templated":true}]}}