{"id":20825,"date":"2024-01-19T18:40:06","date_gmt":"2024-01-20T00:40:06","guid":{"rendered":"https:\/\/thepueblatimes.mx\/?p=20825"},"modified":"2024-01-19T18:40:06","modified_gmt":"2024-01-20T00:40:06","slug":"aprueban-en-comision-del-congreso-reformas-al-codigo-penal-del-estado","status":"publish","type":"post","link":"https:\/\/thepueblatimes.mx\/index.php\/2024\/01\/19\/aprueban-en-comision-del-congreso-reformas-al-codigo-penal-del-estado\/","title":{"rendered":"Aprueban en Comisi\u00f3n del Congreso reformas al C\u00f3digo Penal del Estado"},"content":{"rendered":"<h3><em>&#8211; El objetivo es establecer la diferencia entre autores y part\u00edcipes de un delito, con la finalidad de delimitar sus alcances, responsabilidades y sanciones<\/em><\/h3>\n<p>&nbsp;<\/p>\n<p>Con el prop\u00f3sito de dotar de las herramientas necesarias a las autoridades judiciales que les permitan visualizar de manera clara la forma de llegar a la resoluci\u00f3n de conflictos, as\u00ed como dar celeridad a los procesos penales, la Comisi\u00f3n de Procuraci\u00f3n y Administraci\u00f3n de Justicia, que preside el diputado Eduardo Castillo L\u00f3pez, aval\u00f3 el dictamen para reformar el art\u00edculo 21 del C\u00f3digo Penal del Estado.<\/p>\n<p>&nbsp;<\/p>\n<p>La iniciativa presentada en su momento por la diputada Xel Arianna Hern\u00e1ndez Garc\u00eda, tiene como prop\u00f3sito armonizar el ordenamiento legal con las disposiciones constitucionales y la legislaci\u00f3n procesal penal nacional, para establecer la diferencia entre autores y part\u00edcipes de un delito, as\u00ed como definir las modalidades de: autor material, autor intelectual, coautores, autores mediatos, instigadores, c\u00f3mplice primario, secundario y correspectivo.<\/p>\n<p>&nbsp;<\/p>\n<p>Esto, debido a que actualmente el art\u00edculo 21 del C\u00f3digo Penal tiene una redacci\u00f3n generalizada que fusiona el tema de la autor\u00eda y participaci\u00f3n en una sola f\u00f3rmula, sin distinci\u00f3n conceptual entre ellos.<\/p>\n<p>&nbsp;<\/p>\n<p>Debido a esto, el dictamen establece la diferencia entre autor y part\u00edcipe, al se\u00f1alar que el autor tiene el dominio del hecho, en tanto que el part\u00edcipe es quien sin tener dominio del hecho interviene en el mismo deliberadamente, instigando o auxiliando al autor.<\/p>\n<p>&nbsp;<\/p>\n<p>\u00abTrat\u00e1ndose de los autores se puede referir al autor material, al autor intelectual, a los coautores y a los autores mediatos. En tanto que los part\u00edcipes encuentran adecuaci\u00f3n en las figuras de instigadores y c\u00f3mplices, entre estos: primario, secundario y correspectivo\u00bb.<\/p>\n<p>&nbsp;<\/p>\n<p>Por otra parte, en asuntos generales, la diputada Silvia Tan\u00fas Osorio expres\u00f3 su desacuerdo por la actuaci\u00f3n de la Comisi\u00f3n de Derechos Humanos del Estado de Puebla al impugnar algunos art\u00edculos de la Ley de Movilidad y Seguridad Vial del Estado, la cual, se\u00f1al\u00f3, fue consultada con la sociedad y que tiene entre sus finalidades la protecci\u00f3n de las personas.<\/p>\n<p>&nbsp;<\/p>\n<p>En este sentido el diputado Eduardo Castillo L\u00f3pez, como presidente de la Junta de Gobierno y Coordinaci\u00f3n Pol\u00edtica del Congreso del Estado, tom\u00f3 nota del extra\u00f1amiento de la legisladora para su an\u00e1lisis correspondiente.<\/p>\n<p>&nbsp;<\/p>\n<p>A la sesi\u00f3n de la Comisi\u00f3n acudieron las y los diputados, Eduardo Castillo L\u00f3pez, Gerardo Hern\u00e1ndez Rojas, Silvia Tan\u00fas Osorio y Fernando S\u00e1nchez Sasia.<\/p>\n","protected":false},"excerpt":{"rendered":"<p>&#8211; El objetivo es establecer la diferencia entre autores y part\u00edcipes de un delito, con la finalidad de delimitar sus alcances, responsabilidades y sanciones &nbsp; Con el prop\u00f3sito de dotar de las herramientas necesarias a las autoridades judiciales que les permitan visualizar de manera clara la forma de llegar a la resoluci\u00f3n de conflictos, as\u00ed&#8230;<\/p>\n","protected":false},"author":3,"featured_media":20826,"comment_status":"closed","ping_status":"closed","sticky":false,"template":"","format":"standard","meta":[],"categories":[3],"tags":[1480,1401,1271],"yoast_head":"<!-- This site is optimized with the Yoast SEO plugin v20.8 - https:\/\/yoast.com\/wordpress\/plugins\/seo\/ -->\n<title>Aprueban en Comisi\u00f3n del Congreso reformas al C\u00f3digo Penal del Estado - The Puebla Times<\/title>\n<meta name=\"robots\" content=\"index, follow, max-snippet:-1, max-image-preview:large, max-video-preview:-1\" \/>\n<link rel=\"canonical\" href=\"https:\/\/thepueblatimes.mx\/index.php\/2024\/01\/19\/aprueban-en-comision-del-congreso-reformas-al-codigo-penal-del-estado\/\" \/>\n<meta property=\"og:locale\" content=\"es_ES\" \/>\n<meta property=\"og:type\" content=\"article\" \/>\n<meta property=\"og:title\" content=\"Aprueban en Comisi\u00f3n del Congreso reformas al C\u00f3digo Penal del Estado - The Puebla Times\" \/>\n<meta property=\"og:description\" content=\"&#8211; El objetivo es establecer la diferencia entre autores y part\u00edcipes de un delito, con la finalidad de delimitar sus alcances, responsabilidades y sanciones &nbsp; Con el prop\u00f3sito de dotar de las herramientas necesarias a las autoridades judiciales que les permitan visualizar de manera clara la forma de llegar a la resoluci\u00f3n de conflictos, as\u00ed...\" \/>\n<meta property=\"og:url\" content=\"https:\/\/thepueblatimes.mx\/index.php\/2024\/01\/19\/aprueban-en-comision-del-congreso-reformas-al-codigo-penal-del-estado\/\" \/>\n<meta property=\"og:site_name\" content=\"The Puebla Times\" \/>\n<meta property=\"article:published_time\" content=\"2024-01-20T00:40:06+00:00\" \/>\n<meta property=\"og:image\" content=\"https:\/\/thepueblatimes.mx\/wp-content\/uploads\/2024\/01\/WhatsApp-Image-2024-01-19-at-14.12.35.jpeg\" \/>\n\t<meta property=\"og:image:width\" content=\"1600\" \/>\n\t<meta property=\"og:image:height\" content=\"1066\" \/>\n\t<meta property=\"og:image:type\" content=\"image\/jpeg\" \/>\n<meta name=\"author\" content=\"The Puebla Times\" \/>\n<meta name=\"twitter:card\" content=\"summary_large_image\" \/>\n<meta name=\"twitter:label1\" content=\"Escrito por\" \/>\n\t<meta name=\"twitter:data1\" content=\"The Puebla Times\" \/>\n\t<meta name=\"twitter:label2\" content=\"Tiempo de lectura\" \/>\n\t<meta name=\"twitter:data2\" content=\"2 minutos\" \/>\n<script type=\"application\/ld+json\" class=\"yoast-schema-graph\">{\"@context\":\"https:\/\/schema.org\",\"@graph\":[{\"@type\":\"WebPage\",\"@id\":\"https:\/\/thepueblatimes.mx\/index.php\/2024\/01\/19\/aprueban-en-comision-del-congreso-reformas-al-codigo-penal-del-estado\/\",\"url\":\"https:\/\/thepueblatimes.mx\/index.php\/2024\/01\/19\/aprueban-en-comision-del-congreso-reformas-al-codigo-penal-del-estado\/\",\"name\":\"Aprueban en Comisi\u00f3n del Congreso reformas al C\u00f3digo Penal del Estado - The Puebla Times\",\"isPartOf\":{\"@id\":\"https:\/\/thepueblatimes.mx\/#website\"},\"datePublished\":\"2024-01-20T00:40:06+00:00\",\"dateModified\":\"2024-01-20T00:40:06+00:00\",\"author\":{\"@id\":\"https:\/\/thepueblatimes.mx\/#\/schema\/person\/ad152a907a5f1fb40553a2551dbadb8e\"},\"breadcrumb\":{\"@id\":\"https:\/\/thepueblatimes.mx\/index.php\/2024\/01\/19\/aprueban-en-comision-del-congreso-reformas-al-codigo-penal-del-estado\/#breadcrumb\"},\"inLanguage\":\"es\",\"potentialAction\":[{\"@type\":\"ReadAction\",\"target\":[\"https:\/\/thepueblatimes.mx\/index.php\/2024\/01\/19\/aprueban-en-comision-del-congreso-reformas-al-codigo-penal-del-estado\/\"]}]},{\"@type\":\"BreadcrumbList\",\"@id\":\"https:\/\/thepueblatimes.mx\/index.php\/2024\/01\/19\/aprueban-en-comision-del-congreso-reformas-al-codigo-penal-del-estado\/#breadcrumb\",\"itemListElement\":[{\"@type\":\"ListItem\",\"position\":1,\"name\":\"Portada\",\"item\":\"https:\/\/thepueblatimes.mx\/\"},{\"@type\":\"ListItem\",\"position\":2,\"name\":\"Aprueban en Comisi\u00f3n del Congreso reformas al C\u00f3digo Penal del Estado\"}]},{\"@type\":\"WebSite\",\"@id\":\"https:\/\/thepueblatimes.mx\/#website\",\"url\":\"https:\/\/thepueblatimes.mx\/\",\"name\":\"The Puebla Times\",\"description\":\"Noticias del Estado de Puebla\",\"potentialAction\":[{\"@type\":\"SearchAction\",\"target\":{\"@type\":\"EntryPoint\",\"urlTemplate\":\"https:\/\/thepueblatimes.mx\/?s={search_term_string}\"},\"query-input\":\"required name=search_term_string\"}],\"inLanguage\":\"es\"},{\"@type\":\"Person\",\"@id\":\"https:\/\/thepueblatimes.mx\/#\/schema\/person\/ad152a907a5f1fb40553a2551dbadb8e\",\"name\":\"The Puebla Times\",\"image\":{\"@type\":\"ImageObject\",\"inLanguage\":\"es\",\"@id\":\"https:\/\/thepueblatimes.mx\/#\/schema\/person\/image\/\",\"url\":\"https:\/\/secure.gravatar.com\/avatar\/82859cd6fbb1a3801d3e7ee27c92b8c9?s=96&d=mm&r=g\",\"contentUrl\":\"https:\/\/secure.gravatar.com\/avatar\/82859cd6fbb1a3801d3e7ee27c92b8c9?s=96&d=mm&r=g\",\"caption\":\"The Puebla Times\"},\"url\":\"https:\/\/thepueblatimes.mx\/index.php\/author\/ferhz\/\"}]}<\/script>\n<!-- \/ Yoast SEO plugin. -->","yoast_head_json":{"title":"Aprueban en Comisi\u00f3n del Congreso reformas al C\u00f3digo Penal del Estado - The Puebla Times","robots":{"index":"index","follow":"follow","max-snippet":"max-snippet:-1","max-image-preview":"max-image-preview:large","max-video-preview":"max-video-preview:-1"},"canonical":"https:\/\/thepueblatimes.mx\/index.php\/2024\/01\/19\/aprueban-en-comision-del-congreso-reformas-al-codigo-penal-del-estado\/","og_locale":"es_ES","og_type":"article","og_title":"Aprueban en Comisi\u00f3n del Congreso reformas al C\u00f3digo Penal del Estado - The Puebla Times","og_description":"&#8211; El objetivo es establecer la diferencia entre autores y part\u00edcipes de un delito, con la finalidad de delimitar sus alcances, responsabilidades y sanciones &nbsp; Con el prop\u00f3sito de dotar de las herramientas necesarias a las autoridades judiciales que les permitan visualizar de manera clara la forma de llegar a la resoluci\u00f3n de conflictos, as\u00ed...","og_url":"https:\/\/thepueblatimes.mx\/index.php\/2024\/01\/19\/aprueban-en-comision-del-congreso-reformas-al-codigo-penal-del-estado\/","og_site_name":"The Puebla Times","article_published_time":"2024-01-20T00:40:06+00:00","og_image":[{"width":1600,"height":1066,"url":"https:\/\/thepueblatimes.mx\/wp-content\/uploads\/2024\/01\/WhatsApp-Image-2024-01-19-at-14.12.35.jpeg","type":"image\/jpeg"}],"author":"The Puebla Times","twitter_card":"summary_large_image","twitter_misc":{"Escrito por":"The Puebla Times","Tiempo de lectura":"2 minutos"},"schema":{"@context":"https:\/\/schema.org","@graph":[{"@type":"WebPage","@id":"https:\/\/thepueblatimes.mx\/index.php\/2024\/01\/19\/aprueban-en-comision-del-congreso-reformas-al-codigo-penal-del-estado\/","url":"https:\/\/thepueblatimes.mx\/index.php\/2024\/01\/19\/aprueban-en-comision-del-congreso-reformas-al-codigo-penal-del-estado\/","name":"Aprueban en Comisi\u00f3n del Congreso reformas al C\u00f3digo Penal del Estado - The Puebla Times","isPartOf":{"@id":"https:\/\/thepueblatimes.mx\/#website"},"datePublished":"2024-01-20T00:40:06+00:00","dateModified":"2024-01-20T00:40:06+00:00","author":{"@id":"https:\/\/thepueblatimes.mx\/#\/schema\/person\/ad152a907a5f1fb40553a2551dbadb8e"},"breadcrumb":{"@id":"https:\/\/thepueblatimes.mx\/index.php\/2024\/01\/19\/aprueban-en-comision-del-congreso-reformas-al-codigo-penal-del-estado\/#breadcrumb"},"inLanguage":"es","potentialAction":[{"@type":"ReadAction","target":["https:\/\/thepueblatimes.mx\/index.php\/2024\/01\/19\/aprueban-en-comision-del-congreso-reformas-al-codigo-penal-del-estado\/"]}]},{"@type":"BreadcrumbList","@id":"https:\/\/thepueblatimes.mx\/index.php\/2024\/01\/19\/aprueban-en-comision-del-congreso-reformas-al-codigo-penal-del-estado\/#breadcrumb","itemListElement":[{"@type":"ListItem","position":1,"name":"Portada","item":"https:\/\/thepueblatimes.mx\/"},{"@type":"ListItem","position":2,"name":"Aprueban en Comisi\u00f3n del Congreso reformas al C\u00f3digo Penal del Estado"}]},{"@type":"WebSite","@id":"https:\/\/thepueblatimes.mx\/#website","url":"https:\/\/thepueblatimes.mx\/","name":"The Puebla Times","description":"Noticias del Estado de Puebla","potentialAction":[{"@type":"SearchAction","target":{"@type":"EntryPoint","urlTemplate":"https:\/\/thepueblatimes.mx\/?s={search_term_string}"},"query-input":"required name=search_term_string"}],"inLanguage":"es"},{"@type":"Person","@id":"https:\/\/thepueblatimes.mx\/#\/schema\/person\/ad152a907a5f1fb40553a2551dbadb8e","name":"The Puebla Times","image":{"@type":"ImageObject","inLanguage":"es","@id":"https:\/\/thepueblatimes.mx\/#\/schema\/person\/image\/","url":"https:\/\/secure.gravatar.com\/avatar\/82859cd6fbb1a3801d3e7ee27c92b8c9?s=96&d=mm&r=g","contentUrl":"https:\/\/secure.gravatar.com\/avatar\/82859cd6fbb1a3801d3e7ee27c92b8c9?s=96&d=mm&r=g","caption":"The Puebla Times"},"url":"https:\/\/thepueblatimes.mx\/index.php\/author\/ferhz\/"}]}},"jetpack_featured_media_url":"https:\/\/thepueblatimes.mx\/wp-content\/uploads\/2024\/01\/WhatsApp-Image-2024-01-19-at-14.12.35.jpeg","_links":{"self":[{"href":"https:\/\/thepueblatimes.mx\/index.php\/wp-json\/wp\/v2\/posts\/20825"}],"collection":[{"href":"https:\/\/thepueblatimes.mx\/index.php\/wp-json\/wp\/v2\/posts"}],"about":[{"href":"https:\/\/thepueblatimes.mx\/index.php\/wp-json\/wp\/v2\/types\/post"}],"author":[{"embeddable":true,"href":"https:\/\/thepueblatimes.mx\/index.php\/wp-json\/wp\/v2\/users\/3"}],"replies":[{"embeddable":true,"href":"https:\/\/thepueblatimes.mx\/index.php\/wp-json\/wp\/v2\/comments?post=20825"}],"version-history":[{"count":1,"href":"https:\/\/thepueblatimes.mx\/index.php\/wp-json\/wp\/v2\/posts\/20825\/revisions"}],"predecessor-version":[{"id":20827,"href":"https:\/\/thepueblatimes.mx\/index.php\/wp-json\/wp\/v2\/posts\/20825\/revisions\/20827"}],"wp:featuredmedia":[{"embeddable":true,"href":"https:\/\/thepueblatimes.mx\/index.php\/wp-json\/wp\/v2\/media\/20826"}],"wp:attachment":[{"href":"https:\/\/thepueblatimes.mx\/index.php\/wp-json\/wp\/v2\/media?parent=20825"}],"wp:term":[{"taxonomy":"category","embeddable":true,"href":"https:\/\/thepueblatimes.mx\/index.php\/wp-json\/wp\/v2\/categories?post=20825"},{"taxonomy":"post_tag","embeddable":true,"href":"https:\/\/thepueblatimes.mx\/index.php\/wp-json\/wp\/v2\/tags?post=20825"}],"curies":[{"name":"wp","href":"https:\/\/api.w.org\/{rel}","templated":true}]}}