{"id":20777,"date":"2024-01-16T17:39:42","date_gmt":"2024-01-16T23:39:42","guid":{"rendered":"https:\/\/thepueblatimes.mx\/?p=20777"},"modified":"2024-01-16T17:39:42","modified_gmt":"2024-01-16T23:39:42","slug":"presentan-en-el-congreso-del-estado-iniciativa-para-que-trabajadores-cuenten-con-permiso-de-paternidad-de-20-dias","status":"publish","type":"post","link":"https:\/\/thepueblatimes.mx\/index.php\/2024\/01\/16\/presentan-en-el-congreso-del-estado-iniciativa-para-que-trabajadores-cuenten-con-permiso-de-paternidad-de-20-dias\/","title":{"rendered":"Presentan en el Congreso del Estado iniciativa para que trabajadores cuenten con permiso de paternidad de 20 d\u00edas"},"content":{"rendered":"<h3><em>&#8211; Durante la sesi\u00f3n ordinaria se presentaron iniciativas en materia de transparencia e igualdad de g\u00e9nero<\/em><\/h3>\n<h3><em>\u00a0<\/em><em>&#8211; Asimismo, la Mesa Directiva dio cuenta de iniciativas en materia de derechos humanos y a favor de las ni\u00f1as, ni\u00f1os y adolescentes<\/em><\/h3>\n<p>&nbsp;<\/p>\n<p>Con el objetivo de establecer el permiso de paternidad con goce de sueldo de 20 d\u00edas laborales para el padre trabajador, contando a partir del nacimiento o adopci\u00f3n de sus hijos o hijas, la diputada Xel Arianna Hern\u00e1ndez Garc\u00eda present\u00f3 una iniciativa para adicionar el art\u00edculo 19 Bis y la fracci\u00f3n X al art\u00edculo 39 de la Ley de los Trabajadores al Servicio del Estado.<\/p>\n<p>&nbsp;<\/p>\n<p>La iniciativa presentada por la legisladora en Tribuna tambi\u00e9n propone que en caso de complicaciones posteriores al parto que perjudiquen a la madre o al reci\u00e9n nacido, el permiso podr\u00e1 ser de hasta 30 d\u00edas, previa presentaci\u00f3n del certificado m\u00e9dico correspondiente.<\/p>\n<p>&nbsp;<\/p>\n<p>La propuesta legislativa fue turnada a la Comisi\u00f3n de Trabajo, Competitividad y Previsi\u00f3n Social, para su estudio y resoluci\u00f3n correspondiente.<\/p>\n<p>&nbsp;<\/p>\n<p>Asimismo, durante la sesi\u00f3n p\u00fablica ordinaria de la LXI Legislatura del Congreso del Estado la diputada Azucena Rosas Tapia present\u00f3 una iniciativa para reformar la Ley de Transparencia y Acceso a la Informaci\u00f3n P\u00fablica del Estado de Puebla, con el prop\u00f3sito de que los sujetos obligados incluyan en sus sitios web, en el padr\u00f3n de contratistas y proveedores, el listado de contratistas calificados y laboratorios de pruebas de calidad.<\/p>\n<p>&nbsp;<\/p>\n<p>Esto, con la finalidad de eliminar toda vaguedad respecto a las instancias encargadas de llevar una relaci\u00f3n tanto de los proveedores, en materia de adquisiciones; como de los contratistas en materia de obra p\u00fablica.<\/p>\n<p>&nbsp;<\/p>\n<p>La iniciativa que pretende reformar la fracci\u00f3n XXXII del art\u00edculo 77 de la Ley de Transparencia y Acceso a la Informaci\u00f3n P\u00fablica del Estado de Puebla, fue enviada a la Comisi\u00f3n de Transparencia y Acceso a la Informaci\u00f3n, para su an\u00e1lisis y dictaminaci\u00f3n procedente.<\/p>\n<p>&nbsp;<\/p>\n<p>En m\u00e1s del orden del d\u00eda, la diputada Erika Patricia Valencia \u00c1vila present\u00f3 una iniciativa para reformar la Ley para el Acceso de las Mujeres a una Vida Libre de Violencia del Estado de Puebla, con la finalidad de contemplar dentro de las \u00f3rdenes de protecci\u00f3n preventivas, la reserva del domicilio, lugar de trabajo, profesi\u00f3n o cualquier otro dato, que evite que la persona agresora pueda ubicar a la v\u00edctima.<\/p>\n<p>&nbsp;<\/p>\n<p>La iniciativa pretende reformar las fracciones VIII y IX, as\u00ed como adicionar la X al art\u00edculo 27 de la Ley para el Acceso de las Mujeres a una Vida Libre de Violencia del Estado de Puebla.<\/p>\n<p>&nbsp;<\/p>\n<p>La propuesta legislativa fue turnada a la Comisi\u00f3n de Igualdad de G\u00e9nero para su estudio y resoluci\u00f3n correspondiente.<\/p>\n<p>&nbsp;<\/p>\n<p>Por otra parte, la Mesa Directiva dio cuenta y turn\u00f3 a Comisiones las siguientes iniciativas:<\/p>\n<p>&nbsp;<\/p>\n<p>Iniciativa de la diputada M\u00f3nica Rodr\u00edguez Della Vecchia\u00a0 para reformar la Ley de los Derechos de las Ni\u00f1as, Ni\u00f1os y Adolescentes del Estado de Puebla con el prop\u00f3sito de contemplar como una de las finalidades de la educaci\u00f3n, el promover acciones que fomenten la lectura en las ni\u00f1as, ni\u00f1os y adolescentes, para estimular su imaginaci\u00f3n y creatividad, un pensamiento cr\u00edtico, aumentar la capacidad de memorizaci\u00f3n y comprensi\u00f3n, y mejorar su escritura y lenguaje.<\/p>\n<p>&nbsp;<\/p>\n<p>La iniciativa que propone reformar las fracciones IX y X y se adiciona la XI al art\u00edculo 49 de la Ley de los Derechos de las Ni\u00f1as, Ni\u00f1os y Adolescentes del Estado de Puebla, fue dirigida a la Comisi\u00f3n de la Familia y los Derechos de la Ni\u00f1ez, para su an\u00e1lisis y dictaminaci\u00f3n correspondiente.<\/p>\n<p>&nbsp;<\/p>\n<p>As\u00ed como la iniciativa del diputado Oswaldo Jim\u00e9nez L\u00f3pez para reformar el art\u00edculo 15 de la Ley para Prevenir y Eliminar la Discriminaci\u00f3n del Estado de Puebla, con el fin de establecer que las acciones afirmativas ser\u00e1n prioritariamente aplicables hacia personas pertenecientes a los pueblos o comunidades ind\u00edgenas y afromexicanas; mujeres, ni\u00f1as, ni\u00f1os y adolescentes; personas j\u00f3venes, personas con discapacidad y personas adultas mayores.<\/p>\n<p>&nbsp;<\/p>\n<p>La iniciativa fue turnada a la Comisi\u00f3n de Derechos Humanos, para su estudio y resoluci\u00f3n procedente.<\/p>\n","protected":false},"excerpt":{"rendered":"<p>&#8211; Durante la sesi\u00f3n ordinaria se presentaron iniciativas en materia de transparencia e igualdad de g\u00e9nero \u00a0&#8211; Asimismo, la Mesa Directiva dio cuenta de iniciativas en materia de derechos humanos y a favor de las ni\u00f1as, ni\u00f1os y adolescentes &nbsp; Con el objetivo de establecer el permiso de paternidad con goce de sueldo de 20&#8230;<\/p>\n","protected":false},"author":3,"featured_media":20778,"comment_status":"closed","ping_status":"closed","sticky":false,"template":"","format":"standard","meta":[],"categories":[3],"tags":[1480,1401,1271],"yoast_head":"<!-- This site is optimized with the Yoast SEO plugin v20.8 - https:\/\/yoast.com\/wordpress\/plugins\/seo\/ -->\n<title>Presentan en el Congreso del Estado iniciativa para que trabajadores cuenten con permiso de paternidad de 20 d\u00edas - The Puebla Times<\/title>\n<meta name=\"robots\" content=\"index, follow, max-snippet:-1, max-image-preview:large, max-video-preview:-1\" \/>\n<link rel=\"canonical\" href=\"https:\/\/thepueblatimes.mx\/index.php\/2024\/01\/16\/presentan-en-el-congreso-del-estado-iniciativa-para-que-trabajadores-cuenten-con-permiso-de-paternidad-de-20-dias\/\" \/>\n<meta property=\"og:locale\" content=\"es_ES\" \/>\n<meta property=\"og:type\" content=\"article\" \/>\n<meta property=\"og:title\" content=\"Presentan en el Congreso del Estado iniciativa para que trabajadores cuenten con permiso de paternidad de 20 d\u00edas - The Puebla Times\" \/>\n<meta property=\"og:description\" content=\"&#8211; Durante la sesi\u00f3n ordinaria se presentaron iniciativas en materia de transparencia e igualdad de g\u00e9nero \u00a0&#8211; Asimismo, la Mesa Directiva dio cuenta de iniciativas en materia de derechos humanos y a favor de las ni\u00f1as, ni\u00f1os y adolescentes &nbsp; Con el objetivo de establecer el permiso de paternidad con goce de sueldo de 20...\" \/>\n<meta property=\"og:url\" content=\"https:\/\/thepueblatimes.mx\/index.php\/2024\/01\/16\/presentan-en-el-congreso-del-estado-iniciativa-para-que-trabajadores-cuenten-con-permiso-de-paternidad-de-20-dias\/\" \/>\n<meta property=\"og:site_name\" content=\"The Puebla Times\" \/>\n<meta property=\"article:published_time\" content=\"2024-01-16T23:39:42+00:00\" \/>\n<meta property=\"og:image\" content=\"https:\/\/thepueblatimes.mx\/wp-content\/uploads\/2024\/01\/WhatsApp-Image-2024-01-16-at-13.20.41.jpeg\" \/>\n\t<meta property=\"og:image:width\" content=\"1600\" \/>\n\t<meta property=\"og:image:height\" content=\"1066\" \/>\n\t<meta property=\"og:image:type\" content=\"image\/jpeg\" \/>\n<meta name=\"author\" content=\"The Puebla Times\" \/>\n<meta name=\"twitter:card\" content=\"summary_large_image\" \/>\n<meta name=\"twitter:label1\" content=\"Escrito por\" \/>\n\t<meta name=\"twitter:data1\" content=\"The Puebla Times\" \/>\n\t<meta name=\"twitter:label2\" content=\"Tiempo de lectura\" \/>\n\t<meta name=\"twitter:data2\" content=\"4 minutos\" \/>\n<script type=\"application\/ld+json\" class=\"yoast-schema-graph\">{\"@context\":\"https:\/\/schema.org\",\"@graph\":[{\"@type\":\"WebPage\",\"@id\":\"https:\/\/thepueblatimes.mx\/index.php\/2024\/01\/16\/presentan-en-el-congreso-del-estado-iniciativa-para-que-trabajadores-cuenten-con-permiso-de-paternidad-de-20-dias\/\",\"url\":\"https:\/\/thepueblatimes.mx\/index.php\/2024\/01\/16\/presentan-en-el-congreso-del-estado-iniciativa-para-que-trabajadores-cuenten-con-permiso-de-paternidad-de-20-dias\/\",\"name\":\"Presentan en el Congreso del Estado iniciativa para que trabajadores cuenten con permiso de paternidad de 20 d\u00edas - The Puebla Times\",\"isPartOf\":{\"@id\":\"https:\/\/thepueblatimes.mx\/#website\"},\"datePublished\":\"2024-01-16T23:39:42+00:00\",\"dateModified\":\"2024-01-16T23:39:42+00:00\",\"author\":{\"@id\":\"https:\/\/thepueblatimes.mx\/#\/schema\/person\/ad152a907a5f1fb40553a2551dbadb8e\"},\"breadcrumb\":{\"@id\":\"https:\/\/thepueblatimes.mx\/index.php\/2024\/01\/16\/presentan-en-el-congreso-del-estado-iniciativa-para-que-trabajadores-cuenten-con-permiso-de-paternidad-de-20-dias\/#breadcrumb\"},\"inLanguage\":\"es\",\"potentialAction\":[{\"@type\":\"ReadAction\",\"target\":[\"https:\/\/thepueblatimes.mx\/index.php\/2024\/01\/16\/presentan-en-el-congreso-del-estado-iniciativa-para-que-trabajadores-cuenten-con-permiso-de-paternidad-de-20-dias\/\"]}]},{\"@type\":\"BreadcrumbList\",\"@id\":\"https:\/\/thepueblatimes.mx\/index.php\/2024\/01\/16\/presentan-en-el-congreso-del-estado-iniciativa-para-que-trabajadores-cuenten-con-permiso-de-paternidad-de-20-dias\/#breadcrumb\",\"itemListElement\":[{\"@type\":\"ListItem\",\"position\":1,\"name\":\"Portada\",\"item\":\"https:\/\/thepueblatimes.mx\/\"},{\"@type\":\"ListItem\",\"position\":2,\"name\":\"Presentan en el Congreso del Estado iniciativa para que trabajadores cuenten con permiso de paternidad de 20 d\u00edas\"}]},{\"@type\":\"WebSite\",\"@id\":\"https:\/\/thepueblatimes.mx\/#website\",\"url\":\"https:\/\/thepueblatimes.mx\/\",\"name\":\"The Puebla Times\",\"description\":\"Noticias del Estado de Puebla\",\"potentialAction\":[{\"@type\":\"SearchAction\",\"target\":{\"@type\":\"EntryPoint\",\"urlTemplate\":\"https:\/\/thepueblatimes.mx\/?s={search_term_string}\"},\"query-input\":\"required name=search_term_string\"}],\"inLanguage\":\"es\"},{\"@type\":\"Person\",\"@id\":\"https:\/\/thepueblatimes.mx\/#\/schema\/person\/ad152a907a5f1fb40553a2551dbadb8e\",\"name\":\"The Puebla Times\",\"image\":{\"@type\":\"ImageObject\",\"inLanguage\":\"es\",\"@id\":\"https:\/\/thepueblatimes.mx\/#\/schema\/person\/image\/\",\"url\":\"https:\/\/secure.gravatar.com\/avatar\/82859cd6fbb1a3801d3e7ee27c92b8c9?s=96&d=mm&r=g\",\"contentUrl\":\"https:\/\/secure.gravatar.com\/avatar\/82859cd6fbb1a3801d3e7ee27c92b8c9?s=96&d=mm&r=g\",\"caption\":\"The Puebla Times\"},\"url\":\"https:\/\/thepueblatimes.mx\/index.php\/author\/ferhz\/\"}]}<\/script>\n<!-- \/ Yoast SEO plugin. -->","yoast_head_json":{"title":"Presentan en el Congreso del Estado iniciativa para que trabajadores cuenten con permiso de paternidad de 20 d\u00edas - The Puebla Times","robots":{"index":"index","follow":"follow","max-snippet":"max-snippet:-1","max-image-preview":"max-image-preview:large","max-video-preview":"max-video-preview:-1"},"canonical":"https:\/\/thepueblatimes.mx\/index.php\/2024\/01\/16\/presentan-en-el-congreso-del-estado-iniciativa-para-que-trabajadores-cuenten-con-permiso-de-paternidad-de-20-dias\/","og_locale":"es_ES","og_type":"article","og_title":"Presentan en el Congreso del Estado iniciativa para que trabajadores cuenten con permiso de paternidad de 20 d\u00edas - The Puebla Times","og_description":"&#8211; Durante la sesi\u00f3n ordinaria se presentaron iniciativas en materia de transparencia e igualdad de g\u00e9nero \u00a0&#8211; Asimismo, la Mesa Directiva dio cuenta de iniciativas en materia de derechos humanos y a favor de las ni\u00f1as, ni\u00f1os y adolescentes &nbsp; Con el objetivo de establecer el permiso de paternidad con goce de sueldo de 20...","og_url":"https:\/\/thepueblatimes.mx\/index.php\/2024\/01\/16\/presentan-en-el-congreso-del-estado-iniciativa-para-que-trabajadores-cuenten-con-permiso-de-paternidad-de-20-dias\/","og_site_name":"The Puebla Times","article_published_time":"2024-01-16T23:39:42+00:00","og_image":[{"width":1600,"height":1066,"url":"https:\/\/thepueblatimes.mx\/wp-content\/uploads\/2024\/01\/WhatsApp-Image-2024-01-16-at-13.20.41.jpeg","type":"image\/jpeg"}],"author":"The Puebla Times","twitter_card":"summary_large_image","twitter_misc":{"Escrito por":"The Puebla Times","Tiempo de lectura":"4 minutos"},"schema":{"@context":"https:\/\/schema.org","@graph":[{"@type":"WebPage","@id":"https:\/\/thepueblatimes.mx\/index.php\/2024\/01\/16\/presentan-en-el-congreso-del-estado-iniciativa-para-que-trabajadores-cuenten-con-permiso-de-paternidad-de-20-dias\/","url":"https:\/\/thepueblatimes.mx\/index.php\/2024\/01\/16\/presentan-en-el-congreso-del-estado-iniciativa-para-que-trabajadores-cuenten-con-permiso-de-paternidad-de-20-dias\/","name":"Presentan en el Congreso del Estado iniciativa para que trabajadores cuenten con permiso de paternidad de 20 d\u00edas - The Puebla Times","isPartOf":{"@id":"https:\/\/thepueblatimes.mx\/#website"},"datePublished":"2024-01-16T23:39:42+00:00","dateModified":"2024-01-16T23:39:42+00:00","author":{"@id":"https:\/\/thepueblatimes.mx\/#\/schema\/person\/ad152a907a5f1fb40553a2551dbadb8e"},"breadcrumb":{"@id":"https:\/\/thepueblatimes.mx\/index.php\/2024\/01\/16\/presentan-en-el-congreso-del-estado-iniciativa-para-que-trabajadores-cuenten-con-permiso-de-paternidad-de-20-dias\/#breadcrumb"},"inLanguage":"es","potentialAction":[{"@type":"ReadAction","target":["https:\/\/thepueblatimes.mx\/index.php\/2024\/01\/16\/presentan-en-el-congreso-del-estado-iniciativa-para-que-trabajadores-cuenten-con-permiso-de-paternidad-de-20-dias\/"]}]},{"@type":"BreadcrumbList","@id":"https:\/\/thepueblatimes.mx\/index.php\/2024\/01\/16\/presentan-en-el-congreso-del-estado-iniciativa-para-que-trabajadores-cuenten-con-permiso-de-paternidad-de-20-dias\/#breadcrumb","itemListElement":[{"@type":"ListItem","position":1,"name":"Portada","item":"https:\/\/thepueblatimes.mx\/"},{"@type":"ListItem","position":2,"name":"Presentan en el Congreso del Estado iniciativa para que trabajadores cuenten con permiso de paternidad de 20 d\u00edas"}]},{"@type":"WebSite","@id":"https:\/\/thepueblatimes.mx\/#website","url":"https:\/\/thepueblatimes.mx\/","name":"The Puebla Times","description":"Noticias del Estado de Puebla","potentialAction":[{"@type":"SearchAction","target":{"@type":"EntryPoint","urlTemplate":"https:\/\/thepueblatimes.mx\/?s={search_term_string}"},"query-input":"required name=search_term_string"}],"inLanguage":"es"},{"@type":"Person","@id":"https:\/\/thepueblatimes.mx\/#\/schema\/person\/ad152a907a5f1fb40553a2551dbadb8e","name":"The Puebla Times","image":{"@type":"ImageObject","inLanguage":"es","@id":"https:\/\/thepueblatimes.mx\/#\/schema\/person\/image\/","url":"https:\/\/secure.gravatar.com\/avatar\/82859cd6fbb1a3801d3e7ee27c92b8c9?s=96&d=mm&r=g","contentUrl":"https:\/\/secure.gravatar.com\/avatar\/82859cd6fbb1a3801d3e7ee27c92b8c9?s=96&d=mm&r=g","caption":"The Puebla Times"},"url":"https:\/\/thepueblatimes.mx\/index.php\/author\/ferhz\/"}]}},"jetpack_featured_media_url":"https:\/\/thepueblatimes.mx\/wp-content\/uploads\/2024\/01\/WhatsApp-Image-2024-01-16-at-13.20.41.jpeg","_links":{"self":[{"href":"https:\/\/thepueblatimes.mx\/index.php\/wp-json\/wp\/v2\/posts\/20777"}],"collection":[{"href":"https:\/\/thepueblatimes.mx\/index.php\/wp-json\/wp\/v2\/posts"}],"about":[{"href":"https:\/\/thepueblatimes.mx\/index.php\/wp-json\/wp\/v2\/types\/post"}],"author":[{"embeddable":true,"href":"https:\/\/thepueblatimes.mx\/index.php\/wp-json\/wp\/v2\/users\/3"}],"replies":[{"embeddable":true,"href":"https:\/\/thepueblatimes.mx\/index.php\/wp-json\/wp\/v2\/comments?post=20777"}],"version-history":[{"count":1,"href":"https:\/\/thepueblatimes.mx\/index.php\/wp-json\/wp\/v2\/posts\/20777\/revisions"}],"predecessor-version":[{"id":20779,"href":"https:\/\/thepueblatimes.mx\/index.php\/wp-json\/wp\/v2\/posts\/20777\/revisions\/20779"}],"wp:featuredmedia":[{"embeddable":true,"href":"https:\/\/thepueblatimes.mx\/index.php\/wp-json\/wp\/v2\/media\/20778"}],"wp:attachment":[{"href":"https:\/\/thepueblatimes.mx\/index.php\/wp-json\/wp\/v2\/media?parent=20777"}],"wp:term":[{"taxonomy":"category","embeddable":true,"href":"https:\/\/thepueblatimes.mx\/index.php\/wp-json\/wp\/v2\/categories?post=20777"},{"taxonomy":"post_tag","embeddable":true,"href":"https:\/\/thepueblatimes.mx\/index.php\/wp-json\/wp\/v2\/tags?post=20777"}],"curies":[{"name":"wp","href":"https:\/\/api.w.org\/{rel}","templated":true}]}}