{"id":20743,"date":"2024-01-13T11:20:55","date_gmt":"2024-01-13T17:20:55","guid":{"rendered":"https:\/\/thepueblatimes.mx\/?p=20743"},"modified":"2024-01-13T11:20:55","modified_gmt":"2024-01-13T17:20:55","slug":"legislacion-limita-el-voto-de-sectores-vulnerables","status":"publish","type":"post","link":"https:\/\/thepueblatimes.mx\/index.php\/2024\/01\/13\/legislacion-limita-el-voto-de-sectores-vulnerables\/","title":{"rendered":"Legislaci\u00f3n limita el voto de sectores vulnerables"},"content":{"rendered":"<p>Aunque el Instituto Electoral del Estado de Puebla (IEE) impulse acciones afirmativas para garantizar el voto de los sectores vulnerables de la poblaci\u00f3n, la falta de legislaci\u00f3n limita algunas de ellas.<\/p>\n<p>En este sentido se pronunci\u00f3 la consejera presidenta del IEE, Blanca Yassahara Cruz Garc\u00eda y agreg\u00f3 que desde el \u00f3rgano electoral no pueden facilitar la representatividad de la poblaci\u00f3n migrante.<\/p>\n<p>Esto debido a que los ordenamientos actuales s\u00f3lo permiten que las personas que radiquen en Puebla accedan a cargos p\u00fablicos.<\/p>\n<p>Refiri\u00f3 que para revertir la situaci\u00f3n se requiere que el Congreso del estado de Puebla realice los ajustes correspondientes y modifique la Constituci\u00f3n local para que la ciudadan\u00eda se le pueda otorgar a los poblanos que residan en el extranjero.<\/p>\n<p>Apunt\u00f3 \u00abno estamos teniendo acciones afirmativas en favor de migrantes porque tenemos un tema jur\u00eddico. La Constituci\u00f3n de nuestro estado en los art\u00edculos 19 y 20 la calidad de ciudadan\u00eda se le da a quien reside en el estado\u00bb.<\/p>\n<p>Sin embargo, expres\u00f3 que el IEE es una autoridad administrativa que no contempla dentro de sus facultades presentar alg\u00fan exhorto o iniciativa ante el Legislativo para que agilicen la discusi\u00f3n en la materia.<\/p>\n","protected":false},"excerpt":{"rendered":"<p>Aunque el Instituto Electoral del Estado de Puebla (IEE) impulse acciones afirmativas para garantizar el voto de los sectores vulnerables de la poblaci\u00f3n, la falta de legislaci\u00f3n limita algunas de ellas. En este sentido se pronunci\u00f3 la consejera presidenta del IEE, Blanca Yassahara Cruz Garc\u00eda y agreg\u00f3 que desde el \u00f3rgano electoral no pueden facilitar&#8230;<\/p>\n","protected":false},"author":3,"featured_media":20744,"comment_status":"closed","ping_status":"closed","sticky":false,"template":"","format":"standard","meta":[],"categories":[10,8],"tags":[1480,1660,1271,1652,1659],"yoast_head":"<!-- This site is optimized with the Yoast SEO plugin v20.8 - https:\/\/yoast.com\/wordpress\/plugins\/seo\/ -->\n<title>Legislaci\u00f3n limita el voto de sectores vulnerables - The Puebla Times<\/title>\n<meta name=\"robots\" content=\"index, follow, max-snippet:-1, max-image-preview:large, max-video-preview:-1\" \/>\n<link rel=\"canonical\" href=\"https:\/\/thepueblatimes.mx\/index.php\/2024\/01\/13\/legislacion-limita-el-voto-de-sectores-vulnerables\/\" \/>\n<meta property=\"og:locale\" content=\"es_ES\" \/>\n<meta property=\"og:type\" content=\"article\" \/>\n<meta property=\"og:title\" content=\"Legislaci\u00f3n limita el voto de sectores vulnerables - The Puebla Times\" \/>\n<meta property=\"og:description\" content=\"Aunque el Instituto Electoral del Estado de Puebla (IEE) impulse acciones afirmativas para garantizar el voto de los sectores vulnerables de la poblaci\u00f3n, la falta de legislaci\u00f3n limita algunas de ellas. En este sentido se pronunci\u00f3 la consejera presidenta del IEE, Blanca Yassahara Cruz Garc\u00eda y agreg\u00f3 que desde el \u00f3rgano electoral no pueden facilitar...\" \/>\n<meta property=\"og:url\" content=\"https:\/\/thepueblatimes.mx\/index.php\/2024\/01\/13\/legislacion-limita-el-voto-de-sectores-vulnerables\/\" \/>\n<meta property=\"og:site_name\" content=\"The Puebla Times\" \/>\n<meta property=\"article:published_time\" content=\"2024-01-13T17:20:55+00:00\" \/>\n<meta property=\"og:image\" content=\"https:\/\/thepueblatimes.mx\/wp-content\/uploads\/2024\/01\/Diseno-sin-titulo-2023-12-01T141744.267.jpg\" \/>\n\t<meta property=\"og:image:width\" content=\"1200\" \/>\n\t<meta property=\"og:image:height\" content=\"675\" \/>\n\t<meta property=\"og:image:type\" content=\"image\/jpeg\" \/>\n<meta name=\"author\" content=\"The Puebla Times\" \/>\n<meta name=\"twitter:card\" content=\"summary_large_image\" \/>\n<meta name=\"twitter:label1\" content=\"Escrito por\" \/>\n\t<meta name=\"twitter:data1\" content=\"The Puebla Times\" \/>\n\t<meta name=\"twitter:label2\" content=\"Tiempo de lectura\" \/>\n\t<meta name=\"twitter:data2\" content=\"1 minuto\" \/>\n<script type=\"application\/ld+json\" class=\"yoast-schema-graph\">{\"@context\":\"https:\/\/schema.org\",\"@graph\":[{\"@type\":\"WebPage\",\"@id\":\"https:\/\/thepueblatimes.mx\/index.php\/2024\/01\/13\/legislacion-limita-el-voto-de-sectores-vulnerables\/\",\"url\":\"https:\/\/thepueblatimes.mx\/index.php\/2024\/01\/13\/legislacion-limita-el-voto-de-sectores-vulnerables\/\",\"name\":\"Legislaci\u00f3n limita el voto de sectores vulnerables - The Puebla Times\",\"isPartOf\":{\"@id\":\"https:\/\/thepueblatimes.mx\/#website\"},\"datePublished\":\"2024-01-13T17:20:55+00:00\",\"dateModified\":\"2024-01-13T17:20:55+00:00\",\"author\":{\"@id\":\"https:\/\/thepueblatimes.mx\/#\/schema\/person\/ad152a907a5f1fb40553a2551dbadb8e\"},\"breadcrumb\":{\"@id\":\"https:\/\/thepueblatimes.mx\/index.php\/2024\/01\/13\/legislacion-limita-el-voto-de-sectores-vulnerables\/#breadcrumb\"},\"inLanguage\":\"es\",\"potentialAction\":[{\"@type\":\"ReadAction\",\"target\":[\"https:\/\/thepueblatimes.mx\/index.php\/2024\/01\/13\/legislacion-limita-el-voto-de-sectores-vulnerables\/\"]}]},{\"@type\":\"BreadcrumbList\",\"@id\":\"https:\/\/thepueblatimes.mx\/index.php\/2024\/01\/13\/legislacion-limita-el-voto-de-sectores-vulnerables\/#breadcrumb\",\"itemListElement\":[{\"@type\":\"ListItem\",\"position\":1,\"name\":\"Portada\",\"item\":\"https:\/\/thepueblatimes.mx\/\"},{\"@type\":\"ListItem\",\"position\":2,\"name\":\"Legislaci\u00f3n limita el voto de sectores vulnerables\"}]},{\"@type\":\"WebSite\",\"@id\":\"https:\/\/thepueblatimes.mx\/#website\",\"url\":\"https:\/\/thepueblatimes.mx\/\",\"name\":\"The Puebla Times\",\"description\":\"Noticias del Estado de Puebla\",\"potentialAction\":[{\"@type\":\"SearchAction\",\"target\":{\"@type\":\"EntryPoint\",\"urlTemplate\":\"https:\/\/thepueblatimes.mx\/?s={search_term_string}\"},\"query-input\":\"required name=search_term_string\"}],\"inLanguage\":\"es\"},{\"@type\":\"Person\",\"@id\":\"https:\/\/thepueblatimes.mx\/#\/schema\/person\/ad152a907a5f1fb40553a2551dbadb8e\",\"name\":\"The Puebla Times\",\"image\":{\"@type\":\"ImageObject\",\"inLanguage\":\"es\",\"@id\":\"https:\/\/thepueblatimes.mx\/#\/schema\/person\/image\/\",\"url\":\"https:\/\/secure.gravatar.com\/avatar\/82859cd6fbb1a3801d3e7ee27c92b8c9?s=96&d=mm&r=g\",\"contentUrl\":\"https:\/\/secure.gravatar.com\/avatar\/82859cd6fbb1a3801d3e7ee27c92b8c9?s=96&d=mm&r=g\",\"caption\":\"The Puebla Times\"},\"url\":\"https:\/\/thepueblatimes.mx\/index.php\/author\/ferhz\/\"}]}<\/script>\n<!-- \/ Yoast SEO plugin. -->","yoast_head_json":{"title":"Legislaci\u00f3n limita el voto de sectores vulnerables - The Puebla Times","robots":{"index":"index","follow":"follow","max-snippet":"max-snippet:-1","max-image-preview":"max-image-preview:large","max-video-preview":"max-video-preview:-1"},"canonical":"https:\/\/thepueblatimes.mx\/index.php\/2024\/01\/13\/legislacion-limita-el-voto-de-sectores-vulnerables\/","og_locale":"es_ES","og_type":"article","og_title":"Legislaci\u00f3n limita el voto de sectores vulnerables - The Puebla Times","og_description":"Aunque el Instituto Electoral del Estado de Puebla (IEE) impulse acciones afirmativas para garantizar el voto de los sectores vulnerables de la poblaci\u00f3n, la falta de legislaci\u00f3n limita algunas de ellas. En este sentido se pronunci\u00f3 la consejera presidenta del IEE, Blanca Yassahara Cruz Garc\u00eda y agreg\u00f3 que desde el \u00f3rgano electoral no pueden facilitar...","og_url":"https:\/\/thepueblatimes.mx\/index.php\/2024\/01\/13\/legislacion-limita-el-voto-de-sectores-vulnerables\/","og_site_name":"The Puebla Times","article_published_time":"2024-01-13T17:20:55+00:00","og_image":[{"width":1200,"height":675,"url":"https:\/\/thepueblatimes.mx\/wp-content\/uploads\/2024\/01\/Diseno-sin-titulo-2023-12-01T141744.267.jpg","type":"image\/jpeg"}],"author":"The Puebla Times","twitter_card":"summary_large_image","twitter_misc":{"Escrito por":"The Puebla Times","Tiempo de lectura":"1 minuto"},"schema":{"@context":"https:\/\/schema.org","@graph":[{"@type":"WebPage","@id":"https:\/\/thepueblatimes.mx\/index.php\/2024\/01\/13\/legislacion-limita-el-voto-de-sectores-vulnerables\/","url":"https:\/\/thepueblatimes.mx\/index.php\/2024\/01\/13\/legislacion-limita-el-voto-de-sectores-vulnerables\/","name":"Legislaci\u00f3n limita el voto de sectores vulnerables - The Puebla Times","isPartOf":{"@id":"https:\/\/thepueblatimes.mx\/#website"},"datePublished":"2024-01-13T17:20:55+00:00","dateModified":"2024-01-13T17:20:55+00:00","author":{"@id":"https:\/\/thepueblatimes.mx\/#\/schema\/person\/ad152a907a5f1fb40553a2551dbadb8e"},"breadcrumb":{"@id":"https:\/\/thepueblatimes.mx\/index.php\/2024\/01\/13\/legislacion-limita-el-voto-de-sectores-vulnerables\/#breadcrumb"},"inLanguage":"es","potentialAction":[{"@type":"ReadAction","target":["https:\/\/thepueblatimes.mx\/index.php\/2024\/01\/13\/legislacion-limita-el-voto-de-sectores-vulnerables\/"]}]},{"@type":"BreadcrumbList","@id":"https:\/\/thepueblatimes.mx\/index.php\/2024\/01\/13\/legislacion-limita-el-voto-de-sectores-vulnerables\/#breadcrumb","itemListElement":[{"@type":"ListItem","position":1,"name":"Portada","item":"https:\/\/thepueblatimes.mx\/"},{"@type":"ListItem","position":2,"name":"Legislaci\u00f3n limita el voto de sectores vulnerables"}]},{"@type":"WebSite","@id":"https:\/\/thepueblatimes.mx\/#website","url":"https:\/\/thepueblatimes.mx\/","name":"The Puebla Times","description":"Noticias del Estado de Puebla","potentialAction":[{"@type":"SearchAction","target":{"@type":"EntryPoint","urlTemplate":"https:\/\/thepueblatimes.mx\/?s={search_term_string}"},"query-input":"required name=search_term_string"}],"inLanguage":"es"},{"@type":"Person","@id":"https:\/\/thepueblatimes.mx\/#\/schema\/person\/ad152a907a5f1fb40553a2551dbadb8e","name":"The Puebla Times","image":{"@type":"ImageObject","inLanguage":"es","@id":"https:\/\/thepueblatimes.mx\/#\/schema\/person\/image\/","url":"https:\/\/secure.gravatar.com\/avatar\/82859cd6fbb1a3801d3e7ee27c92b8c9?s=96&d=mm&r=g","contentUrl":"https:\/\/secure.gravatar.com\/avatar\/82859cd6fbb1a3801d3e7ee27c92b8c9?s=96&d=mm&r=g","caption":"The Puebla Times"},"url":"https:\/\/thepueblatimes.mx\/index.php\/author\/ferhz\/"}]}},"jetpack_featured_media_url":"https:\/\/thepueblatimes.mx\/wp-content\/uploads\/2024\/01\/Diseno-sin-titulo-2023-12-01T141744.267.jpg","_links":{"self":[{"href":"https:\/\/thepueblatimes.mx\/index.php\/wp-json\/wp\/v2\/posts\/20743"}],"collection":[{"href":"https:\/\/thepueblatimes.mx\/index.php\/wp-json\/wp\/v2\/posts"}],"about":[{"href":"https:\/\/thepueblatimes.mx\/index.php\/wp-json\/wp\/v2\/types\/post"}],"author":[{"embeddable":true,"href":"https:\/\/thepueblatimes.mx\/index.php\/wp-json\/wp\/v2\/users\/3"}],"replies":[{"embeddable":true,"href":"https:\/\/thepueblatimes.mx\/index.php\/wp-json\/wp\/v2\/comments?post=20743"}],"version-history":[{"count":1,"href":"https:\/\/thepueblatimes.mx\/index.php\/wp-json\/wp\/v2\/posts\/20743\/revisions"}],"predecessor-version":[{"id":20745,"href":"https:\/\/thepueblatimes.mx\/index.php\/wp-json\/wp\/v2\/posts\/20743\/revisions\/20745"}],"wp:featuredmedia":[{"embeddable":true,"href":"https:\/\/thepueblatimes.mx\/index.php\/wp-json\/wp\/v2\/media\/20744"}],"wp:attachment":[{"href":"https:\/\/thepueblatimes.mx\/index.php\/wp-json\/wp\/v2\/media?parent=20743"}],"wp:term":[{"taxonomy":"category","embeddable":true,"href":"https:\/\/thepueblatimes.mx\/index.php\/wp-json\/wp\/v2\/categories?post=20743"},{"taxonomy":"post_tag","embeddable":true,"href":"https:\/\/thepueblatimes.mx\/index.php\/wp-json\/wp\/v2\/tags?post=20743"}],"curies":[{"name":"wp","href":"https:\/\/api.w.org\/{rel}","templated":true}]}}